
{"id":2724,"date":"2012-12-11T19:14:19","date_gmt":"2012-12-11T19:14:19","guid":{"rendered":"http:\/\/jornalbeirario.com.br\/portal\/portal\/?p=2724"},"modified":"2012-12-11T22:57:26","modified_gmt":"2012-12-11T22:57:26","slug":"maria-elisa-faz-nova-dupla-com-larissa","status":"publish","type":"post","link":"https:\/\/jornalbeirario.com.br\/portal\/?p=2724","title":{"rendered":"Maria Elisa forma dupla com Juliana"},"content":{"rendered":"<p><a href=\"https:\/\/jornalbeirario.com.br\/portal\/wp-content\/uploads\/2012\/12\/elisa1.jpg\"><img loading=\"lazy\" decoding=\"async\" class=\"alignleft size-medium wp-image-2726\" title=\"elisa\" src=\"https:\/\/jornalbeirario.com.br\/portal\/wp-content\/uploads\/2012\/12\/elisa1-300x211.jpg\" alt=\"\" width=\"300\" height=\"211\" srcset=\"https:\/\/jornalbeirario.com.br\/portal\/wp-content\/uploads\/2012\/12\/elisa1-300x211.jpg 300w, https:\/\/jornalbeirario.com.br\/portal\/wp-content\/uploads\/2012\/12\/elisa1-1024x723.jpg 1024w, https:\/\/jornalbeirario.com.br\/portal\/wp-content\/uploads\/2012\/12\/elisa1.jpg 1559w\" sizes=\"auto, (max-width: 300px) 100vw, 300px\" \/><\/a>Ap\u00f3s quatro atuando juntas, a atleta do v\u00f4lei de praia resendense Maria Elisa (foto) anunciou o encerramento da parceria com Talita ao final da etapa do Rio de Janeiro do Circuito Brasileiro de v\u00f4lei de praia, disputado no \u00faltimo final de semana. A atleta resendense far\u00e1 dupla com Juliana. Ela tamb\u00e9m desfez a parceria com Larissa, que resolveu se aposentar no esporte.<\/p>\n<p>No per\u00edodo em que formaram dupla, Talita e Maria Elisa conquistaram o Circuito Brasileiro e a medalha de bronze do Campeonato Mundial, em 2009. No ano seguinte, foram vice-campe\u00e3s nacionais e mundiais. Al\u00e9m disso, a parceria foi uma das representantes do Brasil nos Jogos Ol\u00edmpicos de Londres deste ano. Talita far\u00e1 dupla com Taiane no pr\u00f3ximo ano.<\/p>\n<p>A nova dupla participaram da apresenta\u00e7\u00e3o realizada pela Confedera\u00e7\u00e3o Brasileira de V\u00f4lei (CBV) nesta segunda-feira, dia 10, no Rio de Janeiro. Maria Elisa e Juliana est\u00e3o entre os 27 atletas convocados que ir\u00e3o integrar as Sele\u00e7\u00f5es masculina e feminina de v\u00f4lei de praia na temporada 2013. Os jogadores e jogadoras convocados tiveram o primeiro contato com os integrantes da comiss\u00e3o t\u00e9cnica brasileira e deram in\u00edcio \u00e0 s\u00e9rie de palestras e avalia\u00e7\u00f5es que ir\u00e3o se estender at\u00e9 o fim da semana. Desse grupo ser\u00e3o escolhidos os representantes brasileiros nas competi\u00e7\u00f5es internacionais como os circuitos Mundial e Sul-Americano. A lista, contudo, pode ser alterada ao longo do ano.<\/p>\n<p><em>Fotos: Divulga\u00e7\u00e3o<\/em><\/p>\n<p><em>Fontes: <a href=\"http:\/\/esportes.terra.com.br\/volei\/selecoes-de-volei-de-praia-sao-apresentadas-no-rio-de-janeiro,f9304ab0b7f7b310VgnCLD2000000dc6eb0aRCRD.html\">Terra<\/a><\/em><\/p>\n<p>&nbsp;<\/p>\n","protected":false},"excerpt":{"rendered":"<p>Ap\u00f3s quatro atuando juntas, a atleta do v\u00f4lei de praia resendense Maria Elisa (foto) anunciou o encerramento da parceria com Talita ao final da<\/p>\n","protected":false},"author":1,"featured_media":2729,"comment_status":"open","ping_status":"open","sticky":false,"template":"","format":"standard","meta":{"pmpro_default_level":"","footnotes":"","_members_access_role":[],"_members_access_error":""},"categories":[7],"tags":[],"class_list":["post-2724","post","type-post","status-publish","format-standard","has-post-thumbnail","hentry","category-esportes","pmpro-has-access"],"yoast_head":"<!-- This site is optimized with the Yoast SEO plugin v28.4 - https:\/\/yoast.com\/product\/yoast-seo-wordpress\/ -->\n<title>Maria Elisa forma dupla com Juliana - JORNAL BEIRA RIO<\/title>\n<meta name=\"robots\" content=\"index, follow, max-snippet:-1, max-image-preview:large, max-video-preview:-1\" \/>\n<link rel=\"canonical\" href=\"https:\/\/jornalbeirario.com.br\/portal\/?p=2724\" \/>\n<meta property=\"og:locale\" content=\"pt_BR\" \/>\n<meta property=\"og:type\" content=\"article\" \/>\n<meta property=\"og:title\" content=\"Maria Elisa forma dupla com Juliana - JORNAL BEIRA RIO\" \/>\n<meta property=\"og:description\" content=\"Ap\u00f3s quatro atuando juntas, a atleta do v\u00f4lei de praia resendense Maria Elisa (foto) anunciou o encerramento da parceria com Talita ao final da\" \/>\n<meta property=\"og:url\" content=\"https:\/\/jornalbeirario.com.br\/portal\/?p=2724\" \/>\n<meta property=\"og:site_name\" content=\"JORNAL BEIRA RIO\" \/>\n<meta property=\"article:published_time\" content=\"2012-12-11T19:14:19+00:00\" \/>\n<meta property=\"article:modified_time\" content=\"2012-12-11T22:57:26+00:00\" \/>\n<meta property=\"og:image\" content=\"https:\/\/jornalbeirario.com.br\/portal\/wp-content\/uploads\/2012\/12\/juliana-maria-elisa.jpg\" \/>\n\t<meta property=\"og:image:width\" content=\"372\" \/>\n\t<meta property=\"og:image:height\" content=\"287\" \/>\n\t<meta property=\"og:image:type\" content=\"image\/jpeg\" \/>\n<meta name=\"author\" content=\"Jornal BEIRA-RIO\" \/>\n<meta name=\"twitter:card\" content=\"summary_large_image\" \/>\n<meta name=\"twitter:label1\" content=\"Escrito por\" \/>\n\t<meta name=\"twitter:data1\" content=\"Jornal BEIRA-RIO\" \/>\n\t<meta name=\"twitter:label2\" content=\"Est. tempo de leitura\" \/>\n\t<meta name=\"twitter:data2\" content=\"1 minuto\" \/>\n<script type=\"application\/ld+json\" class=\"yoast-schema-graph\">{\"@context\":\"https:\\\/\\\/schema.org\",\"@graph\":[{\"@type\":\"Article\",\"@id\":\"https:\\\/\\\/jornalbeirario.com.br\\\/portal\\\/?p=2724#article\",\"isPartOf\":{\"@id\":\"https:\\\/\\\/jornalbeirario.com.br\\\/portal\\\/?p=2724\"},\"author\":{\"name\":\"Jornal BEIRA-RIO\",\"@id\":\"https:\\\/\\\/jornalbeirario.com.br\\\/portal\\\/#\\\/schema\\\/person\\\/c6c423e4c2465d2a9233f6539173e7c1\"},\"headline\":\"Maria Elisa forma dupla com Juliana\",\"datePublished\":\"2012-12-11T19:14:19+00:00\",\"dateModified\":\"2012-12-11T22:57:26+00:00\",\"mainEntityOfPage\":{\"@id\":\"https:\\\/\\\/jornalbeirario.com.br\\\/portal\\\/?p=2724\"},\"wordCount\":256,\"commentCount\":0,\"publisher\":{\"@id\":\"https:\\\/\\\/jornalbeirario.com.br\\\/portal\\\/#organization\"},\"image\":{\"@id\":\"https:\\\/\\\/jornalbeirario.com.br\\\/portal\\\/?p=2724#primaryimage\"},\"thumbnailUrl\":\"https:\\\/\\\/jornalbeirario.com.br\\\/portal\\\/wp-content\\\/uploads\\\/2012\\\/12\\\/juliana-maria-elisa.jpg\",\"articleSection\":[\"Esportes\"],\"inLanguage\":\"pt-BR\",\"potentialAction\":[{\"@type\":\"CommentAction\",\"name\":\"Comment\",\"target\":[\"https:\\\/\\\/jornalbeirario.com.br\\\/portal\\\/?p=2724#respond\"]}]},{\"@type\":\"WebPage\",\"@id\":\"https:\\\/\\\/jornalbeirario.com.br\\\/portal\\\/?p=2724\",\"url\":\"https:\\\/\\\/jornalbeirario.com.br\\\/portal\\\/?p=2724\",\"name\":\"Maria Elisa forma dupla com Juliana - JORNAL BEIRA RIO\",\"isPartOf\":{\"@id\":\"https:\\\/\\\/jornalbeirario.com.br\\\/portal\\\/#website\"},\"primaryImageOfPage\":{\"@id\":\"https:\\\/\\\/jornalbeirario.com.br\\\/portal\\\/?p=2724#primaryimage\"},\"image\":{\"@id\":\"https:\\\/\\\/jornalbeirario.com.br\\\/portal\\\/?p=2724#primaryimage\"},\"thumbnailUrl\":\"https:\\\/\\\/jornalbeirario.com.br\\\/portal\\\/wp-content\\\/uploads\\\/2012\\\/12\\\/juliana-maria-elisa.jpg\",\"datePublished\":\"2012-12-11T19:14:19+00:00\",\"dateModified\":\"2012-12-11T22:57:26+00:00\",\"breadcrumb\":{\"@id\":\"https:\\\/\\\/jornalbeirario.com.br\\\/portal\\\/?p=2724#breadcrumb\"},\"inLanguage\":\"pt-BR\",\"potentialAction\":[{\"@type\":\"ReadAction\",\"target\":[\"https:\\\/\\\/jornalbeirario.com.br\\\/portal\\\/?p=2724\"]}]},{\"@type\":\"ImageObject\",\"inLanguage\":\"pt-BR\",\"@id\":\"https:\\\/\\\/jornalbeirario.com.br\\\/portal\\\/?p=2724#primaryimage\",\"url\":\"https:\\\/\\\/jornalbeirario.com.br\\\/portal\\\/wp-content\\\/uploads\\\/2012\\\/12\\\/juliana-maria-elisa.jpg\",\"contentUrl\":\"https:\\\/\\\/jornalbeirario.com.br\\\/portal\\\/wp-content\\\/uploads\\\/2012\\\/12\\\/juliana-maria-elisa.jpg\",\"width\":\"372\",\"height\":\"287\"},{\"@type\":\"BreadcrumbList\",\"@id\":\"https:\\\/\\\/jornalbeirario.com.br\\\/portal\\\/?p=2724#breadcrumb\",\"itemListElement\":[{\"@type\":\"ListItem\",\"position\":1,\"name\":\"Home\",\"item\":\"https:\\\/\\\/jornalbeirario.com.br\\\/portal\"},{\"@type\":\"ListItem\",\"position\":2,\"name\":\"Maria Elisa forma dupla com Juliana\"}]},{\"@type\":\"WebSite\",\"@id\":\"https:\\\/\\\/jornalbeirario.com.br\\\/portal\\\/#website\",\"url\":\"https:\\\/\\\/jornalbeirario.com.br\\\/portal\\\/\",\"name\":\"JORNAL BEIRA RIO\",\"description\":\"\",\"publisher\":{\"@id\":\"https:\\\/\\\/jornalbeirario.com.br\\\/portal\\\/#organization\"},\"potentialAction\":[{\"@type\":\"SearchAction\",\"target\":{\"@type\":\"EntryPoint\",\"urlTemplate\":\"https:\\\/\\\/jornalbeirario.com.br\\\/portal\\\/?s={search_term_string}\"},\"query-input\":{\"@type\":\"PropertyValueSpecification\",\"valueRequired\":true,\"valueName\":\"search_term_string\"}}],\"inLanguage\":\"pt-BR\"},{\"@type\":\"Organization\",\"@id\":\"https:\\\/\\\/jornalbeirario.com.br\\\/portal\\\/#organization\",\"name\":\"JORNAL BEIRA RIO\",\"url\":\"https:\\\/\\\/jornalbeirario.com.br\\\/portal\\\/\",\"logo\":{\"@type\":\"ImageObject\",\"inLanguage\":\"pt-BR\",\"@id\":\"https:\\\/\\\/jornalbeirario.com.br\\\/portal\\\/#\\\/schema\\\/logo\\\/image\\\/\",\"url\":\"https:\\\/\\\/jornalbeirario.com.br\\\/portal\\\/wp-content\\\/uploads\\\/2017\\\/09\\\/BEIRA-RIO_logo600.png\",\"contentUrl\":\"https:\\\/\\\/jornalbeirario.com.br\\\/portal\\\/wp-content\\\/uploads\\\/2017\\\/09\\\/BEIRA-RIO_logo600.png\",\"width\":650,\"height\":108,\"caption\":\"JORNAL BEIRA RIO\"},\"image\":{\"@id\":\"https:\\\/\\\/jornalbeirario.com.br\\\/portal\\\/#\\\/schema\\\/logo\\\/image\\\/\"}},{\"@type\":\"Person\",\"@id\":\"https:\\\/\\\/jornalbeirario.com.br\\\/portal\\\/#\\\/schema\\\/person\\\/c6c423e4c2465d2a9233f6539173e7c1\",\"name\":\"Jornal BEIRA-RIO\",\"image\":{\"@type\":\"ImageObject\",\"inLanguage\":\"pt-BR\",\"@id\":\"https:\\\/\\\/jornalbeirario.com.br\\\/portal\\\/wp-content\\\/uploads\\\/2023\\\/10\\\/logojbr1.jpg\",\"url\":\"https:\\\/\\\/jornalbeirario.com.br\\\/portal\\\/wp-content\\\/uploads\\\/2023\\\/10\\\/logojbr1.jpg\",\"contentUrl\":\"https:\\\/\\\/jornalbeirario.com.br\\\/portal\\\/wp-content\\\/uploads\\\/2023\\\/10\\\/logojbr1.jpg\",\"caption\":\"Jornal BEIRA-RIO\"},\"url\":\"https:\\\/\\\/jornalbeirario.com.br\\\/portal\\\/?author=1\"}]}<\/script>\n<!-- \/ Yoast SEO plugin. -->","yoast_head_json":{"title":"Maria Elisa forma dupla com Juliana - JORNAL BEIRA RIO","robots":{"index":"index","follow":"follow","max-snippet":"max-snippet:-1","max-image-preview":"max-image-preview:large","max-video-preview":"max-video-preview:-1"},"canonical":"https:\/\/jornalbeirario.com.br\/portal\/?p=2724","og_locale":"pt_BR","og_type":"article","og_title":"Maria Elisa forma dupla com Juliana - JORNAL BEIRA RIO","og_description":"Ap\u00f3s quatro atuando juntas, a atleta do v\u00f4lei de praia resendense Maria Elisa (foto) anunciou o encerramento da parceria com Talita ao final da","og_url":"https:\/\/jornalbeirario.com.br\/portal\/?p=2724","og_site_name":"JORNAL BEIRA RIO","article_published_time":"2012-12-11T19:14:19+00:00","article_modified_time":"2012-12-11T22:57:26+00:00","og_image":[{"width":372,"height":287,"url":"https:\/\/jornalbeirario.com.br\/portal\/wp-content\/uploads\/2012\/12\/juliana-maria-elisa.jpg","type":"image\/jpeg"}],"author":"Jornal BEIRA-RIO","twitter_card":"summary_large_image","twitter_misc":{"Escrito por":"Jornal BEIRA-RIO","Est. tempo de leitura":"1 minuto"},"schema":{"@context":"https:\/\/schema.org","@graph":[{"@type":"Article","@id":"https:\/\/jornalbeirario.com.br\/portal\/?p=2724#article","isPartOf":{"@id":"https:\/\/jornalbeirario.com.br\/portal\/?p=2724"},"author":{"name":"Jornal BEIRA-RIO","@id":"https:\/\/jornalbeirario.com.br\/portal\/#\/schema\/person\/c6c423e4c2465d2a9233f6539173e7c1"},"headline":"Maria Elisa forma dupla com Juliana","datePublished":"2012-12-11T19:14:19+00:00","dateModified":"2012-12-11T22:57:26+00:00","mainEntityOfPage":{"@id":"https:\/\/jornalbeirario.com.br\/portal\/?p=2724"},"wordCount":256,"commentCount":0,"publisher":{"@id":"https:\/\/jornalbeirario.com.br\/portal\/#organization"},"image":{"@id":"https:\/\/jornalbeirario.com.br\/portal\/?p=2724#primaryimage"},"thumbnailUrl":"https:\/\/jornalbeirario.com.br\/portal\/wp-content\/uploads\/2012\/12\/juliana-maria-elisa.jpg","articleSection":["Esportes"],"inLanguage":"pt-BR","potentialAction":[{"@type":"CommentAction","name":"Comment","target":["https:\/\/jornalbeirario.com.br\/portal\/?p=2724#respond"]}]},{"@type":"WebPage","@id":"https:\/\/jornalbeirario.com.br\/portal\/?p=2724","url":"https:\/\/jornalbeirario.com.br\/portal\/?p=2724","name":"Maria Elisa forma dupla com Juliana - JORNAL BEIRA RIO","isPartOf":{"@id":"https:\/\/jornalbeirario.com.br\/portal\/#website"},"primaryImageOfPage":{"@id":"https:\/\/jornalbeirario.com.br\/portal\/?p=2724#primaryimage"},"image":{"@id":"https:\/\/jornalbeirario.com.br\/portal\/?p=2724#primaryimage"},"thumbnailUrl":"https:\/\/jornalbeirario.com.br\/portal\/wp-content\/uploads\/2012\/12\/juliana-maria-elisa.jpg","datePublished":"2012-12-11T19:14:19+00:00","dateModified":"2012-12-11T22:57:26+00:00","breadcrumb":{"@id":"https:\/\/jornalbeirario.com.br\/portal\/?p=2724#breadcrumb"},"inLanguage":"pt-BR","potentialAction":[{"@type":"ReadAction","target":["https:\/\/jornalbeirario.com.br\/portal\/?p=2724"]}]},{"@type":"ImageObject","inLanguage":"pt-BR","@id":"https:\/\/jornalbeirario.com.br\/portal\/?p=2724#primaryimage","url":"https:\/\/jornalbeirario.com.br\/portal\/wp-content\/uploads\/2012\/12\/juliana-maria-elisa.jpg","contentUrl":"https:\/\/jornalbeirario.com.br\/portal\/wp-content\/uploads\/2012\/12\/juliana-maria-elisa.jpg","width":"372","height":"287"},{"@type":"BreadcrumbList","@id":"https:\/\/jornalbeirario.com.br\/portal\/?p=2724#breadcrumb","itemListElement":[{"@type":"ListItem","position":1,"name":"Home","item":"https:\/\/jornalbeirario.com.br\/portal"},{"@type":"ListItem","position":2,"name":"Maria Elisa forma dupla com Juliana"}]},{"@type":"WebSite","@id":"https:\/\/jornalbeirario.com.br\/portal\/#website","url":"https:\/\/jornalbeirario.com.br\/portal\/","name":"JORNAL BEIRA RIO","description":"","publisher":{"@id":"https:\/\/jornalbeirario.com.br\/portal\/#organization"},"potentialAction":[{"@type":"SearchAction","target":{"@type":"EntryPoint","urlTemplate":"https:\/\/jornalbeirario.com.br\/portal\/?s={search_term_string}"},"query-input":{"@type":"PropertyValueSpecification","valueRequired":true,"valueName":"search_term_string"}}],"inLanguage":"pt-BR"},{"@type":"Organization","@id":"https:\/\/jornalbeirario.com.br\/portal\/#organization","name":"JORNAL BEIRA RIO","url":"https:\/\/jornalbeirario.com.br\/portal\/","logo":{"@type":"ImageObject","inLanguage":"pt-BR","@id":"https:\/\/jornalbeirario.com.br\/portal\/#\/schema\/logo\/image\/","url":"https:\/\/jornalbeirario.com.br\/portal\/wp-content\/uploads\/2017\/09\/BEIRA-RIO_logo600.png","contentUrl":"https:\/\/jornalbeirario.com.br\/portal\/wp-content\/uploads\/2017\/09\/BEIRA-RIO_logo600.png","width":650,"height":108,"caption":"JORNAL BEIRA RIO"},"image":{"@id":"https:\/\/jornalbeirario.com.br\/portal\/#\/schema\/logo\/image\/"}},{"@type":"Person","@id":"https:\/\/jornalbeirario.com.br\/portal\/#\/schema\/person\/c6c423e4c2465d2a9233f6539173e7c1","name":"Jornal BEIRA-RIO","image":{"@type":"ImageObject","inLanguage":"pt-BR","@id":"https:\/\/jornalbeirario.com.br\/portal\/wp-content\/uploads\/2023\/10\/logojbr1.jpg","url":"https:\/\/jornalbeirario.com.br\/portal\/wp-content\/uploads\/2023\/10\/logojbr1.jpg","contentUrl":"https:\/\/jornalbeirario.com.br\/portal\/wp-content\/uploads\/2023\/10\/logojbr1.jpg","caption":"Jornal BEIRA-RIO"},"url":"https:\/\/jornalbeirario.com.br\/portal\/?author=1"}]}},"_links":{"self":[{"href":"https:\/\/jornalbeirario.com.br\/portal\/index.php?rest_route=\/wp\/v2\/posts\/2724","targetHints":{"allow":["GET"]}}],"collection":[{"href":"https:\/\/jornalbeirario.com.br\/portal\/index.php?rest_route=\/wp\/v2\/posts"}],"about":[{"href":"https:\/\/jornalbeirario.com.br\/portal\/index.php?rest_route=\/wp\/v2\/types\/post"}],"author":[{"embeddable":true,"href":"https:\/\/jornalbeirario.com.br\/portal\/index.php?rest_route=\/wp\/v2\/users\/1"}],"replies":[{"embeddable":true,"href":"https:\/\/jornalbeirario.com.br\/portal\/index.php?rest_route=%2Fwp%2Fv2%2Fcomments&post=2724"}],"version-history":[{"count":9,"href":"https:\/\/jornalbeirario.com.br\/portal\/index.php?rest_route=\/wp\/v2\/posts\/2724\/revisions"}],"predecessor-version":[{"id":2728,"href":"https:\/\/jornalbeirario.com.br\/portal\/index.php?rest_route=\/wp\/v2\/posts\/2724\/revisions\/2728"}],"wp:featuredmedia":[{"embeddable":true,"href":"https:\/\/jornalbeirario.com.br\/portal\/index.php?rest_route=\/wp\/v2\/media\/2729"}],"wp:attachment":[{"href":"https:\/\/jornalbeirario.com.br\/portal\/index.php?rest_route=%2Fwp%2Fv2%2Fmedia&parent=2724"}],"wp:term":[{"taxonomy":"category","embeddable":true,"href":"https:\/\/jornalbeirario.com.br\/portal\/index.php?rest_route=%2Fwp%2Fv2%2Fcategories&post=2724"},{"taxonomy":"post_tag","embeddable":true,"href":"https:\/\/jornalbeirario.com.br\/portal\/index.php?rest_route=%2Fwp%2Fv2%2Ftags&post=2724"}],"curies":[{"name":"wp","href":"https:\/\/api.w.org\/{rel}","templated":true}]}}