
{"id":26917,"date":"2014-12-19T12:31:47","date_gmt":"2014-12-19T12:31:47","guid":{"rendered":"http:\/\/jornalbeirario.com.br\/portal\/portal\/?p=26917"},"modified":"2014-12-19T12:31:47","modified_gmt":"2014-12-19T12:31:47","slug":"lais-amaral-77","status":"publish","type":"post","link":"https:\/\/jornalbeirario.com.br\/portal\/?p=26917","title":{"rendered":"La\u00eds Amaral"},"content":{"rendered":"<p>Bo\u00eamios de todas as idades sorriam:\u00a0o Bar da Dod\u00f4 vai reabrir<\/p>\n<p>\u00c9 isso mesmo. O lend\u00e1rio \u2018Bar Atl\u00e2ntico\u2019 mais conhecido como \u2018Bar da Dod\u00f4\u2019, apelido da saudosa dona Dolores Sabadini que junto com o marido Murilo, eram os propriet\u00e1rios do estabelecimento, ir\u00e1 reabrir as portas para os bo\u00eamios, cantores, pescadores, ca\u00e7adores, pol\u00edticos, seresteiros, jornalistas, atores e tantos outros contadores de hist\u00f3ria.<br \/>\nEscrevi certa vez que tenho saudades daquele bar, embora n\u00e3o o tenha conhecido. Quando cheguei em Resende, em 1992, ele j\u00e1 havia fechado. Agora os irm\u00e3os Rui e Ricardo Paiva alugaram o im\u00f3vel e v\u00e3o reabrir esse, que certamente \u00e9 um dos maiores \u00edcones da boemia resendense. Ricardo est\u00e1 correndo com os \u00faltimos preparativos e arranjos para reinaugur\u00e1-lo na primeira quinzena de janeiro. E com o mesmo nome: \u2018Bar Atl\u00e2ntico\u201d, que acho lindo para um bar dessa natureza. E o Ricardo n\u00e3o vai ficar nem um pouquinho chateado se o pessoal continuar chamando de \u2018Bar da Dod\u00f4\u2019.<br \/>\nQuando o BEIRA-RIO retornar do seu recesso de todos os finais de ano, informo a data definitiva. Mas j\u00e1 adianto que, como o Catarino fechou as portas, o Bloco Et\u00edlico Carnavalesco Crust\u00e1ceos da Mangua\u00e7a far\u00e1 sua concentra\u00e7\u00e3o l\u00e1 no bar, no dia 7 de fevereiro, a partir das 11 horas. Vai refazer o trajeto do Bloco das Piranhas nos seus prim\u00f3rdios. Coloque na agenda e arrume a fantasia. Falando nisso, o tema do Crust\u00e1ceos para 2015 \u00e9: \u201cCaranguejo \u00e9 filho de Piranha\u201d. \u00c9 a homenagem ao Bloco que \u00e9 o pai (ou m\u00e3e) espiritual e filos\u00f3fico do Crust\u00e1ceos. A marchinha t\u00e1 pronta.<br \/>\ntripa<\/p>\n<p>* E 2015 est\u00e1 prometendo. Olha s\u00f3 que boa not\u00edcia nos traz a Funda\u00e7\u00e3o Casa da Cultura: Resende receber\u00e1 ano que vem o projeto \u201cA M\u00fasica Venceu\u201d. O projeto da Funda\u00e7\u00e3o Bachiana, do maestro Jo\u00e3o Carlos Martins \u00e9 patrocinado pela Jaguar Land Rover. O an\u00fancio foi feito dia 10 passado, durante apresenta\u00e7\u00e3o do mesmo projeto em Itatiaia. Com a extens\u00e3o para Resende, cem crian\u00e7as e jovens das redes de ensino da cidade poder\u00e3o estudar Violino, Cielo e Viola. As aulas se iniciam ainda no primeiro semestre e acontecer\u00e3o na Escola de Artes Jos\u00e9 Aniceto, na sede da Funda\u00e7\u00e3o Casa da Cultura Macedo Miranda. Beleza !! * 2014 est\u00e1 nos estertores. Foi um ano ligeiro, pesado, dif\u00edcil, alucinante, emocionante. Tivemos Copa do Mundo na qual fomos do c\u00e9u ao inferno em 20 minutos de futebol \u00e0 brasileira orquestrado por alem\u00e3es, tivemos elei\u00e7\u00f5es para Presid\u00eancia da Rep\u00fablica, que foi acirrada e encardida, tivemos despedidas de gente querida, aqui e no exterior e chegamos aos \u00faltimos dias com a mesma esperan\u00e7a que alimentamos a cada final de ano. Um Natal de Paz a todos e um 2015, menos trepidante que o ano que acaba, mas prenhe de boas not\u00edcias aos homens (e mulheres) de boa vontade. At\u00e9 2015!!<\/p>\n","protected":false},"excerpt":{"rendered":"<p>Bo\u00eamios de todas as idades sorriam:\u00a0o Bar da Dod\u00f4 vai reabrir \u00c9 isso mesmo. O lend\u00e1rio \u2018Bar Atl\u00e2ntico\u2019 mais conhecido como \u2018Bar da Dod\u00f4\u2019,<\/p>\n","protected":false},"author":1,"featured_media":0,"comment_status":"open","ping_status":"open","sticky":false,"template":"","format":"standard","meta":{"pmpro_default_level":"","footnotes":""},"categories":[13],"tags":[155],"class_list":["post-26917","post","type-post","status-publish","format-standard","hentry","category-social","tag-dehoraemhora","pmpro-has-access"],"yoast_head":"<!-- This site is optimized with the Yoast SEO plugin v27.4 - https:\/\/yoast.com\/product\/yoast-seo-wordpress\/ -->\n<title>La\u00eds Amaral - JORNAL BEIRA RIO<\/title>\n<meta name=\"robots\" content=\"index, follow, max-snippet:-1, max-image-preview:large, max-video-preview:-1\" \/>\n<link rel=\"canonical\" href=\"https:\/\/jornalbeirario.com.br\/portal\/?p=26917\" \/>\n<meta property=\"og:locale\" content=\"pt_BR\" \/>\n<meta property=\"og:type\" content=\"article\" \/>\n<meta property=\"og:title\" content=\"La\u00eds Amaral - JORNAL BEIRA RIO\" \/>\n<meta property=\"og:description\" content=\"Bo\u00eamios de todas as idades sorriam:\u00a0o Bar da Dod\u00f4 vai reabrir \u00c9 isso mesmo. O lend\u00e1rio \u2018Bar Atl\u00e2ntico\u2019 mais conhecido como \u2018Bar da Dod\u00f4\u2019,\" \/>\n<meta property=\"og:url\" content=\"https:\/\/jornalbeirario.com.br\/portal\/?p=26917\" \/>\n<meta property=\"og:site_name\" content=\"JORNAL BEIRA RIO\" \/>\n<meta property=\"article:published_time\" content=\"2014-12-19T12:31:47+00:00\" \/>\n<meta name=\"author\" content=\"Jornal BEIRA-RIO\" \/>\n<meta name=\"twitter:card\" content=\"summary_large_image\" \/>\n<meta name=\"twitter:label1\" content=\"Escrito por\" \/>\n\t<meta name=\"twitter:data1\" content=\"Jornal BEIRA-RIO\" \/>\n\t<meta name=\"twitter:label2\" content=\"Est. tempo de leitura\" \/>\n\t<meta name=\"twitter:data2\" content=\"2 minutos\" \/>\n<script type=\"application\/ld+json\" class=\"yoast-schema-graph\">{\"@context\":\"https:\\\/\\\/schema.org\",\"@graph\":[{\"@type\":\"Article\",\"@id\":\"https:\\\/\\\/jornalbeirario.com.br\\\/portal\\\/?p=26917#article\",\"isPartOf\":{\"@id\":\"https:\\\/\\\/jornalbeirario.com.br\\\/portal\\\/?p=26917\"},\"author\":{\"name\":\"Jornal BEIRA-RIO\",\"@id\":\"https:\\\/\\\/jornalbeirario.com.br\\\/portal\\\/#\\\/schema\\\/person\\\/c6c423e4c2465d2a9233f6539173e7c1\"},\"headline\":\"La\u00eds Amaral\",\"datePublished\":\"2014-12-19T12:31:47+00:00\",\"mainEntityOfPage\":{\"@id\":\"https:\\\/\\\/jornalbeirario.com.br\\\/portal\\\/?p=26917\"},\"wordCount\":493,\"commentCount\":0,\"publisher\":{\"@id\":\"https:\\\/\\\/jornalbeirario.com.br\\\/portal\\\/#organization\"},\"keywords\":[\"dehoraemhora\"],\"articleSection\":[\"Social\"],\"inLanguage\":\"pt-BR\",\"potentialAction\":[{\"@type\":\"CommentAction\",\"name\":\"Comment\",\"target\":[\"https:\\\/\\\/jornalbeirario.com.br\\\/portal\\\/?p=26917#respond\"]}]},{\"@type\":\"WebPage\",\"@id\":\"https:\\\/\\\/jornalbeirario.com.br\\\/portal\\\/?p=26917\",\"url\":\"https:\\\/\\\/jornalbeirario.com.br\\\/portal\\\/?p=26917\",\"name\":\"La\u00eds Amaral - JORNAL BEIRA RIO\",\"isPartOf\":{\"@id\":\"https:\\\/\\\/jornalbeirario.com.br\\\/portal\\\/#website\"},\"datePublished\":\"2014-12-19T12:31:47+00:00\",\"breadcrumb\":{\"@id\":\"https:\\\/\\\/jornalbeirario.com.br\\\/portal\\\/?p=26917#breadcrumb\"},\"inLanguage\":\"pt-BR\",\"potentialAction\":[{\"@type\":\"ReadAction\",\"target\":[\"https:\\\/\\\/jornalbeirario.com.br\\\/portal\\\/?p=26917\"]}]},{\"@type\":\"BreadcrumbList\",\"@id\":\"https:\\\/\\\/jornalbeirario.com.br\\\/portal\\\/?p=26917#breadcrumb\",\"itemListElement\":[{\"@type\":\"ListItem\",\"position\":1,\"name\":\"Home\",\"item\":\"https:\\\/\\\/jornalbeirario.com.br\\\/portal\"},{\"@type\":\"ListItem\",\"position\":2,\"name\":\"La\u00eds Amaral\"}]},{\"@type\":\"WebSite\",\"@id\":\"https:\\\/\\\/jornalbeirario.com.br\\\/portal\\\/#website\",\"url\":\"https:\\\/\\\/jornalbeirario.com.br\\\/portal\\\/\",\"name\":\"JORNAL BEIRA RIO\",\"description\":\"\",\"publisher\":{\"@id\":\"https:\\\/\\\/jornalbeirario.com.br\\\/portal\\\/#organization\"},\"potentialAction\":[{\"@type\":\"SearchAction\",\"target\":{\"@type\":\"EntryPoint\",\"urlTemplate\":\"https:\\\/\\\/jornalbeirario.com.br\\\/portal\\\/?s={search_term_string}\"},\"query-input\":{\"@type\":\"PropertyValueSpecification\",\"valueRequired\":true,\"valueName\":\"search_term_string\"}}],\"inLanguage\":\"pt-BR\"},{\"@type\":\"Organization\",\"@id\":\"https:\\\/\\\/jornalbeirario.com.br\\\/portal\\\/#organization\",\"name\":\"JORNAL BEIRA RIO\",\"url\":\"https:\\\/\\\/jornalbeirario.com.br\\\/portal\\\/\",\"logo\":{\"@type\":\"ImageObject\",\"inLanguage\":\"pt-BR\",\"@id\":\"https:\\\/\\\/jornalbeirario.com.br\\\/portal\\\/#\\\/schema\\\/logo\\\/image\\\/\",\"url\":\"https:\\\/\\\/jornalbeirario.com.br\\\/portal\\\/wp-content\\\/uploads\\\/2017\\\/09\\\/BEIRA-RIO_logo600.png\",\"contentUrl\":\"https:\\\/\\\/jornalbeirario.com.br\\\/portal\\\/wp-content\\\/uploads\\\/2017\\\/09\\\/BEIRA-RIO_logo600.png\",\"width\":650,\"height\":108,\"caption\":\"JORNAL BEIRA RIO\"},\"image\":{\"@id\":\"https:\\\/\\\/jornalbeirario.com.br\\\/portal\\\/#\\\/schema\\\/logo\\\/image\\\/\"}},{\"@type\":\"Person\",\"@id\":\"https:\\\/\\\/jornalbeirario.com.br\\\/portal\\\/#\\\/schema\\\/person\\\/c6c423e4c2465d2a9233f6539173e7c1\",\"name\":\"Jornal BEIRA-RIO\",\"image\":{\"@type\":\"ImageObject\",\"inLanguage\":\"pt-BR\",\"@id\":\"https:\\\/\\\/jornalbeirario.com.br\\\/portal\\\/wp-content\\\/uploads\\\/2023\\\/10\\\/logojbr1.jpg\",\"url\":\"https:\\\/\\\/jornalbeirario.com.br\\\/portal\\\/wp-content\\\/uploads\\\/2023\\\/10\\\/logojbr1.jpg\",\"contentUrl\":\"https:\\\/\\\/jornalbeirario.com.br\\\/portal\\\/wp-content\\\/uploads\\\/2023\\\/10\\\/logojbr1.jpg\",\"caption\":\"Jornal BEIRA-RIO\"},\"url\":\"https:\\\/\\\/jornalbeirario.com.br\\\/portal\\\/?author=1\"}]}<\/script>\n<!-- \/ Yoast SEO plugin. -->","yoast_head_json":{"title":"La\u00eds Amaral - JORNAL BEIRA RIO","robots":{"index":"index","follow":"follow","max-snippet":"max-snippet:-1","max-image-preview":"max-image-preview:large","max-video-preview":"max-video-preview:-1"},"canonical":"https:\/\/jornalbeirario.com.br\/portal\/?p=26917","og_locale":"pt_BR","og_type":"article","og_title":"La\u00eds Amaral - JORNAL BEIRA RIO","og_description":"Bo\u00eamios de todas as idades sorriam:\u00a0o Bar da Dod\u00f4 vai reabrir \u00c9 isso mesmo. O lend\u00e1rio \u2018Bar Atl\u00e2ntico\u2019 mais conhecido como \u2018Bar da Dod\u00f4\u2019,","og_url":"https:\/\/jornalbeirario.com.br\/portal\/?p=26917","og_site_name":"JORNAL BEIRA RIO","article_published_time":"2014-12-19T12:31:47+00:00","author":"Jornal BEIRA-RIO","twitter_card":"summary_large_image","twitter_misc":{"Escrito por":"Jornal BEIRA-RIO","Est. tempo de leitura":"2 minutos"},"schema":{"@context":"https:\/\/schema.org","@graph":[{"@type":"Article","@id":"https:\/\/jornalbeirario.com.br\/portal\/?p=26917#article","isPartOf":{"@id":"https:\/\/jornalbeirario.com.br\/portal\/?p=26917"},"author":{"name":"Jornal BEIRA-RIO","@id":"https:\/\/jornalbeirario.com.br\/portal\/#\/schema\/person\/c6c423e4c2465d2a9233f6539173e7c1"},"headline":"La\u00eds Amaral","datePublished":"2014-12-19T12:31:47+00:00","mainEntityOfPage":{"@id":"https:\/\/jornalbeirario.com.br\/portal\/?p=26917"},"wordCount":493,"commentCount":0,"publisher":{"@id":"https:\/\/jornalbeirario.com.br\/portal\/#organization"},"keywords":["dehoraemhora"],"articleSection":["Social"],"inLanguage":"pt-BR","potentialAction":[{"@type":"CommentAction","name":"Comment","target":["https:\/\/jornalbeirario.com.br\/portal\/?p=26917#respond"]}]},{"@type":"WebPage","@id":"https:\/\/jornalbeirario.com.br\/portal\/?p=26917","url":"https:\/\/jornalbeirario.com.br\/portal\/?p=26917","name":"La\u00eds Amaral - JORNAL BEIRA RIO","isPartOf":{"@id":"https:\/\/jornalbeirario.com.br\/portal\/#website"},"datePublished":"2014-12-19T12:31:47+00:00","breadcrumb":{"@id":"https:\/\/jornalbeirario.com.br\/portal\/?p=26917#breadcrumb"},"inLanguage":"pt-BR","potentialAction":[{"@type":"ReadAction","target":["https:\/\/jornalbeirario.com.br\/portal\/?p=26917"]}]},{"@type":"BreadcrumbList","@id":"https:\/\/jornalbeirario.com.br\/portal\/?p=26917#breadcrumb","itemListElement":[{"@type":"ListItem","position":1,"name":"Home","item":"https:\/\/jornalbeirario.com.br\/portal"},{"@type":"ListItem","position":2,"name":"La\u00eds Amaral"}]},{"@type":"WebSite","@id":"https:\/\/jornalbeirario.com.br\/portal\/#website","url":"https:\/\/jornalbeirario.com.br\/portal\/","name":"JORNAL BEIRA RIO","description":"","publisher":{"@id":"https:\/\/jornalbeirario.com.br\/portal\/#organization"},"potentialAction":[{"@type":"SearchAction","target":{"@type":"EntryPoint","urlTemplate":"https:\/\/jornalbeirario.com.br\/portal\/?s={search_term_string}"},"query-input":{"@type":"PropertyValueSpecification","valueRequired":true,"valueName":"search_term_string"}}],"inLanguage":"pt-BR"},{"@type":"Organization","@id":"https:\/\/jornalbeirario.com.br\/portal\/#organization","name":"JORNAL BEIRA RIO","url":"https:\/\/jornalbeirario.com.br\/portal\/","logo":{"@type":"ImageObject","inLanguage":"pt-BR","@id":"https:\/\/jornalbeirario.com.br\/portal\/#\/schema\/logo\/image\/","url":"https:\/\/jornalbeirario.com.br\/portal\/wp-content\/uploads\/2017\/09\/BEIRA-RIO_logo600.png","contentUrl":"https:\/\/jornalbeirario.com.br\/portal\/wp-content\/uploads\/2017\/09\/BEIRA-RIO_logo600.png","width":650,"height":108,"caption":"JORNAL BEIRA RIO"},"image":{"@id":"https:\/\/jornalbeirario.com.br\/portal\/#\/schema\/logo\/image\/"}},{"@type":"Person","@id":"https:\/\/jornalbeirario.com.br\/portal\/#\/schema\/person\/c6c423e4c2465d2a9233f6539173e7c1","name":"Jornal BEIRA-RIO","image":{"@type":"ImageObject","inLanguage":"pt-BR","@id":"https:\/\/jornalbeirario.com.br\/portal\/wp-content\/uploads\/2023\/10\/logojbr1.jpg","url":"https:\/\/jornalbeirario.com.br\/portal\/wp-content\/uploads\/2023\/10\/logojbr1.jpg","contentUrl":"https:\/\/jornalbeirario.com.br\/portal\/wp-content\/uploads\/2023\/10\/logojbr1.jpg","caption":"Jornal BEIRA-RIO"},"url":"https:\/\/jornalbeirario.com.br\/portal\/?author=1"}]}},"_links":{"self":[{"href":"https:\/\/jornalbeirario.com.br\/portal\/index.php?rest_route=\/wp\/v2\/posts\/26917","targetHints":{"allow":["GET"]}}],"collection":[{"href":"https:\/\/jornalbeirario.com.br\/portal\/index.php?rest_route=\/wp\/v2\/posts"}],"about":[{"href":"https:\/\/jornalbeirario.com.br\/portal\/index.php?rest_route=\/wp\/v2\/types\/post"}],"author":[{"embeddable":true,"href":"https:\/\/jornalbeirario.com.br\/portal\/index.php?rest_route=\/wp\/v2\/users\/1"}],"replies":[{"embeddable":true,"href":"https:\/\/jornalbeirario.com.br\/portal\/index.php?rest_route=%2Fwp%2Fv2%2Fcomments&post=26917"}],"version-history":[{"count":1,"href":"https:\/\/jornalbeirario.com.br\/portal\/index.php?rest_route=\/wp\/v2\/posts\/26917\/revisions"}],"predecessor-version":[{"id":26918,"href":"https:\/\/jornalbeirario.com.br\/portal\/index.php?rest_route=\/wp\/v2\/posts\/26917\/revisions\/26918"}],"wp:attachment":[{"href":"https:\/\/jornalbeirario.com.br\/portal\/index.php?rest_route=%2Fwp%2Fv2%2Fmedia&parent=26917"}],"wp:term":[{"taxonomy":"category","embeddable":true,"href":"https:\/\/jornalbeirario.com.br\/portal\/index.php?rest_route=%2Fwp%2Fv2%2Fcategories&post=26917"},{"taxonomy":"post_tag","embeddable":true,"href":"https:\/\/jornalbeirario.com.br\/portal\/index.php?rest_route=%2Fwp%2Fv2%2Ftags&post=26917"}],"curies":[{"name":"wp","href":"https:\/\/api.w.org\/{rel}","templated":true}]}}