
{"id":26789,"date":"2014-12-12T18:25:44","date_gmt":"2014-12-12T18:25:44","guid":{"rendered":"http:\/\/jornalbeirario.com.br\/portal\/portal\/?p=26789"},"modified":"2014-12-12T18:25:44","modified_gmt":"2014-12-12T18:25:44","slug":"acredite-se-quiser-107","status":"publish","type":"post","link":"https:\/\/jornalbeirario.com.br\/portal\/?p=26789","title":{"rendered":"Acredite se Quiser"},"content":{"rendered":"<p>A Man Latin America aprovou na tarde do dia 10 um acordo para evitar 1.500 demiss\u00f5es. Os funcion\u00e1rios da empresa ter\u00e3o uma redu\u00e7\u00e3o da carga hor\u00e1ria proporcional \u00e0 redu\u00e7\u00e3o do sal\u00e1rio durante o ano de 2015. Al\u00e9m disso, eles n\u00e3o ter\u00e3o reajuste no pr\u00f3ximo ano e o abono salarial de R$ 2.500 ser\u00e1 dado no vale alimenta\u00e7\u00e3o, dividido em 12 parcelas. A PLR, que normalmente \u00e9 uma vez e meio o sal\u00e1rio dos funcion\u00e1rios, ter\u00e1 o valor fixo de R$ 5 mil. Al\u00e9m disso, a empresa lan\u00e7ou um Plano de Demiss\u00e3o Volunt\u00e1ria (PDV), oferecendo benef\u00edcios aos que se demitirem, mas n\u00e3o divulgou metas para a ades\u00e3o. Outra proposta havia sido feita anteriormente e votada no dia 8, mas o Sindicato dos Metal\u00fargicos orientou os funcion\u00e1rios a rejeit\u00e1-la. Desta vez, a empresa chegou a anunciar que as demiss\u00f5es come\u00e7ariam ainda nesta semana caso a proposta fosse negada e o sindicato achou melhor mudar de ideia.<\/p>\n<p>Falando em mudan\u00e7a de ideia, integrantes da Federa\u00e7\u00e3o das Associa\u00e7\u00f5es de Moradores de Resende (Famar) voltaram atr\u00e1s e aprovaram o relat\u00f3rio feito pelo conselheiro Thirso Naval Colvero, representando o Conselho Municipal de Tr\u00e2nsito (Comutran), que sugere uma passagem de \u00f4nibus, ainda para este ano de R$ 3,09. A vota\u00e7\u00e3o aconteceu em uma sess\u00e3o extraordin\u00e1ria marcada inicialmente para o dia 12, mas que aconteceu no dia 9, antecipada sem avisar a todos os conselheiros. Quem esteve l\u00e1 falou que a vota\u00e7\u00e3o foi ditatorial e que o presidente do conselho que faz parte da c\u00fapula do governo, Marcial Corr\u00eaa afirmou, entre outras, que os dados sobre as gratuidades n\u00e3o poderiam ser divulgados para a popula\u00e7\u00e3o de Resende e n\u00e3o deixou nenhum dos presentes \u00e0 reuni\u00e3o se manifestarem. Na pr\u00e1tica, quem define o valor da passagem \u00e9 o prefeito Jos\u00e9 Rechuan Junior (PP), mas ele sempre define um valor pr\u00f3ximo ao proposto pelo Comutran. H\u00e1 quem diga que a mudan\u00e7a de ideia dos conselheiros custou uma ida a empresa, alguns cafezinhos e alguma conversa. Ser\u00e1?<\/p>\n<p>O tenente coronel Wagner Cristiano Moretzsoh assumiu, na tarde do dia 8, o comando do 37\u00ba Batalh\u00e3o de Pol\u00edcia Militar (BPM) de Resende, respons\u00e1vel pelas quatro cidades da Regi\u00e3o das Agulhas Negras (Resende, Itatiaia, Porto Real e Quatis). No dia seguinte, pela manh\u00e3, j\u00e1 divulgou que faria um caf\u00e9 da manh\u00e3 comunit\u00e1rio em Visconde de Mau\u00e1, no dia 10, para se aproximar da popula\u00e7\u00e3o. Vale lembrar que, no dia 1\u00ba, bandidos explodiram o \u00fanico caixa autom\u00e1tico do local e levaram todo o dinheiro e ainda deram tiros e incendiaram um carro no local. Os policiais militares respons\u00e1veis pela \u00e1rea, que se posicionavam em frente ao caixa, foram retirados do local com um trote telef\u00f4nico. At\u00e9 o fechamento desta edi\u00e7\u00e3o, ningu\u00e9m havia sido preso.<\/p>\n<p>Parece que os mist\u00e9rios envolvendo as contas do munic\u00edpio de Resende e as manobras na tentativa de faz\u00ea-las fechar est\u00e1 assustando at\u00e9 os vereadores \u2013 ou ao menos \u00e9 o que eles querem que pare\u00e7a. Na sess\u00e3o do dia 4, o vereador Joaquim Rom\u00e9rio (PMDB) entrou com um requerimento na C\u00e2mara pedindo informa\u00e7\u00f5es sobre o Resenprevi, a previd\u00eancia dos servidores municipais. O vereador questiona os repasses do Poder P\u00fablico ao \u00f3rg\u00e3o, como tamb\u00e9m se eles est\u00e3o sendo feitos dentro dos prazos estipulados por lei. J\u00e1 a vereadora Soraia Balieiro (PSB) pediu informa\u00e7\u00f5es sobre os n\u00e3o-repasses dos agentes comunit\u00e1rios de sa\u00fade do munic\u00edpio. A prefeitura admitiu que n\u00e3o repassou o dinheiro aos funcion\u00e1rios e agora a vereadora garante que quer saber onde o dinheiro foi aplicado. Os agentes com certeza tamb\u00e9m querem saber: onde foi parar o dinheiro?<\/p>\n<p>A Federa\u00e7\u00e3o das Associa\u00e7\u00f5es de Moradores de Resende (Famar), atrav\u00e9s de um de seus diretores, Uelinton Nascimento Jorge, desmentiu que a entidade tenha perdido a sede devido a desvios internos, como vinha sendo divulgado por outro integrante da institui\u00e7\u00e3o. Segundo Jorge, havia v\u00e1rios colaboradores que ajudavam financeiramente a Famar, inclusive pagando suas contas, mas estes colaboradores deixaram a institui\u00e7\u00e3o e ela n\u00e3o teve mais como pagar os alugueis de sua sede, sendo despejada. Atualmente, a Famar est\u00e1 em outra sede, no bairro Campos El\u00edseos, onde j\u00e1 foi o gabinete de campanha do ex-prefeito S\u00edlvio de Carvalho que, ali\u00e1s, \u00e9 o mais novo integrante da Famar.<\/p>\n<p>Fontes afirmam que a Pol\u00edcia Federal continua investigando, na regi\u00e3o, compras de im\u00f3veis no exterior via offshore, ou seja empresas, contratadas por empres\u00e1rios e pol\u00edticos, que atuam no exterior e para\u00edsos fiscais desviando dinheiro do pa\u00eds.<\/p>\n","protected":false},"excerpt":{"rendered":"<p>A Man Latin America aprovou na tarde do dia 10 um acordo para evitar 1.500 demiss\u00f5es. Os funcion\u00e1rios da empresa ter\u00e3o uma redu\u00e7\u00e3o da<\/p>\n","protected":false},"author":1,"featured_media":0,"comment_status":"open","ping_status":"open","sticky":false,"template":"","format":"standard","meta":{"pmpro_default_level":"","footnotes":"","_members_access_role":[],"_members_access_error":""},"categories":[11],"tags":[],"class_list":["post-26789","post","type-post","status-publish","format-standard","hentry","category-politica","pmpro-has-access"],"yoast_head":"<!-- This site is optimized with the Yoast SEO plugin v28.4 - https:\/\/yoast.com\/product\/yoast-seo-wordpress\/ -->\n<title>Acredite se Quiser - JORNAL BEIRA RIO<\/title>\n<meta name=\"robots\" content=\"index, follow, max-snippet:-1, max-image-preview:large, max-video-preview:-1\" \/>\n<link rel=\"canonical\" href=\"https:\/\/jornalbeirario.com.br\/portal\/?p=26789\" \/>\n<meta property=\"og:locale\" content=\"pt_BR\" \/>\n<meta property=\"og:type\" content=\"article\" \/>\n<meta property=\"og:title\" content=\"Acredite se Quiser - JORNAL BEIRA RIO\" \/>\n<meta property=\"og:description\" content=\"A Man Latin America aprovou na tarde do dia 10 um acordo para evitar 1.500 demiss\u00f5es. Os funcion\u00e1rios da empresa ter\u00e3o uma redu\u00e7\u00e3o da\" \/>\n<meta property=\"og:url\" content=\"https:\/\/jornalbeirario.com.br\/portal\/?p=26789\" \/>\n<meta property=\"og:site_name\" content=\"JORNAL BEIRA RIO\" \/>\n<meta property=\"article:published_time\" content=\"2014-12-12T18:25:44+00:00\" \/>\n<meta name=\"author\" content=\"Jornal BEIRA-RIO\" \/>\n<meta name=\"twitter:card\" content=\"summary_large_image\" \/>\n<meta name=\"twitter:label1\" content=\"Escrito por\" \/>\n\t<meta name=\"twitter:data1\" content=\"Jornal BEIRA-RIO\" \/>\n\t<meta name=\"twitter:label2\" content=\"Est. tempo de leitura\" \/>\n\t<meta name=\"twitter:data2\" content=\"4 minutos\" \/>\n<script type=\"application\/ld+json\" class=\"yoast-schema-graph\">{\"@context\":\"https:\\\/\\\/schema.org\",\"@graph\":[{\"@type\":\"Article\",\"@id\":\"https:\\\/\\\/jornalbeirario.com.br\\\/portal\\\/?p=26789#article\",\"isPartOf\":{\"@id\":\"https:\\\/\\\/jornalbeirario.com.br\\\/portal\\\/?p=26789\"},\"author\":{\"name\":\"Jornal BEIRA-RIO\",\"@id\":\"https:\\\/\\\/jornalbeirario.com.br\\\/portal\\\/#\\\/schema\\\/person\\\/c6c423e4c2465d2a9233f6539173e7c1\"},\"headline\":\"Acredite se Quiser\",\"datePublished\":\"2014-12-12T18:25:44+00:00\",\"mainEntityOfPage\":{\"@id\":\"https:\\\/\\\/jornalbeirario.com.br\\\/portal\\\/?p=26789\"},\"wordCount\":802,\"commentCount\":0,\"publisher\":{\"@id\":\"https:\\\/\\\/jornalbeirario.com.br\\\/portal\\\/#organization\"},\"articleSection\":[\"Pol\u00edtica\"],\"inLanguage\":\"pt-BR\",\"potentialAction\":[{\"@type\":\"CommentAction\",\"name\":\"Comment\",\"target\":[\"https:\\\/\\\/jornalbeirario.com.br\\\/portal\\\/?p=26789#respond\"]}]},{\"@type\":\"WebPage\",\"@id\":\"https:\\\/\\\/jornalbeirario.com.br\\\/portal\\\/?p=26789\",\"url\":\"https:\\\/\\\/jornalbeirario.com.br\\\/portal\\\/?p=26789\",\"name\":\"Acredite se Quiser - JORNAL BEIRA RIO\",\"isPartOf\":{\"@id\":\"https:\\\/\\\/jornalbeirario.com.br\\\/portal\\\/#website\"},\"datePublished\":\"2014-12-12T18:25:44+00:00\",\"breadcrumb\":{\"@id\":\"https:\\\/\\\/jornalbeirario.com.br\\\/portal\\\/?p=26789#breadcrumb\"},\"inLanguage\":\"pt-BR\",\"potentialAction\":[{\"@type\":\"ReadAction\",\"target\":[\"https:\\\/\\\/jornalbeirario.com.br\\\/portal\\\/?p=26789\"]}]},{\"@type\":\"BreadcrumbList\",\"@id\":\"https:\\\/\\\/jornalbeirario.com.br\\\/portal\\\/?p=26789#breadcrumb\",\"itemListElement\":[{\"@type\":\"ListItem\",\"position\":1,\"name\":\"Home\",\"item\":\"https:\\\/\\\/jornalbeirario.com.br\\\/portal\"},{\"@type\":\"ListItem\",\"position\":2,\"name\":\"Acredite se Quiser\"}]},{\"@type\":\"WebSite\",\"@id\":\"https:\\\/\\\/jornalbeirario.com.br\\\/portal\\\/#website\",\"url\":\"https:\\\/\\\/jornalbeirario.com.br\\\/portal\\\/\",\"name\":\"JORNAL BEIRA RIO\",\"description\":\"\",\"publisher\":{\"@id\":\"https:\\\/\\\/jornalbeirario.com.br\\\/portal\\\/#organization\"},\"potentialAction\":[{\"@type\":\"SearchAction\",\"target\":{\"@type\":\"EntryPoint\",\"urlTemplate\":\"https:\\\/\\\/jornalbeirario.com.br\\\/portal\\\/?s={search_term_string}\"},\"query-input\":{\"@type\":\"PropertyValueSpecification\",\"valueRequired\":true,\"valueName\":\"search_term_string\"}}],\"inLanguage\":\"pt-BR\"},{\"@type\":\"Organization\",\"@id\":\"https:\\\/\\\/jornalbeirario.com.br\\\/portal\\\/#organization\",\"name\":\"JORNAL BEIRA RIO\",\"url\":\"https:\\\/\\\/jornalbeirario.com.br\\\/portal\\\/\",\"logo\":{\"@type\":\"ImageObject\",\"inLanguage\":\"pt-BR\",\"@id\":\"https:\\\/\\\/jornalbeirario.com.br\\\/portal\\\/#\\\/schema\\\/logo\\\/image\\\/\",\"url\":\"https:\\\/\\\/jornalbeirario.com.br\\\/portal\\\/wp-content\\\/uploads\\\/2017\\\/09\\\/BEIRA-RIO_logo600.png\",\"contentUrl\":\"https:\\\/\\\/jornalbeirario.com.br\\\/portal\\\/wp-content\\\/uploads\\\/2017\\\/09\\\/BEIRA-RIO_logo600.png\",\"width\":650,\"height\":108,\"caption\":\"JORNAL BEIRA RIO\"},\"image\":{\"@id\":\"https:\\\/\\\/jornalbeirario.com.br\\\/portal\\\/#\\\/schema\\\/logo\\\/image\\\/\"}},{\"@type\":\"Person\",\"@id\":\"https:\\\/\\\/jornalbeirario.com.br\\\/portal\\\/#\\\/schema\\\/person\\\/c6c423e4c2465d2a9233f6539173e7c1\",\"name\":\"Jornal BEIRA-RIO\",\"image\":{\"@type\":\"ImageObject\",\"inLanguage\":\"pt-BR\",\"@id\":\"https:\\\/\\\/jornalbeirario.com.br\\\/portal\\\/wp-content\\\/uploads\\\/2023\\\/10\\\/logojbr1.jpg\",\"url\":\"https:\\\/\\\/jornalbeirario.com.br\\\/portal\\\/wp-content\\\/uploads\\\/2023\\\/10\\\/logojbr1.jpg\",\"contentUrl\":\"https:\\\/\\\/jornalbeirario.com.br\\\/portal\\\/wp-content\\\/uploads\\\/2023\\\/10\\\/logojbr1.jpg\",\"caption\":\"Jornal BEIRA-RIO\"},\"url\":\"https:\\\/\\\/jornalbeirario.com.br\\\/portal\\\/?author=1\"}]}<\/script>\n<!-- \/ Yoast SEO plugin. -->","yoast_head_json":{"title":"Acredite se Quiser - JORNAL BEIRA RIO","robots":{"index":"index","follow":"follow","max-snippet":"max-snippet:-1","max-image-preview":"max-image-preview:large","max-video-preview":"max-video-preview:-1"},"canonical":"https:\/\/jornalbeirario.com.br\/portal\/?p=26789","og_locale":"pt_BR","og_type":"article","og_title":"Acredite se Quiser - JORNAL BEIRA RIO","og_description":"A Man Latin America aprovou na tarde do dia 10 um acordo para evitar 1.500 demiss\u00f5es. Os funcion\u00e1rios da empresa ter\u00e3o uma redu\u00e7\u00e3o da","og_url":"https:\/\/jornalbeirario.com.br\/portal\/?p=26789","og_site_name":"JORNAL BEIRA RIO","article_published_time":"2014-12-12T18:25:44+00:00","author":"Jornal BEIRA-RIO","twitter_card":"summary_large_image","twitter_misc":{"Escrito por":"Jornal BEIRA-RIO","Est. tempo de leitura":"4 minutos"},"schema":{"@context":"https:\/\/schema.org","@graph":[{"@type":"Article","@id":"https:\/\/jornalbeirario.com.br\/portal\/?p=26789#article","isPartOf":{"@id":"https:\/\/jornalbeirario.com.br\/portal\/?p=26789"},"author":{"name":"Jornal BEIRA-RIO","@id":"https:\/\/jornalbeirario.com.br\/portal\/#\/schema\/person\/c6c423e4c2465d2a9233f6539173e7c1"},"headline":"Acredite se Quiser","datePublished":"2014-12-12T18:25:44+00:00","mainEntityOfPage":{"@id":"https:\/\/jornalbeirario.com.br\/portal\/?p=26789"},"wordCount":802,"commentCount":0,"publisher":{"@id":"https:\/\/jornalbeirario.com.br\/portal\/#organization"},"articleSection":["Pol\u00edtica"],"inLanguage":"pt-BR","potentialAction":[{"@type":"CommentAction","name":"Comment","target":["https:\/\/jornalbeirario.com.br\/portal\/?p=26789#respond"]}]},{"@type":"WebPage","@id":"https:\/\/jornalbeirario.com.br\/portal\/?p=26789","url":"https:\/\/jornalbeirario.com.br\/portal\/?p=26789","name":"Acredite se Quiser - JORNAL BEIRA RIO","isPartOf":{"@id":"https:\/\/jornalbeirario.com.br\/portal\/#website"},"datePublished":"2014-12-12T18:25:44+00:00","breadcrumb":{"@id":"https:\/\/jornalbeirario.com.br\/portal\/?p=26789#breadcrumb"},"inLanguage":"pt-BR","potentialAction":[{"@type":"ReadAction","target":["https:\/\/jornalbeirario.com.br\/portal\/?p=26789"]}]},{"@type":"BreadcrumbList","@id":"https:\/\/jornalbeirario.com.br\/portal\/?p=26789#breadcrumb","itemListElement":[{"@type":"ListItem","position":1,"name":"Home","item":"https:\/\/jornalbeirario.com.br\/portal"},{"@type":"ListItem","position":2,"name":"Acredite se Quiser"}]},{"@type":"WebSite","@id":"https:\/\/jornalbeirario.com.br\/portal\/#website","url":"https:\/\/jornalbeirario.com.br\/portal\/","name":"JORNAL BEIRA RIO","description":"","publisher":{"@id":"https:\/\/jornalbeirario.com.br\/portal\/#organization"},"potentialAction":[{"@type":"SearchAction","target":{"@type":"EntryPoint","urlTemplate":"https:\/\/jornalbeirario.com.br\/portal\/?s={search_term_string}"},"query-input":{"@type":"PropertyValueSpecification","valueRequired":true,"valueName":"search_term_string"}}],"inLanguage":"pt-BR"},{"@type":"Organization","@id":"https:\/\/jornalbeirario.com.br\/portal\/#organization","name":"JORNAL BEIRA RIO","url":"https:\/\/jornalbeirario.com.br\/portal\/","logo":{"@type":"ImageObject","inLanguage":"pt-BR","@id":"https:\/\/jornalbeirario.com.br\/portal\/#\/schema\/logo\/image\/","url":"https:\/\/jornalbeirario.com.br\/portal\/wp-content\/uploads\/2017\/09\/BEIRA-RIO_logo600.png","contentUrl":"https:\/\/jornalbeirario.com.br\/portal\/wp-content\/uploads\/2017\/09\/BEIRA-RIO_logo600.png","width":650,"height":108,"caption":"JORNAL BEIRA RIO"},"image":{"@id":"https:\/\/jornalbeirario.com.br\/portal\/#\/schema\/logo\/image\/"}},{"@type":"Person","@id":"https:\/\/jornalbeirario.com.br\/portal\/#\/schema\/person\/c6c423e4c2465d2a9233f6539173e7c1","name":"Jornal BEIRA-RIO","image":{"@type":"ImageObject","inLanguage":"pt-BR","@id":"https:\/\/jornalbeirario.com.br\/portal\/wp-content\/uploads\/2023\/10\/logojbr1.jpg","url":"https:\/\/jornalbeirario.com.br\/portal\/wp-content\/uploads\/2023\/10\/logojbr1.jpg","contentUrl":"https:\/\/jornalbeirario.com.br\/portal\/wp-content\/uploads\/2023\/10\/logojbr1.jpg","caption":"Jornal BEIRA-RIO"},"url":"https:\/\/jornalbeirario.com.br\/portal\/?author=1"}]}},"_links":{"self":[{"href":"https:\/\/jornalbeirario.com.br\/portal\/index.php?rest_route=\/wp\/v2\/posts\/26789","targetHints":{"allow":["GET"]}}],"collection":[{"href":"https:\/\/jornalbeirario.com.br\/portal\/index.php?rest_route=\/wp\/v2\/posts"}],"about":[{"href":"https:\/\/jornalbeirario.com.br\/portal\/index.php?rest_route=\/wp\/v2\/types\/post"}],"author":[{"embeddable":true,"href":"https:\/\/jornalbeirario.com.br\/portal\/index.php?rest_route=\/wp\/v2\/users\/1"}],"replies":[{"embeddable":true,"href":"https:\/\/jornalbeirario.com.br\/portal\/index.php?rest_route=%2Fwp%2Fv2%2Fcomments&post=26789"}],"version-history":[{"count":3,"href":"https:\/\/jornalbeirario.com.br\/portal\/index.php?rest_route=\/wp\/v2\/posts\/26789\/revisions"}],"predecessor-version":[{"id":26833,"href":"https:\/\/jornalbeirario.com.br\/portal\/index.php?rest_route=\/wp\/v2\/posts\/26789\/revisions\/26833"}],"wp:attachment":[{"href":"https:\/\/jornalbeirario.com.br\/portal\/index.php?rest_route=%2Fwp%2Fv2%2Fmedia&parent=26789"}],"wp:term":[{"taxonomy":"category","embeddable":true,"href":"https:\/\/jornalbeirario.com.br\/portal\/index.php?rest_route=%2Fwp%2Fv2%2Fcategories&post=26789"},{"taxonomy":"post_tag","embeddable":true,"href":"https:\/\/jornalbeirario.com.br\/portal\/index.php?rest_route=%2Fwp%2Fv2%2Ftags&post=26789"}],"curies":[{"name":"wp","href":"https:\/\/api.w.org\/{rel}","templated":true}]}}