
{"id":26787,"date":"2014-12-12T18:27:04","date_gmt":"2014-12-12T18:27:04","guid":{"rendered":"http:\/\/jornalbeirario.com.br\/portal\/portal\/?p=26787"},"modified":"2014-12-12T18:27:04","modified_gmt":"2014-12-12T18:27:04","slug":"lais-amaral-76","status":"publish","type":"post","link":"https:\/\/jornalbeirario.com.br\/portal\/?p=26787","title":{"rendered":"La\u00eds Amaral"},"content":{"rendered":"<p>Mem\u00f3rias desordenadas. Letra \u2018C\u2019: Chacrinha, uma lenda<br \/>\nChacrinha eu n\u00e3o entrevistei. Mas ele participou de um programa de r\u00e1dio que eu e meu amigo Antonio Carlos Merath Reis, realiz\u00e1vamos na R\u00e1dio Mau\u00e1-Solim\u00f5es, em Nova Igua\u00e7u, no final da d\u00e9cada de 80. O programa intitulado \u201cFrequ\u00eancia Livre\u201d ia ao ar todas as manh\u00e3s de Segunda a Sexta, das 7 \u00e0s 9 horas. Ou das 8 \u00e0s 10. N\u00e3o me recordo. Eu e Merath \u00e9ramos os apresentadores e produtores do programa que misturava informa\u00e7\u00f5es e servi\u00e7os, com lazer e entretenimento. Chacrinha participava, via telefone, \u00e0s sextas-feiras, logo na abertura do programa. Por alguns minutos ele dava dicas de atra\u00e7\u00f5es na Televis\u00e3o no final de semana. E vez por outra enfiava um caso envolvendo alguma celebridade da radiodifus\u00e3o. Eu o conheci pessoalmente, antes do programa estrear, nos corredores da R\u00e1dio Nacional, na Pra\u00e7a Mau\u00e1. Merath me apresentou. Percebi, na ocasi\u00e3o, que o \u2018Velho Guerreiro\u2019, estava mesmo um guerreiro envelhecido. Era o ano de 1986. Ele morreria dois anos depois. No dia do nascimento da minha filha Carolina. Toda aquela loucura que conhec\u00edamos desde crian\u00e7a na TV, escondia um cidad\u00e3o altamente respons\u00e1vel e c\u00f4nscio das responsabilidades com o trabalho. Enquanto durou sua participa\u00e7\u00e3o em nosso programa, nunca falhou e sempre tinha o que dizer. Grande Jos\u00e9 Abelardo Barbosa de Medeiros, \u2018Chacrinha\u2019. Uma legenda que tive o prazer de conviver, mesmo que fugazmente.<br \/>\nO Natal da Escola de Artes<br \/>\nAssisti nessa quarta-feira, dia 10, no \u2018Espa\u00e7o Z\u2019 o evento de encerramento do ano das Escolas de Artes Jos\u00e9 Aniceto, da Funda\u00e7\u00e3o Casa da Cultura Macedo Miranda. A abertura foi com uma orquestra de violinos formada por crian\u00e7as e jovens, estudantes, acompanhados por tr\u00eas tecladistas, tamb\u00e9m jovens e tamb\u00e9m alunos da Escola de Artes. Depois veio o coral da maestrina Sara Gomes. Em seguida o auto de Natal, uma adapta\u00e7\u00e3o do texto \u201cOs viajantes\u201d de Maria Clara Machado, encenada por estudantes de teatro da Escola de Artes e participa\u00e7\u00e3o do Coral \u2018Art-emo\u00e7\u00e3o\u2019, regido pela Alile Cuoco. A figura central, narradora da hist\u00f3ria, foi a cantora Sanny Alves, que tamb\u00e9m foi a mestre de cerim\u00f4nia de toda a noite. Na dire\u00e7\u00e3o, Fernanda Sim\u00f5es, que tamb\u00e9m participou da elabora\u00e7\u00e3o dos figurinos, cen\u00e1rios, portaria, etc. A hist\u00f3ria-musicada fala do nascimento de Jesus e a L\u00edria, filha da Alice, foi Maria. Destaque para Isabel Siqueira, a \u2018Bel\u2019, que fez a ilumina\u00e7\u00e3o do espet\u00e1culo, e apesar da pouca experi\u00eancia (terminou recentemente um curso intensivo de ilumina\u00e7\u00e3o), saiu-se muito bem. Parab\u00e9ns a todos. Foi show !!<\/p>\n<p>Tripa<br \/>\n* Semana passada estreou em Porto Real (RJ) o espet\u00e1culo &#8220;Ensaios Fotogr\u00e1ficos&#8221; &#8211; baseado na obra de Manoel de Barros &#8211; da core\u00f3grafa Daniela Magalh\u00e3es, no Festival Arte em Cena, da Escola de Dan\u00e7a Funda\u00e7\u00e3o Porto Real. Na trilha sonora do espet\u00e1culo a instrumental &#8220;O Caminho&#8221;, composta pela Ive Seixas. A \u2018Andorinha S\u00f3\u2019 * Um grupo de mulheres de Resende descobriu uma maneira funcional para aquela tradicional troca de presentes nas confraterniza\u00e7\u00f5es de fim de ano: o \u2018amigo oculto\u2019. Elas resolveram investir o montante que seria gasto nos presentes para comprar brinquedos que ser\u00e3o doados a crian\u00e7as carentes. Grande tacada. Parab\u00e9ns a essas \u2018Mam\u00e3es Noel\u2019 de Resende. Se a moda pega, aumentaria em muitas vezes o n\u00famero de sorrisos neste Natal * A Prefeitura de Resende via Secretaria de Esporte e Lazer e em parceria com a iniciativa privada e apoio do SESC Barra Mansa, realizou nessa quarta-feira (10), o primeiro \u201cResende Bike Night\u201d. O pessoal se concentrou no Parque das \u00c1guas a partir das 19 horas e depois saiu pelas ruas da cidade, com apoio da Guarda Municipal e uma boa estrutura de seguran\u00e7a e de assist\u00eancia m\u00e9dica. Cerca de 70 ciclistas, de idades variadas, passearam por v\u00e1rios bairros da cidade em um percurso de 20 quil\u00f4metros. Foi o a quarto evento dessa natureza, mas o primeiro noturno. Fernando Menandro, secret\u00e1rio de esportes do munic\u00edpio \u00e9 o grande incentivador da iniciativa * Voltando a falar na Ive, ela estar\u00e1 neste domingo (14) em S\u00e3o Paulo, com a fam\u00edlia Amplexos, Beatbass High Tech, Lelin, Nego Max, Moita, Ludi Um e as Cabe\u00e7as e Baurets Noise System. O evento \u2018Domingo na Casa\u2019, \u00e9 um projeto da \u2018Casa Fora do Eixo-SP de artes integradas\u2019. Com elas estar\u00e3o Mestre Andr\u00e9 (bateria), Polito (baixo) e Christian Dias (guitarra). Mais informa\u00e7\u00f5es: https:\/\/www.facebook.com\/events\/636693719772589\/<\/p>\n","protected":false},"excerpt":{"rendered":"<p>Mem\u00f3rias desordenadas. Letra \u2018C\u2019: Chacrinha, uma lenda Chacrinha eu n\u00e3o entrevistei. Mas ele participou de um programa de r\u00e1dio que eu e meu amigo<\/p>\n","protected":false},"author":1,"featured_media":0,"comment_status":"open","ping_status":"open","sticky":false,"template":"","format":"standard","meta":{"pmpro_default_level":"","footnotes":""},"categories":[13],"tags":[],"class_list":["post-26787","post","type-post","status-publish","format-standard","hentry","category-social","pmpro-has-access"],"yoast_head":"<!-- This site is optimized with the Yoast SEO plugin v27.4 - https:\/\/yoast.com\/product\/yoast-seo-wordpress\/ -->\n<title>La\u00eds Amaral - JORNAL BEIRA RIO<\/title>\n<meta name=\"robots\" content=\"index, follow, max-snippet:-1, max-image-preview:large, max-video-preview:-1\" \/>\n<link rel=\"canonical\" href=\"https:\/\/jornalbeirario.com.br\/portal\/?p=26787\" \/>\n<meta property=\"og:locale\" content=\"pt_BR\" \/>\n<meta property=\"og:type\" content=\"article\" \/>\n<meta property=\"og:title\" content=\"La\u00eds Amaral - JORNAL BEIRA RIO\" \/>\n<meta property=\"og:description\" content=\"Mem\u00f3rias desordenadas. Letra \u2018C\u2019: Chacrinha, uma lenda Chacrinha eu n\u00e3o entrevistei. Mas ele participou de um programa de r\u00e1dio que eu e meu amigo\" \/>\n<meta property=\"og:url\" content=\"https:\/\/jornalbeirario.com.br\/portal\/?p=26787\" \/>\n<meta property=\"og:site_name\" content=\"JORNAL BEIRA RIO\" \/>\n<meta property=\"article:published_time\" content=\"2014-12-12T18:27:04+00:00\" \/>\n<meta name=\"author\" content=\"Jornal BEIRA-RIO\" \/>\n<meta name=\"twitter:card\" content=\"summary_large_image\" \/>\n<meta name=\"twitter:label1\" content=\"Escrito por\" \/>\n\t<meta name=\"twitter:data1\" content=\"Jornal BEIRA-RIO\" \/>\n\t<meta name=\"twitter:label2\" content=\"Est. tempo de leitura\" \/>\n\t<meta name=\"twitter:data2\" content=\"4 minutos\" \/>\n<script type=\"application\/ld+json\" class=\"yoast-schema-graph\">{\"@context\":\"https:\\\/\\\/schema.org\",\"@graph\":[{\"@type\":\"Article\",\"@id\":\"https:\\\/\\\/jornalbeirario.com.br\\\/portal\\\/?p=26787#article\",\"isPartOf\":{\"@id\":\"https:\\\/\\\/jornalbeirario.com.br\\\/portal\\\/?p=26787\"},\"author\":{\"name\":\"Jornal BEIRA-RIO\",\"@id\":\"https:\\\/\\\/jornalbeirario.com.br\\\/portal\\\/#\\\/schema\\\/person\\\/c6c423e4c2465d2a9233f6539173e7c1\"},\"headline\":\"La\u00eds Amaral\",\"datePublished\":\"2014-12-12T18:27:04+00:00\",\"mainEntityOfPage\":{\"@id\":\"https:\\\/\\\/jornalbeirario.com.br\\\/portal\\\/?p=26787\"},\"wordCount\":775,\"commentCount\":0,\"publisher\":{\"@id\":\"https:\\\/\\\/jornalbeirario.com.br\\\/portal\\\/#organization\"},\"articleSection\":[\"Social\"],\"inLanguage\":\"pt-BR\",\"potentialAction\":[{\"@type\":\"CommentAction\",\"name\":\"Comment\",\"target\":[\"https:\\\/\\\/jornalbeirario.com.br\\\/portal\\\/?p=26787#respond\"]}]},{\"@type\":\"WebPage\",\"@id\":\"https:\\\/\\\/jornalbeirario.com.br\\\/portal\\\/?p=26787\",\"url\":\"https:\\\/\\\/jornalbeirario.com.br\\\/portal\\\/?p=26787\",\"name\":\"La\u00eds Amaral - JORNAL BEIRA RIO\",\"isPartOf\":{\"@id\":\"https:\\\/\\\/jornalbeirario.com.br\\\/portal\\\/#website\"},\"datePublished\":\"2014-12-12T18:27:04+00:00\",\"breadcrumb\":{\"@id\":\"https:\\\/\\\/jornalbeirario.com.br\\\/portal\\\/?p=26787#breadcrumb\"},\"inLanguage\":\"pt-BR\",\"potentialAction\":[{\"@type\":\"ReadAction\",\"target\":[\"https:\\\/\\\/jornalbeirario.com.br\\\/portal\\\/?p=26787\"]}]},{\"@type\":\"BreadcrumbList\",\"@id\":\"https:\\\/\\\/jornalbeirario.com.br\\\/portal\\\/?p=26787#breadcrumb\",\"itemListElement\":[{\"@type\":\"ListItem\",\"position\":1,\"name\":\"Home\",\"item\":\"https:\\\/\\\/jornalbeirario.com.br\\\/portal\"},{\"@type\":\"ListItem\",\"position\":2,\"name\":\"La\u00eds Amaral\"}]},{\"@type\":\"WebSite\",\"@id\":\"https:\\\/\\\/jornalbeirario.com.br\\\/portal\\\/#website\",\"url\":\"https:\\\/\\\/jornalbeirario.com.br\\\/portal\\\/\",\"name\":\"JORNAL BEIRA RIO\",\"description\":\"\",\"publisher\":{\"@id\":\"https:\\\/\\\/jornalbeirario.com.br\\\/portal\\\/#organization\"},\"potentialAction\":[{\"@type\":\"SearchAction\",\"target\":{\"@type\":\"EntryPoint\",\"urlTemplate\":\"https:\\\/\\\/jornalbeirario.com.br\\\/portal\\\/?s={search_term_string}\"},\"query-input\":{\"@type\":\"PropertyValueSpecification\",\"valueRequired\":true,\"valueName\":\"search_term_string\"}}],\"inLanguage\":\"pt-BR\"},{\"@type\":\"Organization\",\"@id\":\"https:\\\/\\\/jornalbeirario.com.br\\\/portal\\\/#organization\",\"name\":\"JORNAL BEIRA RIO\",\"url\":\"https:\\\/\\\/jornalbeirario.com.br\\\/portal\\\/\",\"logo\":{\"@type\":\"ImageObject\",\"inLanguage\":\"pt-BR\",\"@id\":\"https:\\\/\\\/jornalbeirario.com.br\\\/portal\\\/#\\\/schema\\\/logo\\\/image\\\/\",\"url\":\"https:\\\/\\\/jornalbeirario.com.br\\\/portal\\\/wp-content\\\/uploads\\\/2017\\\/09\\\/BEIRA-RIO_logo600.png\",\"contentUrl\":\"https:\\\/\\\/jornalbeirario.com.br\\\/portal\\\/wp-content\\\/uploads\\\/2017\\\/09\\\/BEIRA-RIO_logo600.png\",\"width\":650,\"height\":108,\"caption\":\"JORNAL BEIRA RIO\"},\"image\":{\"@id\":\"https:\\\/\\\/jornalbeirario.com.br\\\/portal\\\/#\\\/schema\\\/logo\\\/image\\\/\"}},{\"@type\":\"Person\",\"@id\":\"https:\\\/\\\/jornalbeirario.com.br\\\/portal\\\/#\\\/schema\\\/person\\\/c6c423e4c2465d2a9233f6539173e7c1\",\"name\":\"Jornal BEIRA-RIO\",\"image\":{\"@type\":\"ImageObject\",\"inLanguage\":\"pt-BR\",\"@id\":\"https:\\\/\\\/jornalbeirario.com.br\\\/portal\\\/wp-content\\\/uploads\\\/2023\\\/10\\\/logojbr1.jpg\",\"url\":\"https:\\\/\\\/jornalbeirario.com.br\\\/portal\\\/wp-content\\\/uploads\\\/2023\\\/10\\\/logojbr1.jpg\",\"contentUrl\":\"https:\\\/\\\/jornalbeirario.com.br\\\/portal\\\/wp-content\\\/uploads\\\/2023\\\/10\\\/logojbr1.jpg\",\"caption\":\"Jornal BEIRA-RIO\"},\"url\":\"https:\\\/\\\/jornalbeirario.com.br\\\/portal\\\/?author=1\"}]}<\/script>\n<!-- \/ Yoast SEO plugin. -->","yoast_head_json":{"title":"La\u00eds Amaral - JORNAL BEIRA RIO","robots":{"index":"index","follow":"follow","max-snippet":"max-snippet:-1","max-image-preview":"max-image-preview:large","max-video-preview":"max-video-preview:-1"},"canonical":"https:\/\/jornalbeirario.com.br\/portal\/?p=26787","og_locale":"pt_BR","og_type":"article","og_title":"La\u00eds Amaral - JORNAL BEIRA RIO","og_description":"Mem\u00f3rias desordenadas. Letra \u2018C\u2019: Chacrinha, uma lenda Chacrinha eu n\u00e3o entrevistei. Mas ele participou de um programa de r\u00e1dio que eu e meu amigo","og_url":"https:\/\/jornalbeirario.com.br\/portal\/?p=26787","og_site_name":"JORNAL BEIRA RIO","article_published_time":"2014-12-12T18:27:04+00:00","author":"Jornal BEIRA-RIO","twitter_card":"summary_large_image","twitter_misc":{"Escrito por":"Jornal BEIRA-RIO","Est. tempo de leitura":"4 minutos"},"schema":{"@context":"https:\/\/schema.org","@graph":[{"@type":"Article","@id":"https:\/\/jornalbeirario.com.br\/portal\/?p=26787#article","isPartOf":{"@id":"https:\/\/jornalbeirario.com.br\/portal\/?p=26787"},"author":{"name":"Jornal BEIRA-RIO","@id":"https:\/\/jornalbeirario.com.br\/portal\/#\/schema\/person\/c6c423e4c2465d2a9233f6539173e7c1"},"headline":"La\u00eds Amaral","datePublished":"2014-12-12T18:27:04+00:00","mainEntityOfPage":{"@id":"https:\/\/jornalbeirario.com.br\/portal\/?p=26787"},"wordCount":775,"commentCount":0,"publisher":{"@id":"https:\/\/jornalbeirario.com.br\/portal\/#organization"},"articleSection":["Social"],"inLanguage":"pt-BR","potentialAction":[{"@type":"CommentAction","name":"Comment","target":["https:\/\/jornalbeirario.com.br\/portal\/?p=26787#respond"]}]},{"@type":"WebPage","@id":"https:\/\/jornalbeirario.com.br\/portal\/?p=26787","url":"https:\/\/jornalbeirario.com.br\/portal\/?p=26787","name":"La\u00eds Amaral - JORNAL BEIRA RIO","isPartOf":{"@id":"https:\/\/jornalbeirario.com.br\/portal\/#website"},"datePublished":"2014-12-12T18:27:04+00:00","breadcrumb":{"@id":"https:\/\/jornalbeirario.com.br\/portal\/?p=26787#breadcrumb"},"inLanguage":"pt-BR","potentialAction":[{"@type":"ReadAction","target":["https:\/\/jornalbeirario.com.br\/portal\/?p=26787"]}]},{"@type":"BreadcrumbList","@id":"https:\/\/jornalbeirario.com.br\/portal\/?p=26787#breadcrumb","itemListElement":[{"@type":"ListItem","position":1,"name":"Home","item":"https:\/\/jornalbeirario.com.br\/portal"},{"@type":"ListItem","position":2,"name":"La\u00eds Amaral"}]},{"@type":"WebSite","@id":"https:\/\/jornalbeirario.com.br\/portal\/#website","url":"https:\/\/jornalbeirario.com.br\/portal\/","name":"JORNAL BEIRA RIO","description":"","publisher":{"@id":"https:\/\/jornalbeirario.com.br\/portal\/#organization"},"potentialAction":[{"@type":"SearchAction","target":{"@type":"EntryPoint","urlTemplate":"https:\/\/jornalbeirario.com.br\/portal\/?s={search_term_string}"},"query-input":{"@type":"PropertyValueSpecification","valueRequired":true,"valueName":"search_term_string"}}],"inLanguage":"pt-BR"},{"@type":"Organization","@id":"https:\/\/jornalbeirario.com.br\/portal\/#organization","name":"JORNAL BEIRA RIO","url":"https:\/\/jornalbeirario.com.br\/portal\/","logo":{"@type":"ImageObject","inLanguage":"pt-BR","@id":"https:\/\/jornalbeirario.com.br\/portal\/#\/schema\/logo\/image\/","url":"https:\/\/jornalbeirario.com.br\/portal\/wp-content\/uploads\/2017\/09\/BEIRA-RIO_logo600.png","contentUrl":"https:\/\/jornalbeirario.com.br\/portal\/wp-content\/uploads\/2017\/09\/BEIRA-RIO_logo600.png","width":650,"height":108,"caption":"JORNAL BEIRA RIO"},"image":{"@id":"https:\/\/jornalbeirario.com.br\/portal\/#\/schema\/logo\/image\/"}},{"@type":"Person","@id":"https:\/\/jornalbeirario.com.br\/portal\/#\/schema\/person\/c6c423e4c2465d2a9233f6539173e7c1","name":"Jornal BEIRA-RIO","image":{"@type":"ImageObject","inLanguage":"pt-BR","@id":"https:\/\/jornalbeirario.com.br\/portal\/wp-content\/uploads\/2023\/10\/logojbr1.jpg","url":"https:\/\/jornalbeirario.com.br\/portal\/wp-content\/uploads\/2023\/10\/logojbr1.jpg","contentUrl":"https:\/\/jornalbeirario.com.br\/portal\/wp-content\/uploads\/2023\/10\/logojbr1.jpg","caption":"Jornal BEIRA-RIO"},"url":"https:\/\/jornalbeirario.com.br\/portal\/?author=1"}]}},"_links":{"self":[{"href":"https:\/\/jornalbeirario.com.br\/portal\/index.php?rest_route=\/wp\/v2\/posts\/26787","targetHints":{"allow":["GET"]}}],"collection":[{"href":"https:\/\/jornalbeirario.com.br\/portal\/index.php?rest_route=\/wp\/v2\/posts"}],"about":[{"href":"https:\/\/jornalbeirario.com.br\/portal\/index.php?rest_route=\/wp\/v2\/types\/post"}],"author":[{"embeddable":true,"href":"https:\/\/jornalbeirario.com.br\/portal\/index.php?rest_route=\/wp\/v2\/users\/1"}],"replies":[{"embeddable":true,"href":"https:\/\/jornalbeirario.com.br\/portal\/index.php?rest_route=%2Fwp%2Fv2%2Fcomments&post=26787"}],"version-history":[{"count":2,"href":"https:\/\/jornalbeirario.com.br\/portal\/index.php?rest_route=\/wp\/v2\/posts\/26787\/revisions"}],"predecessor-version":[{"id":26834,"href":"https:\/\/jornalbeirario.com.br\/portal\/index.php?rest_route=\/wp\/v2\/posts\/26787\/revisions\/26834"}],"wp:attachment":[{"href":"https:\/\/jornalbeirario.com.br\/portal\/index.php?rest_route=%2Fwp%2Fv2%2Fmedia&parent=26787"}],"wp:term":[{"taxonomy":"category","embeddable":true,"href":"https:\/\/jornalbeirario.com.br\/portal\/index.php?rest_route=%2Fwp%2Fv2%2Fcategories&post=26787"},{"taxonomy":"post_tag","embeddable":true,"href":"https:\/\/jornalbeirario.com.br\/portal\/index.php?rest_route=%2Fwp%2Fv2%2Ftags&post=26787"}],"curies":[{"name":"wp","href":"https:\/\/api.w.org\/{rel}","templated":true}]}}