
{"id":26784,"date":"2014-12-11T19:21:52","date_gmt":"2014-12-11T19:21:52","guid":{"rendered":"http:\/\/jornalbeirario.com.br\/portal\/portal\/?p=26784"},"modified":"2014-12-12T18:27:31","modified_gmt":"2014-12-12T18:27:31","slug":"quem-pensa-e-o-kiko-com-isso","status":"publish","type":"post","link":"https:\/\/jornalbeirario.com.br\/portal\/?p=26784","title":{"rendered":"QUEM PENSA? E o Kiko com isso?"},"content":{"rendered":"<p>O vereador licenciado e atual secret\u00e1rio de Trabalho e Renda do governo municipal de Resende, Kiko Besouchet volta ao cen\u00e1rio pol\u00edtico como r\u00e9u numa a\u00e7\u00e3o popular que sinaliza ilegalidade e abuso de quando Besouchet era presidente da C\u00e2mara Municipal (2011). O advogado de Resende, Nilo S\u00e9rgio Gomes (leia mat\u00e9ria na p\u00e1gina 02) resolveu apurar licita\u00e7\u00f5es e compras para o novo pr\u00e9dio que desde 2011 se arrasta e chega a mais de R$ 6 milh\u00f5es. Dia 15 de dezembro completa quatro anos que a pedra fundamental foi lan\u00e7ada no terreno do antigo pr\u00e9dio do jornal A Lira com o discurso do vice-prefeito Noel de Oliveira que causou constrangimento aos pol\u00edticos presentes. Oliveira disse na ocasi\u00e3o: \u201cSou contra essa constru\u00e7\u00e3o porque n\u00f3s n\u00e3o temos prefeitura, e talvez n\u00e3o tenhamos porque j\u00e1 se passaram dois anos, e v\u00e3o se passar quatro, e depois mais quatro, e nada ser\u00e1 constru\u00eddo\u201d. Oliveira representava o Executivo, mesmo Executivo que j\u00e1 naquela \u00e9poca permitiu que o ent\u00e3o presidente, vereador Pedra, ficasse com a sobra or\u00e7ament\u00e1ria do Legislativo para iniciar a obra.<br \/>\nA obra come\u00e7ou pol\u00eamica no lan\u00e7amento da pedra fundamental com o discurso do vice-prefeito, depois foi paralisada por decis\u00e3o judicial e exig\u00eancias por parte do Tribunal de Contas do Estado, sendo o dinheiro depositado judicialmente. Antes, o ent\u00e3o presidente Pedra, promove a desapropria\u00e7\u00e3o do terreno por R$ 200 mil &#8211; vejam como s\u00e3o as coisas: um terreno em \u00e1rea valorizada no centro da cidade desapropriado por 200 mil em 2010 e hoje, quatro anos depois, o governo do prefeito cassado Jos\u00e9 Rechuan quer que paguemos uma desapropria\u00e7\u00e3o no valor de R$ 40 milh\u00f5es por alguns terrenos comprados por pouco mais de R$ 5 milh\u00f5es na \u00e1rea da antiga IQR, mas esse \u00e9 outro assunto que abordaremos oportunamente &#8211; pois bem, terreno desapropriado e o vereador Pedra anuncia que tem R$ 1,6 milh\u00e3o de sobra or\u00e7ament\u00e1ria para a obra. Projeto apresentado \u00e0 sociedade, custo projetado de pouco mais de R$ 3 milh\u00f5es. Passados quatro anos, a obra est\u00e1 em mais de R$ 6 milh\u00f5es, o dobro do previsto inicialmente.<br \/>\nE quem fiscaliza? Parte da popula\u00e7\u00e3o continua procurando vereadores para pedir churrasco e bolas para o time de futebol, um emprego para o filho ou ainda passar a frente na fila para realizar um exame. A popula\u00e7\u00e3o est\u00e1 imersa num engodo f\u00e9tido, nojento promovido pela maior parte dos vereadores, seja pela omiss\u00e3o, seja pela participa\u00e7\u00e3o direta como revelado essa semana pelo advogado Nilo S\u00e9rgio Gomes que chama aten\u00e7\u00e3o para v\u00e1rios detalhes e diz que tudo indica superfaturamento na obra, sem falar no esc\u00e2ndalo de material pago antecipadamente, o que \u00e9 proibido por lei.<br \/>\nO vereador Kiko Besouchet, ao que indica a a\u00e7\u00e3o popular, mais que o mau uso do dinheiro p\u00fablico chegou ao absurdo de comprar equipamento de inform\u00e1tica, pagando sem receber o material em 2011. Como se compra equipamentos de inform\u00e1tica, cuja obsolesc\u00eancia \u00e9 caracter\u00edstica deste setor sem mesmo saber quando ser\u00e3o usados? Como se paga antes de receber o material? O advogado que fez a den\u00fancia teve o cuidado de ir no endere\u00e7o da empresa que ganhou a licita\u00e7\u00e3o e s\u00f3 encontra portas fechadas e nenhuma placa indicativa do neg\u00f3cio que levou R$ 400 mil dos cofres p\u00fablicos. Os vidros, ou parte deles, tamb\u00e9m foram adquiridos antes da presta\u00e7\u00e3o do servi\u00e7o e pagos via empresa de engenharia que realiza a obra. Obra, ali\u00e1s, fracionada em etapas, mas que coincidentemente &#8211; ou n\u00e3o, vai saber &#8211; teve a mesma empresa vencedora em todas as licita\u00e7\u00f5es. Como diz um amigo meu, \u201cvirou a farra do boi\u201d. Virou?<br \/>\nRecentemente uma obra da C\u00e2mara Municipal de Avar\u00e9 (SP) ganhou a m\u00eddia nacional pelo seu custo que chegou a R$ 3,5 milh\u00f5es e que por falta de planejamento pode at\u00e9 n\u00e3o ser usado o pr\u00e9dio. Independente do problema de Avar\u00e9, \u00e9 poss\u00edvel comparar as duas situa\u00e7\u00f5es levando em considera\u00e7\u00e3o a \u00e1rea constru\u00edda, os detalhes de luxo que o pr\u00e9dio abriga e os valores envolvidos. E pelos dados, a popula\u00e7\u00e3o de Resende est\u00e1 pagando muito mais que a de Avar\u00e9 pela irresponsabilidade dos vereadores. Infelizmente institucionalizou-se em Resende os interesses de grupos em detrimento da coisa p\u00fablica. O interesse \u00e9 do poder pelo poder e a falta de compromisso tanto do Executivo quanto do Legislativo na presta\u00e7\u00e3o de contas. N\u00e3o existe transpar\u00eancia e a Justi\u00e7a&#8230; bem&#8230; a Justi\u00e7a todos n\u00f3s j\u00e1 sabemos como funciona, quando funciona: uma boa dezena de anos.<br \/>\nO que temos com isso? E o \u201ckiko\u201d com isso? O eleitor dos pol\u00edticos que prometem, mas na verdade o usam apenas como trampolim sabem bem o que cada um tem com isso. \u00c9 preciso um basta em tanto abuso e falta de transpar\u00eancia, ali\u00e1s caracter\u00edstica de Resende que n\u00e3o exp\u00f5e o real n\u00famero de servidores, contratados e CCs, n\u00e3o exp\u00f5e o n\u00famero e formas de controle de gratuidade dos \u00f4nibus (porque na verdade n\u00e3o tem controle); n\u00e3o avisa com anteced\u00eancia e a publicidade que merece a apresenta\u00e7\u00e3o da presta\u00e7\u00e3o de contas do munic\u00edpio; n\u00e3o disponibiliza os editais das licita\u00e7\u00f5es, t\u00e3o pouco os contratos que o munic\u00edpio mant\u00e9m. Uma caixa blindada e perigosa quando, quem sabe um dia, come\u00e7ar a ser aberta, como deve ser.<\/p>\n<p>Ana L\u00facia<br \/>\neditora do jornal BEIRA-RIO<br \/>\nanalucia@jornalbeirario.com.br<\/p>\n","protected":false},"excerpt":{"rendered":"<p>O vereador licenciado e atual secret\u00e1rio de Trabalho e Renda do governo municipal de Resende, Kiko Besouchet volta ao cen\u00e1rio pol\u00edtico como r\u00e9u numa<\/p>\n","protected":false},"author":1,"featured_media":0,"comment_status":"open","ping_status":"open","sticky":false,"template":"","format":"standard","meta":{"pmpro_default_level":"","footnotes":""},"categories":[8],"tags":[],"class_list":["post-26784","post","type-post","status-publish","format-standard","hentry","category-opiniao","pmpro-has-access"],"yoast_head":"<!-- This site is optimized with the Yoast SEO plugin v27.4 - https:\/\/yoast.com\/product\/yoast-seo-wordpress\/ -->\n<title>QUEM PENSA? E o Kiko com isso? - JORNAL BEIRA RIO<\/title>\n<meta name=\"robots\" content=\"index, follow, max-snippet:-1, max-image-preview:large, max-video-preview:-1\" \/>\n<link rel=\"canonical\" href=\"https:\/\/jornalbeirario.com.br\/portal\/?p=26784\" \/>\n<meta property=\"og:locale\" content=\"pt_BR\" \/>\n<meta property=\"og:type\" content=\"article\" \/>\n<meta property=\"og:title\" content=\"QUEM PENSA? E o Kiko com isso? - JORNAL BEIRA RIO\" \/>\n<meta property=\"og:description\" content=\"O vereador licenciado e atual secret\u00e1rio de Trabalho e Renda do governo municipal de Resende, Kiko Besouchet volta ao cen\u00e1rio pol\u00edtico como r\u00e9u numa\" \/>\n<meta property=\"og:url\" content=\"https:\/\/jornalbeirario.com.br\/portal\/?p=26784\" \/>\n<meta property=\"og:site_name\" content=\"JORNAL BEIRA RIO\" \/>\n<meta property=\"article:published_time\" content=\"2014-12-11T19:21:52+00:00\" \/>\n<meta property=\"article:modified_time\" content=\"2014-12-12T18:27:31+00:00\" \/>\n<meta name=\"author\" content=\"Jornal BEIRA-RIO\" \/>\n<meta name=\"twitter:card\" content=\"summary_large_image\" \/>\n<meta name=\"twitter:label1\" content=\"Escrito por\" \/>\n\t<meta name=\"twitter:data1\" content=\"Jornal BEIRA-RIO\" \/>\n\t<meta name=\"twitter:label2\" content=\"Est. tempo de leitura\" \/>\n\t<meta name=\"twitter:data2\" content=\"5 minutos\" \/>\n<script type=\"application\/ld+json\" class=\"yoast-schema-graph\">{\"@context\":\"https:\\\/\\\/schema.org\",\"@graph\":[{\"@type\":\"Article\",\"@id\":\"https:\\\/\\\/jornalbeirario.com.br\\\/portal\\\/?p=26784#article\",\"isPartOf\":{\"@id\":\"https:\\\/\\\/jornalbeirario.com.br\\\/portal\\\/?p=26784\"},\"author\":{\"name\":\"Jornal BEIRA-RIO\",\"@id\":\"https:\\\/\\\/jornalbeirario.com.br\\\/portal\\\/#\\\/schema\\\/person\\\/c6c423e4c2465d2a9233f6539173e7c1\"},\"headline\":\"QUEM PENSA? E o Kiko com isso?\",\"datePublished\":\"2014-12-11T19:21:52+00:00\",\"dateModified\":\"2014-12-12T18:27:31+00:00\",\"mainEntityOfPage\":{\"@id\":\"https:\\\/\\\/jornalbeirario.com.br\\\/portal\\\/?p=26784\"},\"wordCount\":957,\"commentCount\":1,\"publisher\":{\"@id\":\"https:\\\/\\\/jornalbeirario.com.br\\\/portal\\\/#organization\"},\"articleSection\":[\"Opini\u00e3o\"],\"inLanguage\":\"pt-BR\",\"potentialAction\":[{\"@type\":\"CommentAction\",\"name\":\"Comment\",\"target\":[\"https:\\\/\\\/jornalbeirario.com.br\\\/portal\\\/?p=26784#respond\"]}]},{\"@type\":\"WebPage\",\"@id\":\"https:\\\/\\\/jornalbeirario.com.br\\\/portal\\\/?p=26784\",\"url\":\"https:\\\/\\\/jornalbeirario.com.br\\\/portal\\\/?p=26784\",\"name\":\"QUEM PENSA? E o Kiko com isso? - JORNAL BEIRA RIO\",\"isPartOf\":{\"@id\":\"https:\\\/\\\/jornalbeirario.com.br\\\/portal\\\/#website\"},\"datePublished\":\"2014-12-11T19:21:52+00:00\",\"dateModified\":\"2014-12-12T18:27:31+00:00\",\"breadcrumb\":{\"@id\":\"https:\\\/\\\/jornalbeirario.com.br\\\/portal\\\/?p=26784#breadcrumb\"},\"inLanguage\":\"pt-BR\",\"potentialAction\":[{\"@type\":\"ReadAction\",\"target\":[\"https:\\\/\\\/jornalbeirario.com.br\\\/portal\\\/?p=26784\"]}]},{\"@type\":\"BreadcrumbList\",\"@id\":\"https:\\\/\\\/jornalbeirario.com.br\\\/portal\\\/?p=26784#breadcrumb\",\"itemListElement\":[{\"@type\":\"ListItem\",\"position\":1,\"name\":\"Home\",\"item\":\"https:\\\/\\\/jornalbeirario.com.br\\\/portal\"},{\"@type\":\"ListItem\",\"position\":2,\"name\":\"QUEM PENSA? E o Kiko com isso?\"}]},{\"@type\":\"WebSite\",\"@id\":\"https:\\\/\\\/jornalbeirario.com.br\\\/portal\\\/#website\",\"url\":\"https:\\\/\\\/jornalbeirario.com.br\\\/portal\\\/\",\"name\":\"JORNAL BEIRA RIO\",\"description\":\"\",\"publisher\":{\"@id\":\"https:\\\/\\\/jornalbeirario.com.br\\\/portal\\\/#organization\"},\"potentialAction\":[{\"@type\":\"SearchAction\",\"target\":{\"@type\":\"EntryPoint\",\"urlTemplate\":\"https:\\\/\\\/jornalbeirario.com.br\\\/portal\\\/?s={search_term_string}\"},\"query-input\":{\"@type\":\"PropertyValueSpecification\",\"valueRequired\":true,\"valueName\":\"search_term_string\"}}],\"inLanguage\":\"pt-BR\"},{\"@type\":\"Organization\",\"@id\":\"https:\\\/\\\/jornalbeirario.com.br\\\/portal\\\/#organization\",\"name\":\"JORNAL BEIRA RIO\",\"url\":\"https:\\\/\\\/jornalbeirario.com.br\\\/portal\\\/\",\"logo\":{\"@type\":\"ImageObject\",\"inLanguage\":\"pt-BR\",\"@id\":\"https:\\\/\\\/jornalbeirario.com.br\\\/portal\\\/#\\\/schema\\\/logo\\\/image\\\/\",\"url\":\"https:\\\/\\\/jornalbeirario.com.br\\\/portal\\\/wp-content\\\/uploads\\\/2017\\\/09\\\/BEIRA-RIO_logo600.png\",\"contentUrl\":\"https:\\\/\\\/jornalbeirario.com.br\\\/portal\\\/wp-content\\\/uploads\\\/2017\\\/09\\\/BEIRA-RIO_logo600.png\",\"width\":650,\"height\":108,\"caption\":\"JORNAL BEIRA RIO\"},\"image\":{\"@id\":\"https:\\\/\\\/jornalbeirario.com.br\\\/portal\\\/#\\\/schema\\\/logo\\\/image\\\/\"}},{\"@type\":\"Person\",\"@id\":\"https:\\\/\\\/jornalbeirario.com.br\\\/portal\\\/#\\\/schema\\\/person\\\/c6c423e4c2465d2a9233f6539173e7c1\",\"name\":\"Jornal BEIRA-RIO\",\"image\":{\"@type\":\"ImageObject\",\"inLanguage\":\"pt-BR\",\"@id\":\"https:\\\/\\\/jornalbeirario.com.br\\\/portal\\\/wp-content\\\/uploads\\\/2023\\\/10\\\/logojbr1.jpg\",\"url\":\"https:\\\/\\\/jornalbeirario.com.br\\\/portal\\\/wp-content\\\/uploads\\\/2023\\\/10\\\/logojbr1.jpg\",\"contentUrl\":\"https:\\\/\\\/jornalbeirario.com.br\\\/portal\\\/wp-content\\\/uploads\\\/2023\\\/10\\\/logojbr1.jpg\",\"caption\":\"Jornal BEIRA-RIO\"},\"url\":\"https:\\\/\\\/jornalbeirario.com.br\\\/portal\\\/?author=1\"}]}<\/script>\n<!-- \/ Yoast SEO plugin. -->","yoast_head_json":{"title":"QUEM PENSA? E o Kiko com isso? - JORNAL BEIRA RIO","robots":{"index":"index","follow":"follow","max-snippet":"max-snippet:-1","max-image-preview":"max-image-preview:large","max-video-preview":"max-video-preview:-1"},"canonical":"https:\/\/jornalbeirario.com.br\/portal\/?p=26784","og_locale":"pt_BR","og_type":"article","og_title":"QUEM PENSA? E o Kiko com isso? - JORNAL BEIRA RIO","og_description":"O vereador licenciado e atual secret\u00e1rio de Trabalho e Renda do governo municipal de Resende, Kiko Besouchet volta ao cen\u00e1rio pol\u00edtico como r\u00e9u numa","og_url":"https:\/\/jornalbeirario.com.br\/portal\/?p=26784","og_site_name":"JORNAL BEIRA RIO","article_published_time":"2014-12-11T19:21:52+00:00","article_modified_time":"2014-12-12T18:27:31+00:00","author":"Jornal BEIRA-RIO","twitter_card":"summary_large_image","twitter_misc":{"Escrito por":"Jornal BEIRA-RIO","Est. tempo de leitura":"5 minutos"},"schema":{"@context":"https:\/\/schema.org","@graph":[{"@type":"Article","@id":"https:\/\/jornalbeirario.com.br\/portal\/?p=26784#article","isPartOf":{"@id":"https:\/\/jornalbeirario.com.br\/portal\/?p=26784"},"author":{"name":"Jornal BEIRA-RIO","@id":"https:\/\/jornalbeirario.com.br\/portal\/#\/schema\/person\/c6c423e4c2465d2a9233f6539173e7c1"},"headline":"QUEM PENSA? E o Kiko com isso?","datePublished":"2014-12-11T19:21:52+00:00","dateModified":"2014-12-12T18:27:31+00:00","mainEntityOfPage":{"@id":"https:\/\/jornalbeirario.com.br\/portal\/?p=26784"},"wordCount":957,"commentCount":1,"publisher":{"@id":"https:\/\/jornalbeirario.com.br\/portal\/#organization"},"articleSection":["Opini\u00e3o"],"inLanguage":"pt-BR","potentialAction":[{"@type":"CommentAction","name":"Comment","target":["https:\/\/jornalbeirario.com.br\/portal\/?p=26784#respond"]}]},{"@type":"WebPage","@id":"https:\/\/jornalbeirario.com.br\/portal\/?p=26784","url":"https:\/\/jornalbeirario.com.br\/portal\/?p=26784","name":"QUEM PENSA? E o Kiko com isso? - JORNAL BEIRA RIO","isPartOf":{"@id":"https:\/\/jornalbeirario.com.br\/portal\/#website"},"datePublished":"2014-12-11T19:21:52+00:00","dateModified":"2014-12-12T18:27:31+00:00","breadcrumb":{"@id":"https:\/\/jornalbeirario.com.br\/portal\/?p=26784#breadcrumb"},"inLanguage":"pt-BR","potentialAction":[{"@type":"ReadAction","target":["https:\/\/jornalbeirario.com.br\/portal\/?p=26784"]}]},{"@type":"BreadcrumbList","@id":"https:\/\/jornalbeirario.com.br\/portal\/?p=26784#breadcrumb","itemListElement":[{"@type":"ListItem","position":1,"name":"Home","item":"https:\/\/jornalbeirario.com.br\/portal"},{"@type":"ListItem","position":2,"name":"QUEM PENSA? E o Kiko com isso?"}]},{"@type":"WebSite","@id":"https:\/\/jornalbeirario.com.br\/portal\/#website","url":"https:\/\/jornalbeirario.com.br\/portal\/","name":"JORNAL BEIRA RIO","description":"","publisher":{"@id":"https:\/\/jornalbeirario.com.br\/portal\/#organization"},"potentialAction":[{"@type":"SearchAction","target":{"@type":"EntryPoint","urlTemplate":"https:\/\/jornalbeirario.com.br\/portal\/?s={search_term_string}"},"query-input":{"@type":"PropertyValueSpecification","valueRequired":true,"valueName":"search_term_string"}}],"inLanguage":"pt-BR"},{"@type":"Organization","@id":"https:\/\/jornalbeirario.com.br\/portal\/#organization","name":"JORNAL BEIRA RIO","url":"https:\/\/jornalbeirario.com.br\/portal\/","logo":{"@type":"ImageObject","inLanguage":"pt-BR","@id":"https:\/\/jornalbeirario.com.br\/portal\/#\/schema\/logo\/image\/","url":"https:\/\/jornalbeirario.com.br\/portal\/wp-content\/uploads\/2017\/09\/BEIRA-RIO_logo600.png","contentUrl":"https:\/\/jornalbeirario.com.br\/portal\/wp-content\/uploads\/2017\/09\/BEIRA-RIO_logo600.png","width":650,"height":108,"caption":"JORNAL BEIRA RIO"},"image":{"@id":"https:\/\/jornalbeirario.com.br\/portal\/#\/schema\/logo\/image\/"}},{"@type":"Person","@id":"https:\/\/jornalbeirario.com.br\/portal\/#\/schema\/person\/c6c423e4c2465d2a9233f6539173e7c1","name":"Jornal BEIRA-RIO","image":{"@type":"ImageObject","inLanguage":"pt-BR","@id":"https:\/\/jornalbeirario.com.br\/portal\/wp-content\/uploads\/2023\/10\/logojbr1.jpg","url":"https:\/\/jornalbeirario.com.br\/portal\/wp-content\/uploads\/2023\/10\/logojbr1.jpg","contentUrl":"https:\/\/jornalbeirario.com.br\/portal\/wp-content\/uploads\/2023\/10\/logojbr1.jpg","caption":"Jornal BEIRA-RIO"},"url":"https:\/\/jornalbeirario.com.br\/portal\/?author=1"}]}},"_links":{"self":[{"href":"https:\/\/jornalbeirario.com.br\/portal\/index.php?rest_route=\/wp\/v2\/posts\/26784","targetHints":{"allow":["GET"]}}],"collection":[{"href":"https:\/\/jornalbeirario.com.br\/portal\/index.php?rest_route=\/wp\/v2\/posts"}],"about":[{"href":"https:\/\/jornalbeirario.com.br\/portal\/index.php?rest_route=\/wp\/v2\/types\/post"}],"author":[{"embeddable":true,"href":"https:\/\/jornalbeirario.com.br\/portal\/index.php?rest_route=\/wp\/v2\/users\/1"}],"replies":[{"embeddable":true,"href":"https:\/\/jornalbeirario.com.br\/portal\/index.php?rest_route=%2Fwp%2Fv2%2Fcomments&post=26784"}],"version-history":[{"count":3,"href":"https:\/\/jornalbeirario.com.br\/portal\/index.php?rest_route=\/wp\/v2\/posts\/26784\/revisions"}],"predecessor-version":[{"id":26835,"href":"https:\/\/jornalbeirario.com.br\/portal\/index.php?rest_route=\/wp\/v2\/posts\/26784\/revisions\/26835"}],"wp:attachment":[{"href":"https:\/\/jornalbeirario.com.br\/portal\/index.php?rest_route=%2Fwp%2Fv2%2Fmedia&parent=26784"}],"wp:term":[{"taxonomy":"category","embeddable":true,"href":"https:\/\/jornalbeirario.com.br\/portal\/index.php?rest_route=%2Fwp%2Fv2%2Fcategories&post=26784"},{"taxonomy":"post_tag","embeddable":true,"href":"https:\/\/jornalbeirario.com.br\/portal\/index.php?rest_route=%2Fwp%2Fv2%2Ftags&post=26784"}],"curies":[{"name":"wp","href":"https:\/\/api.w.org\/{rel}","templated":true}]}}