
{"id":26652,"date":"2014-12-05T08:04:05","date_gmt":"2014-12-05T08:04:05","guid":{"rendered":"http:\/\/jornalbeirario.com.br\/portal\/portal\/?p=26652"},"modified":"2014-12-05T08:04:05","modified_gmt":"2014-12-05T08:04:05","slug":"lais-amaral-75","status":"publish","type":"post","link":"https:\/\/jornalbeirario.com.br\/portal\/?p=26652","title":{"rendered":"La\u00eds Amaral"},"content":{"rendered":"<p style=\"text-align: justify;\"><strong>Tigr\u00e3o, uma lenda urbana?<\/strong><br \/>\nPassava um pouco das seis e meia da manh\u00e3 e eu entrava na padaria do Magno para o caf\u00e9 rotineiro antes dos compromissos profissionais, quando vi passar, um pouco apressado, o \u2018Tigr\u00e3o\u2019, um cachorr\u00e3o rajado de castanho e preto que passa o dia no estacionamento do Hospital de Emerg\u00eancia. Pensei comigo: \u201co bicho vem de longe\u201d. Ele vinha pela Avenida Coronel Mendes sentido centro. O Tigr\u00e3o que deve ser um c\u00e3o mesti\u00e7o, \u00e9 uma esp\u00e9cie de mascote do Hospital. Todos os conhecem e o estimam. Conta a lenda, e eu n\u00e3o duvido, que o animal apareceu pela primeira vez no local para esperar o dono que ali fora internado e que falecera n\u00e3o muito tempo depois. Na sua l\u00f3gica de fidelidade canina ele parece n\u00e3o querer tomar conhecimento disso e todos os dias vai ao hospital a espera de seu dono. O tempo passa e Tigr\u00e3o (talvez nem seja esse seu nome oficial) j\u00e1 \u00e9 uma esp\u00e9cie de bem (i)material da institui\u00e7\u00e3o. Faz pose para fotografias com parentes de internados, recebe o carinho dos profissionais do hospital e n\u00e3o perturba ningu\u00e9m. Sequer late. \u201cDaria um filme\u201d, algu\u00e9m comentou. Mas j\u00e1 fizeram um filme sobre o tema, eu disse. E, imaginei, como no filme, que quando Tigr\u00e3o for, finalmente ao encontro do seu dono, erigirem uma est\u00e1tua do c\u00e3o num dos canteiros do estacionamento. Uma homenagem \u00e0 lealdade. Um valor que n\u00e3o devemos perder de vista.<\/p>\n<p style=\"text-align: justify;\"><strong>Turma da Pelada conquista o que nem o Cruzeiro conseguiu: a Tr\u00edplice Cor\u00f4a<\/strong><br \/>\nO Cruzeiro n\u00e3o conseguiu a \u2018Tr\u00edplice Coroa\u2019 (pois o Galo, que j\u00e1 depenara um urubu, botou tamb\u00e9m uma raposa pra correr), mas a \u2018Turma da Pelada\u2019 conseguiu essa fa\u00e7anha domingo passado ao levantar heroicamente o t\u00edtulo do Futebol So\u00e7aite Quarent\u00e3o na AABB. Como j\u00e1 vencera O \u2018Cinquent\u00e3o\u2019 e o \u2018Sessent\u00e3o\u2019 fechou a tr\u00edplice conquista no mesmo ano. A vit\u00f3ria foi sobre o excelente time do \u2018Clube da Casa da Lua\u2019 que at\u00e9 ent\u00e3o constru\u00edra uma campanha hist\u00f3rica, s\u00f3 de vit\u00f3rias. Ganhara todas. Inclusive da pr\u00f3pria \u2018Turma da Pelada\u2019 na fase de classifica\u00e7\u00e3o. Duas semanas antes da decis\u00e3o eu escrevi aqui a respeito do grande jogo: \u201c&#8230; registre-se a campanha irrepreens\u00edvel da Casa da Lua que venceu todos os jogos na competi\u00e7\u00e3o at\u00e9 agora. Mas decis\u00e3o \u00e9 decis\u00e3o e a Turma da Pelada tem camisa e tradi\u00e7\u00e3o no \u2018So\u00e7aite\u2019\u201d. E n\u00e3o deu outra. Foi um joga\u00e7o, com as duas equipes empenhad\u00edssimas na disputa, e at\u00e9 o \u00faltimo minuto do segundo tempo, o favoritismo da Casa da Lua ia se confirmando com a vit\u00f3ria de 2 x 1. Mas a \u2018Turma da Pela\u2019 \u00e9 valente e empatou ao apagar das luzes (2 x 2) para ent\u00e3o vencer nos p\u00eanaltis. Parab\u00e9ns ao tima\u00e7o da \u2018Casa da Lua\u2019, que faria hist\u00f3ria sendo campe\u00e3o invicto e s\u00f3 com vit\u00f3rias. Mas os deuses da bola sorriram para a camisa laranja da \u2018Turma da Pelada\u2019. Parab\u00e9ns ao Jadir, ao Geraldo, ao Ben\u00e9, ao Palinho Mazaropi, ao Kid, aos demais atletas veteranos e torcedores. Grande vit\u00f3ria, e justo no ano que a \u2018Turma\u2019 completa 20 anos. Valeu !!<\/p>\n<p style=\"text-align: justify;\"><strong>TRIPA<\/strong><br \/>\n* Termina hoje (Sexta, dia 5) no \u2018Espa\u00e7o Z\u2019 uma feira de artesanato, que se apresenta como op\u00e7\u00e3o para a compra de presentes natalinos. \u00c9 o resultado do trabalho de cerca de trinta artes\u00e3os do munic\u00edpio no evento que \u00e9 organizado pela Secretaria Municipal de Com\u00e9rcio. A Feira estar\u00e1 aberta ao p\u00fablico das 8 \u00e0s 17 horas. O \u2018Espa\u00e7o Z\u2019 fica na Avenida Gustavo Jardim, no antigo pr\u00e9dio do mercado municipal * No dia 13 a Feira de Natal estar\u00e1 montada no Cal\u00e7ad\u00e3o da Avenida Nova Resende, no Bairro Campos El\u00edseos. L\u00e1 estar\u00e3o aproximadamente 50 artes\u00e3os e a feira acontecer\u00e1 das 8 \u00e0s 15 horas. Presentes mais baratos, mo\u00e7ada ! * N\u00e3o teve jeito. O pessoal comeu o \u2018Nhoque da Fortuna\u2019 l\u00e1 no restaurante do Odylo, mas S\u00e3o Pantale\u00e3o nem \u2018Tchum\u2019, pro Botafogo. Estamos na segundona. \u00d4 sina &#8230; Tamb\u00e9m (\u00e0 moda A Raposa e as Uvas) com esse futebol furreca de hoje, que leva de 7 numa semifinal de Copa do Mundo, todos somos da segunda divis\u00e3o &#8230; * O Museu de Arte Moderna (MAM) de Resende abriu nessa Ter\u00e7a, dia 2, a primeira exposi\u00e7\u00e3o com obras doadas pelo Instituto Ita\u00fa Cultural. Na mostra, informa a diretoria Melissa Barreti est\u00e3o 26 obras de t\u00e9cnicas variadas. A exposi\u00e7\u00e3o fica at\u00e9 o dia 23 de janeiro, de segunda a sexta-feira, das 9 \u00e0s 17h * Not\u00edcia bem legal: O Minist\u00e9rio da Sa\u00fade divulgou nesta semana o resultado da avalia\u00e7\u00e3o das unidades de Sa\u00fade da Fam\u00edlia de Resende. Dos 24 postos avaliados, 21 foram classificados como \u00f3timos, dois como bons e um ainda aguarda resultado. A avalia\u00e7\u00e3o aconteceu de 2 a 11 de dezembro de 2013. Com isso o Governo Federal vai repassar cerca de 250 mil reais que a Prefeitura repassa \u00e0s equipes de b\u00e1sicas de Sa\u00fade da Fam\u00edlia. Beleza !*<\/p>\n<p style=\"text-align: justify;\"><strong>ANIVERS\u00c1RIOS<\/strong><br \/>\nNo dia 27 de novembro mudaram de idade o meu amigo M\u00e1rio Valente Guimar\u00e3es e a Sheila Eliseu. No dia 28 foi a vez da Alexia Carvalho, da Flora Pimentel e do Evaldo Ayres. Dia 30, um batalh\u00e3o de aniversariantes: M\u00f4nica Azevedo, minha quase-filha Helem Cristina, F\u00e1bio Monteiro, Luis Carlos Esp\u00edrito santo, Luis Cl\u00e1udio Santana, Dia 1\u00ba de dezembro ficaram mais experientes a minha amiga Carmem L\u00facia Penna Firma, a Sandra Isnard e o Tunico Lopes (que j\u00e1 foi Rei do Caraoqu\u00ea). Nessa Ter\u00e7a (2) contaram mais um ano de vida a Magali Dall Osso, o Carlinhos Fichter e a Carina Diniz. E na quarta, dia 3, inauguraram idade nova o marcos Vin\u00edcius Pinho, o grande Valter Fil\u00e9, o Andr\u00e9 Am\u00eandola, da CDL, a minha amiga Silvia Stile que hoje mora em Nova Jersey e o Cristiano Gon\u00e7alves. Parab\u00e9ns e todas as felicidades do mundo a eles.<\/p>\n","protected":false},"excerpt":{"rendered":"<p>Tigr\u00e3o, uma lenda urbana? Passava um pouco das seis e meia da manh\u00e3 e eu entrava na padaria do Magno para o caf\u00e9 rotineiro<\/p>\n","protected":false},"author":1,"featured_media":0,"comment_status":"open","ping_status":"open","sticky":false,"template":"","format":"standard","meta":{"pmpro_default_level":"","footnotes":""},"categories":[13],"tags":[],"class_list":["post-26652","post","type-post","status-publish","format-standard","hentry","category-social","pmpro-has-access"],"yoast_head":"<!-- This site is optimized with the Yoast SEO plugin v27.4 - https:\/\/yoast.com\/product\/yoast-seo-wordpress\/ -->\n<title>La\u00eds Amaral - JORNAL BEIRA RIO<\/title>\n<meta name=\"robots\" content=\"index, follow, max-snippet:-1, max-image-preview:large, max-video-preview:-1\" \/>\n<link rel=\"canonical\" href=\"https:\/\/jornalbeirario.com.br\/portal\/?p=26652\" \/>\n<meta property=\"og:locale\" content=\"pt_BR\" \/>\n<meta property=\"og:type\" content=\"article\" \/>\n<meta property=\"og:title\" content=\"La\u00eds Amaral - JORNAL BEIRA RIO\" \/>\n<meta property=\"og:description\" content=\"Tigr\u00e3o, uma lenda urbana? Passava um pouco das seis e meia da manh\u00e3 e eu entrava na padaria do Magno para o caf\u00e9 rotineiro\" \/>\n<meta property=\"og:url\" content=\"https:\/\/jornalbeirario.com.br\/portal\/?p=26652\" \/>\n<meta property=\"og:site_name\" content=\"JORNAL BEIRA RIO\" \/>\n<meta property=\"article:published_time\" content=\"2014-12-05T08:04:05+00:00\" \/>\n<meta name=\"author\" content=\"Jornal BEIRA-RIO\" \/>\n<meta name=\"twitter:card\" content=\"summary_large_image\" \/>\n<meta name=\"twitter:label1\" content=\"Escrito por\" \/>\n\t<meta name=\"twitter:data1\" content=\"Jornal BEIRA-RIO\" \/>\n\t<meta name=\"twitter:label2\" content=\"Est. tempo de leitura\" \/>\n\t<meta name=\"twitter:data2\" content=\"5 minutos\" \/>\n<script type=\"application\/ld+json\" class=\"yoast-schema-graph\">{\"@context\":\"https:\\\/\\\/schema.org\",\"@graph\":[{\"@type\":\"Article\",\"@id\":\"https:\\\/\\\/jornalbeirario.com.br\\\/portal\\\/?p=26652#article\",\"isPartOf\":{\"@id\":\"https:\\\/\\\/jornalbeirario.com.br\\\/portal\\\/?p=26652\"},\"author\":{\"name\":\"Jornal BEIRA-RIO\",\"@id\":\"https:\\\/\\\/jornalbeirario.com.br\\\/portal\\\/#\\\/schema\\\/person\\\/c6c423e4c2465d2a9233f6539173e7c1\"},\"headline\":\"La\u00eds Amaral\",\"datePublished\":\"2014-12-05T08:04:05+00:00\",\"mainEntityOfPage\":{\"@id\":\"https:\\\/\\\/jornalbeirario.com.br\\\/portal\\\/?p=26652\"},\"wordCount\":1025,\"commentCount\":0,\"publisher\":{\"@id\":\"https:\\\/\\\/jornalbeirario.com.br\\\/portal\\\/#organization\"},\"articleSection\":[\"Social\"],\"inLanguage\":\"pt-BR\",\"potentialAction\":[{\"@type\":\"CommentAction\",\"name\":\"Comment\",\"target\":[\"https:\\\/\\\/jornalbeirario.com.br\\\/portal\\\/?p=26652#respond\"]}]},{\"@type\":\"WebPage\",\"@id\":\"https:\\\/\\\/jornalbeirario.com.br\\\/portal\\\/?p=26652\",\"url\":\"https:\\\/\\\/jornalbeirario.com.br\\\/portal\\\/?p=26652\",\"name\":\"La\u00eds Amaral - JORNAL BEIRA RIO\",\"isPartOf\":{\"@id\":\"https:\\\/\\\/jornalbeirario.com.br\\\/portal\\\/#website\"},\"datePublished\":\"2014-12-05T08:04:05+00:00\",\"breadcrumb\":{\"@id\":\"https:\\\/\\\/jornalbeirario.com.br\\\/portal\\\/?p=26652#breadcrumb\"},\"inLanguage\":\"pt-BR\",\"potentialAction\":[{\"@type\":\"ReadAction\",\"target\":[\"https:\\\/\\\/jornalbeirario.com.br\\\/portal\\\/?p=26652\"]}]},{\"@type\":\"BreadcrumbList\",\"@id\":\"https:\\\/\\\/jornalbeirario.com.br\\\/portal\\\/?p=26652#breadcrumb\",\"itemListElement\":[{\"@type\":\"ListItem\",\"position\":1,\"name\":\"Home\",\"item\":\"https:\\\/\\\/jornalbeirario.com.br\\\/portal\"},{\"@type\":\"ListItem\",\"position\":2,\"name\":\"La\u00eds Amaral\"}]},{\"@type\":\"WebSite\",\"@id\":\"https:\\\/\\\/jornalbeirario.com.br\\\/portal\\\/#website\",\"url\":\"https:\\\/\\\/jornalbeirario.com.br\\\/portal\\\/\",\"name\":\"JORNAL BEIRA RIO\",\"description\":\"\",\"publisher\":{\"@id\":\"https:\\\/\\\/jornalbeirario.com.br\\\/portal\\\/#organization\"},\"potentialAction\":[{\"@type\":\"SearchAction\",\"target\":{\"@type\":\"EntryPoint\",\"urlTemplate\":\"https:\\\/\\\/jornalbeirario.com.br\\\/portal\\\/?s={search_term_string}\"},\"query-input\":{\"@type\":\"PropertyValueSpecification\",\"valueRequired\":true,\"valueName\":\"search_term_string\"}}],\"inLanguage\":\"pt-BR\"},{\"@type\":\"Organization\",\"@id\":\"https:\\\/\\\/jornalbeirario.com.br\\\/portal\\\/#organization\",\"name\":\"JORNAL BEIRA RIO\",\"url\":\"https:\\\/\\\/jornalbeirario.com.br\\\/portal\\\/\",\"logo\":{\"@type\":\"ImageObject\",\"inLanguage\":\"pt-BR\",\"@id\":\"https:\\\/\\\/jornalbeirario.com.br\\\/portal\\\/#\\\/schema\\\/logo\\\/image\\\/\",\"url\":\"https:\\\/\\\/jornalbeirario.com.br\\\/portal\\\/wp-content\\\/uploads\\\/2017\\\/09\\\/BEIRA-RIO_logo600.png\",\"contentUrl\":\"https:\\\/\\\/jornalbeirario.com.br\\\/portal\\\/wp-content\\\/uploads\\\/2017\\\/09\\\/BEIRA-RIO_logo600.png\",\"width\":650,\"height\":108,\"caption\":\"JORNAL BEIRA RIO\"},\"image\":{\"@id\":\"https:\\\/\\\/jornalbeirario.com.br\\\/portal\\\/#\\\/schema\\\/logo\\\/image\\\/\"}},{\"@type\":\"Person\",\"@id\":\"https:\\\/\\\/jornalbeirario.com.br\\\/portal\\\/#\\\/schema\\\/person\\\/c6c423e4c2465d2a9233f6539173e7c1\",\"name\":\"Jornal BEIRA-RIO\",\"image\":{\"@type\":\"ImageObject\",\"inLanguage\":\"pt-BR\",\"@id\":\"https:\\\/\\\/jornalbeirario.com.br\\\/portal\\\/wp-content\\\/uploads\\\/2023\\\/10\\\/logojbr1.jpg\",\"url\":\"https:\\\/\\\/jornalbeirario.com.br\\\/portal\\\/wp-content\\\/uploads\\\/2023\\\/10\\\/logojbr1.jpg\",\"contentUrl\":\"https:\\\/\\\/jornalbeirario.com.br\\\/portal\\\/wp-content\\\/uploads\\\/2023\\\/10\\\/logojbr1.jpg\",\"caption\":\"Jornal BEIRA-RIO\"},\"url\":\"https:\\\/\\\/jornalbeirario.com.br\\\/portal\\\/?author=1\"}]}<\/script>\n<!-- \/ Yoast SEO plugin. -->","yoast_head_json":{"title":"La\u00eds Amaral - JORNAL BEIRA RIO","robots":{"index":"index","follow":"follow","max-snippet":"max-snippet:-1","max-image-preview":"max-image-preview:large","max-video-preview":"max-video-preview:-1"},"canonical":"https:\/\/jornalbeirario.com.br\/portal\/?p=26652","og_locale":"pt_BR","og_type":"article","og_title":"La\u00eds Amaral - JORNAL BEIRA RIO","og_description":"Tigr\u00e3o, uma lenda urbana? Passava um pouco das seis e meia da manh\u00e3 e eu entrava na padaria do Magno para o caf\u00e9 rotineiro","og_url":"https:\/\/jornalbeirario.com.br\/portal\/?p=26652","og_site_name":"JORNAL BEIRA RIO","article_published_time":"2014-12-05T08:04:05+00:00","author":"Jornal BEIRA-RIO","twitter_card":"summary_large_image","twitter_misc":{"Escrito por":"Jornal BEIRA-RIO","Est. tempo de leitura":"5 minutos"},"schema":{"@context":"https:\/\/schema.org","@graph":[{"@type":"Article","@id":"https:\/\/jornalbeirario.com.br\/portal\/?p=26652#article","isPartOf":{"@id":"https:\/\/jornalbeirario.com.br\/portal\/?p=26652"},"author":{"name":"Jornal BEIRA-RIO","@id":"https:\/\/jornalbeirario.com.br\/portal\/#\/schema\/person\/c6c423e4c2465d2a9233f6539173e7c1"},"headline":"La\u00eds Amaral","datePublished":"2014-12-05T08:04:05+00:00","mainEntityOfPage":{"@id":"https:\/\/jornalbeirario.com.br\/portal\/?p=26652"},"wordCount":1025,"commentCount":0,"publisher":{"@id":"https:\/\/jornalbeirario.com.br\/portal\/#organization"},"articleSection":["Social"],"inLanguage":"pt-BR","potentialAction":[{"@type":"CommentAction","name":"Comment","target":["https:\/\/jornalbeirario.com.br\/portal\/?p=26652#respond"]}]},{"@type":"WebPage","@id":"https:\/\/jornalbeirario.com.br\/portal\/?p=26652","url":"https:\/\/jornalbeirario.com.br\/portal\/?p=26652","name":"La\u00eds Amaral - JORNAL BEIRA RIO","isPartOf":{"@id":"https:\/\/jornalbeirario.com.br\/portal\/#website"},"datePublished":"2014-12-05T08:04:05+00:00","breadcrumb":{"@id":"https:\/\/jornalbeirario.com.br\/portal\/?p=26652#breadcrumb"},"inLanguage":"pt-BR","potentialAction":[{"@type":"ReadAction","target":["https:\/\/jornalbeirario.com.br\/portal\/?p=26652"]}]},{"@type":"BreadcrumbList","@id":"https:\/\/jornalbeirario.com.br\/portal\/?p=26652#breadcrumb","itemListElement":[{"@type":"ListItem","position":1,"name":"Home","item":"https:\/\/jornalbeirario.com.br\/portal"},{"@type":"ListItem","position":2,"name":"La\u00eds Amaral"}]},{"@type":"WebSite","@id":"https:\/\/jornalbeirario.com.br\/portal\/#website","url":"https:\/\/jornalbeirario.com.br\/portal\/","name":"JORNAL BEIRA RIO","description":"","publisher":{"@id":"https:\/\/jornalbeirario.com.br\/portal\/#organization"},"potentialAction":[{"@type":"SearchAction","target":{"@type":"EntryPoint","urlTemplate":"https:\/\/jornalbeirario.com.br\/portal\/?s={search_term_string}"},"query-input":{"@type":"PropertyValueSpecification","valueRequired":true,"valueName":"search_term_string"}}],"inLanguage":"pt-BR"},{"@type":"Organization","@id":"https:\/\/jornalbeirario.com.br\/portal\/#organization","name":"JORNAL BEIRA RIO","url":"https:\/\/jornalbeirario.com.br\/portal\/","logo":{"@type":"ImageObject","inLanguage":"pt-BR","@id":"https:\/\/jornalbeirario.com.br\/portal\/#\/schema\/logo\/image\/","url":"https:\/\/jornalbeirario.com.br\/portal\/wp-content\/uploads\/2017\/09\/BEIRA-RIO_logo600.png","contentUrl":"https:\/\/jornalbeirario.com.br\/portal\/wp-content\/uploads\/2017\/09\/BEIRA-RIO_logo600.png","width":650,"height":108,"caption":"JORNAL BEIRA RIO"},"image":{"@id":"https:\/\/jornalbeirario.com.br\/portal\/#\/schema\/logo\/image\/"}},{"@type":"Person","@id":"https:\/\/jornalbeirario.com.br\/portal\/#\/schema\/person\/c6c423e4c2465d2a9233f6539173e7c1","name":"Jornal BEIRA-RIO","image":{"@type":"ImageObject","inLanguage":"pt-BR","@id":"https:\/\/jornalbeirario.com.br\/portal\/wp-content\/uploads\/2023\/10\/logojbr1.jpg","url":"https:\/\/jornalbeirario.com.br\/portal\/wp-content\/uploads\/2023\/10\/logojbr1.jpg","contentUrl":"https:\/\/jornalbeirario.com.br\/portal\/wp-content\/uploads\/2023\/10\/logojbr1.jpg","caption":"Jornal BEIRA-RIO"},"url":"https:\/\/jornalbeirario.com.br\/portal\/?author=1"}]}},"_links":{"self":[{"href":"https:\/\/jornalbeirario.com.br\/portal\/index.php?rest_route=\/wp\/v2\/posts\/26652","targetHints":{"allow":["GET"]}}],"collection":[{"href":"https:\/\/jornalbeirario.com.br\/portal\/index.php?rest_route=\/wp\/v2\/posts"}],"about":[{"href":"https:\/\/jornalbeirario.com.br\/portal\/index.php?rest_route=\/wp\/v2\/types\/post"}],"author":[{"embeddable":true,"href":"https:\/\/jornalbeirario.com.br\/portal\/index.php?rest_route=\/wp\/v2\/users\/1"}],"replies":[{"embeddable":true,"href":"https:\/\/jornalbeirario.com.br\/portal\/index.php?rest_route=%2Fwp%2Fv2%2Fcomments&post=26652"}],"version-history":[{"count":4,"href":"https:\/\/jornalbeirario.com.br\/portal\/index.php?rest_route=\/wp\/v2\/posts\/26652\/revisions"}],"predecessor-version":[{"id":26781,"href":"https:\/\/jornalbeirario.com.br\/portal\/index.php?rest_route=\/wp\/v2\/posts\/26652\/revisions\/26781"}],"wp:attachment":[{"href":"https:\/\/jornalbeirario.com.br\/portal\/index.php?rest_route=%2Fwp%2Fv2%2Fmedia&parent=26652"}],"wp:term":[{"taxonomy":"category","embeddable":true,"href":"https:\/\/jornalbeirario.com.br\/portal\/index.php?rest_route=%2Fwp%2Fv2%2Fcategories&post=26652"},{"taxonomy":"post_tag","embeddable":true,"href":"https:\/\/jornalbeirario.com.br\/portal\/index.php?rest_route=%2Fwp%2Fv2%2Ftags&post=26652"}],"curies":[{"name":"wp","href":"https:\/\/api.w.org\/{rel}","templated":true}]}}