
{"id":2663,"date":"2012-12-07T11:42:04","date_gmt":"2012-12-07T11:42:04","guid":{"rendered":"http:\/\/jornalbeirario.com.br\/portal\/portal\/?p=2663"},"modified":"2012-12-07T11:42:04","modified_gmt":"2012-12-07T11:42:04","slug":"lais-amaral-7","status":"publish","type":"post","link":"https:\/\/jornalbeirario.com.br\/portal\/?p=2663","title":{"rendered":"La\u00eds Amaral"},"content":{"rendered":"<p>&nbsp;<\/p>\n<p>Medalhista Robson Caetano neste s\u00e1bado em Resende<br \/>\nO medalhista ol\u00edmpico Robson Caetano, que foi comentarista da Record na Olimp\u00edada de Londres este ano, \u00e9 a principal atra\u00e7\u00e3o do I F\u00f3rum Resendense de Esportes que acontece neste s\u00e1bado, dia 8, na CDL-Resende. O f\u00f3rum, que come\u00e7a \u00e0s 9 horas (credenciamento a partir das 8 horas) \u00e9 organizado pela Prefeitura por interm\u00e9dio da Funda\u00e7\u00e3o Resende Esporte (Funresp). A parte da manh\u00e3 do encontro est\u00e1 reservada para um amplo detalhamento da Lei de Incentivo ao Esporte, que foi modificada e \u201cest\u00e1 muito mais interessante para atletas, empres\u00e1rios do meio esportivo, treinadores, investidores\u201d, informa o presidente da Funresp, Fernando Menandro. Na parte da tarde, cinco grupos tem\u00e1ticos discutir\u00e3o o calend\u00e1rio esportivo de Resende para 2013, \u201cuma iniciativa pioneira\u2019, garante Menandro. Al\u00e9m de Robson Caetano mais duas celebridades do atletismo ser\u00e3o homenageadas no f\u00f3rum. S\u00e3o os resendenses Pedro Ferreira da Silva Junior e Ronaldo Simino Alcaraz. Ambos decatletas. Pedro foi \u2018Ouro\u2019 nos Jogos Panamericanos de Havana em 91 e participou da Olimp\u00edada de Barcelona em 92. Ronaldo \u00e9 campe\u00e3o Brasileiro e Sulamericano. Ambos foram descobertos e treinados pelo saudoso Professor Carlinhos, antes de irem para a Gama Filho e deslancharem suas carreiras. O I F\u00f3rum Resendense de Esportes \u00e9 aberto ao p\u00fablico em geral.<\/p>\n<p>Papai Noel chega com Coral, Feira Sertaneja especial e a grandiosa \u201cParada de Natal\u201d<br \/>\nO Natal j\u00e1 est\u00e1 presente na ilumina\u00e7\u00e3o da cidade e partir desta ter\u00e7a-feira, dia 11, o calend\u00e1rio natalino ser\u00e1 oficialmente aberto. A Ampla patrocina e apresenta neste dia o \u2018Canto de Natal\u2019, projeto incentivado do Minist\u00e9rio da Cultura que levar\u00e1 um \u00f4nibus-palco a tr\u00eas pontos da cidade: no bairro Para\u00edso \u00e0s 18h30min. (Pra\u00e7a da Igreja de NS F\u00e1tima), em Campos El\u00edseos \u00e0s 19h30min. e na Cidade Alegria, pr\u00f3ximo ao DPO \u00e0s 20h30min. No \u00f4nibus se apresenta o Coral Man\u00e9 Garrincha que interpretar\u00e1 can\u00e7\u00f5es tem\u00e1ticas. Um belo espet\u00e1culo. Mas sem d\u00favida o momento mais aguardado \u00e9 a grandiosa \u2018Parada de Natal\u2019 que acontece no final da semana que vem, nas noites dos dias 15 e 16. A exemplo do que ocorreu ano passado, o desfile de dez carros aleg\u00f3ricos ocupado por personagens vivos do universo natalino, vai percorrer v\u00e1rios bairros de Resende com m\u00fasica, fogos de artif\u00edcio e uma atmosfera de fantasia que certamente vai repetir o encantamento do ano passado, tanto de crian\u00e7as quanto de adultos. Um bel\u00edssimo e imperd\u00edvel espet\u00e1culo. E tamb\u00e9m no domingo, 16, a partir das 9 horas teremos a \u2018Feira Sertaneja de Natal\u2019. A mesma atra\u00e7\u00e3o que j\u00e1 \u00e9 sucesso h\u00e1 dois anos no Parque de Exposi\u00e7\u00f5es, com atividades para crian\u00e7as, m\u00fasica (\u00cdndio Sertanejo), artesanato, produtos e comidas t\u00edpicas e dessa vez com a presen\u00e7a de Papai Noel. A Feira Sertaneja de Natal vai das 9 h \u00e0s 18 horas. Entrada franca.<\/p>\n<p>TRIPA<br \/>\n* Hoje, Sexta, dia 7, ser\u00e1 aberta a Exposi\u00e7\u00e3o de Pres\u00e9pios, \u00e0s 18 horas, na Funda\u00e7\u00e3o Casa da Cultura Macedo Miranda. E na abertura, o Sarau Natal Brasileiro. Quem convida \u00e9 o Lu Gast\u00e3o e o \u2018preto velho\u2019 Claudionor Rosa * Na pr\u00f3xima segunda-feira, dia 4, \u00e0s 15 horas ser\u00e1 aberta no Espa\u00e7o \u2018Z\u2019 a exposi\u00e7\u00e3o de fotografias \u201cMe olha que eu me mostro\u201d. S\u00e3o fotos que mostram o cotidiano dos participantes do Programa Municipal de Sa\u00fade Mental de Resende. Na quarta, dia 12, \u00e0s 14 horas haver\u00e1 uma roda de conversa com participantes do projeto \u201cA voz dos usu\u00e1rios\u201d, tamb\u00e9m no Espa\u00e7o \u2018Z\u2019 e Sexta da semana que vem, dia 14, acontece o 2\u00ba Sarau da Primavera, na Biblioteca Municipal, Jandyr C\u00e9sar Sampaio (ao lado da Igreja do Ros\u00e1rio). Beleza !! * Amanh\u00e3, s\u00e1bado, dia 8, \u00e0s 20h30min. tem espet\u00e1culo de humor no palco do teatro do Espa\u00e7o \u2018Z\u2019. \u00c9 a pe\u00e7a \u201cImprovisa que eu gosto\u201d e no elenco: Ale Matheus, Sergey Kraucs, Wendel PC, Chico Vibe, Marcelo De La Rocque e Jaqueline Cascarelli * Sucesso total o projeto \u201cAmigo do Turista\u201d, desenvolvido pela Secretaria Municipal de Turismo e o Sebrae. O Objetivo da capacita\u00e7\u00e3o que aconteceu essa semana na CDL-Resende, foi dotar o cidad\u00e3o de capacidade para informar ao visitante sobre o que a cidade tem para oferecer, al\u00e9m de aprender a receber bem o turista, que \u00e9 sempre algu\u00e9m muito importante para a cidade * E por falar em turistas, Resende vai ganhar mais quatro hot\u00e9is de rede. Fora o Ibis, j\u00e1 confirmado, mais tr\u00eas est\u00e3o de malas prontas para desembarcar na cidade entre os quais, o \u201cF\u00f3rmula 1\u201d. Um deles dever\u00e1 se instalar na \u00e1rea do P\u00e1tio Mix * O programa Rio Sul Revista da Teresa Freitas, completou 15 anos, nessa ter\u00e7a-feira, data em que se comemorou os 22 anos da TV Rio Sul e foi apresentado o sistema HD, agora definitivamente para a regi\u00e3o.<\/p>\n<p>ANIVERS\u00c1RIOS<br \/>\nOs aniversariantes da semana: dia 3, ficaram mais experientes o Cristiano Gon\u00e7alves, a minha amiga Silvia Stile que mora em Jacksonville, o Andr\u00e9 Am\u00eandola, da CDL, a jornalista Deysivan Ferreira e o meu amigo Valter Fil\u00e9 criador da TV Maxambomba e do projeto \u201cPuxando Conversa\u201d. Na quarta, dia 5, sopraram velinhas a simp\u00e1tica Beatriz Andrade e a minha amiga dona Dayse Campos. No dia seguinte, 6, inaugurou idade nova a boa-pra\u00e7a Enir Leal. Hoje, dia 7, o vereador Thiago Forastieri e amanh\u00e3, dia 8, a Selma Biolchini, o Thiago Duarte e o Jos\u00e9 Roberto Rodrigues. Parab\u00e9ns e todas as felicidades do mundo a eles.<\/p>\n","protected":false},"excerpt":{"rendered":"<p>&nbsp; Medalhista Robson Caetano neste s\u00e1bado em Resende O medalhista ol\u00edmpico Robson Caetano, que foi comentarista da Record na Olimp\u00edada de Londres este ano,<\/p>\n","protected":false},"author":1,"featured_media":0,"comment_status":"open","ping_status":"open","sticky":false,"template":"","format":"standard","meta":{"pmpro_default_level":"","footnotes":""},"categories":[13],"tags":[],"class_list":["post-2663","post","type-post","status-publish","format-standard","hentry","category-social","pmpro-has-access"],"yoast_head":"<!-- This site is optimized with the Yoast SEO plugin v27.4 - https:\/\/yoast.com\/product\/yoast-seo-wordpress\/ -->\n<title>La\u00eds Amaral - JORNAL BEIRA RIO<\/title>\n<meta name=\"robots\" content=\"index, follow, max-snippet:-1, max-image-preview:large, max-video-preview:-1\" \/>\n<link rel=\"canonical\" href=\"https:\/\/jornalbeirario.com.br\/portal\/?p=2663\" \/>\n<meta property=\"og:locale\" content=\"pt_BR\" \/>\n<meta property=\"og:type\" content=\"article\" \/>\n<meta property=\"og:title\" content=\"La\u00eds Amaral - JORNAL BEIRA RIO\" \/>\n<meta property=\"og:description\" content=\"&nbsp; Medalhista Robson Caetano neste s\u00e1bado em Resende O medalhista ol\u00edmpico Robson Caetano, que foi comentarista da Record na Olimp\u00edada de Londres este ano,\" \/>\n<meta property=\"og:url\" content=\"https:\/\/jornalbeirario.com.br\/portal\/?p=2663\" \/>\n<meta property=\"og:site_name\" content=\"JORNAL BEIRA RIO\" \/>\n<meta property=\"article:published_time\" content=\"2012-12-07T11:42:04+00:00\" \/>\n<meta name=\"author\" content=\"Jornal BEIRA-RIO\" \/>\n<meta name=\"twitter:card\" content=\"summary_large_image\" \/>\n<meta name=\"twitter:label1\" content=\"Escrito por\" \/>\n\t<meta name=\"twitter:data1\" content=\"Jornal BEIRA-RIO\" \/>\n\t<meta name=\"twitter:label2\" content=\"Est. tempo de leitura\" \/>\n\t<meta name=\"twitter:data2\" content=\"5 minutos\" \/>\n<script type=\"application\/ld+json\" class=\"yoast-schema-graph\">{\"@context\":\"https:\\\/\\\/schema.org\",\"@graph\":[{\"@type\":\"Article\",\"@id\":\"https:\\\/\\\/jornalbeirario.com.br\\\/portal\\\/?p=2663#article\",\"isPartOf\":{\"@id\":\"https:\\\/\\\/jornalbeirario.com.br\\\/portal\\\/?p=2663\"},\"author\":{\"name\":\"Jornal BEIRA-RIO\",\"@id\":\"https:\\\/\\\/jornalbeirario.com.br\\\/portal\\\/#\\\/schema\\\/person\\\/c6c423e4c2465d2a9233f6539173e7c1\"},\"headline\":\"La\u00eds Amaral\",\"datePublished\":\"2012-12-07T11:42:04+00:00\",\"mainEntityOfPage\":{\"@id\":\"https:\\\/\\\/jornalbeirario.com.br\\\/portal\\\/?p=2663\"},\"wordCount\":932,\"commentCount\":0,\"publisher\":{\"@id\":\"https:\\\/\\\/jornalbeirario.com.br\\\/portal\\\/#organization\"},\"articleSection\":[\"Social\"],\"inLanguage\":\"pt-BR\",\"potentialAction\":[{\"@type\":\"CommentAction\",\"name\":\"Comment\",\"target\":[\"https:\\\/\\\/jornalbeirario.com.br\\\/portal\\\/?p=2663#respond\"]}]},{\"@type\":\"WebPage\",\"@id\":\"https:\\\/\\\/jornalbeirario.com.br\\\/portal\\\/?p=2663\",\"url\":\"https:\\\/\\\/jornalbeirario.com.br\\\/portal\\\/?p=2663\",\"name\":\"La\u00eds Amaral - JORNAL BEIRA RIO\",\"isPartOf\":{\"@id\":\"https:\\\/\\\/jornalbeirario.com.br\\\/portal\\\/#website\"},\"datePublished\":\"2012-12-07T11:42:04+00:00\",\"breadcrumb\":{\"@id\":\"https:\\\/\\\/jornalbeirario.com.br\\\/portal\\\/?p=2663#breadcrumb\"},\"inLanguage\":\"pt-BR\",\"potentialAction\":[{\"@type\":\"ReadAction\",\"target\":[\"https:\\\/\\\/jornalbeirario.com.br\\\/portal\\\/?p=2663\"]}]},{\"@type\":\"BreadcrumbList\",\"@id\":\"https:\\\/\\\/jornalbeirario.com.br\\\/portal\\\/?p=2663#breadcrumb\",\"itemListElement\":[{\"@type\":\"ListItem\",\"position\":1,\"name\":\"Home\",\"item\":\"https:\\\/\\\/jornalbeirario.com.br\\\/portal\"},{\"@type\":\"ListItem\",\"position\":2,\"name\":\"La\u00eds Amaral\"}]},{\"@type\":\"WebSite\",\"@id\":\"https:\\\/\\\/jornalbeirario.com.br\\\/portal\\\/#website\",\"url\":\"https:\\\/\\\/jornalbeirario.com.br\\\/portal\\\/\",\"name\":\"JORNAL BEIRA RIO\",\"description\":\"\",\"publisher\":{\"@id\":\"https:\\\/\\\/jornalbeirario.com.br\\\/portal\\\/#organization\"},\"potentialAction\":[{\"@type\":\"SearchAction\",\"target\":{\"@type\":\"EntryPoint\",\"urlTemplate\":\"https:\\\/\\\/jornalbeirario.com.br\\\/portal\\\/?s={search_term_string}\"},\"query-input\":{\"@type\":\"PropertyValueSpecification\",\"valueRequired\":true,\"valueName\":\"search_term_string\"}}],\"inLanguage\":\"pt-BR\"},{\"@type\":\"Organization\",\"@id\":\"https:\\\/\\\/jornalbeirario.com.br\\\/portal\\\/#organization\",\"name\":\"JORNAL BEIRA RIO\",\"url\":\"https:\\\/\\\/jornalbeirario.com.br\\\/portal\\\/\",\"logo\":{\"@type\":\"ImageObject\",\"inLanguage\":\"pt-BR\",\"@id\":\"https:\\\/\\\/jornalbeirario.com.br\\\/portal\\\/#\\\/schema\\\/logo\\\/image\\\/\",\"url\":\"https:\\\/\\\/jornalbeirario.com.br\\\/portal\\\/wp-content\\\/uploads\\\/2017\\\/09\\\/BEIRA-RIO_logo600.png\",\"contentUrl\":\"https:\\\/\\\/jornalbeirario.com.br\\\/portal\\\/wp-content\\\/uploads\\\/2017\\\/09\\\/BEIRA-RIO_logo600.png\",\"width\":650,\"height\":108,\"caption\":\"JORNAL BEIRA RIO\"},\"image\":{\"@id\":\"https:\\\/\\\/jornalbeirario.com.br\\\/portal\\\/#\\\/schema\\\/logo\\\/image\\\/\"}},{\"@type\":\"Person\",\"@id\":\"https:\\\/\\\/jornalbeirario.com.br\\\/portal\\\/#\\\/schema\\\/person\\\/c6c423e4c2465d2a9233f6539173e7c1\",\"name\":\"Jornal BEIRA-RIO\",\"image\":{\"@type\":\"ImageObject\",\"inLanguage\":\"pt-BR\",\"@id\":\"https:\\\/\\\/jornalbeirario.com.br\\\/portal\\\/wp-content\\\/uploads\\\/2023\\\/10\\\/logojbr1.jpg\",\"url\":\"https:\\\/\\\/jornalbeirario.com.br\\\/portal\\\/wp-content\\\/uploads\\\/2023\\\/10\\\/logojbr1.jpg\",\"contentUrl\":\"https:\\\/\\\/jornalbeirario.com.br\\\/portal\\\/wp-content\\\/uploads\\\/2023\\\/10\\\/logojbr1.jpg\",\"caption\":\"Jornal BEIRA-RIO\"},\"url\":\"https:\\\/\\\/jornalbeirario.com.br\\\/portal\\\/?author=1\"}]}<\/script>\n<!-- \/ Yoast SEO plugin. -->","yoast_head_json":{"title":"La\u00eds Amaral - JORNAL BEIRA RIO","robots":{"index":"index","follow":"follow","max-snippet":"max-snippet:-1","max-image-preview":"max-image-preview:large","max-video-preview":"max-video-preview:-1"},"canonical":"https:\/\/jornalbeirario.com.br\/portal\/?p=2663","og_locale":"pt_BR","og_type":"article","og_title":"La\u00eds Amaral - JORNAL BEIRA RIO","og_description":"&nbsp; Medalhista Robson Caetano neste s\u00e1bado em Resende O medalhista ol\u00edmpico Robson Caetano, que foi comentarista da Record na Olimp\u00edada de Londres este ano,","og_url":"https:\/\/jornalbeirario.com.br\/portal\/?p=2663","og_site_name":"JORNAL BEIRA RIO","article_published_time":"2012-12-07T11:42:04+00:00","author":"Jornal BEIRA-RIO","twitter_card":"summary_large_image","twitter_misc":{"Escrito por":"Jornal BEIRA-RIO","Est. tempo de leitura":"5 minutos"},"schema":{"@context":"https:\/\/schema.org","@graph":[{"@type":"Article","@id":"https:\/\/jornalbeirario.com.br\/portal\/?p=2663#article","isPartOf":{"@id":"https:\/\/jornalbeirario.com.br\/portal\/?p=2663"},"author":{"name":"Jornal BEIRA-RIO","@id":"https:\/\/jornalbeirario.com.br\/portal\/#\/schema\/person\/c6c423e4c2465d2a9233f6539173e7c1"},"headline":"La\u00eds Amaral","datePublished":"2012-12-07T11:42:04+00:00","mainEntityOfPage":{"@id":"https:\/\/jornalbeirario.com.br\/portal\/?p=2663"},"wordCount":932,"commentCount":0,"publisher":{"@id":"https:\/\/jornalbeirario.com.br\/portal\/#organization"},"articleSection":["Social"],"inLanguage":"pt-BR","potentialAction":[{"@type":"CommentAction","name":"Comment","target":["https:\/\/jornalbeirario.com.br\/portal\/?p=2663#respond"]}]},{"@type":"WebPage","@id":"https:\/\/jornalbeirario.com.br\/portal\/?p=2663","url":"https:\/\/jornalbeirario.com.br\/portal\/?p=2663","name":"La\u00eds Amaral - JORNAL BEIRA RIO","isPartOf":{"@id":"https:\/\/jornalbeirario.com.br\/portal\/#website"},"datePublished":"2012-12-07T11:42:04+00:00","breadcrumb":{"@id":"https:\/\/jornalbeirario.com.br\/portal\/?p=2663#breadcrumb"},"inLanguage":"pt-BR","potentialAction":[{"@type":"ReadAction","target":["https:\/\/jornalbeirario.com.br\/portal\/?p=2663"]}]},{"@type":"BreadcrumbList","@id":"https:\/\/jornalbeirario.com.br\/portal\/?p=2663#breadcrumb","itemListElement":[{"@type":"ListItem","position":1,"name":"Home","item":"https:\/\/jornalbeirario.com.br\/portal"},{"@type":"ListItem","position":2,"name":"La\u00eds Amaral"}]},{"@type":"WebSite","@id":"https:\/\/jornalbeirario.com.br\/portal\/#website","url":"https:\/\/jornalbeirario.com.br\/portal\/","name":"JORNAL BEIRA RIO","description":"","publisher":{"@id":"https:\/\/jornalbeirario.com.br\/portal\/#organization"},"potentialAction":[{"@type":"SearchAction","target":{"@type":"EntryPoint","urlTemplate":"https:\/\/jornalbeirario.com.br\/portal\/?s={search_term_string}"},"query-input":{"@type":"PropertyValueSpecification","valueRequired":true,"valueName":"search_term_string"}}],"inLanguage":"pt-BR"},{"@type":"Organization","@id":"https:\/\/jornalbeirario.com.br\/portal\/#organization","name":"JORNAL BEIRA RIO","url":"https:\/\/jornalbeirario.com.br\/portal\/","logo":{"@type":"ImageObject","inLanguage":"pt-BR","@id":"https:\/\/jornalbeirario.com.br\/portal\/#\/schema\/logo\/image\/","url":"https:\/\/jornalbeirario.com.br\/portal\/wp-content\/uploads\/2017\/09\/BEIRA-RIO_logo600.png","contentUrl":"https:\/\/jornalbeirario.com.br\/portal\/wp-content\/uploads\/2017\/09\/BEIRA-RIO_logo600.png","width":650,"height":108,"caption":"JORNAL BEIRA RIO"},"image":{"@id":"https:\/\/jornalbeirario.com.br\/portal\/#\/schema\/logo\/image\/"}},{"@type":"Person","@id":"https:\/\/jornalbeirario.com.br\/portal\/#\/schema\/person\/c6c423e4c2465d2a9233f6539173e7c1","name":"Jornal BEIRA-RIO","image":{"@type":"ImageObject","inLanguage":"pt-BR","@id":"https:\/\/jornalbeirario.com.br\/portal\/wp-content\/uploads\/2023\/10\/logojbr1.jpg","url":"https:\/\/jornalbeirario.com.br\/portal\/wp-content\/uploads\/2023\/10\/logojbr1.jpg","contentUrl":"https:\/\/jornalbeirario.com.br\/portal\/wp-content\/uploads\/2023\/10\/logojbr1.jpg","caption":"Jornal BEIRA-RIO"},"url":"https:\/\/jornalbeirario.com.br\/portal\/?author=1"}]}},"_links":{"self":[{"href":"https:\/\/jornalbeirario.com.br\/portal\/index.php?rest_route=\/wp\/v2\/posts\/2663","targetHints":{"allow":["GET"]}}],"collection":[{"href":"https:\/\/jornalbeirario.com.br\/portal\/index.php?rest_route=\/wp\/v2\/posts"}],"about":[{"href":"https:\/\/jornalbeirario.com.br\/portal\/index.php?rest_route=\/wp\/v2\/types\/post"}],"author":[{"embeddable":true,"href":"https:\/\/jornalbeirario.com.br\/portal\/index.php?rest_route=\/wp\/v2\/users\/1"}],"replies":[{"embeddable":true,"href":"https:\/\/jornalbeirario.com.br\/portal\/index.php?rest_route=%2Fwp%2Fv2%2Fcomments&post=2663"}],"version-history":[{"count":1,"href":"https:\/\/jornalbeirario.com.br\/portal\/index.php?rest_route=\/wp\/v2\/posts\/2663\/revisions"}],"predecessor-version":[{"id":2664,"href":"https:\/\/jornalbeirario.com.br\/portal\/index.php?rest_route=\/wp\/v2\/posts\/2663\/revisions\/2664"}],"wp:attachment":[{"href":"https:\/\/jornalbeirario.com.br\/portal\/index.php?rest_route=%2Fwp%2Fv2%2Fmedia&parent=2663"}],"wp:term":[{"taxonomy":"category","embeddable":true,"href":"https:\/\/jornalbeirario.com.br\/portal\/index.php?rest_route=%2Fwp%2Fv2%2Fcategories&post=2663"},{"taxonomy":"post_tag","embeddable":true,"href":"https:\/\/jornalbeirario.com.br\/portal\/index.php?rest_route=%2Fwp%2Fv2%2Ftags&post=2663"}],"curies":[{"name":"wp","href":"https:\/\/api.w.org\/{rel}","templated":true}]}}