
{"id":26499,"date":"2014-11-28T02:29:45","date_gmt":"2014-11-28T02:29:45","guid":{"rendered":"http:\/\/jornalbeirario.com.br\/portal\/portal\/?p=26499"},"modified":"2014-11-28T02:29:57","modified_gmt":"2014-11-28T02:29:57","slug":"resende-onde-tudo-comecou","status":"publish","type":"post","link":"https:\/\/jornalbeirario.com.br\/portal\/?p=26499","title":{"rendered":"Resende: onde tudo come\u00e7ou"},"content":{"rendered":"<figure id=\"attachment_26511\" aria-describedby=\"caption-attachment-26511\" style=\"width: 300px\" class=\"wp-caption alignleft\"><a href=\"https:\/\/jornalbeirario.com.br\/portal\/wp-content\/uploads\/2014\/11\/niclevicz21.jpg\"><img loading=\"lazy\" decoding=\"async\" class=\"size-medium wp-image-26511\" title=\"niclevicz2\" src=\"https:\/\/jornalbeirario.com.br\/portal\/wp-content\/uploads\/2014\/11\/niclevicz21-300x225.jpg\" alt=\"\" width=\"300\" height=\"225\" srcset=\"https:\/\/jornalbeirario.com.br\/portal\/wp-content\/uploads\/2014\/11\/niclevicz21-300x225.jpg 300w, https:\/\/jornalbeirario.com.br\/portal\/wp-content\/uploads\/2014\/11\/niclevicz21.jpg 640w\" sizes=\"auto, (max-width: 300px) 100vw, 300px\" \/><\/a><figcaption id=\"caption-attachment-26511\" class=\"wp-caption-text\">O alpinista (\u00e0 esquerda) ao lado do presidente do Gean, Agenor Maia (ao centro)<\/figcaption><\/figure>\n<p style=\"text-align: justify;\">No \u00faltimo dia 19, o munic\u00edpio de Resende recebeu na sede do Grupo Excursionista Agulhas Negras (Gean), o alpinista Waldemar Niclevicz, um dos primeiros brasileiros a chegar ao topo do Monte Everest, o ponto mais alto da Terra, com 8.848 metros de altitude. Ele esteve na regi\u00e3o para o lan\u00e7amento do livro &#8220;O Brasil no Topo do Mundo&#8221;, uma autobiografia recheada de fotografias, quase todas elas feitas pelo alpinista durante as expedi\u00e7\u00f5es em que participou.<\/p>\n<p style=\"text-align: justify;\">A escolha de Resende para o lan\u00e7amento da obra deve-se ao fato de sua passagem pelo munic\u00edpio ser decisiva na escolha da carreira que Niclevicz queria seguir. \u201cNasci em Foz do Igua\u00e7u (Paran\u00e1) e por l\u00e1 morei at\u00e9 os 14 anos, quando fui estudar na Escola Preparat\u00f3ria de Cadetes, em S\u00e3o Paulo, e de l\u00e1 ingressei na Aman para fazer o curso de Cavalaria\u201d, conta o alpinista, procurando atender a um antigo desejo do pai.<\/p>\n<p style=\"text-align: justify;\">Ao ingressar na academia, no entanto, os planos de se tornar um oficial do Ex\u00e9rcito ficaram para tr\u00e1s. \u201cMinha vida durante todo esse tempo era esperar cada final de semana para fazer escalada junto com o Gean, foi com esse grupo que pude pela primeira vez ter a oportunidade de escalar uma montanha. Naquela ocasi\u00e3o, os militares n\u00e3o inclu\u00edam a escalada na rotina de atividades f\u00edsicas\u201d.<\/p>\n<p style=\"text-align: justify;\"><em>Saiba mais sobre Waldemar Niclevicz nas p\u00e1ginas do jornal <strong>BEIRA-RIO<\/strong>.<\/em><\/p>\n","protected":false},"excerpt":{"rendered":"<p>No \u00faltimo dia 19, o munic\u00edpio de Resende recebeu na sede do Grupo Excursionista Agulhas Negras (Gean), o alpinista Waldemar Niclevicz, um dos primeiros<\/p>\n","protected":false},"author":1,"featured_media":26510,"comment_status":"open","ping_status":"open","sticky":false,"template":"","format":"standard","meta":{"pmpro_default_level":"","footnotes":"","_members_access_role":[],"_members_access_error":""},"categories":[7],"tags":[],"class_list":["post-26499","post","type-post","status-publish","format-standard","has-post-thumbnail","hentry","category-esportes","pmpro-has-access"],"yoast_head":"<!-- This site is optimized with the Yoast SEO plugin v28.4 - https:\/\/yoast.com\/product\/yoast-seo-wordpress\/ -->\n<title>Resende: onde tudo come\u00e7ou - JORNAL BEIRA RIO<\/title>\n<meta name=\"robots\" content=\"index, follow, max-snippet:-1, max-image-preview:large, max-video-preview:-1\" \/>\n<link rel=\"canonical\" href=\"https:\/\/jornalbeirario.com.br\/portal\/?p=26499\" \/>\n<meta property=\"og:locale\" content=\"pt_BR\" \/>\n<meta property=\"og:type\" content=\"article\" \/>\n<meta property=\"og:title\" content=\"Resende: onde tudo come\u00e7ou - JORNAL BEIRA RIO\" \/>\n<meta property=\"og:description\" content=\"No \u00faltimo dia 19, o munic\u00edpio de Resende recebeu na sede do Grupo Excursionista Agulhas Negras (Gean), o alpinista Waldemar Niclevicz, um dos primeiros\" \/>\n<meta property=\"og:url\" content=\"https:\/\/jornalbeirario.com.br\/portal\/?p=26499\" \/>\n<meta property=\"og:site_name\" content=\"JORNAL BEIRA RIO\" \/>\n<meta property=\"article:published_time\" content=\"2014-11-28T02:29:45+00:00\" \/>\n<meta property=\"article:modified_time\" content=\"2014-11-28T02:29:57+00:00\" \/>\n<meta property=\"og:image\" content=\"https:\/\/jornalbeirario.com.br\/portal\/wp-content\/uploads\/2014\/11\/niclevicz11.jpg\" \/>\n\t<meta property=\"og:image:width\" content=\"640\" \/>\n\t<meta property=\"og:image:height\" content=\"480\" \/>\n\t<meta property=\"og:image:type\" content=\"image\/jpeg\" \/>\n<meta name=\"author\" content=\"Jornal BEIRA-RIO\" \/>\n<meta name=\"twitter:card\" content=\"summary_large_image\" \/>\n<meta name=\"twitter:label1\" content=\"Escrito por\" \/>\n\t<meta name=\"twitter:data1\" content=\"Jornal BEIRA-RIO\" \/>\n\t<meta name=\"twitter:label2\" content=\"Est. tempo de leitura\" \/>\n\t<meta name=\"twitter:data2\" content=\"1 minuto\" \/>\n<script type=\"application\/ld+json\" class=\"yoast-schema-graph\">{\"@context\":\"https:\\\/\\\/schema.org\",\"@graph\":[{\"@type\":\"Article\",\"@id\":\"https:\\\/\\\/jornalbeirario.com.br\\\/portal\\\/?p=26499#article\",\"isPartOf\":{\"@id\":\"https:\\\/\\\/jornalbeirario.com.br\\\/portal\\\/?p=26499\"},\"author\":{\"name\":\"Jornal BEIRA-RIO\",\"@id\":\"https:\\\/\\\/jornalbeirario.com.br\\\/portal\\\/#\\\/schema\\\/person\\\/c6c423e4c2465d2a9233f6539173e7c1\"},\"headline\":\"Resende: onde tudo come\u00e7ou\",\"datePublished\":\"2014-11-28T02:29:45+00:00\",\"dateModified\":\"2014-11-28T02:29:57+00:00\",\"mainEntityOfPage\":{\"@id\":\"https:\\\/\\\/jornalbeirario.com.br\\\/portal\\\/?p=26499\"},\"wordCount\":265,\"commentCount\":0,\"publisher\":{\"@id\":\"https:\\\/\\\/jornalbeirario.com.br\\\/portal\\\/#organization\"},\"image\":{\"@id\":\"https:\\\/\\\/jornalbeirario.com.br\\\/portal\\\/?p=26499#primaryimage\"},\"thumbnailUrl\":\"https:\\\/\\\/jornalbeirario.com.br\\\/portal\\\/wp-content\\\/uploads\\\/2014\\\/11\\\/niclevicz11.jpg\",\"articleSection\":[\"Esportes\"],\"inLanguage\":\"pt-BR\",\"potentialAction\":[{\"@type\":\"CommentAction\",\"name\":\"Comment\",\"target\":[\"https:\\\/\\\/jornalbeirario.com.br\\\/portal\\\/?p=26499#respond\"]}]},{\"@type\":\"WebPage\",\"@id\":\"https:\\\/\\\/jornalbeirario.com.br\\\/portal\\\/?p=26499\",\"url\":\"https:\\\/\\\/jornalbeirario.com.br\\\/portal\\\/?p=26499\",\"name\":\"Resende: onde tudo come\u00e7ou - JORNAL BEIRA RIO\",\"isPartOf\":{\"@id\":\"https:\\\/\\\/jornalbeirario.com.br\\\/portal\\\/#website\"},\"primaryImageOfPage\":{\"@id\":\"https:\\\/\\\/jornalbeirario.com.br\\\/portal\\\/?p=26499#primaryimage\"},\"image\":{\"@id\":\"https:\\\/\\\/jornalbeirario.com.br\\\/portal\\\/?p=26499#primaryimage\"},\"thumbnailUrl\":\"https:\\\/\\\/jornalbeirario.com.br\\\/portal\\\/wp-content\\\/uploads\\\/2014\\\/11\\\/niclevicz11.jpg\",\"datePublished\":\"2014-11-28T02:29:45+00:00\",\"dateModified\":\"2014-11-28T02:29:57+00:00\",\"breadcrumb\":{\"@id\":\"https:\\\/\\\/jornalbeirario.com.br\\\/portal\\\/?p=26499#breadcrumb\"},\"inLanguage\":\"pt-BR\",\"potentialAction\":[{\"@type\":\"ReadAction\",\"target\":[\"https:\\\/\\\/jornalbeirario.com.br\\\/portal\\\/?p=26499\"]}]},{\"@type\":\"ImageObject\",\"inLanguage\":\"pt-BR\",\"@id\":\"https:\\\/\\\/jornalbeirario.com.br\\\/portal\\\/?p=26499#primaryimage\",\"url\":\"https:\\\/\\\/jornalbeirario.com.br\\\/portal\\\/wp-content\\\/uploads\\\/2014\\\/11\\\/niclevicz11.jpg\",\"contentUrl\":\"https:\\\/\\\/jornalbeirario.com.br\\\/portal\\\/wp-content\\\/uploads\\\/2014\\\/11\\\/niclevicz11.jpg\",\"width\":\"640\",\"height\":\"480\"},{\"@type\":\"BreadcrumbList\",\"@id\":\"https:\\\/\\\/jornalbeirario.com.br\\\/portal\\\/?p=26499#breadcrumb\",\"itemListElement\":[{\"@type\":\"ListItem\",\"position\":1,\"name\":\"Home\",\"item\":\"https:\\\/\\\/jornalbeirario.com.br\\\/portal\"},{\"@type\":\"ListItem\",\"position\":2,\"name\":\"Resende: onde tudo come\u00e7ou\"}]},{\"@type\":\"WebSite\",\"@id\":\"https:\\\/\\\/jornalbeirario.com.br\\\/portal\\\/#website\",\"url\":\"https:\\\/\\\/jornalbeirario.com.br\\\/portal\\\/\",\"name\":\"JORNAL BEIRA RIO\",\"description\":\"\",\"publisher\":{\"@id\":\"https:\\\/\\\/jornalbeirario.com.br\\\/portal\\\/#organization\"},\"potentialAction\":[{\"@type\":\"SearchAction\",\"target\":{\"@type\":\"EntryPoint\",\"urlTemplate\":\"https:\\\/\\\/jornalbeirario.com.br\\\/portal\\\/?s={search_term_string}\"},\"query-input\":{\"@type\":\"PropertyValueSpecification\",\"valueRequired\":true,\"valueName\":\"search_term_string\"}}],\"inLanguage\":\"pt-BR\"},{\"@type\":\"Organization\",\"@id\":\"https:\\\/\\\/jornalbeirario.com.br\\\/portal\\\/#organization\",\"name\":\"JORNAL BEIRA RIO\",\"url\":\"https:\\\/\\\/jornalbeirario.com.br\\\/portal\\\/\",\"logo\":{\"@type\":\"ImageObject\",\"inLanguage\":\"pt-BR\",\"@id\":\"https:\\\/\\\/jornalbeirario.com.br\\\/portal\\\/#\\\/schema\\\/logo\\\/image\\\/\",\"url\":\"https:\\\/\\\/jornalbeirario.com.br\\\/portal\\\/wp-content\\\/uploads\\\/2017\\\/09\\\/BEIRA-RIO_logo600.png\",\"contentUrl\":\"https:\\\/\\\/jornalbeirario.com.br\\\/portal\\\/wp-content\\\/uploads\\\/2017\\\/09\\\/BEIRA-RIO_logo600.png\",\"width\":650,\"height\":108,\"caption\":\"JORNAL BEIRA RIO\"},\"image\":{\"@id\":\"https:\\\/\\\/jornalbeirario.com.br\\\/portal\\\/#\\\/schema\\\/logo\\\/image\\\/\"}},{\"@type\":\"Person\",\"@id\":\"https:\\\/\\\/jornalbeirario.com.br\\\/portal\\\/#\\\/schema\\\/person\\\/c6c423e4c2465d2a9233f6539173e7c1\",\"name\":\"Jornal BEIRA-RIO\",\"image\":{\"@type\":\"ImageObject\",\"inLanguage\":\"pt-BR\",\"@id\":\"https:\\\/\\\/jornalbeirario.com.br\\\/portal\\\/wp-content\\\/uploads\\\/2023\\\/10\\\/logojbr1.jpg\",\"url\":\"https:\\\/\\\/jornalbeirario.com.br\\\/portal\\\/wp-content\\\/uploads\\\/2023\\\/10\\\/logojbr1.jpg\",\"contentUrl\":\"https:\\\/\\\/jornalbeirario.com.br\\\/portal\\\/wp-content\\\/uploads\\\/2023\\\/10\\\/logojbr1.jpg\",\"caption\":\"Jornal BEIRA-RIO\"},\"url\":\"https:\\\/\\\/jornalbeirario.com.br\\\/portal\\\/?author=1\"}]}<\/script>\n<!-- \/ Yoast SEO plugin. -->","yoast_head_json":{"title":"Resende: onde tudo come\u00e7ou - JORNAL BEIRA RIO","robots":{"index":"index","follow":"follow","max-snippet":"max-snippet:-1","max-image-preview":"max-image-preview:large","max-video-preview":"max-video-preview:-1"},"canonical":"https:\/\/jornalbeirario.com.br\/portal\/?p=26499","og_locale":"pt_BR","og_type":"article","og_title":"Resende: onde tudo come\u00e7ou - JORNAL BEIRA RIO","og_description":"No \u00faltimo dia 19, o munic\u00edpio de Resende recebeu na sede do Grupo Excursionista Agulhas Negras (Gean), o alpinista Waldemar Niclevicz, um dos primeiros","og_url":"https:\/\/jornalbeirario.com.br\/portal\/?p=26499","og_site_name":"JORNAL BEIRA RIO","article_published_time":"2014-11-28T02:29:45+00:00","article_modified_time":"2014-11-28T02:29:57+00:00","og_image":[{"width":640,"height":480,"url":"https:\/\/jornalbeirario.com.br\/portal\/wp-content\/uploads\/2014\/11\/niclevicz11.jpg","type":"image\/jpeg"}],"author":"Jornal BEIRA-RIO","twitter_card":"summary_large_image","twitter_misc":{"Escrito por":"Jornal BEIRA-RIO","Est. tempo de leitura":"1 minuto"},"schema":{"@context":"https:\/\/schema.org","@graph":[{"@type":"Article","@id":"https:\/\/jornalbeirario.com.br\/portal\/?p=26499#article","isPartOf":{"@id":"https:\/\/jornalbeirario.com.br\/portal\/?p=26499"},"author":{"name":"Jornal BEIRA-RIO","@id":"https:\/\/jornalbeirario.com.br\/portal\/#\/schema\/person\/c6c423e4c2465d2a9233f6539173e7c1"},"headline":"Resende: onde tudo come\u00e7ou","datePublished":"2014-11-28T02:29:45+00:00","dateModified":"2014-11-28T02:29:57+00:00","mainEntityOfPage":{"@id":"https:\/\/jornalbeirario.com.br\/portal\/?p=26499"},"wordCount":265,"commentCount":0,"publisher":{"@id":"https:\/\/jornalbeirario.com.br\/portal\/#organization"},"image":{"@id":"https:\/\/jornalbeirario.com.br\/portal\/?p=26499#primaryimage"},"thumbnailUrl":"https:\/\/jornalbeirario.com.br\/portal\/wp-content\/uploads\/2014\/11\/niclevicz11.jpg","articleSection":["Esportes"],"inLanguage":"pt-BR","potentialAction":[{"@type":"CommentAction","name":"Comment","target":["https:\/\/jornalbeirario.com.br\/portal\/?p=26499#respond"]}]},{"@type":"WebPage","@id":"https:\/\/jornalbeirario.com.br\/portal\/?p=26499","url":"https:\/\/jornalbeirario.com.br\/portal\/?p=26499","name":"Resende: onde tudo come\u00e7ou - JORNAL BEIRA RIO","isPartOf":{"@id":"https:\/\/jornalbeirario.com.br\/portal\/#website"},"primaryImageOfPage":{"@id":"https:\/\/jornalbeirario.com.br\/portal\/?p=26499#primaryimage"},"image":{"@id":"https:\/\/jornalbeirario.com.br\/portal\/?p=26499#primaryimage"},"thumbnailUrl":"https:\/\/jornalbeirario.com.br\/portal\/wp-content\/uploads\/2014\/11\/niclevicz11.jpg","datePublished":"2014-11-28T02:29:45+00:00","dateModified":"2014-11-28T02:29:57+00:00","breadcrumb":{"@id":"https:\/\/jornalbeirario.com.br\/portal\/?p=26499#breadcrumb"},"inLanguage":"pt-BR","potentialAction":[{"@type":"ReadAction","target":["https:\/\/jornalbeirario.com.br\/portal\/?p=26499"]}]},{"@type":"ImageObject","inLanguage":"pt-BR","@id":"https:\/\/jornalbeirario.com.br\/portal\/?p=26499#primaryimage","url":"https:\/\/jornalbeirario.com.br\/portal\/wp-content\/uploads\/2014\/11\/niclevicz11.jpg","contentUrl":"https:\/\/jornalbeirario.com.br\/portal\/wp-content\/uploads\/2014\/11\/niclevicz11.jpg","width":"640","height":"480"},{"@type":"BreadcrumbList","@id":"https:\/\/jornalbeirario.com.br\/portal\/?p=26499#breadcrumb","itemListElement":[{"@type":"ListItem","position":1,"name":"Home","item":"https:\/\/jornalbeirario.com.br\/portal"},{"@type":"ListItem","position":2,"name":"Resende: onde tudo come\u00e7ou"}]},{"@type":"WebSite","@id":"https:\/\/jornalbeirario.com.br\/portal\/#website","url":"https:\/\/jornalbeirario.com.br\/portal\/","name":"JORNAL BEIRA RIO","description":"","publisher":{"@id":"https:\/\/jornalbeirario.com.br\/portal\/#organization"},"potentialAction":[{"@type":"SearchAction","target":{"@type":"EntryPoint","urlTemplate":"https:\/\/jornalbeirario.com.br\/portal\/?s={search_term_string}"},"query-input":{"@type":"PropertyValueSpecification","valueRequired":true,"valueName":"search_term_string"}}],"inLanguage":"pt-BR"},{"@type":"Organization","@id":"https:\/\/jornalbeirario.com.br\/portal\/#organization","name":"JORNAL BEIRA RIO","url":"https:\/\/jornalbeirario.com.br\/portal\/","logo":{"@type":"ImageObject","inLanguage":"pt-BR","@id":"https:\/\/jornalbeirario.com.br\/portal\/#\/schema\/logo\/image\/","url":"https:\/\/jornalbeirario.com.br\/portal\/wp-content\/uploads\/2017\/09\/BEIRA-RIO_logo600.png","contentUrl":"https:\/\/jornalbeirario.com.br\/portal\/wp-content\/uploads\/2017\/09\/BEIRA-RIO_logo600.png","width":650,"height":108,"caption":"JORNAL BEIRA RIO"},"image":{"@id":"https:\/\/jornalbeirario.com.br\/portal\/#\/schema\/logo\/image\/"}},{"@type":"Person","@id":"https:\/\/jornalbeirario.com.br\/portal\/#\/schema\/person\/c6c423e4c2465d2a9233f6539173e7c1","name":"Jornal BEIRA-RIO","image":{"@type":"ImageObject","inLanguage":"pt-BR","@id":"https:\/\/jornalbeirario.com.br\/portal\/wp-content\/uploads\/2023\/10\/logojbr1.jpg","url":"https:\/\/jornalbeirario.com.br\/portal\/wp-content\/uploads\/2023\/10\/logojbr1.jpg","contentUrl":"https:\/\/jornalbeirario.com.br\/portal\/wp-content\/uploads\/2023\/10\/logojbr1.jpg","caption":"Jornal BEIRA-RIO"},"url":"https:\/\/jornalbeirario.com.br\/portal\/?author=1"}]}},"_links":{"self":[{"href":"https:\/\/jornalbeirario.com.br\/portal\/index.php?rest_route=\/wp\/v2\/posts\/26499","targetHints":{"allow":["GET"]}}],"collection":[{"href":"https:\/\/jornalbeirario.com.br\/portal\/index.php?rest_route=\/wp\/v2\/posts"}],"about":[{"href":"https:\/\/jornalbeirario.com.br\/portal\/index.php?rest_route=\/wp\/v2\/types\/post"}],"author":[{"embeddable":true,"href":"https:\/\/jornalbeirario.com.br\/portal\/index.php?rest_route=\/wp\/v2\/users\/1"}],"replies":[{"embeddable":true,"href":"https:\/\/jornalbeirario.com.br\/portal\/index.php?rest_route=%2Fwp%2Fv2%2Fcomments&post=26499"}],"version-history":[{"count":5,"href":"https:\/\/jornalbeirario.com.br\/portal\/index.php?rest_route=\/wp\/v2\/posts\/26499\/revisions"}],"predecessor-version":[{"id":26554,"href":"https:\/\/jornalbeirario.com.br\/portal\/index.php?rest_route=\/wp\/v2\/posts\/26499\/revisions\/26554"}],"wp:featuredmedia":[{"embeddable":true,"href":"https:\/\/jornalbeirario.com.br\/portal\/index.php?rest_route=\/wp\/v2\/media\/26510"}],"wp:attachment":[{"href":"https:\/\/jornalbeirario.com.br\/portal\/index.php?rest_route=%2Fwp%2Fv2%2Fmedia&parent=26499"}],"wp:term":[{"taxonomy":"category","embeddable":true,"href":"https:\/\/jornalbeirario.com.br\/portal\/index.php?rest_route=%2Fwp%2Fv2%2Fcategories&post=26499"},{"taxonomy":"post_tag","embeddable":true,"href":"https:\/\/jornalbeirario.com.br\/portal\/index.php?rest_route=%2Fwp%2Fv2%2Ftags&post=26499"}],"curies":[{"name":"wp","href":"https:\/\/api.w.org\/{rel}","templated":true}]}}