
{"id":26472,"date":"2014-11-28T02:26:27","date_gmt":"2014-11-28T02:26:27","guid":{"rendered":"http:\/\/jornalbeirario.com.br\/portal\/portal\/?p=26472"},"modified":"2014-11-28T02:26:27","modified_gmt":"2014-11-28T02:26:27","slug":"lais-amaral-74","status":"publish","type":"post","link":"https:\/\/jornalbeirario.com.br\/portal\/?p=26472","title":{"rendered":"La\u00eds Amaral"},"content":{"rendered":"<p style=\"text-align: justify;\"><strong>S\u00e1bado \u00e9 dia 29, tem Nhoque da Fortuna: a salva\u00e7\u00e3o do Botafogo<\/strong><br \/>\nA Simpatia garante que a pessoa deve comer em p\u00e9 os sete primeiros peda\u00e7os de nhoque no dia 29 e fazer um pedido por cada peda\u00e7o. Amanh\u00e3 (s\u00e1bado) \u00e9 dia 29, n\u00e3o custa tentar meu amigo ! Mal n\u00e3o pode fazer. A n\u00e3o ser que voc\u00ea seja al\u00e9rgico a massa. A lenda conta que l\u00e1 pelo s\u00e9culo quatro um santo chamado Pantale\u00e3o bateu \u00e0 porta de uma casa humilde num vilarejo da It\u00e1lia e pediu comida. A fam\u00edlia, pobre dividiu a massa com o \u2018pedinte\u2019. Deu sete gr\u00e3os de nhoque para cada um \u00e0 mesa. O santo satisfeito foi embora e deixou sob os pratos, moedas de ouro. Por isso a tradi\u00e7\u00e3o de dinheiro embaixo do prato do \u201cnhoque da fortuna\u201d. Estou convocando meus amigos botafoguenses Evaldo, Ernani, Carlinhos, Robson, M\u00e1rio, Nogueira, Magela, Marquinhos (todos os dezessete) a saborearem o delicioso nhoque do Odylo e da Maria Carmem neste s\u00e1bado, e seguindo o ritual: os primeiros sete peda\u00e7os comer de p\u00e9 e fazendo um pedido por cada peda\u00e7o. Eu sugiro os pedidos: \u201cque o Botafogo n\u00e3o caia pra segunda divis\u00e3o\u201d. Pe\u00e7am em todos os sete peda\u00e7os. Minha filha que \u00e9 vasca\u00edna e adora nhoque deve ter feito o pedido num desses dias 29. Vamos l\u00e1 pessoal. Com f\u00e9 e muita fome. For\u00e7a S\u00e3o Pantale\u00e3o (apesar de o dito popular afirmar que \u00e9 pra baixo que todo santo ajuda&#8230;fazer o qu\u00ea ?!) !!<\/p>\n<p style=\"text-align: justify;\"><strong>Festival de Arte Urbana invade a cidade neste fim de semana<\/strong><br \/>\nCome\u00e7a hoje (sexta, 28) e segue at\u00e9 este domingo mais uma edi\u00e7\u00e3o do \u2018Festival de Arte Urbana \u2013 Observat\u00f3rio da Interroga\u00e7\u00e3o\u2019. Artistas com propostas populares ocupar\u00e3o o espa\u00e7o p\u00fablico interferindo no cotidiano de Resende, com arte e a\u00e7\u00f5es coletivas urbanas compartilhando suas experi\u00eancias e percep\u00e7\u00f5es. A primeira Mostra de Arte Urbana \u2013 Observat\u00f3rio da Interroga\u00e7\u00e3o ocorreu em novembro de 2011 atrav\u00e9s de uma convocat\u00f3ria aberta e p\u00fablica, reunindo mais de 30 artistas de Resende, Rio de Janeiro, S\u00e3o Paulo e Pelotas. Se foi dif\u00edcil perceber o que \u00e9, ent\u00e3o o melhor \u00e9 acompanhar a trupe que d\u00e1 a largada hoje, dia 28 \u00e0s 16 horas em frente ao \u2018Espa\u00e7o Z\u2019 com Conjuntura &amp; Conex\u00f5es \u2013 encontro de todos os artistas. Depois \u00e9 ser informar com a turma que o barco segue: Derivas Cortejantes, Desvias (Daniel S\u00e1\/Rsd), Grafite e convidados, Sinal de Fuma\u00e7a (Jo\u00e3o Sab\u00f3ia\/Rsd), Sax (Marcus Mendes\/Itatiaia). E por a\u00ed vai. Siga a mo\u00e7ada que a programa\u00e7\u00e3o \u00e9 extensa. No s\u00e1bado ao meio dia tem a \u00f3tima, Ive Seixas cantado no Cal\u00e7ad\u00e3o de Campos El\u00edseos. Ive (foto) que completou um ano de atividades de m\u00fasica nas ruas com sua \u2018Andorinha, S\u00f3!\u2019. Em seguida o excelente Grupo Pedra Sonora com seu Bloco de Rua, com Maracatu e outros babados. Vale conferir !!<\/p>\n<p style=\"text-align: justify;\"><strong>TRIPA<\/strong><br \/>\n* E a Prefeitura, via Secretaria de Rela\u00e7\u00f5es Comunit\u00e1rias e Cidadania, promove a partir desta sexta no Parque das \u00c1guas a \u201cSemana da Juventude\u201d. Segue at\u00e9 domingo, com feira de profiss\u00f5es, apresenta\u00e7\u00f5es culturais e esportes radicais, Oficina de Slackline etc. Hoje (sexta) tem das 15 \u00e0s 20h a Feira de Profiss\u00f5es com institui\u00e7\u00f5es de ensino e de emprego. O pessoal vai aprender a fazer curr\u00edculo e uma de Recursos Humanos apresentar\u00e1 vagas no mercado de trabalho dispon\u00edveis em seu cadastro, na verdade \u00e9 um show de oportunidades. A Ag\u00eancia de Meio Ambiente de Resende participa com a mostra de cinema ambiental a partir das 19 h. Legal !! * Amanh\u00e3 (29), tem a final do concurso de poesia promovido pelo Gr\u00eamio Liter\u00e1rio de Resende, os Jogos Florais. \u00c0s 9 horas no Espa\u00e7o Z * O Futebol So\u00e7aite Quarent\u00e3o da AABB chega ao final com a decis\u00e3o marcada domingo entre Casa da Lua e Turma da Pelada. Vai sair fa\u00edsca * O grande Jorge Vieira exp\u00f5e, no Corredor Cultural da AEDB, telas a \u00f3leo de sua autoria e de seus alunos do curso de pintura ministrado na faculdade. A exposi\u00e7\u00e3o continua at\u00e9 10 de dezembro, de segunda a sexta, das 8 \u00e0s 22 horas e aos s\u00e1bados, de 8h \u00e0s 12 horas * Meu amigo Djalma Alves Carneiro filho lan\u00e7ou ontem o livro \u201cMitologia para Jovens 2\u201d, na Resenbook. Beleza, vou comprar e depois quero o aut\u00f3grafo * Semana que vem, dia 5, come\u00e7a o charmoso e delicioso \u201cCinema na Mesa de Visconde de Mau\u00e1\u201d. Vai at\u00e9 dia 13 com grandes filmes nos melhores restaurantes da montanha. Saiba mais sobre o evento no site, acessando bit.ly\/1wrj0oa ou pelo telefone: (24) 3387-1283. Imperd\u00edvel !<\/p>\n<p style=\"text-align: justify;\"><strong>ANIVERS\u00c1RIO<\/strong><br \/>\nDia 22, ficaram mais experientes o Eduardo Sim\u00e3o (Tuca) e o Nelson Scopacasa. Domingo (23) mais tr\u00eas figura\u00e7as receberam os \u2018parab\u00e9ns\u2019: o Wilians Sampaio, o Isaque Farizel e a minha amiga e vizinha Rozinha Beatriz. Dia 24 inauguraram idade nova a amiga Antonia Alc\u00e2ntara, da Escola de M\u00fasica, a Maria In\u00eaz e a Marta B\u00fchler Menandro e nessa quarta, dia 26, tamb\u00e9m mudaram de idade a Maria Augusta e a minha bela xar\u00e1 Lais Alves. Parab\u00e9ns e todas as felicidades do mundo a eles.<\/p>\n","protected":false},"excerpt":{"rendered":"<p>S\u00e1bado \u00e9 dia 29, tem Nhoque da Fortuna: a salva\u00e7\u00e3o do Botafogo A Simpatia garante que a pessoa deve comer em p\u00e9 os sete<\/p>\n","protected":false},"author":1,"featured_media":0,"comment_status":"open","ping_status":"open","sticky":false,"template":"","format":"standard","meta":{"pmpro_default_level":"","footnotes":""},"categories":[13],"tags":[],"class_list":["post-26472","post","type-post","status-publish","format-standard","hentry","category-social","pmpro-has-access"],"yoast_head":"<!-- This site is optimized with the Yoast SEO plugin v27.4 - https:\/\/yoast.com\/product\/yoast-seo-wordpress\/ -->\n<title>La\u00eds Amaral - JORNAL BEIRA RIO<\/title>\n<meta name=\"robots\" content=\"index, follow, max-snippet:-1, max-image-preview:large, max-video-preview:-1\" \/>\n<link rel=\"canonical\" href=\"https:\/\/jornalbeirario.com.br\/portal\/?p=26472\" \/>\n<meta property=\"og:locale\" content=\"pt_BR\" \/>\n<meta property=\"og:type\" content=\"article\" \/>\n<meta property=\"og:title\" content=\"La\u00eds Amaral - JORNAL BEIRA RIO\" \/>\n<meta property=\"og:description\" content=\"S\u00e1bado \u00e9 dia 29, tem Nhoque da Fortuna: a salva\u00e7\u00e3o do Botafogo A Simpatia garante que a pessoa deve comer em p\u00e9 os sete\" \/>\n<meta property=\"og:url\" content=\"https:\/\/jornalbeirario.com.br\/portal\/?p=26472\" \/>\n<meta property=\"og:site_name\" content=\"JORNAL BEIRA RIO\" \/>\n<meta property=\"article:published_time\" content=\"2014-11-28T02:26:27+00:00\" \/>\n<meta name=\"author\" content=\"Jornal BEIRA-RIO\" \/>\n<meta name=\"twitter:card\" content=\"summary_large_image\" \/>\n<meta name=\"twitter:label1\" content=\"Escrito por\" \/>\n\t<meta name=\"twitter:data1\" content=\"Jornal BEIRA-RIO\" \/>\n\t<meta name=\"twitter:label2\" content=\"Est. tempo de leitura\" \/>\n\t<meta name=\"twitter:data2\" content=\"4 minutos\" \/>\n<script type=\"application\/ld+json\" class=\"yoast-schema-graph\">{\"@context\":\"https:\\\/\\\/schema.org\",\"@graph\":[{\"@type\":\"Article\",\"@id\":\"https:\\\/\\\/jornalbeirario.com.br\\\/portal\\\/?p=26472#article\",\"isPartOf\":{\"@id\":\"https:\\\/\\\/jornalbeirario.com.br\\\/portal\\\/?p=26472\"},\"author\":{\"name\":\"Jornal BEIRA-RIO\",\"@id\":\"https:\\\/\\\/jornalbeirario.com.br\\\/portal\\\/#\\\/schema\\\/person\\\/c6c423e4c2465d2a9233f6539173e7c1\"},\"headline\":\"La\u00eds Amaral\",\"datePublished\":\"2014-11-28T02:26:27+00:00\",\"mainEntityOfPage\":{\"@id\":\"https:\\\/\\\/jornalbeirario.com.br\\\/portal\\\/?p=26472\"},\"wordCount\":884,\"commentCount\":0,\"publisher\":{\"@id\":\"https:\\\/\\\/jornalbeirario.com.br\\\/portal\\\/#organization\"},\"articleSection\":[\"Social\"],\"inLanguage\":\"pt-BR\",\"potentialAction\":[{\"@type\":\"CommentAction\",\"name\":\"Comment\",\"target\":[\"https:\\\/\\\/jornalbeirario.com.br\\\/portal\\\/?p=26472#respond\"]}]},{\"@type\":\"WebPage\",\"@id\":\"https:\\\/\\\/jornalbeirario.com.br\\\/portal\\\/?p=26472\",\"url\":\"https:\\\/\\\/jornalbeirario.com.br\\\/portal\\\/?p=26472\",\"name\":\"La\u00eds Amaral - JORNAL BEIRA RIO\",\"isPartOf\":{\"@id\":\"https:\\\/\\\/jornalbeirario.com.br\\\/portal\\\/#website\"},\"datePublished\":\"2014-11-28T02:26:27+00:00\",\"breadcrumb\":{\"@id\":\"https:\\\/\\\/jornalbeirario.com.br\\\/portal\\\/?p=26472#breadcrumb\"},\"inLanguage\":\"pt-BR\",\"potentialAction\":[{\"@type\":\"ReadAction\",\"target\":[\"https:\\\/\\\/jornalbeirario.com.br\\\/portal\\\/?p=26472\"]}]},{\"@type\":\"BreadcrumbList\",\"@id\":\"https:\\\/\\\/jornalbeirario.com.br\\\/portal\\\/?p=26472#breadcrumb\",\"itemListElement\":[{\"@type\":\"ListItem\",\"position\":1,\"name\":\"Home\",\"item\":\"https:\\\/\\\/jornalbeirario.com.br\\\/portal\"},{\"@type\":\"ListItem\",\"position\":2,\"name\":\"La\u00eds Amaral\"}]},{\"@type\":\"WebSite\",\"@id\":\"https:\\\/\\\/jornalbeirario.com.br\\\/portal\\\/#website\",\"url\":\"https:\\\/\\\/jornalbeirario.com.br\\\/portal\\\/\",\"name\":\"JORNAL BEIRA RIO\",\"description\":\"\",\"publisher\":{\"@id\":\"https:\\\/\\\/jornalbeirario.com.br\\\/portal\\\/#organization\"},\"potentialAction\":[{\"@type\":\"SearchAction\",\"target\":{\"@type\":\"EntryPoint\",\"urlTemplate\":\"https:\\\/\\\/jornalbeirario.com.br\\\/portal\\\/?s={search_term_string}\"},\"query-input\":{\"@type\":\"PropertyValueSpecification\",\"valueRequired\":true,\"valueName\":\"search_term_string\"}}],\"inLanguage\":\"pt-BR\"},{\"@type\":\"Organization\",\"@id\":\"https:\\\/\\\/jornalbeirario.com.br\\\/portal\\\/#organization\",\"name\":\"JORNAL BEIRA RIO\",\"url\":\"https:\\\/\\\/jornalbeirario.com.br\\\/portal\\\/\",\"logo\":{\"@type\":\"ImageObject\",\"inLanguage\":\"pt-BR\",\"@id\":\"https:\\\/\\\/jornalbeirario.com.br\\\/portal\\\/#\\\/schema\\\/logo\\\/image\\\/\",\"url\":\"https:\\\/\\\/jornalbeirario.com.br\\\/portal\\\/wp-content\\\/uploads\\\/2017\\\/09\\\/BEIRA-RIO_logo600.png\",\"contentUrl\":\"https:\\\/\\\/jornalbeirario.com.br\\\/portal\\\/wp-content\\\/uploads\\\/2017\\\/09\\\/BEIRA-RIO_logo600.png\",\"width\":650,\"height\":108,\"caption\":\"JORNAL BEIRA RIO\"},\"image\":{\"@id\":\"https:\\\/\\\/jornalbeirario.com.br\\\/portal\\\/#\\\/schema\\\/logo\\\/image\\\/\"}},{\"@type\":\"Person\",\"@id\":\"https:\\\/\\\/jornalbeirario.com.br\\\/portal\\\/#\\\/schema\\\/person\\\/c6c423e4c2465d2a9233f6539173e7c1\",\"name\":\"Jornal BEIRA-RIO\",\"image\":{\"@type\":\"ImageObject\",\"inLanguage\":\"pt-BR\",\"@id\":\"https:\\\/\\\/jornalbeirario.com.br\\\/portal\\\/wp-content\\\/uploads\\\/2023\\\/10\\\/logojbr1.jpg\",\"url\":\"https:\\\/\\\/jornalbeirario.com.br\\\/portal\\\/wp-content\\\/uploads\\\/2023\\\/10\\\/logojbr1.jpg\",\"contentUrl\":\"https:\\\/\\\/jornalbeirario.com.br\\\/portal\\\/wp-content\\\/uploads\\\/2023\\\/10\\\/logojbr1.jpg\",\"caption\":\"Jornal BEIRA-RIO\"},\"url\":\"https:\\\/\\\/jornalbeirario.com.br\\\/portal\\\/?author=1\"}]}<\/script>\n<!-- \/ Yoast SEO plugin. -->","yoast_head_json":{"title":"La\u00eds Amaral - JORNAL BEIRA RIO","robots":{"index":"index","follow":"follow","max-snippet":"max-snippet:-1","max-image-preview":"max-image-preview:large","max-video-preview":"max-video-preview:-1"},"canonical":"https:\/\/jornalbeirario.com.br\/portal\/?p=26472","og_locale":"pt_BR","og_type":"article","og_title":"La\u00eds Amaral - JORNAL BEIRA RIO","og_description":"S\u00e1bado \u00e9 dia 29, tem Nhoque da Fortuna: a salva\u00e7\u00e3o do Botafogo A Simpatia garante que a pessoa deve comer em p\u00e9 os sete","og_url":"https:\/\/jornalbeirario.com.br\/portal\/?p=26472","og_site_name":"JORNAL BEIRA RIO","article_published_time":"2014-11-28T02:26:27+00:00","author":"Jornal BEIRA-RIO","twitter_card":"summary_large_image","twitter_misc":{"Escrito por":"Jornal BEIRA-RIO","Est. tempo de leitura":"4 minutos"},"schema":{"@context":"https:\/\/schema.org","@graph":[{"@type":"Article","@id":"https:\/\/jornalbeirario.com.br\/portal\/?p=26472#article","isPartOf":{"@id":"https:\/\/jornalbeirario.com.br\/portal\/?p=26472"},"author":{"name":"Jornal BEIRA-RIO","@id":"https:\/\/jornalbeirario.com.br\/portal\/#\/schema\/person\/c6c423e4c2465d2a9233f6539173e7c1"},"headline":"La\u00eds Amaral","datePublished":"2014-11-28T02:26:27+00:00","mainEntityOfPage":{"@id":"https:\/\/jornalbeirario.com.br\/portal\/?p=26472"},"wordCount":884,"commentCount":0,"publisher":{"@id":"https:\/\/jornalbeirario.com.br\/portal\/#organization"},"articleSection":["Social"],"inLanguage":"pt-BR","potentialAction":[{"@type":"CommentAction","name":"Comment","target":["https:\/\/jornalbeirario.com.br\/portal\/?p=26472#respond"]}]},{"@type":"WebPage","@id":"https:\/\/jornalbeirario.com.br\/portal\/?p=26472","url":"https:\/\/jornalbeirario.com.br\/portal\/?p=26472","name":"La\u00eds Amaral - JORNAL BEIRA RIO","isPartOf":{"@id":"https:\/\/jornalbeirario.com.br\/portal\/#website"},"datePublished":"2014-11-28T02:26:27+00:00","breadcrumb":{"@id":"https:\/\/jornalbeirario.com.br\/portal\/?p=26472#breadcrumb"},"inLanguage":"pt-BR","potentialAction":[{"@type":"ReadAction","target":["https:\/\/jornalbeirario.com.br\/portal\/?p=26472"]}]},{"@type":"BreadcrumbList","@id":"https:\/\/jornalbeirario.com.br\/portal\/?p=26472#breadcrumb","itemListElement":[{"@type":"ListItem","position":1,"name":"Home","item":"https:\/\/jornalbeirario.com.br\/portal"},{"@type":"ListItem","position":2,"name":"La\u00eds Amaral"}]},{"@type":"WebSite","@id":"https:\/\/jornalbeirario.com.br\/portal\/#website","url":"https:\/\/jornalbeirario.com.br\/portal\/","name":"JORNAL BEIRA RIO","description":"","publisher":{"@id":"https:\/\/jornalbeirario.com.br\/portal\/#organization"},"potentialAction":[{"@type":"SearchAction","target":{"@type":"EntryPoint","urlTemplate":"https:\/\/jornalbeirario.com.br\/portal\/?s={search_term_string}"},"query-input":{"@type":"PropertyValueSpecification","valueRequired":true,"valueName":"search_term_string"}}],"inLanguage":"pt-BR"},{"@type":"Organization","@id":"https:\/\/jornalbeirario.com.br\/portal\/#organization","name":"JORNAL BEIRA RIO","url":"https:\/\/jornalbeirario.com.br\/portal\/","logo":{"@type":"ImageObject","inLanguage":"pt-BR","@id":"https:\/\/jornalbeirario.com.br\/portal\/#\/schema\/logo\/image\/","url":"https:\/\/jornalbeirario.com.br\/portal\/wp-content\/uploads\/2017\/09\/BEIRA-RIO_logo600.png","contentUrl":"https:\/\/jornalbeirario.com.br\/portal\/wp-content\/uploads\/2017\/09\/BEIRA-RIO_logo600.png","width":650,"height":108,"caption":"JORNAL BEIRA RIO"},"image":{"@id":"https:\/\/jornalbeirario.com.br\/portal\/#\/schema\/logo\/image\/"}},{"@type":"Person","@id":"https:\/\/jornalbeirario.com.br\/portal\/#\/schema\/person\/c6c423e4c2465d2a9233f6539173e7c1","name":"Jornal BEIRA-RIO","image":{"@type":"ImageObject","inLanguage":"pt-BR","@id":"https:\/\/jornalbeirario.com.br\/portal\/wp-content\/uploads\/2023\/10\/logojbr1.jpg","url":"https:\/\/jornalbeirario.com.br\/portal\/wp-content\/uploads\/2023\/10\/logojbr1.jpg","contentUrl":"https:\/\/jornalbeirario.com.br\/portal\/wp-content\/uploads\/2023\/10\/logojbr1.jpg","caption":"Jornal BEIRA-RIO"},"url":"https:\/\/jornalbeirario.com.br\/portal\/?author=1"}]}},"_links":{"self":[{"href":"https:\/\/jornalbeirario.com.br\/portal\/index.php?rest_route=\/wp\/v2\/posts\/26472","targetHints":{"allow":["GET"]}}],"collection":[{"href":"https:\/\/jornalbeirario.com.br\/portal\/index.php?rest_route=\/wp\/v2\/posts"}],"about":[{"href":"https:\/\/jornalbeirario.com.br\/portal\/index.php?rest_route=\/wp\/v2\/types\/post"}],"author":[{"embeddable":true,"href":"https:\/\/jornalbeirario.com.br\/portal\/index.php?rest_route=\/wp\/v2\/users\/1"}],"replies":[{"embeddable":true,"href":"https:\/\/jornalbeirario.com.br\/portal\/index.php?rest_route=%2Fwp%2Fv2%2Fcomments&post=26472"}],"version-history":[{"count":3,"href":"https:\/\/jornalbeirario.com.br\/portal\/index.php?rest_route=\/wp\/v2\/posts\/26472\/revisions"}],"predecessor-version":[{"id":26551,"href":"https:\/\/jornalbeirario.com.br\/portal\/index.php?rest_route=\/wp\/v2\/posts\/26472\/revisions\/26551"}],"wp:attachment":[{"href":"https:\/\/jornalbeirario.com.br\/portal\/index.php?rest_route=%2Fwp%2Fv2%2Fmedia&parent=26472"}],"wp:term":[{"taxonomy":"category","embeddable":true,"href":"https:\/\/jornalbeirario.com.br\/portal\/index.php?rest_route=%2Fwp%2Fv2%2Fcategories&post=26472"},{"taxonomy":"post_tag","embeddable":true,"href":"https:\/\/jornalbeirario.com.br\/portal\/index.php?rest_route=%2Fwp%2Fv2%2Ftags&post=26472"}],"curies":[{"name":"wp","href":"https:\/\/api.w.org\/{rel}","templated":true}]}}