
{"id":26358,"date":"2014-11-21T02:20:27","date_gmt":"2014-11-21T02:20:27","guid":{"rendered":"http:\/\/jornalbeirario.com.br\/portal\/portal\/?p=26358"},"modified":"2014-11-21T02:20:27","modified_gmt":"2014-11-21T02:20:27","slug":"quem-pensa-por-que-nao-ha-justica-no-brasil","status":"publish","type":"post","link":"https:\/\/jornalbeirario.com.br\/portal\/?p=26358","title":{"rendered":"QUEM PENSA? Por que n\u00e3o h\u00e1 justi\u00e7a no Brasil?"},"content":{"rendered":"<p style=\"text-align: justify;\">Este artigo foi escrito apenas um ano ap\u00f3s a institucionaliza\u00e7\u00e3o do CNJ (Conselho Nacional de Justi\u00e7a), no governo Lula. Mais um mecanismo de acompanhamento e controle da sociedade, nesse caso no poder Judici\u00e1rio. Sabemos como muitos ju\u00edzes se consideram deuses e que at\u00e9 o CNJ tem dificuldades de estabelecer uma transpar\u00eancia, assim como colaborar para otimizar os entraves judiciais. Mutir\u00f5es s\u00e3o feitos, metas exigidas, mas ainda assim estamos muito longe de trazer \u00e0 sociedade as inten\u00e7\u00f5es, as motiva\u00e7\u00f5es e as coniv\u00eancias entre poderes e grupos econ\u00f4micos.<\/p>\n<p style=\"text-align: justify;\">Por isso, essa semana, trago uma contribui\u00e7\u00e3o do jornalista Claudio Abramo para este espa\u00e7o.<\/p>\n<p style=\"text-align: justify;\">Ana L\u00facia<br \/>\neditoral do jornal <strong>BEIRA-RIO<\/strong><br \/>\nanalucia@jornalbeirario.com.br<\/p>\n<p style=\"text-align: justify;\">Por que n\u00e3o h\u00e1 justi\u00e7a no Brasil?<\/p>\n<p style=\"text-align: justify;\">O fator predominante no resultado da aplica\u00e7\u00e3o da justi\u00e7a no Brasil \u00e9 o poder econ\u00f4mico das partes. Qualquer que seja o \u00e2ngulo com que a quest\u00e3o seja analisada, o resultado \u00e9 sempre um favorecimento brutal de quem tem mais dinheiro.<\/p>\n<p style=\"text-align: justify;\">Os c\u00f3digos processuais brasileiros propiciam um n\u00famero imenso de oportunidades para que partes interponham recursos e atravanquem processos. De acordo com um levantamento feito alguns anos atr\u00e1s pelo jornal carioca O Globo, um processo que corra do come\u00e7o ao fim, percorrendo todas as inst\u00e2ncias da justi\u00e7a estadual, chegando talvez a alguma inst\u00e2ncia federal, admite mais de 80 diferentes maneiras de interromper o curso processual.<\/p>\n<p style=\"text-align: justify;\">\u00c9 claro que diversas delas s\u00e3o perfeitamente razo\u00e1veis e exig\u00edveis em qualquer sistema jur\u00eddico. Grande parte, por\u00e9m, \u00e9 de formalidades perfeitamente contorn\u00e1veis caso o princ\u00edpio predominante fosse o da racionalidade.<\/p>\n<p style=\"text-align: justify;\">Racionalidade \u00e9 a \u00faltima coisa que se detecta nos c\u00f3digos brasileiros. N\u00e3o \u00e9 de admirar, pois eles foram escritos por advogados de defesa.<\/p>\n<p style=\"text-align: justify;\">Para conduzir um processo da forma entrecortada e cheia das firulas perfeitamente kafkianas que testemunhamos, \u00e9 necess\u00e1rio pagar advogados. Quanto mais detalhes rec\u00f4nditos o advogado \u00e9 capaz de explorar, mais tempo ele conseguir\u00e1 ganhar para seu cliente.<\/p>\n<p style=\"text-align: justify;\">Advogados assim custam caro. Quem pode pag\u00e1-los \u00e9 a classe dominante. Em particular, corruptos que s\u00e3o levados \u00e0 Justi\u00e7a (o que j\u00e1 \u00e9 raro) costumam ter bastante dinheiro para isso. Em processos criminais, a id\u00e9ia \u00e9 procrastinar at\u00e9 que o crime prescreva. Em processos c\u00edveis, at\u00e9 que a parte contr\u00e1ria se esgote. \u00c9 por isso que processos chegam a se arrastar por d\u00e9cadas.<\/p>\n<p style=\"text-align: justify;\">J\u00e1 o sujeito que cometeu uma infra\u00e7\u00e3o menor, como furtar uma pe\u00e7a de autom\u00f3vel ou algo assim n\u00e3o pode pagar esses advogados. Este vai para a cadeia num piscar de olhos. Prova-o o fato de que uma grande parte dos processos que correm em primeira inst\u00e2ncia nos tribunais de Justi\u00e7a n\u00e3o t\u00eam a decis\u00e3o contestada, e n\u00e3o v\u00e3o \u00e0 segunda inst\u00e2ncia, porque os r\u00e9us n\u00e3o t\u00eam como pagar.<\/p>\n<p style=\"text-align: justify;\">Outro fator importante que responde pela inefici\u00eancia do Judici\u00e1rio \u00e9 a quase completa opacidade administrativa atr\u00e1s da qual ele se protege. Em sua quase totalidade (h\u00e1 umas exce\u00e7\u00f5es aqui e ali), os Tribunais de Justi\u00e7a e as cortes superiores n\u00e3o se d\u00e3o ao trabalho de medir minimamente seu pr\u00f3prio desempenho. Como n\u00e3o coletam sistematicamente informa\u00e7\u00f5es a respeito de tempos m\u00e9dios de tramita\u00e7\u00e3o de processos (para ficar s\u00f3 com isso de uma lista que poderia estender-se), n\u00e3o se consegue estabelecer compara\u00e7\u00f5es entre varas ou entre magistrados.<\/p>\n<p style=\"text-align: justify;\">Um ministro de tribunal superior pede vistas a um processo e senta-se sobre ele por anos. Onde est\u00e1 a lista desses processos? Se existe, \u00e9 mantida cuidadosamente escondida.<\/p>\n<p style=\"text-align: justify;\">\u00c9 claro que isso s\u00f3 alimenta as suspeitas de que ministros enrolam porque s\u00e3o comprometidos com algum interesse, pol\u00edtico ou econ\u00f4mico. A melhor maneira de provar que n\u00e3o \u00e9 assim seria medir indicadores de desempenho e torn\u00e1-los p\u00fablicos. Se n\u00e3o o fazem, \u00e9 porque t\u00eam motivos para isso, dando assim liberdade para que conjecturemos o que quisermos. Fazer justi\u00e7a n\u00e3o \u00e9 exatamente o ponto da Justi\u00e7a brasileira.<\/p>\n<p style=\"text-align: justify;\"><em>Claudio Weber Abramo \u00e9 diretor executivo da Transpar\u00eancia Brasil, entidade voltada para o combate \u00e0 corrup\u00e7\u00e3o no pa\u00eds.(Artigo de 2006).<\/em><\/p>\n","protected":false},"excerpt":{"rendered":"<p>Este artigo foi escrito apenas um ano ap\u00f3s a institucionaliza\u00e7\u00e3o do CNJ (Conselho Nacional de Justi\u00e7a), no governo Lula. Mais um mecanismo de acompanhamento<\/p>\n","protected":false},"author":1,"featured_media":0,"comment_status":"open","ping_status":"open","sticky":false,"template":"","format":"standard","meta":{"pmpro_default_level":"","footnotes":""},"categories":[8],"tags":[],"class_list":["post-26358","post","type-post","status-publish","format-standard","hentry","category-opiniao","pmpro-has-access"],"yoast_head":"<!-- This site is optimized with the Yoast SEO plugin v27.4 - https:\/\/yoast.com\/product\/yoast-seo-wordpress\/ -->\n<title>QUEM PENSA? Por que n\u00e3o h\u00e1 justi\u00e7a no Brasil? - JORNAL BEIRA RIO<\/title>\n<meta name=\"robots\" content=\"index, follow, max-snippet:-1, max-image-preview:large, max-video-preview:-1\" \/>\n<link rel=\"canonical\" href=\"https:\/\/jornalbeirario.com.br\/portal\/?p=26358\" \/>\n<meta property=\"og:locale\" content=\"pt_BR\" \/>\n<meta property=\"og:type\" content=\"article\" \/>\n<meta property=\"og:title\" content=\"QUEM PENSA? Por que n\u00e3o h\u00e1 justi\u00e7a no Brasil? - JORNAL BEIRA RIO\" \/>\n<meta property=\"og:description\" content=\"Este artigo foi escrito apenas um ano ap\u00f3s a institucionaliza\u00e7\u00e3o do CNJ (Conselho Nacional de Justi\u00e7a), no governo Lula. Mais um mecanismo de acompanhamento\" \/>\n<meta property=\"og:url\" content=\"https:\/\/jornalbeirario.com.br\/portal\/?p=26358\" \/>\n<meta property=\"og:site_name\" content=\"JORNAL BEIRA RIO\" \/>\n<meta property=\"article:published_time\" content=\"2014-11-21T02:20:27+00:00\" \/>\n<meta name=\"author\" content=\"Jornal BEIRA-RIO\" \/>\n<meta name=\"twitter:card\" content=\"summary_large_image\" \/>\n<meta name=\"twitter:label1\" content=\"Escrito por\" \/>\n\t<meta name=\"twitter:data1\" content=\"Jornal BEIRA-RIO\" \/>\n\t<meta name=\"twitter:label2\" content=\"Est. tempo de leitura\" \/>\n\t<meta name=\"twitter:data2\" content=\"4 minutos\" \/>\n<script type=\"application\/ld+json\" class=\"yoast-schema-graph\">{\"@context\":\"https:\\\/\\\/schema.org\",\"@graph\":[{\"@type\":\"Article\",\"@id\":\"https:\\\/\\\/jornalbeirario.com.br\\\/portal\\\/?p=26358#article\",\"isPartOf\":{\"@id\":\"https:\\\/\\\/jornalbeirario.com.br\\\/portal\\\/?p=26358\"},\"author\":{\"name\":\"Jornal BEIRA-RIO\",\"@id\":\"https:\\\/\\\/jornalbeirario.com.br\\\/portal\\\/#\\\/schema\\\/person\\\/c6c423e4c2465d2a9233f6539173e7c1\"},\"headline\":\"QUEM PENSA? Por que n\u00e3o h\u00e1 justi\u00e7a no Brasil?\",\"datePublished\":\"2014-11-21T02:20:27+00:00\",\"mainEntityOfPage\":{\"@id\":\"https:\\\/\\\/jornalbeirario.com.br\\\/portal\\\/?p=26358\"},\"wordCount\":718,\"commentCount\":1,\"publisher\":{\"@id\":\"https:\\\/\\\/jornalbeirario.com.br\\\/portal\\\/#organization\"},\"articleSection\":[\"Opini\u00e3o\"],\"inLanguage\":\"pt-BR\",\"potentialAction\":[{\"@type\":\"CommentAction\",\"name\":\"Comment\",\"target\":[\"https:\\\/\\\/jornalbeirario.com.br\\\/portal\\\/?p=26358#respond\"]}]},{\"@type\":\"WebPage\",\"@id\":\"https:\\\/\\\/jornalbeirario.com.br\\\/portal\\\/?p=26358\",\"url\":\"https:\\\/\\\/jornalbeirario.com.br\\\/portal\\\/?p=26358\",\"name\":\"QUEM PENSA? Por que n\u00e3o h\u00e1 justi\u00e7a no Brasil? - JORNAL BEIRA RIO\",\"isPartOf\":{\"@id\":\"https:\\\/\\\/jornalbeirario.com.br\\\/portal\\\/#website\"},\"datePublished\":\"2014-11-21T02:20:27+00:00\",\"breadcrumb\":{\"@id\":\"https:\\\/\\\/jornalbeirario.com.br\\\/portal\\\/?p=26358#breadcrumb\"},\"inLanguage\":\"pt-BR\",\"potentialAction\":[{\"@type\":\"ReadAction\",\"target\":[\"https:\\\/\\\/jornalbeirario.com.br\\\/portal\\\/?p=26358\"]}]},{\"@type\":\"BreadcrumbList\",\"@id\":\"https:\\\/\\\/jornalbeirario.com.br\\\/portal\\\/?p=26358#breadcrumb\",\"itemListElement\":[{\"@type\":\"ListItem\",\"position\":1,\"name\":\"Home\",\"item\":\"https:\\\/\\\/jornalbeirario.com.br\\\/portal\"},{\"@type\":\"ListItem\",\"position\":2,\"name\":\"QUEM PENSA? Por que n\u00e3o h\u00e1 justi\u00e7a no Brasil?\"}]},{\"@type\":\"WebSite\",\"@id\":\"https:\\\/\\\/jornalbeirario.com.br\\\/portal\\\/#website\",\"url\":\"https:\\\/\\\/jornalbeirario.com.br\\\/portal\\\/\",\"name\":\"JORNAL BEIRA RIO\",\"description\":\"\",\"publisher\":{\"@id\":\"https:\\\/\\\/jornalbeirario.com.br\\\/portal\\\/#organization\"},\"potentialAction\":[{\"@type\":\"SearchAction\",\"target\":{\"@type\":\"EntryPoint\",\"urlTemplate\":\"https:\\\/\\\/jornalbeirario.com.br\\\/portal\\\/?s={search_term_string}\"},\"query-input\":{\"@type\":\"PropertyValueSpecification\",\"valueRequired\":true,\"valueName\":\"search_term_string\"}}],\"inLanguage\":\"pt-BR\"},{\"@type\":\"Organization\",\"@id\":\"https:\\\/\\\/jornalbeirario.com.br\\\/portal\\\/#organization\",\"name\":\"JORNAL BEIRA RIO\",\"url\":\"https:\\\/\\\/jornalbeirario.com.br\\\/portal\\\/\",\"logo\":{\"@type\":\"ImageObject\",\"inLanguage\":\"pt-BR\",\"@id\":\"https:\\\/\\\/jornalbeirario.com.br\\\/portal\\\/#\\\/schema\\\/logo\\\/image\\\/\",\"url\":\"https:\\\/\\\/jornalbeirario.com.br\\\/portal\\\/wp-content\\\/uploads\\\/2017\\\/09\\\/BEIRA-RIO_logo600.png\",\"contentUrl\":\"https:\\\/\\\/jornalbeirario.com.br\\\/portal\\\/wp-content\\\/uploads\\\/2017\\\/09\\\/BEIRA-RIO_logo600.png\",\"width\":650,\"height\":108,\"caption\":\"JORNAL BEIRA RIO\"},\"image\":{\"@id\":\"https:\\\/\\\/jornalbeirario.com.br\\\/portal\\\/#\\\/schema\\\/logo\\\/image\\\/\"}},{\"@type\":\"Person\",\"@id\":\"https:\\\/\\\/jornalbeirario.com.br\\\/portal\\\/#\\\/schema\\\/person\\\/c6c423e4c2465d2a9233f6539173e7c1\",\"name\":\"Jornal BEIRA-RIO\",\"image\":{\"@type\":\"ImageObject\",\"inLanguage\":\"pt-BR\",\"@id\":\"https:\\\/\\\/jornalbeirario.com.br\\\/portal\\\/wp-content\\\/uploads\\\/2023\\\/10\\\/logojbr1.jpg\",\"url\":\"https:\\\/\\\/jornalbeirario.com.br\\\/portal\\\/wp-content\\\/uploads\\\/2023\\\/10\\\/logojbr1.jpg\",\"contentUrl\":\"https:\\\/\\\/jornalbeirario.com.br\\\/portal\\\/wp-content\\\/uploads\\\/2023\\\/10\\\/logojbr1.jpg\",\"caption\":\"Jornal BEIRA-RIO\"},\"url\":\"https:\\\/\\\/jornalbeirario.com.br\\\/portal\\\/?author=1\"}]}<\/script>\n<!-- \/ Yoast SEO plugin. -->","yoast_head_json":{"title":"QUEM PENSA? Por que n\u00e3o h\u00e1 justi\u00e7a no Brasil? - JORNAL BEIRA RIO","robots":{"index":"index","follow":"follow","max-snippet":"max-snippet:-1","max-image-preview":"max-image-preview:large","max-video-preview":"max-video-preview:-1"},"canonical":"https:\/\/jornalbeirario.com.br\/portal\/?p=26358","og_locale":"pt_BR","og_type":"article","og_title":"QUEM PENSA? Por que n\u00e3o h\u00e1 justi\u00e7a no Brasil? - JORNAL BEIRA RIO","og_description":"Este artigo foi escrito apenas um ano ap\u00f3s a institucionaliza\u00e7\u00e3o do CNJ (Conselho Nacional de Justi\u00e7a), no governo Lula. Mais um mecanismo de acompanhamento","og_url":"https:\/\/jornalbeirario.com.br\/portal\/?p=26358","og_site_name":"JORNAL BEIRA RIO","article_published_time":"2014-11-21T02:20:27+00:00","author":"Jornal BEIRA-RIO","twitter_card":"summary_large_image","twitter_misc":{"Escrito por":"Jornal BEIRA-RIO","Est. tempo de leitura":"4 minutos"},"schema":{"@context":"https:\/\/schema.org","@graph":[{"@type":"Article","@id":"https:\/\/jornalbeirario.com.br\/portal\/?p=26358#article","isPartOf":{"@id":"https:\/\/jornalbeirario.com.br\/portal\/?p=26358"},"author":{"name":"Jornal BEIRA-RIO","@id":"https:\/\/jornalbeirario.com.br\/portal\/#\/schema\/person\/c6c423e4c2465d2a9233f6539173e7c1"},"headline":"QUEM PENSA? Por que n\u00e3o h\u00e1 justi\u00e7a no Brasil?","datePublished":"2014-11-21T02:20:27+00:00","mainEntityOfPage":{"@id":"https:\/\/jornalbeirario.com.br\/portal\/?p=26358"},"wordCount":718,"commentCount":1,"publisher":{"@id":"https:\/\/jornalbeirario.com.br\/portal\/#organization"},"articleSection":["Opini\u00e3o"],"inLanguage":"pt-BR","potentialAction":[{"@type":"CommentAction","name":"Comment","target":["https:\/\/jornalbeirario.com.br\/portal\/?p=26358#respond"]}]},{"@type":"WebPage","@id":"https:\/\/jornalbeirario.com.br\/portal\/?p=26358","url":"https:\/\/jornalbeirario.com.br\/portal\/?p=26358","name":"QUEM PENSA? Por que n\u00e3o h\u00e1 justi\u00e7a no Brasil? - JORNAL BEIRA RIO","isPartOf":{"@id":"https:\/\/jornalbeirario.com.br\/portal\/#website"},"datePublished":"2014-11-21T02:20:27+00:00","breadcrumb":{"@id":"https:\/\/jornalbeirario.com.br\/portal\/?p=26358#breadcrumb"},"inLanguage":"pt-BR","potentialAction":[{"@type":"ReadAction","target":["https:\/\/jornalbeirario.com.br\/portal\/?p=26358"]}]},{"@type":"BreadcrumbList","@id":"https:\/\/jornalbeirario.com.br\/portal\/?p=26358#breadcrumb","itemListElement":[{"@type":"ListItem","position":1,"name":"Home","item":"https:\/\/jornalbeirario.com.br\/portal"},{"@type":"ListItem","position":2,"name":"QUEM PENSA? Por que n\u00e3o h\u00e1 justi\u00e7a no Brasil?"}]},{"@type":"WebSite","@id":"https:\/\/jornalbeirario.com.br\/portal\/#website","url":"https:\/\/jornalbeirario.com.br\/portal\/","name":"JORNAL BEIRA RIO","description":"","publisher":{"@id":"https:\/\/jornalbeirario.com.br\/portal\/#organization"},"potentialAction":[{"@type":"SearchAction","target":{"@type":"EntryPoint","urlTemplate":"https:\/\/jornalbeirario.com.br\/portal\/?s={search_term_string}"},"query-input":{"@type":"PropertyValueSpecification","valueRequired":true,"valueName":"search_term_string"}}],"inLanguage":"pt-BR"},{"@type":"Organization","@id":"https:\/\/jornalbeirario.com.br\/portal\/#organization","name":"JORNAL BEIRA RIO","url":"https:\/\/jornalbeirario.com.br\/portal\/","logo":{"@type":"ImageObject","inLanguage":"pt-BR","@id":"https:\/\/jornalbeirario.com.br\/portal\/#\/schema\/logo\/image\/","url":"https:\/\/jornalbeirario.com.br\/portal\/wp-content\/uploads\/2017\/09\/BEIRA-RIO_logo600.png","contentUrl":"https:\/\/jornalbeirario.com.br\/portal\/wp-content\/uploads\/2017\/09\/BEIRA-RIO_logo600.png","width":650,"height":108,"caption":"JORNAL BEIRA RIO"},"image":{"@id":"https:\/\/jornalbeirario.com.br\/portal\/#\/schema\/logo\/image\/"}},{"@type":"Person","@id":"https:\/\/jornalbeirario.com.br\/portal\/#\/schema\/person\/c6c423e4c2465d2a9233f6539173e7c1","name":"Jornal BEIRA-RIO","image":{"@type":"ImageObject","inLanguage":"pt-BR","@id":"https:\/\/jornalbeirario.com.br\/portal\/wp-content\/uploads\/2023\/10\/logojbr1.jpg","url":"https:\/\/jornalbeirario.com.br\/portal\/wp-content\/uploads\/2023\/10\/logojbr1.jpg","contentUrl":"https:\/\/jornalbeirario.com.br\/portal\/wp-content\/uploads\/2023\/10\/logojbr1.jpg","caption":"Jornal BEIRA-RIO"},"url":"https:\/\/jornalbeirario.com.br\/portal\/?author=1"}]}},"_links":{"self":[{"href":"https:\/\/jornalbeirario.com.br\/portal\/index.php?rest_route=\/wp\/v2\/posts\/26358","targetHints":{"allow":["GET"]}}],"collection":[{"href":"https:\/\/jornalbeirario.com.br\/portal\/index.php?rest_route=\/wp\/v2\/posts"}],"about":[{"href":"https:\/\/jornalbeirario.com.br\/portal\/index.php?rest_route=\/wp\/v2\/types\/post"}],"author":[{"embeddable":true,"href":"https:\/\/jornalbeirario.com.br\/portal\/index.php?rest_route=\/wp\/v2\/users\/1"}],"replies":[{"embeddable":true,"href":"https:\/\/jornalbeirario.com.br\/portal\/index.php?rest_route=%2Fwp%2Fv2%2Fcomments&post=26358"}],"version-history":[{"count":4,"href":"https:\/\/jornalbeirario.com.br\/portal\/index.php?rest_route=\/wp\/v2\/posts\/26358\/revisions"}],"predecessor-version":[{"id":26382,"href":"https:\/\/jornalbeirario.com.br\/portal\/index.php?rest_route=\/wp\/v2\/posts\/26358\/revisions\/26382"}],"wp:attachment":[{"href":"https:\/\/jornalbeirario.com.br\/portal\/index.php?rest_route=%2Fwp%2Fv2%2Fmedia&parent=26358"}],"wp:term":[{"taxonomy":"category","embeddable":true,"href":"https:\/\/jornalbeirario.com.br\/portal\/index.php?rest_route=%2Fwp%2Fv2%2Fcategories&post=26358"},{"taxonomy":"post_tag","embeddable":true,"href":"https:\/\/jornalbeirario.com.br\/portal\/index.php?rest_route=%2Fwp%2Fv2%2Ftags&post=26358"}],"curies":[{"name":"wp","href":"https:\/\/api.w.org\/{rel}","templated":true}]}}