
{"id":26350,"date":"2014-11-21T02:21:42","date_gmt":"2014-11-21T02:21:42","guid":{"rendered":"http:\/\/jornalbeirario.com.br\/portal\/portal\/?p=26350"},"modified":"2014-11-21T02:23:47","modified_gmt":"2014-11-21T02:23:47","slug":"lais-amaral-73","status":"publish","type":"post","link":"https:\/\/jornalbeirario.com.br\/portal\/?p=26350","title":{"rendered":"La\u00eds Amaral"},"content":{"rendered":"<p style=\"text-align: justify;\"><strong>Zumbi \u00e9 her\u00f3i nacional<\/strong><br \/>\n\u00c9 a Semana da Consci\u00eancia Negra. Ontem dia 20, foi consagrado a Zumbi dos Palmares, her\u00f3i nacional que hoje d\u00e1 nome a primeira faculdade voltada a negros no pa\u00eds (tamb\u00e9m estudam brancos), que fica em S\u00e3o Paulo. No Censo de 2010, pela primeira vez, os brancos deixaram de ser maioria no Brasil. Sinal de que mais gente passou a assumir suas origens, mais gente passou a se orgulhar de suas origens. Mesmo assim, com alguma cautela: 43,1% da popula\u00e7\u00e3o brasileira se declararam pardos e 7,6% dos entrevistados se declararam pretos. Vi tamb\u00e9m outro dia uns n\u00fameros mostrando que a maioria dos encarcerados do pa\u00eds s\u00e3o negros ou de origem negra. Apesar de toda a rica contribui\u00e7\u00e3o da etnia na composi\u00e7\u00e3o da cultura nacional, o negro ainda n\u00e3o ocupa o lugar devido em nossa sociedade. Ainda sofre com a heran\u00e7a escravagista que dificultou e ainda dificulta a ascens\u00e3o e a estabilidade da maioria de seus indiv\u00edduos na sociedade. Sem falar no horrendo e sob todos os aspectos, repugnante preconceito que resiste aos ventos da mudan\u00e7a. Preconceito que tolda a vis\u00e3o at\u00e9 daqueles que se dizem ou s\u00e3o vistos como justos e democratas e, por exemplo, se op\u00f5em ao sistema de cotas. Na elei\u00e7\u00e3o passada percebemos isso claramente em muitos momentos. Mas o pessoal tem Zumbi como lanterna e farol, e vai seguir crescendo. Salve Zumbi dos Palmares, um grande her\u00f3i da hist\u00f3ria do Brasil.<\/p>\n<p style=\"text-align: justify;\"><strong>Manoel de Barros, mais um meu poeta virou estrela<\/strong><br \/>\nMorreu dia 13, semana passada o enorme poeta Manoel de Barros (foto). Um texto do seu livro \u201cMem\u00f3rias Inventadas\u201d :<br \/>\n\u201cUm doutor veio formado de S\u00e3o Paulo. Almofadinha. Suspens\u00f3rios, colete, botina preta de presilhas. E um trejeito no andar de pomba-rolinha. No verbo, diga-se de logo, usava naftalina. Por caso, era um pern\u00f3stico no falar. Pessoas simples da cidade lhe admiravam a pose de doutor. Eu s\u00f3 via o casco. Fomos de tarde no Bar O Ponto. Ele, meu pai e este que vos fala. Este que vos fala era um rebelde adolescente. De pronto o Doutor falou pra meu pai: Meus parab\u00e9ns Seo Jo\u00e3o, parece que seu filho agora endireitou ! E meu pai: Ele nunca foi torto. Pintou um clima de urubu com mandioca entre n\u00f3s. O doutor pisou no rabo, eu pensei. Ele ainda perguntou: E o comunismo dele ? Est\u00e1 quarando na beira do rio entre as capivaras, o pai respondeu. O doutor se levantou da mesa e saiu com seu andar de vespa magoada.<\/p>\n<p style=\"text-align: justify;\"><strong>TRIPA<\/strong><br \/>\n* O jornalista Luis Cla\u00fadio Herm\u00f3genes foi um dos agraciados, ontem em solenidade no Espa\u00e7o Z. E assim a Semana da Consci\u00eancia Negra termina, depois de palestras, exposi\u00e7\u00f5es, debates e homenagens, com duas manifesta\u00e7\u00f5es festivas amanh\u00e3, dia 22. Na parte da tarde haver\u00e1 o tradicional encontro de representantes de religi\u00f5es de matriz africana no Parque Zumbi. \u00c9 uma festa bonita e quem puder comparecer, com certeza vai gostar. \u00c0 noite, come\u00e7ando \u00e0s 20 horas na Torres, o desfile da Beleza Negra e em seguida, fechando a Semana, um grande Baile Charme, com Birinha nas cabe\u00e7as. Beleza !! * O cineasta, diretor e roteirista Igor Bartchewski informa que as filmagens externas de \u201cA Margem da Face\u201d foram marcadas para acontecer entre os dias 1\u00ba e quatro de dezembro * Dia 29, tem a final do concurso de poesia promovido pelo Gr\u00eamio Liter\u00e1rio de Resende, os Jogos Florais. A premia\u00e7\u00e3o do concurso cujo tema este ano foi \u2018Inclus\u00e3o\u2019, come\u00e7a \u00e0s 9 horas no Espa\u00e7o Z * O Futebol So\u00e7aite Quarent\u00e3o da AABB chega ao final com a decis\u00e3o marcada para o dia 30 entre Casa da Lua e Turma da Pelada. Nas semi finais, um retrato das trajet\u00f3rias dos finalistas indicando o favoritismo do time da Casa da Lua. O Casa da Lua goleou seus advers\u00e1rio, o Real por 8 x 1 e 5 x 2, enquanto a Turma da Pelada empatou em 2 x 2 nos dois jogos chegando \u00e0 final por ter tido melhor campanha que o Ipiranga. Al\u00e9m disso registre-se a campanha irrepreens\u00edvel da Casa da Lua que venceu todos os jogos na competi\u00e7\u00e3o at\u00e9 agora. Mas decis\u00e3o \u00e9 decis\u00e3o e a Turma da Pelada tem camisa e tradi\u00e7\u00e3o no \u2018So\u00e7aite\u2019. O jogo est\u00e1 marcado para as 10h20min. Na preliminar, Real e Ipiranga disputam o 3\u00ba lugar (9h15min). Todos l\u00e1 !! *<\/p>\n<p style=\"text-align: justify;\"><strong>ANIVERS\u00c1RIOS<\/strong><br \/>\nDia 17, duas amigas sopraram velinhas, a Marisa Dias de Carvalho e a Jamile Whately. No dia 18 inauguraram idade nova a Mery Helen Figueiredo, a Sandrinha Palandi e a Vera L\u00facia Teixeira. Dia 19 mudaram de idade o Alexandre cunha, o Julio Reym\u00e3o e a Rosane Sant\u2019Anna. Neste 21 recebe os \u2018parab\u00e9ns\u2019, o Magno, da Padaria. Ele, que s\u00e1bado explodiu de felicidade recebendo amigos para o primeiro anivers\u00e1rio do neto Miguel. Mas uma das estrelinha da noite foi a Bela, a netinha. Amanh\u00e3, dia 22, conta mais um ano de vida a Karina Rita, minha colega de trabalho. Parab\u00e9ns e todas as felicidades do mundo a todos.<\/p>\n","protected":false},"excerpt":{"rendered":"<p>Zumbi \u00e9 her\u00f3i nacional \u00c9 a Semana da Consci\u00eancia Negra. Ontem dia 20, foi consagrado a Zumbi dos Palmares, her\u00f3i nacional que hoje d\u00e1<\/p>\n","protected":false},"author":1,"featured_media":0,"comment_status":"open","ping_status":"open","sticky":false,"template":"","format":"standard","meta":{"pmpro_default_level":"","footnotes":""},"categories":[13],"tags":[],"class_list":["post-26350","post","type-post","status-publish","format-standard","hentry","category-social","pmpro-has-access"],"yoast_head":"<!-- This site is optimized with the Yoast SEO plugin v27.4 - https:\/\/yoast.com\/product\/yoast-seo-wordpress\/ -->\n<title>La\u00eds Amaral - JORNAL BEIRA RIO<\/title>\n<meta name=\"robots\" content=\"index, follow, max-snippet:-1, max-image-preview:large, max-video-preview:-1\" \/>\n<link rel=\"canonical\" href=\"https:\/\/jornalbeirario.com.br\/portal\/?p=26350\" \/>\n<meta property=\"og:locale\" content=\"pt_BR\" \/>\n<meta property=\"og:type\" content=\"article\" \/>\n<meta property=\"og:title\" content=\"La\u00eds Amaral - JORNAL BEIRA RIO\" \/>\n<meta property=\"og:description\" content=\"Zumbi \u00e9 her\u00f3i nacional \u00c9 a Semana da Consci\u00eancia Negra. Ontem dia 20, foi consagrado a Zumbi dos Palmares, her\u00f3i nacional que hoje d\u00e1\" \/>\n<meta property=\"og:url\" content=\"https:\/\/jornalbeirario.com.br\/portal\/?p=26350\" \/>\n<meta property=\"og:site_name\" content=\"JORNAL BEIRA RIO\" \/>\n<meta property=\"article:published_time\" content=\"2014-11-21T02:21:42+00:00\" \/>\n<meta property=\"article:modified_time\" content=\"2014-11-21T02:23:47+00:00\" \/>\n<meta name=\"author\" content=\"Jornal BEIRA-RIO\" \/>\n<meta name=\"twitter:card\" content=\"summary_large_image\" \/>\n<meta name=\"twitter:label1\" content=\"Escrito por\" \/>\n\t<meta name=\"twitter:data1\" content=\"Jornal BEIRA-RIO\" \/>\n\t<meta name=\"twitter:label2\" content=\"Est. tempo de leitura\" \/>\n\t<meta name=\"twitter:data2\" content=\"4 minutos\" \/>\n<script type=\"application\/ld+json\" class=\"yoast-schema-graph\">{\"@context\":\"https:\\\/\\\/schema.org\",\"@graph\":[{\"@type\":\"Article\",\"@id\":\"https:\\\/\\\/jornalbeirario.com.br\\\/portal\\\/?p=26350#article\",\"isPartOf\":{\"@id\":\"https:\\\/\\\/jornalbeirario.com.br\\\/portal\\\/?p=26350\"},\"author\":{\"name\":\"Jornal BEIRA-RIO\",\"@id\":\"https:\\\/\\\/jornalbeirario.com.br\\\/portal\\\/#\\\/schema\\\/person\\\/c6c423e4c2465d2a9233f6539173e7c1\"},\"headline\":\"La\u00eds Amaral\",\"datePublished\":\"2014-11-21T02:21:42+00:00\",\"dateModified\":\"2014-11-21T02:23:47+00:00\",\"mainEntityOfPage\":{\"@id\":\"https:\\\/\\\/jornalbeirario.com.br\\\/portal\\\/?p=26350\"},\"wordCount\":860,\"commentCount\":0,\"publisher\":{\"@id\":\"https:\\\/\\\/jornalbeirario.com.br\\\/portal\\\/#organization\"},\"articleSection\":[\"Social\"],\"inLanguage\":\"pt-BR\",\"potentialAction\":[{\"@type\":\"CommentAction\",\"name\":\"Comment\",\"target\":[\"https:\\\/\\\/jornalbeirario.com.br\\\/portal\\\/?p=26350#respond\"]}]},{\"@type\":\"WebPage\",\"@id\":\"https:\\\/\\\/jornalbeirario.com.br\\\/portal\\\/?p=26350\",\"url\":\"https:\\\/\\\/jornalbeirario.com.br\\\/portal\\\/?p=26350\",\"name\":\"La\u00eds Amaral - JORNAL BEIRA RIO\",\"isPartOf\":{\"@id\":\"https:\\\/\\\/jornalbeirario.com.br\\\/portal\\\/#website\"},\"datePublished\":\"2014-11-21T02:21:42+00:00\",\"dateModified\":\"2014-11-21T02:23:47+00:00\",\"breadcrumb\":{\"@id\":\"https:\\\/\\\/jornalbeirario.com.br\\\/portal\\\/?p=26350#breadcrumb\"},\"inLanguage\":\"pt-BR\",\"potentialAction\":[{\"@type\":\"ReadAction\",\"target\":[\"https:\\\/\\\/jornalbeirario.com.br\\\/portal\\\/?p=26350\"]}]},{\"@type\":\"BreadcrumbList\",\"@id\":\"https:\\\/\\\/jornalbeirario.com.br\\\/portal\\\/?p=26350#breadcrumb\",\"itemListElement\":[{\"@type\":\"ListItem\",\"position\":1,\"name\":\"Home\",\"item\":\"https:\\\/\\\/jornalbeirario.com.br\\\/portal\"},{\"@type\":\"ListItem\",\"position\":2,\"name\":\"La\u00eds Amaral\"}]},{\"@type\":\"WebSite\",\"@id\":\"https:\\\/\\\/jornalbeirario.com.br\\\/portal\\\/#website\",\"url\":\"https:\\\/\\\/jornalbeirario.com.br\\\/portal\\\/\",\"name\":\"JORNAL BEIRA RIO\",\"description\":\"\",\"publisher\":{\"@id\":\"https:\\\/\\\/jornalbeirario.com.br\\\/portal\\\/#organization\"},\"potentialAction\":[{\"@type\":\"SearchAction\",\"target\":{\"@type\":\"EntryPoint\",\"urlTemplate\":\"https:\\\/\\\/jornalbeirario.com.br\\\/portal\\\/?s={search_term_string}\"},\"query-input\":{\"@type\":\"PropertyValueSpecification\",\"valueRequired\":true,\"valueName\":\"search_term_string\"}}],\"inLanguage\":\"pt-BR\"},{\"@type\":\"Organization\",\"@id\":\"https:\\\/\\\/jornalbeirario.com.br\\\/portal\\\/#organization\",\"name\":\"JORNAL BEIRA RIO\",\"url\":\"https:\\\/\\\/jornalbeirario.com.br\\\/portal\\\/\",\"logo\":{\"@type\":\"ImageObject\",\"inLanguage\":\"pt-BR\",\"@id\":\"https:\\\/\\\/jornalbeirario.com.br\\\/portal\\\/#\\\/schema\\\/logo\\\/image\\\/\",\"url\":\"https:\\\/\\\/jornalbeirario.com.br\\\/portal\\\/wp-content\\\/uploads\\\/2017\\\/09\\\/BEIRA-RIO_logo600.png\",\"contentUrl\":\"https:\\\/\\\/jornalbeirario.com.br\\\/portal\\\/wp-content\\\/uploads\\\/2017\\\/09\\\/BEIRA-RIO_logo600.png\",\"width\":650,\"height\":108,\"caption\":\"JORNAL BEIRA RIO\"},\"image\":{\"@id\":\"https:\\\/\\\/jornalbeirario.com.br\\\/portal\\\/#\\\/schema\\\/logo\\\/image\\\/\"}},{\"@type\":\"Person\",\"@id\":\"https:\\\/\\\/jornalbeirario.com.br\\\/portal\\\/#\\\/schema\\\/person\\\/c6c423e4c2465d2a9233f6539173e7c1\",\"name\":\"Jornal BEIRA-RIO\",\"image\":{\"@type\":\"ImageObject\",\"inLanguage\":\"pt-BR\",\"@id\":\"https:\\\/\\\/jornalbeirario.com.br\\\/portal\\\/wp-content\\\/uploads\\\/2023\\\/10\\\/logojbr1.jpg\",\"url\":\"https:\\\/\\\/jornalbeirario.com.br\\\/portal\\\/wp-content\\\/uploads\\\/2023\\\/10\\\/logojbr1.jpg\",\"contentUrl\":\"https:\\\/\\\/jornalbeirario.com.br\\\/portal\\\/wp-content\\\/uploads\\\/2023\\\/10\\\/logojbr1.jpg\",\"caption\":\"Jornal BEIRA-RIO\"},\"url\":\"https:\\\/\\\/jornalbeirario.com.br\\\/portal\\\/?author=1\"}]}<\/script>\n<!-- \/ Yoast SEO plugin. -->","yoast_head_json":{"title":"La\u00eds Amaral - JORNAL BEIRA RIO","robots":{"index":"index","follow":"follow","max-snippet":"max-snippet:-1","max-image-preview":"max-image-preview:large","max-video-preview":"max-video-preview:-1"},"canonical":"https:\/\/jornalbeirario.com.br\/portal\/?p=26350","og_locale":"pt_BR","og_type":"article","og_title":"La\u00eds Amaral - JORNAL BEIRA RIO","og_description":"Zumbi \u00e9 her\u00f3i nacional \u00c9 a Semana da Consci\u00eancia Negra. Ontem dia 20, foi consagrado a Zumbi dos Palmares, her\u00f3i nacional que hoje d\u00e1","og_url":"https:\/\/jornalbeirario.com.br\/portal\/?p=26350","og_site_name":"JORNAL BEIRA RIO","article_published_time":"2014-11-21T02:21:42+00:00","article_modified_time":"2014-11-21T02:23:47+00:00","author":"Jornal BEIRA-RIO","twitter_card":"summary_large_image","twitter_misc":{"Escrito por":"Jornal BEIRA-RIO","Est. tempo de leitura":"4 minutos"},"schema":{"@context":"https:\/\/schema.org","@graph":[{"@type":"Article","@id":"https:\/\/jornalbeirario.com.br\/portal\/?p=26350#article","isPartOf":{"@id":"https:\/\/jornalbeirario.com.br\/portal\/?p=26350"},"author":{"name":"Jornal BEIRA-RIO","@id":"https:\/\/jornalbeirario.com.br\/portal\/#\/schema\/person\/c6c423e4c2465d2a9233f6539173e7c1"},"headline":"La\u00eds Amaral","datePublished":"2014-11-21T02:21:42+00:00","dateModified":"2014-11-21T02:23:47+00:00","mainEntityOfPage":{"@id":"https:\/\/jornalbeirario.com.br\/portal\/?p=26350"},"wordCount":860,"commentCount":0,"publisher":{"@id":"https:\/\/jornalbeirario.com.br\/portal\/#organization"},"articleSection":["Social"],"inLanguage":"pt-BR","potentialAction":[{"@type":"CommentAction","name":"Comment","target":["https:\/\/jornalbeirario.com.br\/portal\/?p=26350#respond"]}]},{"@type":"WebPage","@id":"https:\/\/jornalbeirario.com.br\/portal\/?p=26350","url":"https:\/\/jornalbeirario.com.br\/portal\/?p=26350","name":"La\u00eds Amaral - JORNAL BEIRA RIO","isPartOf":{"@id":"https:\/\/jornalbeirario.com.br\/portal\/#website"},"datePublished":"2014-11-21T02:21:42+00:00","dateModified":"2014-11-21T02:23:47+00:00","breadcrumb":{"@id":"https:\/\/jornalbeirario.com.br\/portal\/?p=26350#breadcrumb"},"inLanguage":"pt-BR","potentialAction":[{"@type":"ReadAction","target":["https:\/\/jornalbeirario.com.br\/portal\/?p=26350"]}]},{"@type":"BreadcrumbList","@id":"https:\/\/jornalbeirario.com.br\/portal\/?p=26350#breadcrumb","itemListElement":[{"@type":"ListItem","position":1,"name":"Home","item":"https:\/\/jornalbeirario.com.br\/portal"},{"@type":"ListItem","position":2,"name":"La\u00eds Amaral"}]},{"@type":"WebSite","@id":"https:\/\/jornalbeirario.com.br\/portal\/#website","url":"https:\/\/jornalbeirario.com.br\/portal\/","name":"JORNAL BEIRA RIO","description":"","publisher":{"@id":"https:\/\/jornalbeirario.com.br\/portal\/#organization"},"potentialAction":[{"@type":"SearchAction","target":{"@type":"EntryPoint","urlTemplate":"https:\/\/jornalbeirario.com.br\/portal\/?s={search_term_string}"},"query-input":{"@type":"PropertyValueSpecification","valueRequired":true,"valueName":"search_term_string"}}],"inLanguage":"pt-BR"},{"@type":"Organization","@id":"https:\/\/jornalbeirario.com.br\/portal\/#organization","name":"JORNAL BEIRA RIO","url":"https:\/\/jornalbeirario.com.br\/portal\/","logo":{"@type":"ImageObject","inLanguage":"pt-BR","@id":"https:\/\/jornalbeirario.com.br\/portal\/#\/schema\/logo\/image\/","url":"https:\/\/jornalbeirario.com.br\/portal\/wp-content\/uploads\/2017\/09\/BEIRA-RIO_logo600.png","contentUrl":"https:\/\/jornalbeirario.com.br\/portal\/wp-content\/uploads\/2017\/09\/BEIRA-RIO_logo600.png","width":650,"height":108,"caption":"JORNAL BEIRA RIO"},"image":{"@id":"https:\/\/jornalbeirario.com.br\/portal\/#\/schema\/logo\/image\/"}},{"@type":"Person","@id":"https:\/\/jornalbeirario.com.br\/portal\/#\/schema\/person\/c6c423e4c2465d2a9233f6539173e7c1","name":"Jornal BEIRA-RIO","image":{"@type":"ImageObject","inLanguage":"pt-BR","@id":"https:\/\/jornalbeirario.com.br\/portal\/wp-content\/uploads\/2023\/10\/logojbr1.jpg","url":"https:\/\/jornalbeirario.com.br\/portal\/wp-content\/uploads\/2023\/10\/logojbr1.jpg","contentUrl":"https:\/\/jornalbeirario.com.br\/portal\/wp-content\/uploads\/2023\/10\/logojbr1.jpg","caption":"Jornal BEIRA-RIO"},"url":"https:\/\/jornalbeirario.com.br\/portal\/?author=1"}]}},"_links":{"self":[{"href":"https:\/\/jornalbeirario.com.br\/portal\/index.php?rest_route=\/wp\/v2\/posts\/26350","targetHints":{"allow":["GET"]}}],"collection":[{"href":"https:\/\/jornalbeirario.com.br\/portal\/index.php?rest_route=\/wp\/v2\/posts"}],"about":[{"href":"https:\/\/jornalbeirario.com.br\/portal\/index.php?rest_route=\/wp\/v2\/types\/post"}],"author":[{"embeddable":true,"href":"https:\/\/jornalbeirario.com.br\/portal\/index.php?rest_route=\/wp\/v2\/users\/1"}],"replies":[{"embeddable":true,"href":"https:\/\/jornalbeirario.com.br\/portal\/index.php?rest_route=%2Fwp%2Fv2%2Fcomments&post=26350"}],"version-history":[{"count":3,"href":"https:\/\/jornalbeirario.com.br\/portal\/index.php?rest_route=\/wp\/v2\/posts\/26350\/revisions"}],"predecessor-version":[{"id":26384,"href":"https:\/\/jornalbeirario.com.br\/portal\/index.php?rest_route=\/wp\/v2\/posts\/26350\/revisions\/26384"}],"wp:attachment":[{"href":"https:\/\/jornalbeirario.com.br\/portal\/index.php?rest_route=%2Fwp%2Fv2%2Fmedia&parent=26350"}],"wp:term":[{"taxonomy":"category","embeddable":true,"href":"https:\/\/jornalbeirario.com.br\/portal\/index.php?rest_route=%2Fwp%2Fv2%2Fcategories&post=26350"},{"taxonomy":"post_tag","embeddable":true,"href":"https:\/\/jornalbeirario.com.br\/portal\/index.php?rest_route=%2Fwp%2Fv2%2Ftags&post=26350"}],"curies":[{"name":"wp","href":"https:\/\/api.w.org\/{rel}","templated":true}]}}