
{"id":26215,"date":"2014-11-14T08:18:09","date_gmt":"2014-11-14T08:18:09","guid":{"rendered":"http:\/\/jornalbeirario.com.br\/portal\/portal\/?p=26215"},"modified":"2014-11-14T08:18:09","modified_gmt":"2014-11-14T08:18:09","slug":"quem-pensa-sos-para-hospital-de-emergencia","status":"publish","type":"post","link":"https:\/\/jornalbeirario.com.br\/portal\/?p=26215","title":{"rendered":"QUEM PENSA? SOS para Hospital de Emerg\u00eancia!"},"content":{"rendered":"<p style=\"text-align: justify;\">Se eu for v\u00edtima de algum acidente me leve para o Hospital de Emerg\u00eancia. Repito esta frase todas as vezes que cito a refer\u00eancia e a excel\u00eancia a que se prop\u00f5e o Hospital de Emerg\u00eancia Henrique S\u00e9rgio Gregori, cujo nome o atual governo \u2013 n\u00e3o se sabe bem as raz\u00f5es \u2013 nunca cita de forma completa. Mais conhecido apenas por Hospital de Emerg\u00eancia, essa importante unidade hospitalar tem passado por situa\u00e7\u00f5es preocupantes, chego a afirmar que est\u00e1 numa crise e em boa parte pela falta de habilidade do governo municipal em dialogar com os servidores, al\u00e9m \u00e9 claro, do excesso de cargos comissionados pouco familiarizados com as quest\u00f5es hospitalares. E ainda, a falta de cumprimento de normas b\u00e1sicas como as preconizadas pela CCIH (Comiss\u00e3o de Controle de Infec\u00e7\u00e3o Hospitalar) A CCIH tem o objetivo de prevenir e combater a infec\u00e7\u00e3o hospitalar. Ou ser\u00e1 que governo, secretaria de Sa\u00fade e dire\u00e7\u00e3o do hospital n\u00e3o levam em considera\u00e7\u00e3o tais normas imprescind\u00edveis \u00e0 qualidade do trabalho e atendimento \u00e0 popula\u00e7\u00e3o? N\u00e3o posso crer, afinal prefeito, secret\u00e1rio e diretores m\u00e9dicos devem ser os primeiros a exigir tal qualidade.<\/p>\n<p style=\"text-align: justify;\">Mas se \u00e9 assim, o que justifica, por exemplo, a falta de toucas e uniformes na grande maioria dos servidores \u2013 alguns fazendo uniforme com seu pr\u00f3prio dinheiro \u2013 assim como, o uso constante de celulares durante o hor\u00e1rio de trabalho? Este fato, gerando insatisfa\u00e7\u00f5es e at\u00e9 brigas, como a que aconteceu no final de semana passado.<\/p>\n<p style=\"text-align: justify;\">Isso mesmo. Infelizmente uma gesseira que preferiu o celular ao atendimento adequado \u00e0 uma acompanhante de paciente rec\u00e9m-operada chegou \u00e0s vias de fato, ou como preferiu definir o secret\u00e1rio de Sa\u00fade, Daniel Brito, ao \u201cenfrentamento f\u00edsico\u201d. Um absurdo. Inadmiss\u00edvel. Fico imaginando que se medidas en\u00e9rgicas uma apura\u00e7\u00e3o rigorosa do fato n\u00e3o ocorrerem, amanh\u00e3 ter\u00e1 servidor enfrentando fisicamente n\u00e3o apenas o usu\u00e1rio do SUS, mas o pr\u00f3prio secret\u00e1rio, qui\u00e7\u00e1, o prefeito.<\/p>\n<p style=\"text-align: justify;\">O uso de celular e redes sociais no servi\u00e7o p\u00fablico virou um s\u00e9rio problema, mas na Sa\u00fade isto n\u00e3o pode ser admitido sob o risco n\u00e3o apenas do mau atendimento, mas principalmente pelos riscos de infec\u00e7\u00e3o, afinal esse raio de celular que acompanha todo mundo atualmente, em todos os lugares \u2013 do banheiro ao refeit\u00f3rio \u2013 \u00e9 um agente de transmiss\u00e3o de doen\u00e7as e pelo jeito, no Hospital de Emerg\u00eancia tamb\u00e9m de brigas.<\/p>\n<p style=\"text-align: justify;\">A paciente que estava aguardando uma ambul\u00e2ncia, rec\u00e9m-operada, mas de alta, come\u00e7ou a passar mal vendo sua acompanhante na briga e vomitou; outras pacientes choraram e ficaram muito nervosas. A Pol\u00edcia foi chamada e logo o corporativismo tomou conta da situa\u00e7\u00e3o, querendo responsabilizar apenas a acompanhante pela confus\u00e3o. O secret\u00e1rio Daniel Brito informou que a servidora foi afastada e que uma sindic\u00e2ncia interna j\u00e1 acontece sob a responsabilidade do departamento jur\u00eddico do Hospital de Emerg\u00eancia. Esperamos realmente o rigor nessa apura\u00e7\u00e3o, mas tamb\u00e9m uma reflex\u00e3o, seguida de medidas que minimizem a insatisfa\u00e7\u00e3o crescente tamb\u00e9m dentro do hospital. Tudo bem, que o pessoal da sa\u00fade n\u00e3o \u00e9 obrigado a entender de endomarketing, mas j\u00e1 passou da hora de negligenciar o clamor dos servidores por melhores condi\u00e7\u00f5es de trabalho e principalmente salariais.<\/p>\n<p style=\"text-align: justify;\">A falta de dinheiro j\u00e1 anunciada pelo governo municipal, que levou inclusive \u00e0 determina\u00e7\u00e3o de redu\u00e7\u00e3o dos gastos das secretarias em pelo menos 20%, \u00e9 uma realidade de um governo que deixou de priorizar quest\u00f5es s\u00e9rias como a sa\u00fade e a educa\u00e7\u00e3o para criar marcas governamentais recheadas de caquinhos coloridos e passarela in\u00fatil, entre outras a\u00e7\u00f5es que gastam o dinheiro p\u00fablico sem cerim\u00f4nia e sem necessidade.<\/p>\n<p style=\"text-align: justify;\">Estou como presidente do Conselho Municipal de Sa\u00fade e como tal n\u00e3o me furtarei em fazer que os assuntos p\u00fablicos ganhem a relev\u00e2ncia que precisam. Tenho que destacar que o secret\u00e1rio de Sa\u00fade tem sido correto ao disponibilizar n\u00e3o apenas para o Conselho, mas para qualquer cidad\u00e3o, as informa\u00e7\u00f5es que dizem respeito \u00e0 sa\u00fade no munic\u00edpio. Postura que n\u00e3o encontramos em outras secretarias e nem por parte do pr\u00f3prio prefeito que tenta calar at\u00e9 sindicato (leia mat\u00e9ria nas p\u00e1ginas 11 e 12). Tamb\u00e9m acredito que dr Daniel Brito enfrente, at\u00e9 mesmo dentro de sua Secretaria, resist\u00eancias para que as coisas aconte\u00e7am sem o v\u00e9u da obscuridade e sem o ran\u00e7o cultural do \u201cdeixa do jeito que est\u00e1\u201d ou ainda dos que acreditam que est\u00e3o acima do bem e do mal.<\/p>\n<p style=\"text-align: justify;\">Acompanharemos o resultado desta sindic\u00e2ncia e tornaremos p\u00fablica, na tentativa de evitarmos novos epis\u00f3dios como este do Hospital de Emerg\u00eancia, mas o problema desta importante unidade hospitalar, dotada de profissionais muito competentes e de import\u00e2ncia \u00edmpar para o munic\u00edpio, vai muito al\u00e9m da apura\u00e7\u00e3o de uma briga. Penso, que ou a dire\u00e7\u00e3o do hospital ouve os servidores e come\u00e7a um di\u00e1logo aberto e sincero e faz valer as determina\u00e7\u00f5es e normas de seguran\u00e7a e de controles ou corremos o risco de figurar nos telejornais que mostram as mais terr\u00edveis mazelas dos hospitais existentes no Brasil. Queremos isso? Eu n\u00e3o!<\/p>\n<p style=\"text-align: justify;\">Ana L\u00facia<br \/>\neditora do jornal BEIRA-RIO<br \/>\npresidente do Conselho Municipal de Sa\u00fade<br \/>\nanalucia@jornalbeirario.com.br<\/p>\n","protected":false},"excerpt":{"rendered":"<p>Se eu for v\u00edtima de algum acidente me leve para o Hospital de Emerg\u00eancia. Repito esta frase todas as vezes que cito a refer\u00eancia<\/p>\n","protected":false},"author":1,"featured_media":0,"comment_status":"open","ping_status":"open","sticky":false,"template":"","format":"standard","meta":{"pmpro_default_level":"","footnotes":""},"categories":[8],"tags":[],"class_list":["post-26215","post","type-post","status-publish","format-standard","hentry","category-opiniao","pmpro-has-access"],"yoast_head":"<!-- This site is optimized with the Yoast SEO plugin v27.4 - https:\/\/yoast.com\/product\/yoast-seo-wordpress\/ -->\n<title>QUEM PENSA? SOS para Hospital de Emerg\u00eancia! - JORNAL BEIRA RIO<\/title>\n<meta name=\"robots\" content=\"index, follow, max-snippet:-1, max-image-preview:large, max-video-preview:-1\" \/>\n<link rel=\"canonical\" href=\"https:\/\/jornalbeirario.com.br\/portal\/?p=26215\" \/>\n<meta property=\"og:locale\" content=\"pt_BR\" \/>\n<meta property=\"og:type\" content=\"article\" \/>\n<meta property=\"og:title\" content=\"QUEM PENSA? SOS para Hospital de Emerg\u00eancia! - JORNAL BEIRA RIO\" \/>\n<meta property=\"og:description\" content=\"Se eu for v\u00edtima de algum acidente me leve para o Hospital de Emerg\u00eancia. Repito esta frase todas as vezes que cito a refer\u00eancia\" \/>\n<meta property=\"og:url\" content=\"https:\/\/jornalbeirario.com.br\/portal\/?p=26215\" \/>\n<meta property=\"og:site_name\" content=\"JORNAL BEIRA RIO\" \/>\n<meta property=\"article:published_time\" content=\"2014-11-14T08:18:09+00:00\" \/>\n<meta name=\"author\" content=\"Jornal BEIRA-RIO\" \/>\n<meta name=\"twitter:card\" content=\"summary_large_image\" \/>\n<meta name=\"twitter:label1\" content=\"Escrito por\" \/>\n\t<meta name=\"twitter:data1\" content=\"Jornal BEIRA-RIO\" \/>\n\t<meta name=\"twitter:label2\" content=\"Est. tempo de leitura\" \/>\n\t<meta name=\"twitter:data2\" content=\"5 minutos\" \/>\n<script type=\"application\/ld+json\" class=\"yoast-schema-graph\">{\"@context\":\"https:\\\/\\\/schema.org\",\"@graph\":[{\"@type\":\"Article\",\"@id\":\"https:\\\/\\\/jornalbeirario.com.br\\\/portal\\\/?p=26215#article\",\"isPartOf\":{\"@id\":\"https:\\\/\\\/jornalbeirario.com.br\\\/portal\\\/?p=26215\"},\"author\":{\"name\":\"Jornal BEIRA-RIO\",\"@id\":\"https:\\\/\\\/jornalbeirario.com.br\\\/portal\\\/#\\\/schema\\\/person\\\/c6c423e4c2465d2a9233f6539173e7c1\"},\"headline\":\"QUEM PENSA? SOS para Hospital de Emerg\u00eancia!\",\"datePublished\":\"2014-11-14T08:18:09+00:00\",\"mainEntityOfPage\":{\"@id\":\"https:\\\/\\\/jornalbeirario.com.br\\\/portal\\\/?p=26215\"},\"wordCount\":933,\"commentCount\":0,\"publisher\":{\"@id\":\"https:\\\/\\\/jornalbeirario.com.br\\\/portal\\\/#organization\"},\"articleSection\":[\"Opini\u00e3o\"],\"inLanguage\":\"pt-BR\",\"potentialAction\":[{\"@type\":\"CommentAction\",\"name\":\"Comment\",\"target\":[\"https:\\\/\\\/jornalbeirario.com.br\\\/portal\\\/?p=26215#respond\"]}]},{\"@type\":\"WebPage\",\"@id\":\"https:\\\/\\\/jornalbeirario.com.br\\\/portal\\\/?p=26215\",\"url\":\"https:\\\/\\\/jornalbeirario.com.br\\\/portal\\\/?p=26215\",\"name\":\"QUEM PENSA? SOS para Hospital de Emerg\u00eancia! - JORNAL BEIRA RIO\",\"isPartOf\":{\"@id\":\"https:\\\/\\\/jornalbeirario.com.br\\\/portal\\\/#website\"},\"datePublished\":\"2014-11-14T08:18:09+00:00\",\"breadcrumb\":{\"@id\":\"https:\\\/\\\/jornalbeirario.com.br\\\/portal\\\/?p=26215#breadcrumb\"},\"inLanguage\":\"pt-BR\",\"potentialAction\":[{\"@type\":\"ReadAction\",\"target\":[\"https:\\\/\\\/jornalbeirario.com.br\\\/portal\\\/?p=26215\"]}]},{\"@type\":\"BreadcrumbList\",\"@id\":\"https:\\\/\\\/jornalbeirario.com.br\\\/portal\\\/?p=26215#breadcrumb\",\"itemListElement\":[{\"@type\":\"ListItem\",\"position\":1,\"name\":\"Home\",\"item\":\"https:\\\/\\\/jornalbeirario.com.br\\\/portal\"},{\"@type\":\"ListItem\",\"position\":2,\"name\":\"QUEM PENSA? SOS para Hospital de Emerg\u00eancia!\"}]},{\"@type\":\"WebSite\",\"@id\":\"https:\\\/\\\/jornalbeirario.com.br\\\/portal\\\/#website\",\"url\":\"https:\\\/\\\/jornalbeirario.com.br\\\/portal\\\/\",\"name\":\"JORNAL BEIRA RIO\",\"description\":\"\",\"publisher\":{\"@id\":\"https:\\\/\\\/jornalbeirario.com.br\\\/portal\\\/#organization\"},\"potentialAction\":[{\"@type\":\"SearchAction\",\"target\":{\"@type\":\"EntryPoint\",\"urlTemplate\":\"https:\\\/\\\/jornalbeirario.com.br\\\/portal\\\/?s={search_term_string}\"},\"query-input\":{\"@type\":\"PropertyValueSpecification\",\"valueRequired\":true,\"valueName\":\"search_term_string\"}}],\"inLanguage\":\"pt-BR\"},{\"@type\":\"Organization\",\"@id\":\"https:\\\/\\\/jornalbeirario.com.br\\\/portal\\\/#organization\",\"name\":\"JORNAL BEIRA RIO\",\"url\":\"https:\\\/\\\/jornalbeirario.com.br\\\/portal\\\/\",\"logo\":{\"@type\":\"ImageObject\",\"inLanguage\":\"pt-BR\",\"@id\":\"https:\\\/\\\/jornalbeirario.com.br\\\/portal\\\/#\\\/schema\\\/logo\\\/image\\\/\",\"url\":\"https:\\\/\\\/jornalbeirario.com.br\\\/portal\\\/wp-content\\\/uploads\\\/2017\\\/09\\\/BEIRA-RIO_logo600.png\",\"contentUrl\":\"https:\\\/\\\/jornalbeirario.com.br\\\/portal\\\/wp-content\\\/uploads\\\/2017\\\/09\\\/BEIRA-RIO_logo600.png\",\"width\":650,\"height\":108,\"caption\":\"JORNAL BEIRA RIO\"},\"image\":{\"@id\":\"https:\\\/\\\/jornalbeirario.com.br\\\/portal\\\/#\\\/schema\\\/logo\\\/image\\\/\"}},{\"@type\":\"Person\",\"@id\":\"https:\\\/\\\/jornalbeirario.com.br\\\/portal\\\/#\\\/schema\\\/person\\\/c6c423e4c2465d2a9233f6539173e7c1\",\"name\":\"Jornal BEIRA-RIO\",\"image\":{\"@type\":\"ImageObject\",\"inLanguage\":\"pt-BR\",\"@id\":\"https:\\\/\\\/jornalbeirario.com.br\\\/portal\\\/wp-content\\\/uploads\\\/2023\\\/10\\\/logojbr1.jpg\",\"url\":\"https:\\\/\\\/jornalbeirario.com.br\\\/portal\\\/wp-content\\\/uploads\\\/2023\\\/10\\\/logojbr1.jpg\",\"contentUrl\":\"https:\\\/\\\/jornalbeirario.com.br\\\/portal\\\/wp-content\\\/uploads\\\/2023\\\/10\\\/logojbr1.jpg\",\"caption\":\"Jornal BEIRA-RIO\"},\"url\":\"https:\\\/\\\/jornalbeirario.com.br\\\/portal\\\/?author=1\"}]}<\/script>\n<!-- \/ Yoast SEO plugin. -->","yoast_head_json":{"title":"QUEM PENSA? SOS para Hospital de Emerg\u00eancia! - JORNAL BEIRA RIO","robots":{"index":"index","follow":"follow","max-snippet":"max-snippet:-1","max-image-preview":"max-image-preview:large","max-video-preview":"max-video-preview:-1"},"canonical":"https:\/\/jornalbeirario.com.br\/portal\/?p=26215","og_locale":"pt_BR","og_type":"article","og_title":"QUEM PENSA? SOS para Hospital de Emerg\u00eancia! - JORNAL BEIRA RIO","og_description":"Se eu for v\u00edtima de algum acidente me leve para o Hospital de Emerg\u00eancia. Repito esta frase todas as vezes que cito a refer\u00eancia","og_url":"https:\/\/jornalbeirario.com.br\/portal\/?p=26215","og_site_name":"JORNAL BEIRA RIO","article_published_time":"2014-11-14T08:18:09+00:00","author":"Jornal BEIRA-RIO","twitter_card":"summary_large_image","twitter_misc":{"Escrito por":"Jornal BEIRA-RIO","Est. tempo de leitura":"5 minutos"},"schema":{"@context":"https:\/\/schema.org","@graph":[{"@type":"Article","@id":"https:\/\/jornalbeirario.com.br\/portal\/?p=26215#article","isPartOf":{"@id":"https:\/\/jornalbeirario.com.br\/portal\/?p=26215"},"author":{"name":"Jornal BEIRA-RIO","@id":"https:\/\/jornalbeirario.com.br\/portal\/#\/schema\/person\/c6c423e4c2465d2a9233f6539173e7c1"},"headline":"QUEM PENSA? SOS para Hospital de Emerg\u00eancia!","datePublished":"2014-11-14T08:18:09+00:00","mainEntityOfPage":{"@id":"https:\/\/jornalbeirario.com.br\/portal\/?p=26215"},"wordCount":933,"commentCount":0,"publisher":{"@id":"https:\/\/jornalbeirario.com.br\/portal\/#organization"},"articleSection":["Opini\u00e3o"],"inLanguage":"pt-BR","potentialAction":[{"@type":"CommentAction","name":"Comment","target":["https:\/\/jornalbeirario.com.br\/portal\/?p=26215#respond"]}]},{"@type":"WebPage","@id":"https:\/\/jornalbeirario.com.br\/portal\/?p=26215","url":"https:\/\/jornalbeirario.com.br\/portal\/?p=26215","name":"QUEM PENSA? SOS para Hospital de Emerg\u00eancia! - JORNAL BEIRA RIO","isPartOf":{"@id":"https:\/\/jornalbeirario.com.br\/portal\/#website"},"datePublished":"2014-11-14T08:18:09+00:00","breadcrumb":{"@id":"https:\/\/jornalbeirario.com.br\/portal\/?p=26215#breadcrumb"},"inLanguage":"pt-BR","potentialAction":[{"@type":"ReadAction","target":["https:\/\/jornalbeirario.com.br\/portal\/?p=26215"]}]},{"@type":"BreadcrumbList","@id":"https:\/\/jornalbeirario.com.br\/portal\/?p=26215#breadcrumb","itemListElement":[{"@type":"ListItem","position":1,"name":"Home","item":"https:\/\/jornalbeirario.com.br\/portal"},{"@type":"ListItem","position":2,"name":"QUEM PENSA? SOS para Hospital de Emerg\u00eancia!"}]},{"@type":"WebSite","@id":"https:\/\/jornalbeirario.com.br\/portal\/#website","url":"https:\/\/jornalbeirario.com.br\/portal\/","name":"JORNAL BEIRA RIO","description":"","publisher":{"@id":"https:\/\/jornalbeirario.com.br\/portal\/#organization"},"potentialAction":[{"@type":"SearchAction","target":{"@type":"EntryPoint","urlTemplate":"https:\/\/jornalbeirario.com.br\/portal\/?s={search_term_string}"},"query-input":{"@type":"PropertyValueSpecification","valueRequired":true,"valueName":"search_term_string"}}],"inLanguage":"pt-BR"},{"@type":"Organization","@id":"https:\/\/jornalbeirario.com.br\/portal\/#organization","name":"JORNAL BEIRA RIO","url":"https:\/\/jornalbeirario.com.br\/portal\/","logo":{"@type":"ImageObject","inLanguage":"pt-BR","@id":"https:\/\/jornalbeirario.com.br\/portal\/#\/schema\/logo\/image\/","url":"https:\/\/jornalbeirario.com.br\/portal\/wp-content\/uploads\/2017\/09\/BEIRA-RIO_logo600.png","contentUrl":"https:\/\/jornalbeirario.com.br\/portal\/wp-content\/uploads\/2017\/09\/BEIRA-RIO_logo600.png","width":650,"height":108,"caption":"JORNAL BEIRA RIO"},"image":{"@id":"https:\/\/jornalbeirario.com.br\/portal\/#\/schema\/logo\/image\/"}},{"@type":"Person","@id":"https:\/\/jornalbeirario.com.br\/portal\/#\/schema\/person\/c6c423e4c2465d2a9233f6539173e7c1","name":"Jornal BEIRA-RIO","image":{"@type":"ImageObject","inLanguage":"pt-BR","@id":"https:\/\/jornalbeirario.com.br\/portal\/wp-content\/uploads\/2023\/10\/logojbr1.jpg","url":"https:\/\/jornalbeirario.com.br\/portal\/wp-content\/uploads\/2023\/10\/logojbr1.jpg","contentUrl":"https:\/\/jornalbeirario.com.br\/portal\/wp-content\/uploads\/2023\/10\/logojbr1.jpg","caption":"Jornal BEIRA-RIO"},"url":"https:\/\/jornalbeirario.com.br\/portal\/?author=1"}]}},"_links":{"self":[{"href":"https:\/\/jornalbeirario.com.br\/portal\/index.php?rest_route=\/wp\/v2\/posts\/26215","targetHints":{"allow":["GET"]}}],"collection":[{"href":"https:\/\/jornalbeirario.com.br\/portal\/index.php?rest_route=\/wp\/v2\/posts"}],"about":[{"href":"https:\/\/jornalbeirario.com.br\/portal\/index.php?rest_route=\/wp\/v2\/types\/post"}],"author":[{"embeddable":true,"href":"https:\/\/jornalbeirario.com.br\/portal\/index.php?rest_route=\/wp\/v2\/users\/1"}],"replies":[{"embeddable":true,"href":"https:\/\/jornalbeirario.com.br\/portal\/index.php?rest_route=%2Fwp%2Fv2%2Fcomments&post=26215"}],"version-history":[{"count":3,"href":"https:\/\/jornalbeirario.com.br\/portal\/index.php?rest_route=\/wp\/v2\/posts\/26215\/revisions"}],"predecessor-version":[{"id":26231,"href":"https:\/\/jornalbeirario.com.br\/portal\/index.php?rest_route=\/wp\/v2\/posts\/26215\/revisions\/26231"}],"wp:attachment":[{"href":"https:\/\/jornalbeirario.com.br\/portal\/index.php?rest_route=%2Fwp%2Fv2%2Fmedia&parent=26215"}],"wp:term":[{"taxonomy":"category","embeddable":true,"href":"https:\/\/jornalbeirario.com.br\/portal\/index.php?rest_route=%2Fwp%2Fv2%2Fcategories&post=26215"},{"taxonomy":"post_tag","embeddable":true,"href":"https:\/\/jornalbeirario.com.br\/portal\/index.php?rest_route=%2Fwp%2Fv2%2Ftags&post=26215"}],"curies":[{"name":"wp","href":"https:\/\/api.w.org\/{rel}","templated":true}]}}