
{"id":26201,"date":"2014-11-14T08:19:06","date_gmt":"2014-11-14T08:19:06","guid":{"rendered":"http:\/\/jornalbeirario.com.br\/portal\/portal\/?p=26201"},"modified":"2014-11-14T08:19:06","modified_gmt":"2014-11-14T08:19:06","slug":"lais-amaral-72","status":"publish","type":"post","link":"https:\/\/jornalbeirario.com.br\/portal\/?p=26201","title":{"rendered":"La\u00eds Amaral"},"content":{"rendered":"<p style=\"text-align: justify;\"><strong>Domingo tem Feira Sertaneja<\/strong><br \/>\nDomingo, (16), \u00e9 dia de \u2018Feira Sertaneja\u2019 no Parque de Exposi\u00e7\u00f5es, a partir das 9 horas, com entrada de gra\u00e7a. A proposta \u00e9 de divulgar a atividade rural com destaque para a m\u00fasica, a culin\u00e1ria e o artesanato local. A programa\u00e7\u00e3o musical come\u00e7a \u00e0s 10 horas com apresenta\u00e7\u00f5es de seresteiros e violeiros e, a partir das 15 horas, o \u2018Bail\u00e3o\u2019 com a banda de forr\u00f3 Rio Minas, atra\u00e7\u00e3o principal desta edi\u00e7\u00e3o. O visitante poder\u00e1 conferir ainda produtos t\u00edpicos da ro\u00e7a, frutas, verduras, hortali\u00e7as, doces, bebidas e diversos tipos de queijo feitos por produtores rurais do munic\u00edpio. E mais: artesanato variado em madeira, tecido, croch\u00ea e outros materiais. A feira vai at\u00e9 \u00e0s 19 horas. O evento \u00e9 promovido pela Prefeitura, por meio da Secretaria Municipal de Agricultura e Pecu\u00e1ria e pela Associa\u00e7\u00e3o de Sertanejos da cidade.<\/p>\n<p style=\"text-align: justify;\"><strong>Festival de M\u00fasica de Resende: Aprovado !<\/strong><br \/>\nO Festival de M\u00fasica deste ano repetiu o sucesso do ano passado no quesito qualidade. E o festival \u00e9 um encontro muito legal. Vem gente muito boa de m\u00fasica de v\u00e1rias partes do pa\u00eds. Depois de mais de uma centena de inscritos a pr\u00e9-sele\u00e7\u00e3o definiu 20 finalistas que foram divididos em duas semifinais com dez concorrentes cada. Para a grande final no s\u00e1bado passado no Cine Vit\u00f3ria, foram oito can\u00e7\u00f5es. Duas de Resende. A m\u00fasica vencedora Casulo na Moldura, de Carlos Gomes, de Praia Grande (SP), levou tamb\u00e9m o premio de melhor interprete, com uma emocionante interpreta\u00e7\u00e3o de Iv\u00e2nia Catarina. O segundo foi, Pelos Cantos, de Kiko Zamarian e Tavinho Lima, da Ilha Solteira (SP), e em terceiro, Bal\u00e9 Tonto do Vaqueiro, de Oliveira do Cear\u00e1, de Campina Grande (PB). O festival premiou este ano a melhor can\u00e7\u00e3o local, que foi Sert\u00e3o Cantador, do Thiago Zaidan. O melhor instrumentista foi Jairo Queiroz (flautista) na can\u00e7\u00e3o \u2018Rostos Diferentes\u2019, da Rafaela Rodrigues. Quem n\u00e3o pode curtir o festival ainda tem tempo de conferir as 20 can\u00e7\u00f5es concorrentes no hotsite do evento, que pode ser acessado pelo endere\u00e7o eletr\u00f4nico www.resende.rj.gov.br at\u00e9 a pr\u00f3xima semana. Parab\u00e9ns ao \u00c2ngelo Tramezzino e a toda a equipe da Casa da Cultura. Valeu !!!<\/p>\n<p style=\"text-align: justify;\"><strong>TRIPA<\/strong><br \/>\n* Segue at\u00e9 o dia 30, a Temporada da Truta na regi\u00e3o de Visconde de Mau\u00e1. \u00c9 um luxo, n\u00e9 n\u00e3o ?! Pra fugir do calor daqui de baixo nada como passar algum tempo na montanha. Mais informa\u00e7\u00f5es sobre a Temporada no site bit.ly\/1wrj0oa. E em dezembro o novo charme da alta Mantiqueira: Cinema na Mesa. Volto ao assunto * Na pr\u00f3xima quarta-feira, dia 19, das 18 \u00e0s 21 horas o alpinista Waldemar Niclevicz estar\u00e1 lan\u00e7ando o seu livro na sede do GEAN (Grupo Excursionista Agulhas Negras), na Pra\u00e7a Esperanto, 26 sala 01, em cima do Rei dos Salgadinhos. Beleza ! * E como est\u00e1 bonita a revista Panorama, da CDL Resende, hein ! * Os Jogos Florais de Resende deste ano tem como tema: \u2018Inclus\u00e3o\u2019. O encerramento deste tradicional concurso de poesia ser\u00e1 no dia 29 de novembro no Espa\u00e7o \u201cZ\u201d, a partir das 9 horas * O Sal\u00e3o da Primavera ser\u00e1 encerrado hoje (dia 14), mas a Melissa Barreti, diretora do MAM avisa que vem a\u00ed mais uma exposi\u00e7\u00e3o, com in\u00edcio na primeira semana de dezembro * A associa\u00e7\u00e3o de hot\u00e9is de Resende acaba de lan\u00e7ar um site superlegal: www.hoteisemresende.com.br. O Eduardo Lemos est\u00e1 feliz da vida com a nova ferramenta dos hoteleiros * O j\u00fari do festival de m\u00fasica de Resende foi formado pelo diretor Art\u00edstico do Sistema Porto Real de Comunica\u00e7\u00e3o, Carlos Alberto Cruz; pelo m\u00fasico F\u00e1bio Monteiro; pelo instrumentista e compositor Guga Murray; pelo maestro Jos\u00e9 Geraldo Aniceto; pelo instrumentista e arranjador Jos\u00e9 Israel de Paula; pelo m\u00fasico Rafael Procaci, pela cantora e coordenadora da Escola de Artes Maestro Vicente Aniceto Sena, Sanny Alves, pelo Tenente Mathias, da banda da Aman e por mim. Foi um trabalh\u00e3o * Domingo vou almo\u00e7ar no novo endere\u00e7o do Odylo Franco e da Maria Carmem. Em frente \u00e0 Emater, em Campos El\u00edseos.<\/p>\n<p style=\"text-align: justify;\"><strong>ANIVERS\u00c1RIOS<\/strong><br \/>\nAmanh\u00e3, sopra uma velinha o M\u00e1rio, neto do Magno da padaria. Na verdade o anivers\u00e1rio foi dia 5, amanh\u00e3 \u00e9 a comemora\u00e7\u00e3o. Tamb\u00e9m mudam de idade neste dia 15 o Reinaldo Lisboa e o M\u00e1rcio Fabian. Um vasca\u00edno e um rubronegro, juntos, s\u00f3 mesmo no calend\u00e1rio. No dia 16 inaugura idade nova o meu colega de trabalho, M\u00e1rio Vieira, o cantor Abiud e o \u2018boa pra\u00e7a\u2019, Lauro Machado. Dia 21 recebe os \u2018parab\u00e9ns\u2019, a colega de trabalho, Karina Rita. Parab\u00e9ns e todas as felicidades do mundo a todos eles.<\/p>\n","protected":false},"excerpt":{"rendered":"<p>Domingo tem Feira Sertaneja Domingo, (16), \u00e9 dia de \u2018Feira Sertaneja\u2019 no Parque de Exposi\u00e7\u00f5es, a partir das 9 horas, com entrada de gra\u00e7a.<\/p>\n","protected":false},"author":1,"featured_media":0,"comment_status":"open","ping_status":"open","sticky":false,"template":"","format":"standard","meta":{"pmpro_default_level":"","footnotes":""},"categories":[13],"tags":[],"class_list":["post-26201","post","type-post","status-publish","format-standard","hentry","category-social","pmpro-has-access"],"yoast_head":"<!-- This site is optimized with the Yoast SEO plugin v27.4 - https:\/\/yoast.com\/product\/yoast-seo-wordpress\/ -->\n<title>La\u00eds Amaral - JORNAL BEIRA RIO<\/title>\n<meta name=\"robots\" content=\"index, follow, max-snippet:-1, max-image-preview:large, max-video-preview:-1\" \/>\n<link rel=\"canonical\" href=\"https:\/\/jornalbeirario.com.br\/portal\/?p=26201\" \/>\n<meta property=\"og:locale\" content=\"pt_BR\" \/>\n<meta property=\"og:type\" content=\"article\" \/>\n<meta property=\"og:title\" content=\"La\u00eds Amaral - JORNAL BEIRA RIO\" \/>\n<meta property=\"og:description\" content=\"Domingo tem Feira Sertaneja Domingo, (16), \u00e9 dia de \u2018Feira Sertaneja\u2019 no Parque de Exposi\u00e7\u00f5es, a partir das 9 horas, com entrada de gra\u00e7a.\" \/>\n<meta property=\"og:url\" content=\"https:\/\/jornalbeirario.com.br\/portal\/?p=26201\" \/>\n<meta property=\"og:site_name\" content=\"JORNAL BEIRA RIO\" \/>\n<meta property=\"article:published_time\" content=\"2014-11-14T08:19:06+00:00\" \/>\n<meta name=\"author\" content=\"Jornal BEIRA-RIO\" \/>\n<meta name=\"twitter:card\" content=\"summary_large_image\" \/>\n<meta name=\"twitter:label1\" content=\"Escrito por\" \/>\n\t<meta name=\"twitter:data1\" content=\"Jornal BEIRA-RIO\" \/>\n\t<meta name=\"twitter:label2\" content=\"Est. tempo de leitura\" \/>\n\t<meta name=\"twitter:data2\" content=\"4 minutos\" \/>\n<script type=\"application\/ld+json\" class=\"yoast-schema-graph\">{\"@context\":\"https:\\\/\\\/schema.org\",\"@graph\":[{\"@type\":\"Article\",\"@id\":\"https:\\\/\\\/jornalbeirario.com.br\\\/portal\\\/?p=26201#article\",\"isPartOf\":{\"@id\":\"https:\\\/\\\/jornalbeirario.com.br\\\/portal\\\/?p=26201\"},\"author\":{\"name\":\"Jornal BEIRA-RIO\",\"@id\":\"https:\\\/\\\/jornalbeirario.com.br\\\/portal\\\/#\\\/schema\\\/person\\\/c6c423e4c2465d2a9233f6539173e7c1\"},\"headline\":\"La\u00eds Amaral\",\"datePublished\":\"2014-11-14T08:19:06+00:00\",\"mainEntityOfPage\":{\"@id\":\"https:\\\/\\\/jornalbeirario.com.br\\\/portal\\\/?p=26201\"},\"wordCount\":796,\"commentCount\":0,\"publisher\":{\"@id\":\"https:\\\/\\\/jornalbeirario.com.br\\\/portal\\\/#organization\"},\"articleSection\":[\"Social\"],\"inLanguage\":\"pt-BR\",\"potentialAction\":[{\"@type\":\"CommentAction\",\"name\":\"Comment\",\"target\":[\"https:\\\/\\\/jornalbeirario.com.br\\\/portal\\\/?p=26201#respond\"]}]},{\"@type\":\"WebPage\",\"@id\":\"https:\\\/\\\/jornalbeirario.com.br\\\/portal\\\/?p=26201\",\"url\":\"https:\\\/\\\/jornalbeirario.com.br\\\/portal\\\/?p=26201\",\"name\":\"La\u00eds Amaral - JORNAL BEIRA RIO\",\"isPartOf\":{\"@id\":\"https:\\\/\\\/jornalbeirario.com.br\\\/portal\\\/#website\"},\"datePublished\":\"2014-11-14T08:19:06+00:00\",\"breadcrumb\":{\"@id\":\"https:\\\/\\\/jornalbeirario.com.br\\\/portal\\\/?p=26201#breadcrumb\"},\"inLanguage\":\"pt-BR\",\"potentialAction\":[{\"@type\":\"ReadAction\",\"target\":[\"https:\\\/\\\/jornalbeirario.com.br\\\/portal\\\/?p=26201\"]}]},{\"@type\":\"BreadcrumbList\",\"@id\":\"https:\\\/\\\/jornalbeirario.com.br\\\/portal\\\/?p=26201#breadcrumb\",\"itemListElement\":[{\"@type\":\"ListItem\",\"position\":1,\"name\":\"Home\",\"item\":\"https:\\\/\\\/jornalbeirario.com.br\\\/portal\"},{\"@type\":\"ListItem\",\"position\":2,\"name\":\"La\u00eds Amaral\"}]},{\"@type\":\"WebSite\",\"@id\":\"https:\\\/\\\/jornalbeirario.com.br\\\/portal\\\/#website\",\"url\":\"https:\\\/\\\/jornalbeirario.com.br\\\/portal\\\/\",\"name\":\"JORNAL BEIRA RIO\",\"description\":\"\",\"publisher\":{\"@id\":\"https:\\\/\\\/jornalbeirario.com.br\\\/portal\\\/#organization\"},\"potentialAction\":[{\"@type\":\"SearchAction\",\"target\":{\"@type\":\"EntryPoint\",\"urlTemplate\":\"https:\\\/\\\/jornalbeirario.com.br\\\/portal\\\/?s={search_term_string}\"},\"query-input\":{\"@type\":\"PropertyValueSpecification\",\"valueRequired\":true,\"valueName\":\"search_term_string\"}}],\"inLanguage\":\"pt-BR\"},{\"@type\":\"Organization\",\"@id\":\"https:\\\/\\\/jornalbeirario.com.br\\\/portal\\\/#organization\",\"name\":\"JORNAL BEIRA RIO\",\"url\":\"https:\\\/\\\/jornalbeirario.com.br\\\/portal\\\/\",\"logo\":{\"@type\":\"ImageObject\",\"inLanguage\":\"pt-BR\",\"@id\":\"https:\\\/\\\/jornalbeirario.com.br\\\/portal\\\/#\\\/schema\\\/logo\\\/image\\\/\",\"url\":\"https:\\\/\\\/jornalbeirario.com.br\\\/portal\\\/wp-content\\\/uploads\\\/2017\\\/09\\\/BEIRA-RIO_logo600.png\",\"contentUrl\":\"https:\\\/\\\/jornalbeirario.com.br\\\/portal\\\/wp-content\\\/uploads\\\/2017\\\/09\\\/BEIRA-RIO_logo600.png\",\"width\":650,\"height\":108,\"caption\":\"JORNAL BEIRA RIO\"},\"image\":{\"@id\":\"https:\\\/\\\/jornalbeirario.com.br\\\/portal\\\/#\\\/schema\\\/logo\\\/image\\\/\"}},{\"@type\":\"Person\",\"@id\":\"https:\\\/\\\/jornalbeirario.com.br\\\/portal\\\/#\\\/schema\\\/person\\\/c6c423e4c2465d2a9233f6539173e7c1\",\"name\":\"Jornal BEIRA-RIO\",\"image\":{\"@type\":\"ImageObject\",\"inLanguage\":\"pt-BR\",\"@id\":\"https:\\\/\\\/jornalbeirario.com.br\\\/portal\\\/wp-content\\\/uploads\\\/2023\\\/10\\\/logojbr1.jpg\",\"url\":\"https:\\\/\\\/jornalbeirario.com.br\\\/portal\\\/wp-content\\\/uploads\\\/2023\\\/10\\\/logojbr1.jpg\",\"contentUrl\":\"https:\\\/\\\/jornalbeirario.com.br\\\/portal\\\/wp-content\\\/uploads\\\/2023\\\/10\\\/logojbr1.jpg\",\"caption\":\"Jornal BEIRA-RIO\"},\"url\":\"https:\\\/\\\/jornalbeirario.com.br\\\/portal\\\/?author=1\"}]}<\/script>\n<!-- \/ Yoast SEO plugin. -->","yoast_head_json":{"title":"La\u00eds Amaral - JORNAL BEIRA RIO","robots":{"index":"index","follow":"follow","max-snippet":"max-snippet:-1","max-image-preview":"max-image-preview:large","max-video-preview":"max-video-preview:-1"},"canonical":"https:\/\/jornalbeirario.com.br\/portal\/?p=26201","og_locale":"pt_BR","og_type":"article","og_title":"La\u00eds Amaral - JORNAL BEIRA RIO","og_description":"Domingo tem Feira Sertaneja Domingo, (16), \u00e9 dia de \u2018Feira Sertaneja\u2019 no Parque de Exposi\u00e7\u00f5es, a partir das 9 horas, com entrada de gra\u00e7a.","og_url":"https:\/\/jornalbeirario.com.br\/portal\/?p=26201","og_site_name":"JORNAL BEIRA RIO","article_published_time":"2014-11-14T08:19:06+00:00","author":"Jornal BEIRA-RIO","twitter_card":"summary_large_image","twitter_misc":{"Escrito por":"Jornal BEIRA-RIO","Est. tempo de leitura":"4 minutos"},"schema":{"@context":"https:\/\/schema.org","@graph":[{"@type":"Article","@id":"https:\/\/jornalbeirario.com.br\/portal\/?p=26201#article","isPartOf":{"@id":"https:\/\/jornalbeirario.com.br\/portal\/?p=26201"},"author":{"name":"Jornal BEIRA-RIO","@id":"https:\/\/jornalbeirario.com.br\/portal\/#\/schema\/person\/c6c423e4c2465d2a9233f6539173e7c1"},"headline":"La\u00eds Amaral","datePublished":"2014-11-14T08:19:06+00:00","mainEntityOfPage":{"@id":"https:\/\/jornalbeirario.com.br\/portal\/?p=26201"},"wordCount":796,"commentCount":0,"publisher":{"@id":"https:\/\/jornalbeirario.com.br\/portal\/#organization"},"articleSection":["Social"],"inLanguage":"pt-BR","potentialAction":[{"@type":"CommentAction","name":"Comment","target":["https:\/\/jornalbeirario.com.br\/portal\/?p=26201#respond"]}]},{"@type":"WebPage","@id":"https:\/\/jornalbeirario.com.br\/portal\/?p=26201","url":"https:\/\/jornalbeirario.com.br\/portal\/?p=26201","name":"La\u00eds Amaral - JORNAL BEIRA RIO","isPartOf":{"@id":"https:\/\/jornalbeirario.com.br\/portal\/#website"},"datePublished":"2014-11-14T08:19:06+00:00","breadcrumb":{"@id":"https:\/\/jornalbeirario.com.br\/portal\/?p=26201#breadcrumb"},"inLanguage":"pt-BR","potentialAction":[{"@type":"ReadAction","target":["https:\/\/jornalbeirario.com.br\/portal\/?p=26201"]}]},{"@type":"BreadcrumbList","@id":"https:\/\/jornalbeirario.com.br\/portal\/?p=26201#breadcrumb","itemListElement":[{"@type":"ListItem","position":1,"name":"Home","item":"https:\/\/jornalbeirario.com.br\/portal"},{"@type":"ListItem","position":2,"name":"La\u00eds Amaral"}]},{"@type":"WebSite","@id":"https:\/\/jornalbeirario.com.br\/portal\/#website","url":"https:\/\/jornalbeirario.com.br\/portal\/","name":"JORNAL BEIRA RIO","description":"","publisher":{"@id":"https:\/\/jornalbeirario.com.br\/portal\/#organization"},"potentialAction":[{"@type":"SearchAction","target":{"@type":"EntryPoint","urlTemplate":"https:\/\/jornalbeirario.com.br\/portal\/?s={search_term_string}"},"query-input":{"@type":"PropertyValueSpecification","valueRequired":true,"valueName":"search_term_string"}}],"inLanguage":"pt-BR"},{"@type":"Organization","@id":"https:\/\/jornalbeirario.com.br\/portal\/#organization","name":"JORNAL BEIRA RIO","url":"https:\/\/jornalbeirario.com.br\/portal\/","logo":{"@type":"ImageObject","inLanguage":"pt-BR","@id":"https:\/\/jornalbeirario.com.br\/portal\/#\/schema\/logo\/image\/","url":"https:\/\/jornalbeirario.com.br\/portal\/wp-content\/uploads\/2017\/09\/BEIRA-RIO_logo600.png","contentUrl":"https:\/\/jornalbeirario.com.br\/portal\/wp-content\/uploads\/2017\/09\/BEIRA-RIO_logo600.png","width":650,"height":108,"caption":"JORNAL BEIRA RIO"},"image":{"@id":"https:\/\/jornalbeirario.com.br\/portal\/#\/schema\/logo\/image\/"}},{"@type":"Person","@id":"https:\/\/jornalbeirario.com.br\/portal\/#\/schema\/person\/c6c423e4c2465d2a9233f6539173e7c1","name":"Jornal BEIRA-RIO","image":{"@type":"ImageObject","inLanguage":"pt-BR","@id":"https:\/\/jornalbeirario.com.br\/portal\/wp-content\/uploads\/2023\/10\/logojbr1.jpg","url":"https:\/\/jornalbeirario.com.br\/portal\/wp-content\/uploads\/2023\/10\/logojbr1.jpg","contentUrl":"https:\/\/jornalbeirario.com.br\/portal\/wp-content\/uploads\/2023\/10\/logojbr1.jpg","caption":"Jornal BEIRA-RIO"},"url":"https:\/\/jornalbeirario.com.br\/portal\/?author=1"}]}},"_links":{"self":[{"href":"https:\/\/jornalbeirario.com.br\/portal\/index.php?rest_route=\/wp\/v2\/posts\/26201","targetHints":{"allow":["GET"]}}],"collection":[{"href":"https:\/\/jornalbeirario.com.br\/portal\/index.php?rest_route=\/wp\/v2\/posts"}],"about":[{"href":"https:\/\/jornalbeirario.com.br\/portal\/index.php?rest_route=\/wp\/v2\/types\/post"}],"author":[{"embeddable":true,"href":"https:\/\/jornalbeirario.com.br\/portal\/index.php?rest_route=\/wp\/v2\/users\/1"}],"replies":[{"embeddable":true,"href":"https:\/\/jornalbeirario.com.br\/portal\/index.php?rest_route=%2Fwp%2Fv2%2Fcomments&post=26201"}],"version-history":[{"count":2,"href":"https:\/\/jornalbeirario.com.br\/portal\/index.php?rest_route=\/wp\/v2\/posts\/26201\/revisions"}],"predecessor-version":[{"id":26232,"href":"https:\/\/jornalbeirario.com.br\/portal\/index.php?rest_route=\/wp\/v2\/posts\/26201\/revisions\/26232"}],"wp:attachment":[{"href":"https:\/\/jornalbeirario.com.br\/portal\/index.php?rest_route=%2Fwp%2Fv2%2Fmedia&parent=26201"}],"wp:term":[{"taxonomy":"category","embeddable":true,"href":"https:\/\/jornalbeirario.com.br\/portal\/index.php?rest_route=%2Fwp%2Fv2%2Fcategories&post=26201"},{"taxonomy":"post_tag","embeddable":true,"href":"https:\/\/jornalbeirario.com.br\/portal\/index.php?rest_route=%2Fwp%2Fv2%2Ftags&post=26201"}],"curies":[{"name":"wp","href":"https:\/\/api.w.org\/{rel}","templated":true}]}}