
{"id":26049,"date":"2014-11-07T08:18:06","date_gmt":"2014-11-07T08:18:06","guid":{"rendered":"http:\/\/jornalbeirario.com.br\/portal\/portal\/?p=26049"},"modified":"2014-11-07T08:18:06","modified_gmt":"2014-11-07T08:18:06","slug":"lais-amaral-71","status":"publish","type":"post","link":"https:\/\/jornalbeirario.com.br\/portal\/?p=26049","title":{"rendered":"La\u00eds Amaral"},"content":{"rendered":"<p style=\"text-align: justify;\"><strong>Deus \u00e9 brasileiro, mas n\u00e3o \u00e9 botafoguense (1)<\/strong><br \/>\n\u201cTem coisas que s\u00f3 acontecem ao Botafogo\u201d. Quem \u00e9 do futebol conhece bem essa frase que faz parte do universo mitol\u00f3gico do time da \u2018Estrela Solit\u00e1ria\u2019. Eu acrescento: tem coisas que s\u00f3 acontecem com botafoguense. Tipo assim como, chamar Deus para uma conversa franca, olho no olho. E pior, o Alt\u00edssimo topar e descer at\u00e9 a insignific\u00e2ncia dos mortais para levar, com todo o respeito, um \u2018lero\u2019 com um botafoguense roxo, doente e desesperado. O H\u00e9rcules Nogueira, o mais roxo, doente e desesperado de todos que conhe\u00e7o, garante que viveu essa fa\u00e7anha. Aconteceu num domingo \u00e0 tarde, h\u00e1 duas semanas. O Alvinegro vivendo a atual pinda\u00edba enfrentaria o Meng\u00e3o do Luxemburgo, cheio de moral. Meia hora antes do jogo, Nogueira sozinho na cozinha de casa, mandou resoluto, a mensagem aos C\u00e9us: \u201cDeus, vamos conversar ?\u201d. \u201cEu preciso muito falar com o senhor\u201d&#8230;<\/p>\n<p style=\"text-align: justify;\"><strong>Deus \u00e9 brasileiro, mas n\u00e3o \u00e9 botafoguense (2)<\/strong><br \/>\n&#8230;de repente, na cadeira vazia a frente de Nogueira, materializou-se o Criador. Nosso her\u00f3i na maior sem-cerim\u00f4nia foi logo colocando o \u2018Homem\u2019 contra a parede. \u201cO que o Senhor tem contra o Botafogo ? Me diga\u201d. \u201cPor que o Senhor ajuda tanto o Flamengo ? O Senhor \u00e9 Flamengo ?\u201d Deus teria negado: \u201cMeu esporte \u00e9 outro\u201d e aceitado ouvir o desabafo do Nogueira: \u201cO Senhor podia ajudar pelo menos uma vez o Botafogo ganhar do Flamengo. Uma vez pelo menos. Eu n\u00e3o quero desconfiar do Senhor. N\u00e3o quero crer que o Senhor seja rubro-negro\u201d. Deus, na sua infinita miseric\u00f3rdia indagou amig\u00e1vel: \u201cFilho, voc\u00ea tomou umas&#8230;Brahmas, n\u00e3o tomou ?\u201d Nogueira assentiu com a cabe\u00e7a e Deus disse conformado: \u201cTudo bem, tens meu perd\u00e3o, o Botafogo vai vencer\u201d. Venceu por 2 x 1. E o goleiro Jeferson, \u201coperou um milagre\u201d, como disse o narrador no radinho do Nogueira, garantindo a vit\u00f3ria no \u00faltimo lance do jogo. Depois do apito final, Nogueira sorrindo aliviado tinha certeza sobre o verdadeiro autor do milagre.<\/p>\n<p style=\"text-align: justify;\"><strong>TRIPA<\/strong><br \/>\n* Parab\u00e9ns ao jornalista Marcelo Almeida pela chegada do primog\u00eanito, Marcelo Junior. Felicidades ! * Integro, muito honradamente, o corpo de jurados do Festival de M\u00fasica promovido pela Prefeitura por interm\u00e9dio da Funda\u00e7\u00e3o Casa da Cultura Macedo Miranda, presidida pelo \u00c2ngelo Tramezzino. Hoje (Sexta, 7) ser\u00e1 realizada a segunda semifinal e amanh\u00e3 a grande final. O festival acontece no recuperado Cine Vit\u00f3ria. S\u00e3o ao todo 20 can\u00e7\u00f5es \u2013 dez em cada semifinal de um total de 106 composi\u00e7\u00f5es inscritas. Participam artistas de Santa Catarina \u00e0 Para\u00edba, e, claro compositores de Resende e regi\u00e3o. A entrada \u00e9 de gra\u00e7a e o programa \u00e9 de qualidade. Podem conferir. Come\u00e7a \u00e0s 20 horas * Nessa quarta, dia 5, a Casa da Cultura promoveu no \u2018Espa\u00e7o Z\u2019 mais uma edi\u00e7\u00e3o do Pr\u00eamio Macedo Miranda homenageando os destaques culturais do ano. A honraria que j\u00e1 \u00e9 uma tradi\u00e7\u00e3o em Resende, premia quem (ou grupo) que se destacou no meio art\u00edstico e cultural no ano. Ano passado o Bloco Et\u00edlico e Carnavalesco Crust\u00e1ceos da Mangua\u00e7a levou o Pr\u00eamio de Cultura Popular. Foi a gl\u00f3ria !! * A Associa\u00e7\u00e3o Educacional Dom Bosco &#8211; AEDB, promoveu ontem (dia 6), Dia do Empreendedorismo, um evento que reuniu como expositores o SEBRAE, o Banco do Brasil, o Polishop e a Empresa J\u00fanior da AEDB. No in\u00edcio da noite foi realizada a palestra \u201cComo ser um Microempreendedor Industrial\u201d, a cargo de Jayme Souza Filho, professor da AEDB e Orientador de Neg\u00f3cios do SEBRAE. Ainda como parte da programa\u00e7\u00e3o, uma palestra a seguir tratou do \u201cEmpreendedorismo no Marketing Multin\u00edvel\u201d, proferida por Marcos Route, empres\u00e1rio e Top L\u00edder Polisshop * Domingo o Botafogo enfrenta o Atl\u00e9tico Paranaense no Raulino, em Volta Redonda. Corrente positiva Jurema, Z\u00e9 Botafogo, Carlinhos, Evaldo, Nogueira, Magela, Aldair, Mussum, Robson Monteiro e os demais milh\u00f5es de alvinegros !!<\/p>\n<p style=\"text-align: justify;\"><strong>ANIVERS\u00c1RIOS<\/strong><br \/>\nNessa quarta, dia 5, fez um ano o Miguel, neto do Magno, da padaria. Mas a comemora\u00e7\u00e3o ser\u00e1 no dia 15. Amanh\u00e3 (dia 8), a Josiane Rodrigues, a radialista Gard\u00eania Santos e a Dona Chica Brito (completando 90 anos), que mora em Visconde de Mau\u00e1, irm\u00e3 do Jorge Brito, sopram velinhas. No dia seguinte (9) dois barbados mudam de idade: o Eduardo Chamarelli e o Cl\u00e1udio Camilo. No dia 10 ser\u00e1 a v\u00eas do Diego Linx ficar mais experiente. No dia 11, meu sobrinho querido, Vin\u00edcius F\u00e1varo Chico inaugura idade nova. Dia 12 contam mais um ano de vida o Fabinho Lopes e o Luciano Pan\u00e7ardes. Dia 13, o \u201cUrubu Rei\u201d, Marco Antonio Bernardi e a L\u00facia Regina recebem os \u2018parab\u00e9ns\u2019. No dia 14, fechando a semana, aniversariam o Carlos Henrique Moreira, o Jos\u00e9 Cl\u00e1udio Diniz e a Emmy Louise. Parab\u00e9ns e todas as felicidades do mundo a todos eles.<\/p>\n","protected":false},"excerpt":{"rendered":"<p>Deus \u00e9 brasileiro, mas n\u00e3o \u00e9 botafoguense (1) \u201cTem coisas que s\u00f3 acontecem ao Botafogo\u201d. Quem \u00e9 do futebol conhece bem essa frase que<\/p>\n","protected":false},"author":1,"featured_media":0,"comment_status":"open","ping_status":"open","sticky":false,"template":"","format":"standard","meta":{"pmpro_default_level":"","footnotes":""},"categories":[13],"tags":[],"class_list":["post-26049","post","type-post","status-publish","format-standard","hentry","category-social","pmpro-has-access"],"yoast_head":"<!-- This site is optimized with the Yoast SEO plugin v27.4 - https:\/\/yoast.com\/product\/yoast-seo-wordpress\/ -->\n<title>La\u00eds Amaral - JORNAL BEIRA RIO<\/title>\n<meta name=\"robots\" content=\"index, follow, max-snippet:-1, max-image-preview:large, max-video-preview:-1\" \/>\n<link rel=\"canonical\" href=\"https:\/\/jornalbeirario.com.br\/portal\/?p=26049\" \/>\n<meta property=\"og:locale\" content=\"pt_BR\" \/>\n<meta property=\"og:type\" content=\"article\" \/>\n<meta property=\"og:title\" content=\"La\u00eds Amaral - JORNAL BEIRA RIO\" \/>\n<meta property=\"og:description\" content=\"Deus \u00e9 brasileiro, mas n\u00e3o \u00e9 botafoguense (1) \u201cTem coisas que s\u00f3 acontecem ao Botafogo\u201d. Quem \u00e9 do futebol conhece bem essa frase que\" \/>\n<meta property=\"og:url\" content=\"https:\/\/jornalbeirario.com.br\/portal\/?p=26049\" \/>\n<meta property=\"og:site_name\" content=\"JORNAL BEIRA RIO\" \/>\n<meta property=\"article:published_time\" content=\"2014-11-07T08:18:06+00:00\" \/>\n<meta name=\"author\" content=\"Jornal BEIRA-RIO\" \/>\n<meta name=\"twitter:card\" content=\"summary_large_image\" \/>\n<meta name=\"twitter:label1\" content=\"Escrito por\" \/>\n\t<meta name=\"twitter:data1\" content=\"Jornal BEIRA-RIO\" \/>\n\t<meta name=\"twitter:label2\" content=\"Est. tempo de leitura\" \/>\n\t<meta name=\"twitter:data2\" content=\"4 minutos\" \/>\n<script type=\"application\/ld+json\" class=\"yoast-schema-graph\">{\"@context\":\"https:\\\/\\\/schema.org\",\"@graph\":[{\"@type\":\"Article\",\"@id\":\"https:\\\/\\\/jornalbeirario.com.br\\\/portal\\\/?p=26049#article\",\"isPartOf\":{\"@id\":\"https:\\\/\\\/jornalbeirario.com.br\\\/portal\\\/?p=26049\"},\"author\":{\"name\":\"Jornal BEIRA-RIO\",\"@id\":\"https:\\\/\\\/jornalbeirario.com.br\\\/portal\\\/#\\\/schema\\\/person\\\/c6c423e4c2465d2a9233f6539173e7c1\"},\"headline\":\"La\u00eds Amaral\",\"datePublished\":\"2014-11-07T08:18:06+00:00\",\"mainEntityOfPage\":{\"@id\":\"https:\\\/\\\/jornalbeirario.com.br\\\/portal\\\/?p=26049\"},\"wordCount\":804,\"commentCount\":0,\"publisher\":{\"@id\":\"https:\\\/\\\/jornalbeirario.com.br\\\/portal\\\/#organization\"},\"articleSection\":[\"Social\"],\"inLanguage\":\"pt-BR\",\"potentialAction\":[{\"@type\":\"CommentAction\",\"name\":\"Comment\",\"target\":[\"https:\\\/\\\/jornalbeirario.com.br\\\/portal\\\/?p=26049#respond\"]}]},{\"@type\":\"WebPage\",\"@id\":\"https:\\\/\\\/jornalbeirario.com.br\\\/portal\\\/?p=26049\",\"url\":\"https:\\\/\\\/jornalbeirario.com.br\\\/portal\\\/?p=26049\",\"name\":\"La\u00eds Amaral - JORNAL BEIRA RIO\",\"isPartOf\":{\"@id\":\"https:\\\/\\\/jornalbeirario.com.br\\\/portal\\\/#website\"},\"datePublished\":\"2014-11-07T08:18:06+00:00\",\"breadcrumb\":{\"@id\":\"https:\\\/\\\/jornalbeirario.com.br\\\/portal\\\/?p=26049#breadcrumb\"},\"inLanguage\":\"pt-BR\",\"potentialAction\":[{\"@type\":\"ReadAction\",\"target\":[\"https:\\\/\\\/jornalbeirario.com.br\\\/portal\\\/?p=26049\"]}]},{\"@type\":\"BreadcrumbList\",\"@id\":\"https:\\\/\\\/jornalbeirario.com.br\\\/portal\\\/?p=26049#breadcrumb\",\"itemListElement\":[{\"@type\":\"ListItem\",\"position\":1,\"name\":\"Home\",\"item\":\"https:\\\/\\\/jornalbeirario.com.br\\\/portal\"},{\"@type\":\"ListItem\",\"position\":2,\"name\":\"La\u00eds Amaral\"}]},{\"@type\":\"WebSite\",\"@id\":\"https:\\\/\\\/jornalbeirario.com.br\\\/portal\\\/#website\",\"url\":\"https:\\\/\\\/jornalbeirario.com.br\\\/portal\\\/\",\"name\":\"JORNAL BEIRA RIO\",\"description\":\"\",\"publisher\":{\"@id\":\"https:\\\/\\\/jornalbeirario.com.br\\\/portal\\\/#organization\"},\"potentialAction\":[{\"@type\":\"SearchAction\",\"target\":{\"@type\":\"EntryPoint\",\"urlTemplate\":\"https:\\\/\\\/jornalbeirario.com.br\\\/portal\\\/?s={search_term_string}\"},\"query-input\":{\"@type\":\"PropertyValueSpecification\",\"valueRequired\":true,\"valueName\":\"search_term_string\"}}],\"inLanguage\":\"pt-BR\"},{\"@type\":\"Organization\",\"@id\":\"https:\\\/\\\/jornalbeirario.com.br\\\/portal\\\/#organization\",\"name\":\"JORNAL BEIRA RIO\",\"url\":\"https:\\\/\\\/jornalbeirario.com.br\\\/portal\\\/\",\"logo\":{\"@type\":\"ImageObject\",\"inLanguage\":\"pt-BR\",\"@id\":\"https:\\\/\\\/jornalbeirario.com.br\\\/portal\\\/#\\\/schema\\\/logo\\\/image\\\/\",\"url\":\"https:\\\/\\\/jornalbeirario.com.br\\\/portal\\\/wp-content\\\/uploads\\\/2017\\\/09\\\/BEIRA-RIO_logo600.png\",\"contentUrl\":\"https:\\\/\\\/jornalbeirario.com.br\\\/portal\\\/wp-content\\\/uploads\\\/2017\\\/09\\\/BEIRA-RIO_logo600.png\",\"width\":650,\"height\":108,\"caption\":\"JORNAL BEIRA RIO\"},\"image\":{\"@id\":\"https:\\\/\\\/jornalbeirario.com.br\\\/portal\\\/#\\\/schema\\\/logo\\\/image\\\/\"}},{\"@type\":\"Person\",\"@id\":\"https:\\\/\\\/jornalbeirario.com.br\\\/portal\\\/#\\\/schema\\\/person\\\/c6c423e4c2465d2a9233f6539173e7c1\",\"name\":\"Jornal BEIRA-RIO\",\"image\":{\"@type\":\"ImageObject\",\"inLanguage\":\"pt-BR\",\"@id\":\"https:\\\/\\\/jornalbeirario.com.br\\\/portal\\\/wp-content\\\/uploads\\\/2023\\\/10\\\/logojbr1.jpg\",\"url\":\"https:\\\/\\\/jornalbeirario.com.br\\\/portal\\\/wp-content\\\/uploads\\\/2023\\\/10\\\/logojbr1.jpg\",\"contentUrl\":\"https:\\\/\\\/jornalbeirario.com.br\\\/portal\\\/wp-content\\\/uploads\\\/2023\\\/10\\\/logojbr1.jpg\",\"caption\":\"Jornal BEIRA-RIO\"},\"url\":\"https:\\\/\\\/jornalbeirario.com.br\\\/portal\\\/?author=1\"}]}<\/script>\n<!-- \/ Yoast SEO plugin. -->","yoast_head_json":{"title":"La\u00eds Amaral - JORNAL BEIRA RIO","robots":{"index":"index","follow":"follow","max-snippet":"max-snippet:-1","max-image-preview":"max-image-preview:large","max-video-preview":"max-video-preview:-1"},"canonical":"https:\/\/jornalbeirario.com.br\/portal\/?p=26049","og_locale":"pt_BR","og_type":"article","og_title":"La\u00eds Amaral - JORNAL BEIRA RIO","og_description":"Deus \u00e9 brasileiro, mas n\u00e3o \u00e9 botafoguense (1) \u201cTem coisas que s\u00f3 acontecem ao Botafogo\u201d. Quem \u00e9 do futebol conhece bem essa frase que","og_url":"https:\/\/jornalbeirario.com.br\/portal\/?p=26049","og_site_name":"JORNAL BEIRA RIO","article_published_time":"2014-11-07T08:18:06+00:00","author":"Jornal BEIRA-RIO","twitter_card":"summary_large_image","twitter_misc":{"Escrito por":"Jornal BEIRA-RIO","Est. tempo de leitura":"4 minutos"},"schema":{"@context":"https:\/\/schema.org","@graph":[{"@type":"Article","@id":"https:\/\/jornalbeirario.com.br\/portal\/?p=26049#article","isPartOf":{"@id":"https:\/\/jornalbeirario.com.br\/portal\/?p=26049"},"author":{"name":"Jornal BEIRA-RIO","@id":"https:\/\/jornalbeirario.com.br\/portal\/#\/schema\/person\/c6c423e4c2465d2a9233f6539173e7c1"},"headline":"La\u00eds Amaral","datePublished":"2014-11-07T08:18:06+00:00","mainEntityOfPage":{"@id":"https:\/\/jornalbeirario.com.br\/portal\/?p=26049"},"wordCount":804,"commentCount":0,"publisher":{"@id":"https:\/\/jornalbeirario.com.br\/portal\/#organization"},"articleSection":["Social"],"inLanguage":"pt-BR","potentialAction":[{"@type":"CommentAction","name":"Comment","target":["https:\/\/jornalbeirario.com.br\/portal\/?p=26049#respond"]}]},{"@type":"WebPage","@id":"https:\/\/jornalbeirario.com.br\/portal\/?p=26049","url":"https:\/\/jornalbeirario.com.br\/portal\/?p=26049","name":"La\u00eds Amaral - JORNAL BEIRA RIO","isPartOf":{"@id":"https:\/\/jornalbeirario.com.br\/portal\/#website"},"datePublished":"2014-11-07T08:18:06+00:00","breadcrumb":{"@id":"https:\/\/jornalbeirario.com.br\/portal\/?p=26049#breadcrumb"},"inLanguage":"pt-BR","potentialAction":[{"@type":"ReadAction","target":["https:\/\/jornalbeirario.com.br\/portal\/?p=26049"]}]},{"@type":"BreadcrumbList","@id":"https:\/\/jornalbeirario.com.br\/portal\/?p=26049#breadcrumb","itemListElement":[{"@type":"ListItem","position":1,"name":"Home","item":"https:\/\/jornalbeirario.com.br\/portal"},{"@type":"ListItem","position":2,"name":"La\u00eds Amaral"}]},{"@type":"WebSite","@id":"https:\/\/jornalbeirario.com.br\/portal\/#website","url":"https:\/\/jornalbeirario.com.br\/portal\/","name":"JORNAL BEIRA RIO","description":"","publisher":{"@id":"https:\/\/jornalbeirario.com.br\/portal\/#organization"},"potentialAction":[{"@type":"SearchAction","target":{"@type":"EntryPoint","urlTemplate":"https:\/\/jornalbeirario.com.br\/portal\/?s={search_term_string}"},"query-input":{"@type":"PropertyValueSpecification","valueRequired":true,"valueName":"search_term_string"}}],"inLanguage":"pt-BR"},{"@type":"Organization","@id":"https:\/\/jornalbeirario.com.br\/portal\/#organization","name":"JORNAL BEIRA RIO","url":"https:\/\/jornalbeirario.com.br\/portal\/","logo":{"@type":"ImageObject","inLanguage":"pt-BR","@id":"https:\/\/jornalbeirario.com.br\/portal\/#\/schema\/logo\/image\/","url":"https:\/\/jornalbeirario.com.br\/portal\/wp-content\/uploads\/2017\/09\/BEIRA-RIO_logo600.png","contentUrl":"https:\/\/jornalbeirario.com.br\/portal\/wp-content\/uploads\/2017\/09\/BEIRA-RIO_logo600.png","width":650,"height":108,"caption":"JORNAL BEIRA RIO"},"image":{"@id":"https:\/\/jornalbeirario.com.br\/portal\/#\/schema\/logo\/image\/"}},{"@type":"Person","@id":"https:\/\/jornalbeirario.com.br\/portal\/#\/schema\/person\/c6c423e4c2465d2a9233f6539173e7c1","name":"Jornal BEIRA-RIO","image":{"@type":"ImageObject","inLanguage":"pt-BR","@id":"https:\/\/jornalbeirario.com.br\/portal\/wp-content\/uploads\/2023\/10\/logojbr1.jpg","url":"https:\/\/jornalbeirario.com.br\/portal\/wp-content\/uploads\/2023\/10\/logojbr1.jpg","contentUrl":"https:\/\/jornalbeirario.com.br\/portal\/wp-content\/uploads\/2023\/10\/logojbr1.jpg","caption":"Jornal BEIRA-RIO"},"url":"https:\/\/jornalbeirario.com.br\/portal\/?author=1"}]}},"_links":{"self":[{"href":"https:\/\/jornalbeirario.com.br\/portal\/index.php?rest_route=\/wp\/v2\/posts\/26049","targetHints":{"allow":["GET"]}}],"collection":[{"href":"https:\/\/jornalbeirario.com.br\/portal\/index.php?rest_route=\/wp\/v2\/posts"}],"about":[{"href":"https:\/\/jornalbeirario.com.br\/portal\/index.php?rest_route=\/wp\/v2\/types\/post"}],"author":[{"embeddable":true,"href":"https:\/\/jornalbeirario.com.br\/portal\/index.php?rest_route=\/wp\/v2\/users\/1"}],"replies":[{"embeddable":true,"href":"https:\/\/jornalbeirario.com.br\/portal\/index.php?rest_route=%2Fwp%2Fv2%2Fcomments&post=26049"}],"version-history":[{"count":3,"href":"https:\/\/jornalbeirario.com.br\/portal\/index.php?rest_route=\/wp\/v2\/posts\/26049\/revisions"}],"predecessor-version":[{"id":26104,"href":"https:\/\/jornalbeirario.com.br\/portal\/index.php?rest_route=\/wp\/v2\/posts\/26049\/revisions\/26104"}],"wp:attachment":[{"href":"https:\/\/jornalbeirario.com.br\/portal\/index.php?rest_route=%2Fwp%2Fv2%2Fmedia&parent=26049"}],"wp:term":[{"taxonomy":"category","embeddable":true,"href":"https:\/\/jornalbeirario.com.br\/portal\/index.php?rest_route=%2Fwp%2Fv2%2Fcategories&post=26049"},{"taxonomy":"post_tag","embeddable":true,"href":"https:\/\/jornalbeirario.com.br\/portal\/index.php?rest_route=%2Fwp%2Fv2%2Ftags&post=26049"}],"curies":[{"name":"wp","href":"https:\/\/api.w.org\/{rel}","templated":true}]}}