
{"id":25887,"date":"2014-10-31T08:09:44","date_gmt":"2014-10-31T08:09:44","guid":{"rendered":"http:\/\/jornalbeirario.com.br\/portal\/portal\/?p=25887"},"modified":"2014-10-31T13:03:48","modified_gmt":"2014-10-31T13:03:48","slug":"nunca-antes-na-historia-desse-pais-ouvi-tanta-bobagem-numa-disputa-eleitoral","status":"publish","type":"post","link":"https:\/\/jornalbeirario.com.br\/portal\/?p=25887","title":{"rendered":"QUEM PENSA? Nunca antes na hist\u00f3ria desse pa\u00eds, ouvi tanta bobagem numa disputa eleitoral!"},"content":{"rendered":"<p style=\"text-align: justify;\">Algumas coisas ditas chegaram no campo do absurdo, da esquizofrenia mesmo. Um dia, analisando o comportamento de alguns conhecidos, me surpreendi ao constatar como corremos riscos ao conviver com algumas pessoas sem a menor no\u00e7\u00e3o da boa e educada conviv\u00eancia; muitas pessoas revelaram-se completamente desequilibradas. Raivosas e levianas. Sim, a palavra t\u00e3o usada por A\u00e9cio Neves ao se referir \u00e0s mulheres candidatas que lhe perguntavam o que chegou \u00e0 p\u00fablico em decorr\u00eancia de sua vida p\u00fablica e amplamente divulgado pela m\u00eddia, como a den\u00fancia do jornal Folha de S\u00e3o Paulo sobre o aeroporto em terras de parentes e olha que a m\u00eddia blindou o candidato de fatos que ocorreram com ele no Rio de Janeiro onde foi flagrado algumas vezes embriagado como se pode conferir tranquilamente nas redes sociais e youtube, assim como o helic\u00f3ptero do amigo senador, cheio de coca\u00edna apreendido pela Pol\u00edcia Federal, nem pr\u00f3ximo de terras do tal aeroporto e outras coisas, que muitos eleitores de A\u00e9cio consideraram menor: como dirigir com carteira vencida e ter carteira de Pol\u00edcia sem pertencer a qualquer unidade policial.<\/p>\n<p style=\"text-align: justify;\">Todos estes fatos mostram a total disson\u00e2ncia entre as exig\u00eancias de mudan\u00e7as \u201cmorais\u201d t\u00e3o propagadas pelos eleitores que repetiam o mantra \u201cmudan\u00e7a j\u00e1\u201d 45 vezes pela manh\u00e3, 45 \u00e0 tarde e 45 \u00e0 noite, na tentativa de convencer eles pr\u00f3prios, mas algo saiu errado e no meio do caminho revelaram-se a repulsa, a demoniza\u00e7\u00e3o, o \u00f3dio por pessoas e um partido. Lament\u00e1vel.<\/p>\n<p style=\"text-align: justify;\">Muita bobagem foi dita, muitas ofensas e diretas t\u00e3o \u00e1cidas foram jogadas, principalmente nas redes sociais, que corroeram o respeito m\u00ednimo e a boa educa\u00e7\u00e3o que as pessoas devem ter umas pelas outras. Imagens ofensivas, montagens, preconceitos e intoler\u00e2ncias foram marcas registradas dessa campanha. Claro que muita coisa feia se viu dos dois lados, me desagradou muito ver a imagem do A\u00e9cio Neves com um nariz cujas narinas pareciam os buracos do metr\u00f4 de S\u00e3o Paulo numa alus\u00e3o a sua poss\u00edvel depend\u00eancia de coca\u00edna. Ali\u00e1s, todas as refer\u00eancias exageradamente jocosas relacionadas \u00e0 depend\u00eancia de \u00e1lcool e outras drogas considero deprimente, seja de que lado estiverem.<\/p>\n<p style=\"text-align: justify;\">Talvez meu senso parcial tenha considerado desequilibrado esse festival de bobagens, mas talvez n\u00e3o, principalmente se levar em considera\u00e7\u00e3o as vezes que acreditei valer \u00e0 pena debater temas que foram distorcidos ou aqueles que queriam apenas os tais 15 minutos de destaque, ou seja, o espet\u00e1culo. Eu n\u00e3o vou esquecer as ofensas que recebi porque n\u00e3o considero as pessoas \u2013 as que conhe\u00e7o, \u00e9 claro -, que as fizeram desinformadas. Sei que fizeram na certeza do \u201cvale tudo\u201d ou do \u201ctudo ou nada\u201d eleitoral. A maior prova disso, \u00e9 que mesmo passada a elei\u00e7\u00e3o, o desrespeito continua com a presidenta Dilma Rousseff, Lula, PT e cia. Ningu\u00e9m \u00e9 obrigado a gostar de uma pessoa, partido ou seja l\u00e1 o que for, mas vamos combinar, que esta elei\u00e7\u00e3o revelou o lado Mainard de muita gente de ser. Faltaram civilidade e brasilidade. Simples assim.<\/p>\n<p style=\"text-align: justify;\">Esse clima de \u201csangue nos olhos\u201d que dominou o pa\u00eds nesses dias de campanha, na minha opini\u00e3o, traz um dezembro diferente, mais transparente com menos hipocrisias, menos pessoas falando em solidariedade aos pobres, carentes, nordestinos ou necessitados, afinal essa justificativa da naturaliza\u00e7\u00e3o das desigualdades sociais s\u00f3 ratifica essas desigualdades que tantas pessoas fazem de quest\u00e3o de manter.<\/p>\n<p style=\"text-align: justify;\">Penso que o governo Dilma, al\u00e9m da continuidade da transpar\u00eancia dos fatos, em especial aqueles que dizem respeito a desvios de conduta e corrup\u00e7\u00e3o ter\u00e1 daqui pra frente um desafio muito maior, que \u00e9 dar mais dignidade ao brasileiro que come\u00e7ou a ter acesso aos servi\u00e7os e \u00e0s oportunidades desse pa\u00eds nos \u00faltimos dez anos. H\u00e1 muito o que fazer, seja na Educa\u00e7\u00e3o, na Sa\u00fade, na Cultura e na Economia do pa\u00eds. Eu vou participar. Vou tentar colaborar, ainda que de forma t\u00edmida, por aqui mesmo, no partido que fa\u00e7o parte. No PT. Sim, o partido da presidenta Dilma, do Lula e que tem em sua subst\u00e2ncia a prioridade para o trabalhador brasileiro. O PT em Resende tem que sair da toca, estar nas ruas permanentemente e n\u00e3o apenas em per\u00edodo eleitoral. Precisa ampliar a forma\u00e7\u00e3o pol\u00edticas de seus integrantes. Oxigenar suas coordena\u00e7\u00f5es sem perder as diretrizes partid\u00e1rias e o compromisso com a coletividade. E quer saber&#8230; eu vou \u00e0 luta companheiro!<\/p>\n<p style=\"text-align: justify;\">Ana L\u00facia<br \/>\neditora do jornal <strong>BEIRA-RIO<\/strong><br \/>\nanalucia@jornalbeirario.com.br<\/p>\n","protected":false},"excerpt":{"rendered":"<p>Algumas coisas ditas chegaram no campo do absurdo, da esquizofrenia mesmo. Um dia, analisando o comportamento de alguns conhecidos, me surpreendi ao constatar como<\/p>\n","protected":false},"author":1,"featured_media":0,"comment_status":"open","ping_status":"open","sticky":false,"template":"","format":"standard","meta":{"pmpro_default_level":"","footnotes":""},"categories":[8],"tags":[],"class_list":["post-25887","post","type-post","status-publish","format-standard","hentry","category-opiniao","pmpro-has-access"],"yoast_head":"<!-- This site is optimized with the Yoast SEO plugin v27.4 - https:\/\/yoast.com\/product\/yoast-seo-wordpress\/ -->\n<title>QUEM PENSA? Nunca antes na hist\u00f3ria desse pa\u00eds, ouvi tanta bobagem numa disputa eleitoral! - JORNAL BEIRA RIO<\/title>\n<meta name=\"robots\" content=\"index, follow, max-snippet:-1, max-image-preview:large, max-video-preview:-1\" \/>\n<link rel=\"canonical\" href=\"https:\/\/jornalbeirario.com.br\/portal\/?p=25887\" \/>\n<meta property=\"og:locale\" content=\"pt_BR\" \/>\n<meta property=\"og:type\" content=\"article\" \/>\n<meta property=\"og:title\" content=\"QUEM PENSA? Nunca antes na hist\u00f3ria desse pa\u00eds, ouvi tanta bobagem numa disputa eleitoral! - JORNAL BEIRA RIO\" \/>\n<meta property=\"og:description\" content=\"Algumas coisas ditas chegaram no campo do absurdo, da esquizofrenia mesmo. Um dia, analisando o comportamento de alguns conhecidos, me surpreendi ao constatar como\" \/>\n<meta property=\"og:url\" content=\"https:\/\/jornalbeirario.com.br\/portal\/?p=25887\" \/>\n<meta property=\"og:site_name\" content=\"JORNAL BEIRA RIO\" \/>\n<meta property=\"article:published_time\" content=\"2014-10-31T08:09:44+00:00\" \/>\n<meta property=\"article:modified_time\" content=\"2014-10-31T13:03:48+00:00\" \/>\n<meta name=\"author\" content=\"Jornal BEIRA-RIO\" \/>\n<meta name=\"twitter:card\" content=\"summary_large_image\" \/>\n<meta name=\"twitter:label1\" content=\"Escrito por\" \/>\n\t<meta name=\"twitter:data1\" content=\"Jornal BEIRA-RIO\" \/>\n\t<meta name=\"twitter:label2\" content=\"Est. tempo de leitura\" \/>\n\t<meta name=\"twitter:data2\" content=\"4 minutos\" \/>\n<script type=\"application\/ld+json\" class=\"yoast-schema-graph\">{\"@context\":\"https:\\\/\\\/schema.org\",\"@graph\":[{\"@type\":\"Article\",\"@id\":\"https:\\\/\\\/jornalbeirario.com.br\\\/portal\\\/?p=25887#article\",\"isPartOf\":{\"@id\":\"https:\\\/\\\/jornalbeirario.com.br\\\/portal\\\/?p=25887\"},\"author\":{\"name\":\"Jornal BEIRA-RIO\",\"@id\":\"https:\\\/\\\/jornalbeirario.com.br\\\/portal\\\/#\\\/schema\\\/person\\\/c6c423e4c2465d2a9233f6539173e7c1\"},\"headline\":\"QUEM PENSA? Nunca antes na hist\u00f3ria desse pa\u00eds, ouvi tanta bobagem numa disputa eleitoral!\",\"datePublished\":\"2014-10-31T08:09:44+00:00\",\"dateModified\":\"2014-10-31T13:03:48+00:00\",\"mainEntityOfPage\":{\"@id\":\"https:\\\/\\\/jornalbeirario.com.br\\\/portal\\\/?p=25887\"},\"wordCount\":787,\"commentCount\":0,\"publisher\":{\"@id\":\"https:\\\/\\\/jornalbeirario.com.br\\\/portal\\\/#organization\"},\"articleSection\":[\"Opini\u00e3o\"],\"inLanguage\":\"pt-BR\",\"potentialAction\":[{\"@type\":\"CommentAction\",\"name\":\"Comment\",\"target\":[\"https:\\\/\\\/jornalbeirario.com.br\\\/portal\\\/?p=25887#respond\"]}]},{\"@type\":\"WebPage\",\"@id\":\"https:\\\/\\\/jornalbeirario.com.br\\\/portal\\\/?p=25887\",\"url\":\"https:\\\/\\\/jornalbeirario.com.br\\\/portal\\\/?p=25887\",\"name\":\"QUEM PENSA? Nunca antes na hist\u00f3ria desse pa\u00eds, ouvi tanta bobagem numa disputa eleitoral! - JORNAL BEIRA RIO\",\"isPartOf\":{\"@id\":\"https:\\\/\\\/jornalbeirario.com.br\\\/portal\\\/#website\"},\"datePublished\":\"2014-10-31T08:09:44+00:00\",\"dateModified\":\"2014-10-31T13:03:48+00:00\",\"breadcrumb\":{\"@id\":\"https:\\\/\\\/jornalbeirario.com.br\\\/portal\\\/?p=25887#breadcrumb\"},\"inLanguage\":\"pt-BR\",\"potentialAction\":[{\"@type\":\"ReadAction\",\"target\":[\"https:\\\/\\\/jornalbeirario.com.br\\\/portal\\\/?p=25887\"]}]},{\"@type\":\"BreadcrumbList\",\"@id\":\"https:\\\/\\\/jornalbeirario.com.br\\\/portal\\\/?p=25887#breadcrumb\",\"itemListElement\":[{\"@type\":\"ListItem\",\"position\":1,\"name\":\"Home\",\"item\":\"https:\\\/\\\/jornalbeirario.com.br\\\/portal\"},{\"@type\":\"ListItem\",\"position\":2,\"name\":\"QUEM PENSA? Nunca antes na hist\u00f3ria desse pa\u00eds, ouvi tanta bobagem numa disputa eleitoral!\"}]},{\"@type\":\"WebSite\",\"@id\":\"https:\\\/\\\/jornalbeirario.com.br\\\/portal\\\/#website\",\"url\":\"https:\\\/\\\/jornalbeirario.com.br\\\/portal\\\/\",\"name\":\"JORNAL BEIRA RIO\",\"description\":\"\",\"publisher\":{\"@id\":\"https:\\\/\\\/jornalbeirario.com.br\\\/portal\\\/#organization\"},\"potentialAction\":[{\"@type\":\"SearchAction\",\"target\":{\"@type\":\"EntryPoint\",\"urlTemplate\":\"https:\\\/\\\/jornalbeirario.com.br\\\/portal\\\/?s={search_term_string}\"},\"query-input\":{\"@type\":\"PropertyValueSpecification\",\"valueRequired\":true,\"valueName\":\"search_term_string\"}}],\"inLanguage\":\"pt-BR\"},{\"@type\":\"Organization\",\"@id\":\"https:\\\/\\\/jornalbeirario.com.br\\\/portal\\\/#organization\",\"name\":\"JORNAL BEIRA RIO\",\"url\":\"https:\\\/\\\/jornalbeirario.com.br\\\/portal\\\/\",\"logo\":{\"@type\":\"ImageObject\",\"inLanguage\":\"pt-BR\",\"@id\":\"https:\\\/\\\/jornalbeirario.com.br\\\/portal\\\/#\\\/schema\\\/logo\\\/image\\\/\",\"url\":\"https:\\\/\\\/jornalbeirario.com.br\\\/portal\\\/wp-content\\\/uploads\\\/2017\\\/09\\\/BEIRA-RIO_logo600.png\",\"contentUrl\":\"https:\\\/\\\/jornalbeirario.com.br\\\/portal\\\/wp-content\\\/uploads\\\/2017\\\/09\\\/BEIRA-RIO_logo600.png\",\"width\":650,\"height\":108,\"caption\":\"JORNAL BEIRA RIO\"},\"image\":{\"@id\":\"https:\\\/\\\/jornalbeirario.com.br\\\/portal\\\/#\\\/schema\\\/logo\\\/image\\\/\"}},{\"@type\":\"Person\",\"@id\":\"https:\\\/\\\/jornalbeirario.com.br\\\/portal\\\/#\\\/schema\\\/person\\\/c6c423e4c2465d2a9233f6539173e7c1\",\"name\":\"Jornal BEIRA-RIO\",\"image\":{\"@type\":\"ImageObject\",\"inLanguage\":\"pt-BR\",\"@id\":\"https:\\\/\\\/jornalbeirario.com.br\\\/portal\\\/wp-content\\\/uploads\\\/2023\\\/10\\\/logojbr1.jpg\",\"url\":\"https:\\\/\\\/jornalbeirario.com.br\\\/portal\\\/wp-content\\\/uploads\\\/2023\\\/10\\\/logojbr1.jpg\",\"contentUrl\":\"https:\\\/\\\/jornalbeirario.com.br\\\/portal\\\/wp-content\\\/uploads\\\/2023\\\/10\\\/logojbr1.jpg\",\"caption\":\"Jornal BEIRA-RIO\"},\"url\":\"https:\\\/\\\/jornalbeirario.com.br\\\/portal\\\/?author=1\"}]}<\/script>\n<!-- \/ Yoast SEO plugin. -->","yoast_head_json":{"title":"QUEM PENSA? Nunca antes na hist\u00f3ria desse pa\u00eds, ouvi tanta bobagem numa disputa eleitoral! - JORNAL BEIRA RIO","robots":{"index":"index","follow":"follow","max-snippet":"max-snippet:-1","max-image-preview":"max-image-preview:large","max-video-preview":"max-video-preview:-1"},"canonical":"https:\/\/jornalbeirario.com.br\/portal\/?p=25887","og_locale":"pt_BR","og_type":"article","og_title":"QUEM PENSA? Nunca antes na hist\u00f3ria desse pa\u00eds, ouvi tanta bobagem numa disputa eleitoral! - JORNAL BEIRA RIO","og_description":"Algumas coisas ditas chegaram no campo do absurdo, da esquizofrenia mesmo. Um dia, analisando o comportamento de alguns conhecidos, me surpreendi ao constatar como","og_url":"https:\/\/jornalbeirario.com.br\/portal\/?p=25887","og_site_name":"JORNAL BEIRA RIO","article_published_time":"2014-10-31T08:09:44+00:00","article_modified_time":"2014-10-31T13:03:48+00:00","author":"Jornal BEIRA-RIO","twitter_card":"summary_large_image","twitter_misc":{"Escrito por":"Jornal BEIRA-RIO","Est. tempo de leitura":"4 minutos"},"schema":{"@context":"https:\/\/schema.org","@graph":[{"@type":"Article","@id":"https:\/\/jornalbeirario.com.br\/portal\/?p=25887#article","isPartOf":{"@id":"https:\/\/jornalbeirario.com.br\/portal\/?p=25887"},"author":{"name":"Jornal BEIRA-RIO","@id":"https:\/\/jornalbeirario.com.br\/portal\/#\/schema\/person\/c6c423e4c2465d2a9233f6539173e7c1"},"headline":"QUEM PENSA? Nunca antes na hist\u00f3ria desse pa\u00eds, ouvi tanta bobagem numa disputa eleitoral!","datePublished":"2014-10-31T08:09:44+00:00","dateModified":"2014-10-31T13:03:48+00:00","mainEntityOfPage":{"@id":"https:\/\/jornalbeirario.com.br\/portal\/?p=25887"},"wordCount":787,"commentCount":0,"publisher":{"@id":"https:\/\/jornalbeirario.com.br\/portal\/#organization"},"articleSection":["Opini\u00e3o"],"inLanguage":"pt-BR","potentialAction":[{"@type":"CommentAction","name":"Comment","target":["https:\/\/jornalbeirario.com.br\/portal\/?p=25887#respond"]}]},{"@type":"WebPage","@id":"https:\/\/jornalbeirario.com.br\/portal\/?p=25887","url":"https:\/\/jornalbeirario.com.br\/portal\/?p=25887","name":"QUEM PENSA? Nunca antes na hist\u00f3ria desse pa\u00eds, ouvi tanta bobagem numa disputa eleitoral! - JORNAL BEIRA RIO","isPartOf":{"@id":"https:\/\/jornalbeirario.com.br\/portal\/#website"},"datePublished":"2014-10-31T08:09:44+00:00","dateModified":"2014-10-31T13:03:48+00:00","breadcrumb":{"@id":"https:\/\/jornalbeirario.com.br\/portal\/?p=25887#breadcrumb"},"inLanguage":"pt-BR","potentialAction":[{"@type":"ReadAction","target":["https:\/\/jornalbeirario.com.br\/portal\/?p=25887"]}]},{"@type":"BreadcrumbList","@id":"https:\/\/jornalbeirario.com.br\/portal\/?p=25887#breadcrumb","itemListElement":[{"@type":"ListItem","position":1,"name":"Home","item":"https:\/\/jornalbeirario.com.br\/portal"},{"@type":"ListItem","position":2,"name":"QUEM PENSA? Nunca antes na hist\u00f3ria desse pa\u00eds, ouvi tanta bobagem numa disputa eleitoral!"}]},{"@type":"WebSite","@id":"https:\/\/jornalbeirario.com.br\/portal\/#website","url":"https:\/\/jornalbeirario.com.br\/portal\/","name":"JORNAL BEIRA RIO","description":"","publisher":{"@id":"https:\/\/jornalbeirario.com.br\/portal\/#organization"},"potentialAction":[{"@type":"SearchAction","target":{"@type":"EntryPoint","urlTemplate":"https:\/\/jornalbeirario.com.br\/portal\/?s={search_term_string}"},"query-input":{"@type":"PropertyValueSpecification","valueRequired":true,"valueName":"search_term_string"}}],"inLanguage":"pt-BR"},{"@type":"Organization","@id":"https:\/\/jornalbeirario.com.br\/portal\/#organization","name":"JORNAL BEIRA RIO","url":"https:\/\/jornalbeirario.com.br\/portal\/","logo":{"@type":"ImageObject","inLanguage":"pt-BR","@id":"https:\/\/jornalbeirario.com.br\/portal\/#\/schema\/logo\/image\/","url":"https:\/\/jornalbeirario.com.br\/portal\/wp-content\/uploads\/2017\/09\/BEIRA-RIO_logo600.png","contentUrl":"https:\/\/jornalbeirario.com.br\/portal\/wp-content\/uploads\/2017\/09\/BEIRA-RIO_logo600.png","width":650,"height":108,"caption":"JORNAL BEIRA RIO"},"image":{"@id":"https:\/\/jornalbeirario.com.br\/portal\/#\/schema\/logo\/image\/"}},{"@type":"Person","@id":"https:\/\/jornalbeirario.com.br\/portal\/#\/schema\/person\/c6c423e4c2465d2a9233f6539173e7c1","name":"Jornal BEIRA-RIO","image":{"@type":"ImageObject","inLanguage":"pt-BR","@id":"https:\/\/jornalbeirario.com.br\/portal\/wp-content\/uploads\/2023\/10\/logojbr1.jpg","url":"https:\/\/jornalbeirario.com.br\/portal\/wp-content\/uploads\/2023\/10\/logojbr1.jpg","contentUrl":"https:\/\/jornalbeirario.com.br\/portal\/wp-content\/uploads\/2023\/10\/logojbr1.jpg","caption":"Jornal BEIRA-RIO"},"url":"https:\/\/jornalbeirario.com.br\/portal\/?author=1"}]}},"_links":{"self":[{"href":"https:\/\/jornalbeirario.com.br\/portal\/index.php?rest_route=\/wp\/v2\/posts\/25887","targetHints":{"allow":["GET"]}}],"collection":[{"href":"https:\/\/jornalbeirario.com.br\/portal\/index.php?rest_route=\/wp\/v2\/posts"}],"about":[{"href":"https:\/\/jornalbeirario.com.br\/portal\/index.php?rest_route=\/wp\/v2\/types\/post"}],"author":[{"embeddable":true,"href":"https:\/\/jornalbeirario.com.br\/portal\/index.php?rest_route=\/wp\/v2\/users\/1"}],"replies":[{"embeddable":true,"href":"https:\/\/jornalbeirario.com.br\/portal\/index.php?rest_route=%2Fwp%2Fv2%2Fcomments&post=25887"}],"version-history":[{"count":5,"href":"https:\/\/jornalbeirario.com.br\/portal\/index.php?rest_route=\/wp\/v2\/posts\/25887\/revisions"}],"predecessor-version":[{"id":25921,"href":"https:\/\/jornalbeirario.com.br\/portal\/index.php?rest_route=\/wp\/v2\/posts\/25887\/revisions\/25921"}],"wp:attachment":[{"href":"https:\/\/jornalbeirario.com.br\/portal\/index.php?rest_route=%2Fwp%2Fv2%2Fmedia&parent=25887"}],"wp:term":[{"taxonomy":"category","embeddable":true,"href":"https:\/\/jornalbeirario.com.br\/portal\/index.php?rest_route=%2Fwp%2Fv2%2Fcategories&post=25887"},{"taxonomy":"post_tag","embeddable":true,"href":"https:\/\/jornalbeirario.com.br\/portal\/index.php?rest_route=%2Fwp%2Fv2%2Ftags&post=25887"}],"curies":[{"name":"wp","href":"https:\/\/api.w.org\/{rel}","templated":true}]}}