
{"id":25873,"date":"2014-10-31T08:11:17","date_gmt":"2014-10-31T08:11:17","guid":{"rendered":"http:\/\/jornalbeirario.com.br\/portal\/portal\/?p=25873"},"modified":"2014-10-31T08:11:17","modified_gmt":"2014-10-31T08:11:17","slug":"lais-amaral-70","status":"publish","type":"post","link":"https:\/\/jornalbeirario.com.br\/portal\/?p=25873","title":{"rendered":"La\u00eds Amaral"},"content":{"rendered":"<p style=\"text-align: justify;\"><strong>As Cinzas da Batalha (1)<\/strong><br \/>\nPara muita gente que participou dessa elei\u00e7\u00e3o, a mais disputada de todos os tempos, como reverberam por a\u00ed (e certamente foi), a disputa ocorreu como um campeonato de futebol. O pessoal que n\u00e3o se liga em Pol\u00edtica (com P mai\u00fasculo) tem adormecido no inconsciente, um padr\u00e3o modelo de disputa treinado pelo h\u00e1bito de torcer por futebol. O cara tem o seu time \u00e9 quer que ele seja campe\u00e3o a qualquer custo. O time n\u00e3o precisa ser bom, mas tem de se campe\u00e3o. E vale tudo. Gol de m\u00e3o, p\u00eanalti inventado, etc. \u00c0s favas com a \u00e9tica. A\u00ed o time n\u00e3o \u00e9 campe\u00e3o e o cara quer trucidar o advers\u00e1rio, quer matar o juiz e at\u00e9, anular o jogo. Paix\u00e3o pura. Nessa elei\u00e7\u00e3o, tal o acirramento, a paix\u00e3o tamb\u00e9m emergiu solapando a raz\u00e3o em muitos momentos. Por isso, horas e mesmo dias ap\u00f3s o resultado, assistimos rea\u00e7\u00f5es destemperadas, demonstra\u00e7\u00f5es de \u00f3dio e discrimina\u00e7\u00e3o que beiram o fascismo e at\u00e9 propostas pat\u00e9ticas de um abaixo assinado propondo um descabido impedimento da Presidente eleita democraticamente nas urnas. Um ato falho de quem tem saudades da ditadura e ainda n\u00e3o se acostumou com a Democracia.<\/p>\n<p style=\"text-align: justify;\"><strong>As Cinzas da Batalha (2)<\/strong><br \/>\nE por falar nela, na Democracia, foi ela a vencedora desse domingo e n\u00e3o Dilma Roussef, como ressalta Marcelo Freixo (Psol), um dos mais votados do pa\u00eds. A elei\u00e7\u00e3o tamb\u00e9m n\u00e3o dividiu o pa\u00eds e nem Dilma foi eleita pelo Norte e Nordeste como afirmam. L\u00e1 ela obteve 45% dos votos (24,5 milh\u00f5es) e no Sul e Sudeste (48%, 26 milh\u00f5es de votos). Falam em ditadura pelos 16 anos de poder do PT e seus aliados e esquecem que Ditadura n\u00e3o se sustenta na decis\u00e3o soberana do voto, ou S\u00e3o Paulo viveria uma ditadura do PSDB, pois est\u00e1 no poder h\u00e1 20 anos. Realidade que tamb\u00e9m derruba o discurso oposicionista da chamada altern\u00e2ncia do poder. A altern\u00e2ncia tem de ser de modelo e uma Democracia madura abarca isso. Mas sem golpes, sem jogo sujo. Estamos caminhando. Nossa Rep\u00fablica foi plantada por um Golpe Militar. Vivemos muitas ditaduras. A nossa Imprensa (grande derrotada nessa elei\u00e7\u00e3o) tem mania de golpes. Fez contra Get\u00falio, contra Jango, tentou contra Lula e agora presenciamos espet\u00e1culos vergonhosos ao assumir o papel de partido pol\u00edtico. E partido nazifascista. O que estava em jogo, amigos e advers\u00e1rios, eram modelos distintos de governar. A maioria escolheu o modelo que mais lhe agrada. \u00c9 isso minha gente, jogo democr\u00e1tico, n\u00e3o um Fla-Flu. Agora \u00e9 seguir em frente. Oposi\u00e7\u00e3o fiscalizando e Governo governando. O pa\u00eds \u00e9 um s\u00f3.<\/p>\n<p style=\"text-align: justify;\"><strong>TRIPA<\/strong><br \/>\n* Amanh\u00e3 e depois (1 e 2) das 9h \u00e0s 18, a Capela do Cemit\u00e9rio Senhor dos Passos abrigar\u00e1 uma exposi\u00e7\u00e3o sobre a trajet\u00f3ria dos sepultamentos em Resende. Mais uma bola dentro do Claudionor Rosa * Quem est\u00e1 rindo \u00e0 toa \u00e9 o Fabinho Bruneli, com o nascimento do filho Bernardo. Parab\u00e9ns a ele e fam\u00edlia. Vani, av\u00f3 coruja est\u00e1 nas alturas * Um amigo que votou no A\u00e9cio, ainda inconformado, tamb\u00e9m foi contagiado pelo racismo contra os nordestinos, o que lamentavelmente ocupou muito espa\u00e7o nas Redes Sociais por esses dias. Logo ele que brinca Carnaval em Salvador. \u201cN\u00e3o foi nas regi\u00f5es Norte e Nordeste que A\u00e9cio perdeu. Ele perdeu em casa\u201d, disse a ele. Perdeu nos dois turnos para Dilma e seu candidato ao governo mineiro foi derrotado pelo do PT ainda no primeiro turno. Para ele refletir enviei tr\u00eas links de mat\u00e9rias publicadas pela Velha M\u00eddia Comercial, que deu uma de fogo amigo. Olha s\u00f3: \u201cA\u00e9cio viaja mais do DF ao Rio do que pra MG\u201d: http:\/\/bit.ly\/1vIJSSA; \u201cA\u00e9cio constr\u00f3i aeroporto em terra de parentes: http:\/\/bit.ly\/1zUe0NE e finalmente, o que a Justi\u00e7a n\u00e3o est\u00e1 investigando como deveria, o caso do helic\u00f3ptero de amigos e aliados de A\u00e9cio, pego com 415 Kg de coca\u00edna. Imaginem se esses pol\u00edticos fossem do PT, o que a Revista Veja e a Globo n\u00e3o fariam: http:\/\/bit.ly\/1wGIEIZ.<\/p>\n<p style=\"text-align: justify;\"><strong>ANIVERS\u00c1RIOS<\/strong><br \/>\nDia 27 passado, al\u00e9m do grande Lula, tamb\u00e9m aniversariou a grande Maria Nina. Amanh\u00e3, dia 1\u00ba de novembro aniversariam os amigos: Sebasti\u00e3o Gama (Tat\u00e3o), Miguel Fran\u00e7a, Raquel Rezende, \u00c2ngela Monteiro, T\u00e2nia Chiarini e Renato Serra. No domingo, dia 2, a Cristina Braga e J\u00f4 Farizel mudam de idade. Dia 3 ser\u00e1 a vez da Naiara Pac\u00edfico, da F\u00e1tima Silva, do Erlon Viana e da Rita de C\u00e1ssia Morais inaugurarem idade nova. No dia 5, a Luciana Monteiro e o Luis Fernando Monteiro (n\u00e3o s\u00e3o parentes) recebem os \u2018parab\u00e9ns\u2019. No dia 6, uma turma grande conta mais um ano de vida: Israel de Paula, Robson Bertoldo, Anadege Cabral, Marina Schneider, Simone Carvalho e Marcelo Ghirlinzoni. E no dia 7 sopra velinhas a minha amiga Rosane C\u00e2ndido. Parab\u00e9ns e todas as felicidades do mundo a todos eles.<\/p>\n","protected":false},"excerpt":{"rendered":"<p>As Cinzas da Batalha (1) Para muita gente que participou dessa elei\u00e7\u00e3o, a mais disputada de todos os tempos, como reverberam por a\u00ed (e<\/p>\n","protected":false},"author":1,"featured_media":0,"comment_status":"open","ping_status":"open","sticky":false,"template":"","format":"standard","meta":{"pmpro_default_level":"","footnotes":""},"categories":[13],"tags":[],"class_list":["post-25873","post","type-post","status-publish","format-standard","hentry","category-social","pmpro-has-access"],"yoast_head":"<!-- This site is optimized with the Yoast SEO plugin v27.4 - https:\/\/yoast.com\/product\/yoast-seo-wordpress\/ -->\n<title>La\u00eds Amaral - JORNAL BEIRA RIO<\/title>\n<meta name=\"robots\" content=\"index, follow, max-snippet:-1, max-image-preview:large, max-video-preview:-1\" \/>\n<link rel=\"canonical\" href=\"https:\/\/jornalbeirario.com.br\/portal\/?p=25873\" \/>\n<meta property=\"og:locale\" content=\"pt_BR\" \/>\n<meta property=\"og:type\" content=\"article\" \/>\n<meta property=\"og:title\" content=\"La\u00eds Amaral - JORNAL BEIRA RIO\" \/>\n<meta property=\"og:description\" content=\"As Cinzas da Batalha (1) Para muita gente que participou dessa elei\u00e7\u00e3o, a mais disputada de todos os tempos, como reverberam por a\u00ed (e\" \/>\n<meta property=\"og:url\" content=\"https:\/\/jornalbeirario.com.br\/portal\/?p=25873\" \/>\n<meta property=\"og:site_name\" content=\"JORNAL BEIRA RIO\" \/>\n<meta property=\"article:published_time\" content=\"2014-10-31T08:11:17+00:00\" \/>\n<meta name=\"author\" content=\"Jornal BEIRA-RIO\" \/>\n<meta name=\"twitter:card\" content=\"summary_large_image\" \/>\n<meta name=\"twitter:label1\" content=\"Escrito por\" \/>\n\t<meta name=\"twitter:data1\" content=\"Jornal BEIRA-RIO\" \/>\n\t<meta name=\"twitter:label2\" content=\"Est. tempo de leitura\" \/>\n\t<meta name=\"twitter:data2\" content=\"4 minutos\" \/>\n<script type=\"application\/ld+json\" class=\"yoast-schema-graph\">{\"@context\":\"https:\\\/\\\/schema.org\",\"@graph\":[{\"@type\":\"Article\",\"@id\":\"https:\\\/\\\/jornalbeirario.com.br\\\/portal\\\/?p=25873#article\",\"isPartOf\":{\"@id\":\"https:\\\/\\\/jornalbeirario.com.br\\\/portal\\\/?p=25873\"},\"author\":{\"name\":\"Jornal BEIRA-RIO\",\"@id\":\"https:\\\/\\\/jornalbeirario.com.br\\\/portal\\\/#\\\/schema\\\/person\\\/c6c423e4c2465d2a9233f6539173e7c1\"},\"headline\":\"La\u00eds Amaral\",\"datePublished\":\"2014-10-31T08:11:17+00:00\",\"mainEntityOfPage\":{\"@id\":\"https:\\\/\\\/jornalbeirario.com.br\\\/portal\\\/?p=25873\"},\"wordCount\":859,\"commentCount\":0,\"publisher\":{\"@id\":\"https:\\\/\\\/jornalbeirario.com.br\\\/portal\\\/#organization\"},\"articleSection\":[\"Social\"],\"inLanguage\":\"pt-BR\",\"potentialAction\":[{\"@type\":\"CommentAction\",\"name\":\"Comment\",\"target\":[\"https:\\\/\\\/jornalbeirario.com.br\\\/portal\\\/?p=25873#respond\"]}]},{\"@type\":\"WebPage\",\"@id\":\"https:\\\/\\\/jornalbeirario.com.br\\\/portal\\\/?p=25873\",\"url\":\"https:\\\/\\\/jornalbeirario.com.br\\\/portal\\\/?p=25873\",\"name\":\"La\u00eds Amaral - JORNAL BEIRA RIO\",\"isPartOf\":{\"@id\":\"https:\\\/\\\/jornalbeirario.com.br\\\/portal\\\/#website\"},\"datePublished\":\"2014-10-31T08:11:17+00:00\",\"breadcrumb\":{\"@id\":\"https:\\\/\\\/jornalbeirario.com.br\\\/portal\\\/?p=25873#breadcrumb\"},\"inLanguage\":\"pt-BR\",\"potentialAction\":[{\"@type\":\"ReadAction\",\"target\":[\"https:\\\/\\\/jornalbeirario.com.br\\\/portal\\\/?p=25873\"]}]},{\"@type\":\"BreadcrumbList\",\"@id\":\"https:\\\/\\\/jornalbeirario.com.br\\\/portal\\\/?p=25873#breadcrumb\",\"itemListElement\":[{\"@type\":\"ListItem\",\"position\":1,\"name\":\"Home\",\"item\":\"https:\\\/\\\/jornalbeirario.com.br\\\/portal\"},{\"@type\":\"ListItem\",\"position\":2,\"name\":\"La\u00eds Amaral\"}]},{\"@type\":\"WebSite\",\"@id\":\"https:\\\/\\\/jornalbeirario.com.br\\\/portal\\\/#website\",\"url\":\"https:\\\/\\\/jornalbeirario.com.br\\\/portal\\\/\",\"name\":\"JORNAL BEIRA RIO\",\"description\":\"\",\"publisher\":{\"@id\":\"https:\\\/\\\/jornalbeirario.com.br\\\/portal\\\/#organization\"},\"potentialAction\":[{\"@type\":\"SearchAction\",\"target\":{\"@type\":\"EntryPoint\",\"urlTemplate\":\"https:\\\/\\\/jornalbeirario.com.br\\\/portal\\\/?s={search_term_string}\"},\"query-input\":{\"@type\":\"PropertyValueSpecification\",\"valueRequired\":true,\"valueName\":\"search_term_string\"}}],\"inLanguage\":\"pt-BR\"},{\"@type\":\"Organization\",\"@id\":\"https:\\\/\\\/jornalbeirario.com.br\\\/portal\\\/#organization\",\"name\":\"JORNAL BEIRA RIO\",\"url\":\"https:\\\/\\\/jornalbeirario.com.br\\\/portal\\\/\",\"logo\":{\"@type\":\"ImageObject\",\"inLanguage\":\"pt-BR\",\"@id\":\"https:\\\/\\\/jornalbeirario.com.br\\\/portal\\\/#\\\/schema\\\/logo\\\/image\\\/\",\"url\":\"https:\\\/\\\/jornalbeirario.com.br\\\/portal\\\/wp-content\\\/uploads\\\/2017\\\/09\\\/BEIRA-RIO_logo600.png\",\"contentUrl\":\"https:\\\/\\\/jornalbeirario.com.br\\\/portal\\\/wp-content\\\/uploads\\\/2017\\\/09\\\/BEIRA-RIO_logo600.png\",\"width\":650,\"height\":108,\"caption\":\"JORNAL BEIRA RIO\"},\"image\":{\"@id\":\"https:\\\/\\\/jornalbeirario.com.br\\\/portal\\\/#\\\/schema\\\/logo\\\/image\\\/\"}},{\"@type\":\"Person\",\"@id\":\"https:\\\/\\\/jornalbeirario.com.br\\\/portal\\\/#\\\/schema\\\/person\\\/c6c423e4c2465d2a9233f6539173e7c1\",\"name\":\"Jornal BEIRA-RIO\",\"image\":{\"@type\":\"ImageObject\",\"inLanguage\":\"pt-BR\",\"@id\":\"https:\\\/\\\/jornalbeirario.com.br\\\/portal\\\/wp-content\\\/uploads\\\/2023\\\/10\\\/logojbr1.jpg\",\"url\":\"https:\\\/\\\/jornalbeirario.com.br\\\/portal\\\/wp-content\\\/uploads\\\/2023\\\/10\\\/logojbr1.jpg\",\"contentUrl\":\"https:\\\/\\\/jornalbeirario.com.br\\\/portal\\\/wp-content\\\/uploads\\\/2023\\\/10\\\/logojbr1.jpg\",\"caption\":\"Jornal BEIRA-RIO\"},\"url\":\"https:\\\/\\\/jornalbeirario.com.br\\\/portal\\\/?author=1\"}]}<\/script>\n<!-- \/ Yoast SEO plugin. -->","yoast_head_json":{"title":"La\u00eds Amaral - JORNAL BEIRA RIO","robots":{"index":"index","follow":"follow","max-snippet":"max-snippet:-1","max-image-preview":"max-image-preview:large","max-video-preview":"max-video-preview:-1"},"canonical":"https:\/\/jornalbeirario.com.br\/portal\/?p=25873","og_locale":"pt_BR","og_type":"article","og_title":"La\u00eds Amaral - JORNAL BEIRA RIO","og_description":"As Cinzas da Batalha (1) Para muita gente que participou dessa elei\u00e7\u00e3o, a mais disputada de todos os tempos, como reverberam por a\u00ed (e","og_url":"https:\/\/jornalbeirario.com.br\/portal\/?p=25873","og_site_name":"JORNAL BEIRA RIO","article_published_time":"2014-10-31T08:11:17+00:00","author":"Jornal BEIRA-RIO","twitter_card":"summary_large_image","twitter_misc":{"Escrito por":"Jornal BEIRA-RIO","Est. tempo de leitura":"4 minutos"},"schema":{"@context":"https:\/\/schema.org","@graph":[{"@type":"Article","@id":"https:\/\/jornalbeirario.com.br\/portal\/?p=25873#article","isPartOf":{"@id":"https:\/\/jornalbeirario.com.br\/portal\/?p=25873"},"author":{"name":"Jornal BEIRA-RIO","@id":"https:\/\/jornalbeirario.com.br\/portal\/#\/schema\/person\/c6c423e4c2465d2a9233f6539173e7c1"},"headline":"La\u00eds Amaral","datePublished":"2014-10-31T08:11:17+00:00","mainEntityOfPage":{"@id":"https:\/\/jornalbeirario.com.br\/portal\/?p=25873"},"wordCount":859,"commentCount":0,"publisher":{"@id":"https:\/\/jornalbeirario.com.br\/portal\/#organization"},"articleSection":["Social"],"inLanguage":"pt-BR","potentialAction":[{"@type":"CommentAction","name":"Comment","target":["https:\/\/jornalbeirario.com.br\/portal\/?p=25873#respond"]}]},{"@type":"WebPage","@id":"https:\/\/jornalbeirario.com.br\/portal\/?p=25873","url":"https:\/\/jornalbeirario.com.br\/portal\/?p=25873","name":"La\u00eds Amaral - JORNAL BEIRA RIO","isPartOf":{"@id":"https:\/\/jornalbeirario.com.br\/portal\/#website"},"datePublished":"2014-10-31T08:11:17+00:00","breadcrumb":{"@id":"https:\/\/jornalbeirario.com.br\/portal\/?p=25873#breadcrumb"},"inLanguage":"pt-BR","potentialAction":[{"@type":"ReadAction","target":["https:\/\/jornalbeirario.com.br\/portal\/?p=25873"]}]},{"@type":"BreadcrumbList","@id":"https:\/\/jornalbeirario.com.br\/portal\/?p=25873#breadcrumb","itemListElement":[{"@type":"ListItem","position":1,"name":"Home","item":"https:\/\/jornalbeirario.com.br\/portal"},{"@type":"ListItem","position":2,"name":"La\u00eds Amaral"}]},{"@type":"WebSite","@id":"https:\/\/jornalbeirario.com.br\/portal\/#website","url":"https:\/\/jornalbeirario.com.br\/portal\/","name":"JORNAL BEIRA RIO","description":"","publisher":{"@id":"https:\/\/jornalbeirario.com.br\/portal\/#organization"},"potentialAction":[{"@type":"SearchAction","target":{"@type":"EntryPoint","urlTemplate":"https:\/\/jornalbeirario.com.br\/portal\/?s={search_term_string}"},"query-input":{"@type":"PropertyValueSpecification","valueRequired":true,"valueName":"search_term_string"}}],"inLanguage":"pt-BR"},{"@type":"Organization","@id":"https:\/\/jornalbeirario.com.br\/portal\/#organization","name":"JORNAL BEIRA RIO","url":"https:\/\/jornalbeirario.com.br\/portal\/","logo":{"@type":"ImageObject","inLanguage":"pt-BR","@id":"https:\/\/jornalbeirario.com.br\/portal\/#\/schema\/logo\/image\/","url":"https:\/\/jornalbeirario.com.br\/portal\/wp-content\/uploads\/2017\/09\/BEIRA-RIO_logo600.png","contentUrl":"https:\/\/jornalbeirario.com.br\/portal\/wp-content\/uploads\/2017\/09\/BEIRA-RIO_logo600.png","width":650,"height":108,"caption":"JORNAL BEIRA RIO"},"image":{"@id":"https:\/\/jornalbeirario.com.br\/portal\/#\/schema\/logo\/image\/"}},{"@type":"Person","@id":"https:\/\/jornalbeirario.com.br\/portal\/#\/schema\/person\/c6c423e4c2465d2a9233f6539173e7c1","name":"Jornal BEIRA-RIO","image":{"@type":"ImageObject","inLanguage":"pt-BR","@id":"https:\/\/jornalbeirario.com.br\/portal\/wp-content\/uploads\/2023\/10\/logojbr1.jpg","url":"https:\/\/jornalbeirario.com.br\/portal\/wp-content\/uploads\/2023\/10\/logojbr1.jpg","contentUrl":"https:\/\/jornalbeirario.com.br\/portal\/wp-content\/uploads\/2023\/10\/logojbr1.jpg","caption":"Jornal BEIRA-RIO"},"url":"https:\/\/jornalbeirario.com.br\/portal\/?author=1"}]}},"_links":{"self":[{"href":"https:\/\/jornalbeirario.com.br\/portal\/index.php?rest_route=\/wp\/v2\/posts\/25873","targetHints":{"allow":["GET"]}}],"collection":[{"href":"https:\/\/jornalbeirario.com.br\/portal\/index.php?rest_route=\/wp\/v2\/posts"}],"about":[{"href":"https:\/\/jornalbeirario.com.br\/portal\/index.php?rest_route=\/wp\/v2\/types\/post"}],"author":[{"embeddable":true,"href":"https:\/\/jornalbeirario.com.br\/portal\/index.php?rest_route=\/wp\/v2\/users\/1"}],"replies":[{"embeddable":true,"href":"https:\/\/jornalbeirario.com.br\/portal\/index.php?rest_route=%2Fwp%2Fv2%2Fcomments&post=25873"}],"version-history":[{"count":3,"href":"https:\/\/jornalbeirario.com.br\/portal\/index.php?rest_route=\/wp\/v2\/posts\/25873\/revisions"}],"predecessor-version":[{"id":25907,"href":"https:\/\/jornalbeirario.com.br\/portal\/index.php?rest_route=\/wp\/v2\/posts\/25873\/revisions\/25907"}],"wp:attachment":[{"href":"https:\/\/jornalbeirario.com.br\/portal\/index.php?rest_route=%2Fwp%2Fv2%2Fmedia&parent=25873"}],"wp:term":[{"taxonomy":"category","embeddable":true,"href":"https:\/\/jornalbeirario.com.br\/portal\/index.php?rest_route=%2Fwp%2Fv2%2Fcategories&post=25873"},{"taxonomy":"post_tag","embeddable":true,"href":"https:\/\/jornalbeirario.com.br\/portal\/index.php?rest_route=%2Fwp%2Fv2%2Ftags&post=25873"}],"curies":[{"name":"wp","href":"https:\/\/api.w.org\/{rel}","templated":true}]}}