
{"id":25719,"date":"2014-10-30T19:00:38","date_gmt":"2014-10-30T19:00:38","guid":{"rendered":"http:\/\/jornalbeirario.com.br\/portal\/portal\/?p=25719"},"modified":"2014-10-30T19:00:38","modified_gmt":"2014-10-30T19:00:38","slug":"lais-amaral-69","status":"publish","type":"post","link":"https:\/\/jornalbeirario.com.br\/portal\/?p=25719","title":{"rendered":"La\u00eds Amaral"},"content":{"rendered":"<p style=\"text-align: justify;\"><strong>Mem\u00f3rias desordenadas.Ainda letra \u201cB\u201d:Bezerra da Silva<\/strong><br \/>\nJantamos no restaurante do Hotel Castel Plaza, eu, Luiz Carlos do Esp\u00edrito Santo e Bezerra da Silva. Era um s\u00e1bado e Bezerra estava em Resende para se apresentar no \u2018Arrai\u00e1 do Cels\u00e3o\u2019, onde hoje fica o Parque Zumbi. O Luiz Carlos o trouxe \u00e0 cidade e me convidou para o encontro. Bezerra trazia para me entregar o CD autografado e rec\u00e9m-lan\u00e7ado, \u2018Meu samba \u00e9 duro na Queda\u2019, composi\u00e7\u00e3o de Pinga, Guilherme do Ponto Chic e desse escriba. S\u00e3o meus parceiros musicais que integram a ala de compositores do Le\u00e3o de Nova Igua\u00e7u e da Mangueira. Bezerra j\u00e1 havia gravado, anos antes, outra composi\u00e7\u00e3o do trio. Eu ainda n\u00e3o morava em Resende e lembro quando fui assinar o contrato de edi\u00e7\u00e3o e receber direitos autorais antecipados. A editora ficava na Lagoa e foi l\u00e1 que conheci Bezerra. O cara era muito \u2018boa pra\u00e7a\u2019. Gravava um mund\u00e3o de compositores, at\u00e9 para ajudar. Mais tarde eu o entrevistaria no seu escrit\u00f3rio, se a mem\u00f3ria n\u00e3o falha, na Avenida Rio Branco e que era administrado por seu filho. Bezerra era capaz de tirar do disco um samba de compositor que j\u00e1 tivesse outra composi\u00e7\u00e3o inclu\u00edda, para favorecer outro autor, somente pra dar uma ajuda ao sujeito. \u201cPra ele botar a m\u00e3o num troquinho. T\u00e1 precisando\u201d. Fazia isso sem se preocupar se o samba exclu\u00eddo tinha mais qualidade que o outro. Essa independ\u00eancia alimentava brigas com produtores e gravadoras. Num outro CD gravou de Pedro Butina, \u201cQG do Samba\u201d, no qual cita seus compositores. Meu nome aparece entre eles e assim virei, com muito orgulho, verso de samba, a maior das homenagens. Era assim o Bezerra. A turma gostava dele. Bela e saudosa figura.<\/p>\n<p style=\"text-align: justify;\"><strong>Domingo, a sociedade partida?<\/strong><br \/>\nTermina (ufa) neste domingo a elei\u00e7\u00e3o (pelo menos para a Presid\u00eancia da Rep\u00fablica), mais disputada desde 1989. Uma batalha, repetindo o clich\u00ea, voto a voto, em que est\u00e1 em jogo muito mais que uma disputa entre personalidades distintas como Dilma e A\u00e9cio, mas de modelos opostos de gest\u00e3o, se bem que com alguns pontos em comum. O que deve sobrar, passado o calor da pugna, deve ser mesmo a consolida\u00e7\u00e3o de duas vis\u00f5es de mundo: uma conservadora que abra\u00e7a e defende o modelo neoliberal que tem o PSDB como marca e outra de linha mais popular e que defende um Estado mais presente, que \u00e9 a cara do PT. Infelizmente acredito que a maioria dos que v\u00e3o \u00e0s urnas domingo, ainda vota, mais nos personagens pelo significam pessoalmente do que pelo que representam. Talvez sobre tamb\u00e9m uma sociedade mais amarga, real\u00e7ando a intoler\u00e2ncia com as diferen\u00e7as e sabe-se l\u00e1 o que mais. O que \u00e9 muito ruim, um atraso certamente, mas que sempre esteve a\u00ed, de forma velada, e que agora se manifesta mais claramente. A hipocrisia \u00e9 um tra\u00e7o forte de nossa sociedade. Alguns valores ficar\u00e3o expostos, em carne viva, ap\u00f3s o pleito. Dependendo do resultado, mais ainda. Bom voto !<\/p>\n<p style=\"text-align: justify;\"><strong>TRIPA<\/strong><br \/>\n* Hoje (dia 24) \u00e0 noite, em cerim\u00f4nia que ser\u00e1 realizada no Ciman, a C\u00e2mara Municipal homenageia os servidores p\u00fablicos que se destacaram no ano. Gl\u00eanio Barbosa, nosso colega da Superintend\u00eancia de Eventos foi eleito unanimemente e estar\u00e1 l\u00e1 (de terno) recebendo a homenagem, para nosso orgulho e de seus familiares. Parab\u00e9ns ao Gl\u00eanio, uma figura\u00e7a * Resende recebeu nessas ter\u00e7a e quarta-feira, cerca de 130 profissionais da regi\u00e3o para uma forma\u00e7\u00e3o de monitores do Esporte na Escola, atividade desenvolvida dentro do \u2018Programa Mais Educa\u00e7\u00e3o\u2019, do Governo Federal. A atividade rolou na Associa\u00e7\u00e3o Recreativa Beira Rio (ARBR), no bairro Itapuca * Foi realizado nessa quarta-feira, dia 22, um grande evento pela comemora\u00e7\u00e3o dos 50 anos da Associa\u00e7\u00e3o Educacional Dom Bosco. Pela manh\u00e3 foi programado um plantio de mudas de Pau-Brasil no Bosque Comunit\u00e1rio Dom Bosco. \u00c0 noite, foi aberto o 11\u00ba Simp\u00f3sio de Excel\u00eancia em Gest\u00e3o e Tecnologia, com palestra do General Gerson Menandro Garcia de Freitas, chefe de assuntos estrat\u00e9gicos do Estado Maior das For\u00e7as Armadas, ligado ao Minist\u00e9rio da Defesa. Um jantar de confraterniza\u00e7\u00e3o encerrou as atividades pelos 50 anos da AEDB. Parab\u00e9ns ao professor Esteves, a toda a diretoria da universidade, seu professores e alunos * Quarta-feira, dia 29, ser\u00e1 realizado no Parque das \u00e1guas uma atividade pelo chamado \u2018Outubro Rosa\u2019, que \u00e9 a campanha de conscientiza\u00e7\u00e3o pela preven\u00e7\u00e3o ao c\u00e2ncer de mama. O evento vai das 8h ao meio dia. Todas est\u00e3o convidadas * E vem ai o Festival de M\u00fasica de Resende, promovido pela Casa da Cultura. Esse ano com premia\u00e7\u00e3o a parte para compositores locais. Ano passado foi muito bom o n\u00edvel dos concorrentes e outra vez, muitos artistas de outros estados participar\u00e3o.<\/p>\n<p style=\"text-align: justify;\"><strong>ANIVERS\u00c1RIO<\/strong><br \/>\nQuem muda de idade neste s\u00e1bado \u00e9 o Paulo Cesar Rodrigues, o \u2018Paulinho Mazaropi\u2019, a Glaucia Lemos e o professor Jo\u00e3o Duarte. No domingo o garot\u00e3o Gustavo Adolf Filho, o Guga, inaugura idade nova votando na Dilma. Dia 27, o Dagoberto Guilherme, a Chrysley Pimenta e a Daniele Livramento recebem os \u2018parab\u00e9ns\u2019. Dia 28, a Luciene Vasconcelos sopra velinhas. No dia 30 ficam mais experientes o meu amigo Andr\u00e9 Ioras, a Hevelyne Siqueira e a Carol Barcellos (a grila). E no dia 30, o chileno Luis Jara e a Renata Bento contam mais um ano de vida. Parab\u00e9ns e todas as felicidades do mundo a todos eles.<\/p>\n","protected":false},"excerpt":{"rendered":"<p>Mem\u00f3rias desordenadas.Ainda letra \u201cB\u201d:Bezerra da Silva Jantamos no restaurante do Hotel Castel Plaza, eu, Luiz Carlos do Esp\u00edrito Santo e Bezerra da Silva. Era<\/p>\n","protected":false},"author":1,"featured_media":0,"comment_status":"open","ping_status":"open","sticky":false,"template":"","format":"standard","meta":{"pmpro_default_level":"","footnotes":""},"categories":[13],"tags":[],"class_list":["post-25719","post","type-post","status-publish","format-standard","hentry","category-social","pmpro-has-access"],"yoast_head":"<!-- This site is optimized with the Yoast SEO plugin v27.4 - https:\/\/yoast.com\/product\/yoast-seo-wordpress\/ -->\n<title>La\u00eds Amaral - JORNAL BEIRA RIO<\/title>\n<meta name=\"robots\" content=\"index, follow, max-snippet:-1, max-image-preview:large, max-video-preview:-1\" \/>\n<link rel=\"canonical\" href=\"https:\/\/jornalbeirario.com.br\/portal\/?p=25719\" \/>\n<meta property=\"og:locale\" content=\"pt_BR\" \/>\n<meta property=\"og:type\" content=\"article\" \/>\n<meta property=\"og:title\" content=\"La\u00eds Amaral - JORNAL BEIRA RIO\" \/>\n<meta property=\"og:description\" content=\"Mem\u00f3rias desordenadas.Ainda letra \u201cB\u201d:Bezerra da Silva Jantamos no restaurante do Hotel Castel Plaza, eu, Luiz Carlos do Esp\u00edrito Santo e Bezerra da Silva. Era\" \/>\n<meta property=\"og:url\" content=\"https:\/\/jornalbeirario.com.br\/portal\/?p=25719\" \/>\n<meta property=\"og:site_name\" content=\"JORNAL BEIRA RIO\" \/>\n<meta property=\"article:published_time\" content=\"2014-10-30T19:00:38+00:00\" \/>\n<meta name=\"author\" content=\"Jornal BEIRA-RIO\" \/>\n<meta name=\"twitter:card\" content=\"summary_large_image\" \/>\n<meta name=\"twitter:label1\" content=\"Escrito por\" \/>\n\t<meta name=\"twitter:data1\" content=\"Jornal BEIRA-RIO\" \/>\n\t<meta name=\"twitter:label2\" content=\"Est. tempo de leitura\" \/>\n\t<meta name=\"twitter:data2\" content=\"5 minutos\" \/>\n<script type=\"application\/ld+json\" class=\"yoast-schema-graph\">{\"@context\":\"https:\\\/\\\/schema.org\",\"@graph\":[{\"@type\":\"Article\",\"@id\":\"https:\\\/\\\/jornalbeirario.com.br\\\/portal\\\/?p=25719#article\",\"isPartOf\":{\"@id\":\"https:\\\/\\\/jornalbeirario.com.br\\\/portal\\\/?p=25719\"},\"author\":{\"name\":\"Jornal BEIRA-RIO\",\"@id\":\"https:\\\/\\\/jornalbeirario.com.br\\\/portal\\\/#\\\/schema\\\/person\\\/c6c423e4c2465d2a9233f6539173e7c1\"},\"headline\":\"La\u00eds Amaral\",\"datePublished\":\"2014-10-30T19:00:38+00:00\",\"mainEntityOfPage\":{\"@id\":\"https:\\\/\\\/jornalbeirario.com.br\\\/portal\\\/?p=25719\"},\"wordCount\":934,\"commentCount\":0,\"publisher\":{\"@id\":\"https:\\\/\\\/jornalbeirario.com.br\\\/portal\\\/#organization\"},\"articleSection\":[\"Social\"],\"inLanguage\":\"pt-BR\",\"potentialAction\":[{\"@type\":\"CommentAction\",\"name\":\"Comment\",\"target\":[\"https:\\\/\\\/jornalbeirario.com.br\\\/portal\\\/?p=25719#respond\"]}]},{\"@type\":\"WebPage\",\"@id\":\"https:\\\/\\\/jornalbeirario.com.br\\\/portal\\\/?p=25719\",\"url\":\"https:\\\/\\\/jornalbeirario.com.br\\\/portal\\\/?p=25719\",\"name\":\"La\u00eds Amaral - JORNAL BEIRA RIO\",\"isPartOf\":{\"@id\":\"https:\\\/\\\/jornalbeirario.com.br\\\/portal\\\/#website\"},\"datePublished\":\"2014-10-30T19:00:38+00:00\",\"breadcrumb\":{\"@id\":\"https:\\\/\\\/jornalbeirario.com.br\\\/portal\\\/?p=25719#breadcrumb\"},\"inLanguage\":\"pt-BR\",\"potentialAction\":[{\"@type\":\"ReadAction\",\"target\":[\"https:\\\/\\\/jornalbeirario.com.br\\\/portal\\\/?p=25719\"]}]},{\"@type\":\"BreadcrumbList\",\"@id\":\"https:\\\/\\\/jornalbeirario.com.br\\\/portal\\\/?p=25719#breadcrumb\",\"itemListElement\":[{\"@type\":\"ListItem\",\"position\":1,\"name\":\"Home\",\"item\":\"https:\\\/\\\/jornalbeirario.com.br\\\/portal\"},{\"@type\":\"ListItem\",\"position\":2,\"name\":\"La\u00eds Amaral\"}]},{\"@type\":\"WebSite\",\"@id\":\"https:\\\/\\\/jornalbeirario.com.br\\\/portal\\\/#website\",\"url\":\"https:\\\/\\\/jornalbeirario.com.br\\\/portal\\\/\",\"name\":\"JORNAL BEIRA RIO\",\"description\":\"\",\"publisher\":{\"@id\":\"https:\\\/\\\/jornalbeirario.com.br\\\/portal\\\/#organization\"},\"potentialAction\":[{\"@type\":\"SearchAction\",\"target\":{\"@type\":\"EntryPoint\",\"urlTemplate\":\"https:\\\/\\\/jornalbeirario.com.br\\\/portal\\\/?s={search_term_string}\"},\"query-input\":{\"@type\":\"PropertyValueSpecification\",\"valueRequired\":true,\"valueName\":\"search_term_string\"}}],\"inLanguage\":\"pt-BR\"},{\"@type\":\"Organization\",\"@id\":\"https:\\\/\\\/jornalbeirario.com.br\\\/portal\\\/#organization\",\"name\":\"JORNAL BEIRA RIO\",\"url\":\"https:\\\/\\\/jornalbeirario.com.br\\\/portal\\\/\",\"logo\":{\"@type\":\"ImageObject\",\"inLanguage\":\"pt-BR\",\"@id\":\"https:\\\/\\\/jornalbeirario.com.br\\\/portal\\\/#\\\/schema\\\/logo\\\/image\\\/\",\"url\":\"https:\\\/\\\/jornalbeirario.com.br\\\/portal\\\/wp-content\\\/uploads\\\/2017\\\/09\\\/BEIRA-RIO_logo600.png\",\"contentUrl\":\"https:\\\/\\\/jornalbeirario.com.br\\\/portal\\\/wp-content\\\/uploads\\\/2017\\\/09\\\/BEIRA-RIO_logo600.png\",\"width\":650,\"height\":108,\"caption\":\"JORNAL BEIRA RIO\"},\"image\":{\"@id\":\"https:\\\/\\\/jornalbeirario.com.br\\\/portal\\\/#\\\/schema\\\/logo\\\/image\\\/\"}},{\"@type\":\"Person\",\"@id\":\"https:\\\/\\\/jornalbeirario.com.br\\\/portal\\\/#\\\/schema\\\/person\\\/c6c423e4c2465d2a9233f6539173e7c1\",\"name\":\"Jornal BEIRA-RIO\",\"image\":{\"@type\":\"ImageObject\",\"inLanguage\":\"pt-BR\",\"@id\":\"https:\\\/\\\/jornalbeirario.com.br\\\/portal\\\/wp-content\\\/uploads\\\/2023\\\/10\\\/logojbr1.jpg\",\"url\":\"https:\\\/\\\/jornalbeirario.com.br\\\/portal\\\/wp-content\\\/uploads\\\/2023\\\/10\\\/logojbr1.jpg\",\"contentUrl\":\"https:\\\/\\\/jornalbeirario.com.br\\\/portal\\\/wp-content\\\/uploads\\\/2023\\\/10\\\/logojbr1.jpg\",\"caption\":\"Jornal BEIRA-RIO\"},\"url\":\"https:\\\/\\\/jornalbeirario.com.br\\\/portal\\\/?author=1\"}]}<\/script>\n<!-- \/ Yoast SEO plugin. -->","yoast_head_json":{"title":"La\u00eds Amaral - JORNAL BEIRA RIO","robots":{"index":"index","follow":"follow","max-snippet":"max-snippet:-1","max-image-preview":"max-image-preview:large","max-video-preview":"max-video-preview:-1"},"canonical":"https:\/\/jornalbeirario.com.br\/portal\/?p=25719","og_locale":"pt_BR","og_type":"article","og_title":"La\u00eds Amaral - JORNAL BEIRA RIO","og_description":"Mem\u00f3rias desordenadas.Ainda letra \u201cB\u201d:Bezerra da Silva Jantamos no restaurante do Hotel Castel Plaza, eu, Luiz Carlos do Esp\u00edrito Santo e Bezerra da Silva. Era","og_url":"https:\/\/jornalbeirario.com.br\/portal\/?p=25719","og_site_name":"JORNAL BEIRA RIO","article_published_time":"2014-10-30T19:00:38+00:00","author":"Jornal BEIRA-RIO","twitter_card":"summary_large_image","twitter_misc":{"Escrito por":"Jornal BEIRA-RIO","Est. tempo de leitura":"5 minutos"},"schema":{"@context":"https:\/\/schema.org","@graph":[{"@type":"Article","@id":"https:\/\/jornalbeirario.com.br\/portal\/?p=25719#article","isPartOf":{"@id":"https:\/\/jornalbeirario.com.br\/portal\/?p=25719"},"author":{"name":"Jornal BEIRA-RIO","@id":"https:\/\/jornalbeirario.com.br\/portal\/#\/schema\/person\/c6c423e4c2465d2a9233f6539173e7c1"},"headline":"La\u00eds Amaral","datePublished":"2014-10-30T19:00:38+00:00","mainEntityOfPage":{"@id":"https:\/\/jornalbeirario.com.br\/portal\/?p=25719"},"wordCount":934,"commentCount":0,"publisher":{"@id":"https:\/\/jornalbeirario.com.br\/portal\/#organization"},"articleSection":["Social"],"inLanguage":"pt-BR","potentialAction":[{"@type":"CommentAction","name":"Comment","target":["https:\/\/jornalbeirario.com.br\/portal\/?p=25719#respond"]}]},{"@type":"WebPage","@id":"https:\/\/jornalbeirario.com.br\/portal\/?p=25719","url":"https:\/\/jornalbeirario.com.br\/portal\/?p=25719","name":"La\u00eds Amaral - JORNAL BEIRA RIO","isPartOf":{"@id":"https:\/\/jornalbeirario.com.br\/portal\/#website"},"datePublished":"2014-10-30T19:00:38+00:00","breadcrumb":{"@id":"https:\/\/jornalbeirario.com.br\/portal\/?p=25719#breadcrumb"},"inLanguage":"pt-BR","potentialAction":[{"@type":"ReadAction","target":["https:\/\/jornalbeirario.com.br\/portal\/?p=25719"]}]},{"@type":"BreadcrumbList","@id":"https:\/\/jornalbeirario.com.br\/portal\/?p=25719#breadcrumb","itemListElement":[{"@type":"ListItem","position":1,"name":"Home","item":"https:\/\/jornalbeirario.com.br\/portal"},{"@type":"ListItem","position":2,"name":"La\u00eds Amaral"}]},{"@type":"WebSite","@id":"https:\/\/jornalbeirario.com.br\/portal\/#website","url":"https:\/\/jornalbeirario.com.br\/portal\/","name":"JORNAL BEIRA RIO","description":"","publisher":{"@id":"https:\/\/jornalbeirario.com.br\/portal\/#organization"},"potentialAction":[{"@type":"SearchAction","target":{"@type":"EntryPoint","urlTemplate":"https:\/\/jornalbeirario.com.br\/portal\/?s={search_term_string}"},"query-input":{"@type":"PropertyValueSpecification","valueRequired":true,"valueName":"search_term_string"}}],"inLanguage":"pt-BR"},{"@type":"Organization","@id":"https:\/\/jornalbeirario.com.br\/portal\/#organization","name":"JORNAL BEIRA RIO","url":"https:\/\/jornalbeirario.com.br\/portal\/","logo":{"@type":"ImageObject","inLanguage":"pt-BR","@id":"https:\/\/jornalbeirario.com.br\/portal\/#\/schema\/logo\/image\/","url":"https:\/\/jornalbeirario.com.br\/portal\/wp-content\/uploads\/2017\/09\/BEIRA-RIO_logo600.png","contentUrl":"https:\/\/jornalbeirario.com.br\/portal\/wp-content\/uploads\/2017\/09\/BEIRA-RIO_logo600.png","width":650,"height":108,"caption":"JORNAL BEIRA RIO"},"image":{"@id":"https:\/\/jornalbeirario.com.br\/portal\/#\/schema\/logo\/image\/"}},{"@type":"Person","@id":"https:\/\/jornalbeirario.com.br\/portal\/#\/schema\/person\/c6c423e4c2465d2a9233f6539173e7c1","name":"Jornal BEIRA-RIO","image":{"@type":"ImageObject","inLanguage":"pt-BR","@id":"https:\/\/jornalbeirario.com.br\/portal\/wp-content\/uploads\/2023\/10\/logojbr1.jpg","url":"https:\/\/jornalbeirario.com.br\/portal\/wp-content\/uploads\/2023\/10\/logojbr1.jpg","contentUrl":"https:\/\/jornalbeirario.com.br\/portal\/wp-content\/uploads\/2023\/10\/logojbr1.jpg","caption":"Jornal BEIRA-RIO"},"url":"https:\/\/jornalbeirario.com.br\/portal\/?author=1"}]}},"_links":{"self":[{"href":"https:\/\/jornalbeirario.com.br\/portal\/index.php?rest_route=\/wp\/v2\/posts\/25719","targetHints":{"allow":["GET"]}}],"collection":[{"href":"https:\/\/jornalbeirario.com.br\/portal\/index.php?rest_route=\/wp\/v2\/posts"}],"about":[{"href":"https:\/\/jornalbeirario.com.br\/portal\/index.php?rest_route=\/wp\/v2\/types\/post"}],"author":[{"embeddable":true,"href":"https:\/\/jornalbeirario.com.br\/portal\/index.php?rest_route=\/wp\/v2\/users\/1"}],"replies":[{"embeddable":true,"href":"https:\/\/jornalbeirario.com.br\/portal\/index.php?rest_route=%2Fwp%2Fv2%2Fcomments&post=25719"}],"version-history":[{"count":2,"href":"https:\/\/jornalbeirario.com.br\/portal\/index.php?rest_route=\/wp\/v2\/posts\/25719\/revisions"}],"predecessor-version":[{"id":25852,"href":"https:\/\/jornalbeirario.com.br\/portal\/index.php?rest_route=\/wp\/v2\/posts\/25719\/revisions\/25852"}],"wp:attachment":[{"href":"https:\/\/jornalbeirario.com.br\/portal\/index.php?rest_route=%2Fwp%2Fv2%2Fmedia&parent=25719"}],"wp:term":[{"taxonomy":"category","embeddable":true,"href":"https:\/\/jornalbeirario.com.br\/portal\/index.php?rest_route=%2Fwp%2Fv2%2Fcategories&post=25719"},{"taxonomy":"post_tag","embeddable":true,"href":"https:\/\/jornalbeirario.com.br\/portal\/index.php?rest_route=%2Fwp%2Fv2%2Ftags&post=25719"}],"curies":[{"name":"wp","href":"https:\/\/api.w.org\/{rel}","templated":true}]}}