
{"id":25503,"date":"2014-10-17T03:59:50","date_gmt":"2014-10-17T03:59:50","guid":{"rendered":"http:\/\/jornalbeirario.com.br\/portal\/portal\/?p=25503"},"modified":"2014-10-17T03:59:50","modified_gmt":"2014-10-17T03:59:50","slug":"quem-pensa-faco-minhas-palavras","status":"publish","type":"post","link":"https:\/\/jornalbeirario.com.br\/portal\/?p=25503","title":{"rendered":"QUEM PENSA? Fa\u00e7o minhas palavras&#8230;"},"content":{"rendered":"<p style=\"text-align: justify;\">Nesta edi\u00e7\u00e3o, vou reproduzir um texto que li do professor Rud\u00e1 Guedes Ricci (www.rudaricci.com.br), por acreditar que nosso pa\u00eds n\u00e3o pode retroceder e muito menos ser enganado pelos discursos de \u201cnova pol\u00edtica\u201d. Lamento que a candidata Marina tenha encerrado sua vida pol\u00edtica negando tudo que viveu e sepultando sua hist\u00f3ria.<\/p>\n<p style=\"text-align: justify;\"><strong>MARINA E O PIOR DA POL\u00cdTICA<\/strong><br \/>\nPol\u00edtica \u00e9 uma a\u00e7\u00e3o greg\u00e1ria. N\u00e3o se faz pol\u00edtica sozinho. A origem da palavra vem do grego que, numa tradu\u00e7\u00e3o livre, significaria organiza\u00e7\u00e3o social, a maneira como uma comunidade ou agrupamento ou um territ\u00f3rio se organiza. Os franceses, no s\u00e9culo XIII, redesenharam a palavra para algo como &#8220;gest\u00e3o do governo&#8221;. \u201cN\u00e3o h\u00e1 possibilidade de uma a\u00e7\u00e3o pol\u00edtica ser solit\u00e1ria. Ela se faz para a coletividade e a partir de uma agrupamento. \u201cMarina conseguiu trair os dois polos. \u201cPrometeu o novo para seus eleitores. E os eleitores acreditaram. Acreditaram porque Marina tem algo de messi\u00e2nico. Um sofrimento encravado na sua pele seca, nas suas olheiras, naquele coque que lembra uma mulher sofredora, resistente \u00e0s intemp\u00e9ries da vida. Eu fui um deles. Olhava para ela e via a placidez do tempo das \u00e1rvores da sua regi\u00e3o original. Imaginava como havia aprendido com a densidade do tempo que faz a seiva sangrar, lentamente, de uma seringueira. Uma espera longa da floresta que deveria ter orientado sua vida.\u201cMarina passou um sinal que era uma mulher perseguida pelos mais fortes. Eu me recusava a ver que ningu\u00e9m chega ao topo do Estado, como senadora ou ministra, se n\u00e3o tem desejo de poder ou, ao menos, se n\u00e3o se v\u00ea como l\u00edder e capaz de dirigir um Estado ou governo. Existe, sempre, um elemento de vaidade e pressa no l\u00edder pol\u00edtico. Vou confidenciar aqui que nunca mais aceitei um cargo p\u00fablico quando percebi este sentimento inconfess\u00e1vel da vaidade quando se sente com poder. O Estado brasileiro \u00e9 perverso porque confere um poder central e quase indevass\u00e1vel muito acima do que seria razo\u00e1vel para um ser humano. Brincar de Deus foi sempre perigoso na hist\u00f3ria da psiqu\u00ea. Eu prefiro lutar por um Estado mais poroso, controlado pelos homens comuns para o qual, afinal, os contratualistas afirmam que foi criado para atender e respeitar sua vontade. \u201cMarina foi a maior decep\u00e7\u00e3o que tive nesta elei\u00e7\u00e3o.\u201cComo diz a m\u00e1xima: para conhecer o car\u00e1ter de algu\u00e9m, d\u00ea-lhe poder.\u201cMarina se lambuzou com o poder que ganhou nesta elei\u00e7\u00e3o. Um poder ef\u00eamero, n\u00e3o conclu\u00eddo, da exposi\u00e7\u00e3o midi\u00e1tica.\u201cEla fez o que h\u00e1 de pior em pol\u00edtica. Traiu a confian\u00e7a dos eleitores porque, desde sua entrada em cena como candidata \u00e0 Presid\u00eancia (agora, percebo, um lugar muito acima de suas condi\u00e7\u00f5es reais, pessoais e pol\u00edticas), destruiu a agenda que defendia desde o Acre e se juntou a quem sempre criticou. Pensei que havia perdido a medida da concess\u00e3o. Que revelava fraqueza interior, pol\u00edtica, mas n\u00e3o podia acreditar que fosse al\u00e9m disto. Mas est\u00e1 cristalino como a \u00e1gua pura que parecia orientar sua proposta de desenvolvimento sustent\u00e1vel. Ela queria o poder. A qualquer custo. Custo que inclui sua identidade pol\u00edtica. Ali\u00e1s, no segundo turno, se juntou com quem ao menos sempre disse isto ao leitor. N\u00e3o \u00e9 quem apoiou que engana o eleitor. Foi Marina.\u201cMas, Marina tamb\u00e9m traiu seus companheiros. A quantidade de dirigentes da Rede que pediram desfilia\u00e7\u00e3o desde o domingo recheia as p\u00e1ginas de nossos jornais. As cartas de desfilia\u00e7\u00e3o contam hist\u00f3rias de cren\u00e7as, pureza para alguns, ingenuidade para outras, mas gente que se entregou a um projeto sem a ambi\u00e7\u00e3o que Marina destilou durante esta campanha. S\u00e3o cartas sentidas. Eu sei o que \u00e9 viver acreditando piamente num projeto coletivo, se sacrificando e sendo taxado de louco por algo que nem semente germinada \u00e9 e, da noite para o dia, se percebe falando sozinho, com alguns de seus companheiros tocando outra m\u00fasica, sem mais nem menos. Marina fez isto v\u00e1rias vezes nesta campanha. Pulou para o PSB sem uma discuss\u00e3o ampla. Fez interven\u00e7\u00f5es em v\u00e1rias dire\u00e7\u00f5es locais da Rede. Fez acordos velados. Fez de tudo para ser &#8220;respeitada&#8221; pelos que denominava de &#8220;velha pol\u00edtica&#8221;. Parecia uma necessidade psicol\u00f3gica, \u00edntima, de se fazer respeitar entre glut\u00f5es. Para isto, traiu os sonh\u00e1ticos. \u201cMas n\u00e3o ficou por a\u00ed. Traiu dirigentes do PSB. Ali\u00e1s, foi pior. Jogou-os aos l e\u00f5es. Ficou com a banda mais tradicional do PSB.\u201cMarina, nesta campanha, fez a aposta de Mefist\u00f3foles com Deus voltar ao mundo dos mortais. Sabemos como Fausto, o at\u00e9 ent\u00e3o humanista e religioso, suplica ao dem\u00f4nio para se apoderar da alma pura de Gretchen como pagamento de sua alma e a trag\u00e9dia que a partir da\u00ed se desenrola. \u201cMarina foi a maior decep\u00e7\u00e3o desta elei\u00e7\u00e3o.\u201cTraiu seu eleitor, seus companheiros de diversos partidos, traiu sua hist\u00f3ria.\u201cAgora, n\u00e3o tem mais volta. Se desejar continuar na pol\u00edtica, ter\u00e1 que alimentar o curr\u00edculo da velha e carcomida pr\u00e1tica tradicional tupiniquim.<\/p>\n<p style=\"text-align: justify;\">N\u00e3o gostou? Pode ficar pior&#8230; muito pior.<\/p>\n<p style=\"text-align: justify;\">Ana L\u00facia<br \/>\neditora do jornal <strong>BEIRA-RIO<\/strong><br \/>\nanalucia@jornalbeirario.com.br<\/p>\n<p style=\"text-align: justify;\">A tempo e a hora: Obrigada queridas e queridos acad\u00eamicas e acad\u00eamicos e muitos, hoje, colegas de profiss\u00e3o, que est\u00e3o h\u00e1 18 anos na minha vida, pelas lindas mensagens por ocasi\u00e3o do dia dos professores. A conviv\u00eancia com voc\u00eas, sempre foi e \u00e9 uma das maiores recompensas para quem acredita que contribuir para um mundo mais \u00e9tico \u00e9 poss\u00edvel. E eu acredito!<\/p>\n","protected":false},"excerpt":{"rendered":"<p>Nesta edi\u00e7\u00e3o, vou reproduzir um texto que li do professor Rud\u00e1 Guedes Ricci (www.rudaricci.com.br), por acreditar que nosso pa\u00eds n\u00e3o pode retroceder e muito<\/p>\n","protected":false},"author":1,"featured_media":0,"comment_status":"open","ping_status":"open","sticky":false,"template":"","format":"standard","meta":{"pmpro_default_level":"","footnotes":""},"categories":[8],"tags":[],"class_list":["post-25503","post","type-post","status-publish","format-standard","hentry","category-opiniao","pmpro-has-access"],"yoast_head":"<!-- This site is optimized with the Yoast SEO plugin v27.4 - https:\/\/yoast.com\/product\/yoast-seo-wordpress\/ -->\n<title>QUEM PENSA? Fa\u00e7o minhas palavras... - JORNAL BEIRA RIO<\/title>\n<meta name=\"robots\" content=\"index, follow, max-snippet:-1, max-image-preview:large, max-video-preview:-1\" \/>\n<link rel=\"canonical\" href=\"https:\/\/jornalbeirario.com.br\/portal\/?p=25503\" \/>\n<meta property=\"og:locale\" content=\"pt_BR\" \/>\n<meta property=\"og:type\" content=\"article\" \/>\n<meta property=\"og:title\" content=\"QUEM PENSA? Fa\u00e7o minhas palavras... - JORNAL BEIRA RIO\" \/>\n<meta property=\"og:description\" content=\"Nesta edi\u00e7\u00e3o, vou reproduzir um texto que li do professor Rud\u00e1 Guedes Ricci (www.rudaricci.com.br), por acreditar que nosso pa\u00eds n\u00e3o pode retroceder e muito\" \/>\n<meta property=\"og:url\" content=\"https:\/\/jornalbeirario.com.br\/portal\/?p=25503\" \/>\n<meta property=\"og:site_name\" content=\"JORNAL BEIRA RIO\" \/>\n<meta property=\"article:published_time\" content=\"2014-10-17T03:59:50+00:00\" \/>\n<meta name=\"author\" content=\"Jornal BEIRA-RIO\" \/>\n<meta name=\"twitter:card\" content=\"summary_large_image\" \/>\n<meta name=\"twitter:label1\" content=\"Escrito por\" \/>\n\t<meta name=\"twitter:data1\" content=\"Jornal BEIRA-RIO\" \/>\n\t<meta name=\"twitter:label2\" content=\"Est. tempo de leitura\" \/>\n\t<meta name=\"twitter:data2\" content=\"5 minutos\" \/>\n<script type=\"application\/ld+json\" class=\"yoast-schema-graph\">{\"@context\":\"https:\\\/\\\/schema.org\",\"@graph\":[{\"@type\":\"Article\",\"@id\":\"https:\\\/\\\/jornalbeirario.com.br\\\/portal\\\/?p=25503#article\",\"isPartOf\":{\"@id\":\"https:\\\/\\\/jornalbeirario.com.br\\\/portal\\\/?p=25503\"},\"author\":{\"name\":\"Jornal BEIRA-RIO\",\"@id\":\"https:\\\/\\\/jornalbeirario.com.br\\\/portal\\\/#\\\/schema\\\/person\\\/c6c423e4c2465d2a9233f6539173e7c1\"},\"headline\":\"QUEM PENSA? Fa\u00e7o minhas palavras&#8230;\",\"datePublished\":\"2014-10-17T03:59:50+00:00\",\"mainEntityOfPage\":{\"@id\":\"https:\\\/\\\/jornalbeirario.com.br\\\/portal\\\/?p=25503\"},\"wordCount\":983,\"commentCount\":0,\"publisher\":{\"@id\":\"https:\\\/\\\/jornalbeirario.com.br\\\/portal\\\/#organization\"},\"articleSection\":[\"Opini\u00e3o\"],\"inLanguage\":\"pt-BR\",\"potentialAction\":[{\"@type\":\"CommentAction\",\"name\":\"Comment\",\"target\":[\"https:\\\/\\\/jornalbeirario.com.br\\\/portal\\\/?p=25503#respond\"]}]},{\"@type\":\"WebPage\",\"@id\":\"https:\\\/\\\/jornalbeirario.com.br\\\/portal\\\/?p=25503\",\"url\":\"https:\\\/\\\/jornalbeirario.com.br\\\/portal\\\/?p=25503\",\"name\":\"QUEM PENSA? Fa\u00e7o minhas palavras... - JORNAL BEIRA RIO\",\"isPartOf\":{\"@id\":\"https:\\\/\\\/jornalbeirario.com.br\\\/portal\\\/#website\"},\"datePublished\":\"2014-10-17T03:59:50+00:00\",\"breadcrumb\":{\"@id\":\"https:\\\/\\\/jornalbeirario.com.br\\\/portal\\\/?p=25503#breadcrumb\"},\"inLanguage\":\"pt-BR\",\"potentialAction\":[{\"@type\":\"ReadAction\",\"target\":[\"https:\\\/\\\/jornalbeirario.com.br\\\/portal\\\/?p=25503\"]}]},{\"@type\":\"BreadcrumbList\",\"@id\":\"https:\\\/\\\/jornalbeirario.com.br\\\/portal\\\/?p=25503#breadcrumb\",\"itemListElement\":[{\"@type\":\"ListItem\",\"position\":1,\"name\":\"Home\",\"item\":\"https:\\\/\\\/jornalbeirario.com.br\\\/portal\"},{\"@type\":\"ListItem\",\"position\":2,\"name\":\"QUEM PENSA? Fa\u00e7o minhas palavras&#8230;\"}]},{\"@type\":\"WebSite\",\"@id\":\"https:\\\/\\\/jornalbeirario.com.br\\\/portal\\\/#website\",\"url\":\"https:\\\/\\\/jornalbeirario.com.br\\\/portal\\\/\",\"name\":\"JORNAL BEIRA RIO\",\"description\":\"\",\"publisher\":{\"@id\":\"https:\\\/\\\/jornalbeirario.com.br\\\/portal\\\/#organization\"},\"potentialAction\":[{\"@type\":\"SearchAction\",\"target\":{\"@type\":\"EntryPoint\",\"urlTemplate\":\"https:\\\/\\\/jornalbeirario.com.br\\\/portal\\\/?s={search_term_string}\"},\"query-input\":{\"@type\":\"PropertyValueSpecification\",\"valueRequired\":true,\"valueName\":\"search_term_string\"}}],\"inLanguage\":\"pt-BR\"},{\"@type\":\"Organization\",\"@id\":\"https:\\\/\\\/jornalbeirario.com.br\\\/portal\\\/#organization\",\"name\":\"JORNAL BEIRA RIO\",\"url\":\"https:\\\/\\\/jornalbeirario.com.br\\\/portal\\\/\",\"logo\":{\"@type\":\"ImageObject\",\"inLanguage\":\"pt-BR\",\"@id\":\"https:\\\/\\\/jornalbeirario.com.br\\\/portal\\\/#\\\/schema\\\/logo\\\/image\\\/\",\"url\":\"https:\\\/\\\/jornalbeirario.com.br\\\/portal\\\/wp-content\\\/uploads\\\/2017\\\/09\\\/BEIRA-RIO_logo600.png\",\"contentUrl\":\"https:\\\/\\\/jornalbeirario.com.br\\\/portal\\\/wp-content\\\/uploads\\\/2017\\\/09\\\/BEIRA-RIO_logo600.png\",\"width\":650,\"height\":108,\"caption\":\"JORNAL BEIRA RIO\"},\"image\":{\"@id\":\"https:\\\/\\\/jornalbeirario.com.br\\\/portal\\\/#\\\/schema\\\/logo\\\/image\\\/\"}},{\"@type\":\"Person\",\"@id\":\"https:\\\/\\\/jornalbeirario.com.br\\\/portal\\\/#\\\/schema\\\/person\\\/c6c423e4c2465d2a9233f6539173e7c1\",\"name\":\"Jornal BEIRA-RIO\",\"image\":{\"@type\":\"ImageObject\",\"inLanguage\":\"pt-BR\",\"@id\":\"https:\\\/\\\/jornalbeirario.com.br\\\/portal\\\/wp-content\\\/uploads\\\/2023\\\/10\\\/logojbr1.jpg\",\"url\":\"https:\\\/\\\/jornalbeirario.com.br\\\/portal\\\/wp-content\\\/uploads\\\/2023\\\/10\\\/logojbr1.jpg\",\"contentUrl\":\"https:\\\/\\\/jornalbeirario.com.br\\\/portal\\\/wp-content\\\/uploads\\\/2023\\\/10\\\/logojbr1.jpg\",\"caption\":\"Jornal BEIRA-RIO\"},\"url\":\"https:\\\/\\\/jornalbeirario.com.br\\\/portal\\\/?author=1\"}]}<\/script>\n<!-- \/ Yoast SEO plugin. -->","yoast_head_json":{"title":"QUEM PENSA? Fa\u00e7o minhas palavras... - JORNAL BEIRA RIO","robots":{"index":"index","follow":"follow","max-snippet":"max-snippet:-1","max-image-preview":"max-image-preview:large","max-video-preview":"max-video-preview:-1"},"canonical":"https:\/\/jornalbeirario.com.br\/portal\/?p=25503","og_locale":"pt_BR","og_type":"article","og_title":"QUEM PENSA? Fa\u00e7o minhas palavras... - JORNAL BEIRA RIO","og_description":"Nesta edi\u00e7\u00e3o, vou reproduzir um texto que li do professor Rud\u00e1 Guedes Ricci (www.rudaricci.com.br), por acreditar que nosso pa\u00eds n\u00e3o pode retroceder e muito","og_url":"https:\/\/jornalbeirario.com.br\/portal\/?p=25503","og_site_name":"JORNAL BEIRA RIO","article_published_time":"2014-10-17T03:59:50+00:00","author":"Jornal BEIRA-RIO","twitter_card":"summary_large_image","twitter_misc":{"Escrito por":"Jornal BEIRA-RIO","Est. tempo de leitura":"5 minutos"},"schema":{"@context":"https:\/\/schema.org","@graph":[{"@type":"Article","@id":"https:\/\/jornalbeirario.com.br\/portal\/?p=25503#article","isPartOf":{"@id":"https:\/\/jornalbeirario.com.br\/portal\/?p=25503"},"author":{"name":"Jornal BEIRA-RIO","@id":"https:\/\/jornalbeirario.com.br\/portal\/#\/schema\/person\/c6c423e4c2465d2a9233f6539173e7c1"},"headline":"QUEM PENSA? Fa\u00e7o minhas palavras&#8230;","datePublished":"2014-10-17T03:59:50+00:00","mainEntityOfPage":{"@id":"https:\/\/jornalbeirario.com.br\/portal\/?p=25503"},"wordCount":983,"commentCount":0,"publisher":{"@id":"https:\/\/jornalbeirario.com.br\/portal\/#organization"},"articleSection":["Opini\u00e3o"],"inLanguage":"pt-BR","potentialAction":[{"@type":"CommentAction","name":"Comment","target":["https:\/\/jornalbeirario.com.br\/portal\/?p=25503#respond"]}]},{"@type":"WebPage","@id":"https:\/\/jornalbeirario.com.br\/portal\/?p=25503","url":"https:\/\/jornalbeirario.com.br\/portal\/?p=25503","name":"QUEM PENSA? Fa\u00e7o minhas palavras... - JORNAL BEIRA RIO","isPartOf":{"@id":"https:\/\/jornalbeirario.com.br\/portal\/#website"},"datePublished":"2014-10-17T03:59:50+00:00","breadcrumb":{"@id":"https:\/\/jornalbeirario.com.br\/portal\/?p=25503#breadcrumb"},"inLanguage":"pt-BR","potentialAction":[{"@type":"ReadAction","target":["https:\/\/jornalbeirario.com.br\/portal\/?p=25503"]}]},{"@type":"BreadcrumbList","@id":"https:\/\/jornalbeirario.com.br\/portal\/?p=25503#breadcrumb","itemListElement":[{"@type":"ListItem","position":1,"name":"Home","item":"https:\/\/jornalbeirario.com.br\/portal"},{"@type":"ListItem","position":2,"name":"QUEM PENSA? Fa\u00e7o minhas palavras&#8230;"}]},{"@type":"WebSite","@id":"https:\/\/jornalbeirario.com.br\/portal\/#website","url":"https:\/\/jornalbeirario.com.br\/portal\/","name":"JORNAL BEIRA RIO","description":"","publisher":{"@id":"https:\/\/jornalbeirario.com.br\/portal\/#organization"},"potentialAction":[{"@type":"SearchAction","target":{"@type":"EntryPoint","urlTemplate":"https:\/\/jornalbeirario.com.br\/portal\/?s={search_term_string}"},"query-input":{"@type":"PropertyValueSpecification","valueRequired":true,"valueName":"search_term_string"}}],"inLanguage":"pt-BR"},{"@type":"Organization","@id":"https:\/\/jornalbeirario.com.br\/portal\/#organization","name":"JORNAL BEIRA RIO","url":"https:\/\/jornalbeirario.com.br\/portal\/","logo":{"@type":"ImageObject","inLanguage":"pt-BR","@id":"https:\/\/jornalbeirario.com.br\/portal\/#\/schema\/logo\/image\/","url":"https:\/\/jornalbeirario.com.br\/portal\/wp-content\/uploads\/2017\/09\/BEIRA-RIO_logo600.png","contentUrl":"https:\/\/jornalbeirario.com.br\/portal\/wp-content\/uploads\/2017\/09\/BEIRA-RIO_logo600.png","width":650,"height":108,"caption":"JORNAL BEIRA RIO"},"image":{"@id":"https:\/\/jornalbeirario.com.br\/portal\/#\/schema\/logo\/image\/"}},{"@type":"Person","@id":"https:\/\/jornalbeirario.com.br\/portal\/#\/schema\/person\/c6c423e4c2465d2a9233f6539173e7c1","name":"Jornal BEIRA-RIO","image":{"@type":"ImageObject","inLanguage":"pt-BR","@id":"https:\/\/jornalbeirario.com.br\/portal\/wp-content\/uploads\/2023\/10\/logojbr1.jpg","url":"https:\/\/jornalbeirario.com.br\/portal\/wp-content\/uploads\/2023\/10\/logojbr1.jpg","contentUrl":"https:\/\/jornalbeirario.com.br\/portal\/wp-content\/uploads\/2023\/10\/logojbr1.jpg","caption":"Jornal BEIRA-RIO"},"url":"https:\/\/jornalbeirario.com.br\/portal\/?author=1"}]}},"_links":{"self":[{"href":"https:\/\/jornalbeirario.com.br\/portal\/index.php?rest_route=\/wp\/v2\/posts\/25503","targetHints":{"allow":["GET"]}}],"collection":[{"href":"https:\/\/jornalbeirario.com.br\/portal\/index.php?rest_route=\/wp\/v2\/posts"}],"about":[{"href":"https:\/\/jornalbeirario.com.br\/portal\/index.php?rest_route=\/wp\/v2\/types\/post"}],"author":[{"embeddable":true,"href":"https:\/\/jornalbeirario.com.br\/portal\/index.php?rest_route=\/wp\/v2\/users\/1"}],"replies":[{"embeddable":true,"href":"https:\/\/jornalbeirario.com.br\/portal\/index.php?rest_route=%2Fwp%2Fv2%2Fcomments&post=25503"}],"version-history":[{"count":3,"href":"https:\/\/jornalbeirario.com.br\/portal\/index.php?rest_route=\/wp\/v2\/posts\/25503\/revisions"}],"predecessor-version":[{"id":25531,"href":"https:\/\/jornalbeirario.com.br\/portal\/index.php?rest_route=\/wp\/v2\/posts\/25503\/revisions\/25531"}],"wp:attachment":[{"href":"https:\/\/jornalbeirario.com.br\/portal\/index.php?rest_route=%2Fwp%2Fv2%2Fmedia&parent=25503"}],"wp:term":[{"taxonomy":"category","embeddable":true,"href":"https:\/\/jornalbeirario.com.br\/portal\/index.php?rest_route=%2Fwp%2Fv2%2Fcategories&post=25503"},{"taxonomy":"post_tag","embeddable":true,"href":"https:\/\/jornalbeirario.com.br\/portal\/index.php?rest_route=%2Fwp%2Fv2%2Ftags&post=25503"}],"curies":[{"name":"wp","href":"https:\/\/api.w.org\/{rel}","templated":true}]}}