
{"id":25490,"date":"2014-10-17T04:01:18","date_gmt":"2014-10-17T04:01:18","guid":{"rendered":"http:\/\/jornalbeirario.com.br\/portal\/portal\/?p=25490"},"modified":"2014-10-17T04:01:18","modified_gmt":"2014-10-17T04:01:18","slug":"lais-amaral-68","status":"publish","type":"post","link":"https:\/\/jornalbeirario.com.br\/portal\/?p=25490","title":{"rendered":"La\u00eds Amaral"},"content":{"rendered":"<p style=\"text-align: justify;\"><strong>Dica de livro: \u2018O Pr\u00edncipe da Privataria\u2019 Palm\u00e9rio D\u00f3ria<\/strong><br \/>\n\u201cRameira ! Ponha-se daqui para fora!\u201d Os gritos partem de um dos gabinetes dos senadores, ao lado da ag\u00eancia do Banco do Brasil, nalgum dia do primeiro trimestre de 1991. A voz \u00e9 masculina e vem acompanhada de improp\u00e9rios (&#8230;) O jornalista Rubem Azevedo Lima, experiente rep\u00f3rter de pol\u00edtica (&#8230;) Det\u00e9m-se no intermin\u00e1vel corredor do Senado Federal para ouvir melhor. Identifica o gabinete como sendo o do senador por S\u00e3o Paulo, Fernando Henrique Cardoso, do PSDB (&#8230;) A porta do gabinete se abre e por ela sai uma jovem colega de profiss\u00e3o de Rubem. \u201cRameira!\u201d A mo\u00e7a logo reconhece Rubem e para ele se dirige chorando. (&#8230;) Por que o senador passou tal descompostura na rep\u00f3rter ? O que o levou a perder a compostura de acad\u00eamico e parlamentar (&#8230;). A resposta estava no ventre da rep\u00f3rter. Ela tinha ido comunicar ao senador que estava gr\u00e1vida de um filho dele. A jornalista, catarinense, rep\u00f3rter pol\u00edtica Miriam Dutra Schmidt trabalhava na Rede Globo\u201d. O texto \u00e9 parte do incandescente primeiro cap\u00edtulo do livro \u2018O Pr\u00edncipe da Privataria\u2019, do jornalista Palm\u00e9rio D\u00f3ria. O filho fora do casamento \u00e9 o fato menos cabeludo e desabonador do ex-presidente revelado neste livro essencial para quem pretende conhecer um pouco da hist\u00f3ria recente do nosso pa\u00eds, ocultada despudoradamente pela Imprensa. O Pr\u00edncipe da Privataria \u2013 Autor: Palm\u00e9rio D\u00f3ria \u2013 Gera\u00e7\u00e3o Editorial. Como foram infrut\u00edferas as tentativas de FHC de impedir a venda do livro via Justi\u00e7a, ele pode ser encontrado em livrarias de Resende. Uma grande e oportuna reportagem. E de f\u00e1cil leitura.<\/p>\n<p style=\"text-align: justify;\"><strong>Leitura dramatizada no Espa\u00e7o \u2018Z\u2019<\/strong><br \/>\nA Funda\u00e7\u00e3o Casa da Cultura Macedo Miranda est\u00e1 promovendo no Espa\u00e7o Z, um ciclo de leituras dramatizadas de pe\u00e7as sob a coordena\u00e7\u00e3o do ator e diretor Sym\u00e3o Francisco. S\u00e3o cinco apresenta\u00e7\u00f5es de consagrados nomes da dramaturgia brasileira, como Nelson Rodrigues e Ariano Suassuna. A primeira leitura aconteceu nessa quarta, dia 15: \u201cEles n\u00e3o usam Black-Tie\u201d, de Gianfrancesco Guarniere. No dia 22, a leitura ser\u00e1 de \u201cBatalha de Arroz Num Ringue para Dois\u201d, de Mauro Rasi, e no dia 29 de outubro, a leitura da fant\u00e1stica \u201cO auto da Compadecida\u201d escrita em 1955 por Ariano Suassuna. No m\u00eas de novembro ser\u00e3o duas as apresenta\u00e7\u00f5es: no dia 2, \u201cO Santo Inqu\u00e9rito\u201d, de Dias Gomes, e no dia 26, \u201cO Beijo no Asfalto\u201d de Nelson Rodrigues. As apresenta\u00e7\u00f5es s\u00e3o gratuitas com in\u00edcio sempre \u00e0s 20 horas.<\/p>\n<p style=\"text-align: justify;\"><strong>TRIPA<\/strong><br \/>\n* O Gr\u00eamio Liter\u00e1rio de Resende e o Rancho Carnavalesco Chuveiro de Prata est\u00e3o convocando todos os seus membros para a reuni\u00e3o que ser\u00e1 realizada neste s\u00e1bado, dia 18, \u00e0s 15 horas no Col\u00e9gio Estadual Souza Dantas. O encontro tem por objetivo discutir assuntos de interesse das duas institui\u00e7\u00f5es. E para n\u00e3o perder o car\u00e1ter s\u00f3cio cultural comum ao Gr\u00eamio e ao Rancho, Claudionor Rosa avisa que os homens devem levar refrigerantes e as mulheres, salgadinhos * Domingo vou almo\u00e7ar no Ponto 107, que agora fica em frente \u00e0 Emater, na rua Coronel Braziel, 42. O endere\u00e7o mudou, mas Odylo e Maria Carmem, n\u00e3o * E o So\u00e7aite Quarent\u00e3o da AABB est\u00e1 pegando fogo. Os jogos do domingo passado foram os seguintes: Turma da Pelada 3 x 3 Ipiranga, Casa da Lua 5 x 1 Brameiros Master e Brameiros 4 x 2 Real Sport. Com os resultados ap\u00f3s a terceira rodada , a Casa da Lua \u00e9 o l\u00edder com 9 pontos, seguido da Turma da Pelada com 7 pontos e em terceiro o Brameiros com 6 pontos. A rodada deste domingo tem os seguintes jogos: Brameiros x Casa da Lua (8h30min.), Ipiranga x Real Sport (10h) e Brameiros Master x Turma da Pelada (11h15min.) * Curso B\u00e1sico de Aromaterapia, com Lorena Rodrigues em Visconde de Mau\u00e1, neste final de semana. Amanh\u00e3, dia 18 e domingo, 19 no Centro Cultural Visconde de Mau\u00e1. As aulas v\u00e3o das 09 \u00e0s 18 horas (com intervalo para almo\u00e7o). Conceitos da Aromaterapia e acesso ao conhecimento para o uso de 25 \u00f3leos essenciais para corpo e mente (aromaterapia.mantiqueira@gmail.com)*<\/p>\n<p style=\"text-align: justify;\"><strong>ANIVERS\u00c1RIOS<\/strong><br \/>\nAmanh\u00e3, dia 18, mudam de idade o amigo Paulo C\u00e9lio, a Sonia Lopes e a Flavinha Monteiro. No domingo, dia 19, o Edgar Moreira conta mais um ano de vida. No dia 20, quatro personalidades inauguram idade nova: o S\u00e9rgio Ribeiro, o Ricardo Abbud, a Juliana Gontijo e o Paulinho Sampaio. Dia 21 sopra velinhas a Tati Costa. No dia 22, recebem os \u2018parab\u00e9ns\u2019 a Rita Nascimento, filha posti\u00e7a, e o grande m\u00fasico Jo\u00e3o Paulo Moreira. Dia 23 ficam mais experientes o Anderson Barros (Kuga), a Mariza Santos e a Percy Lopes. E no dia 24, aniversariam o Luis Carlos Nic\u00e1cio e a professora Alda Soares. Parab\u00e9ns e todas as felicidades do mundo a eles.<\/p>\n","protected":false},"excerpt":{"rendered":"<p>Dica de livro: \u2018O Pr\u00edncipe da Privataria\u2019 Palm\u00e9rio D\u00f3ria \u201cRameira ! Ponha-se daqui para fora!\u201d Os gritos partem de um dos gabinetes dos senadores,<\/p>\n","protected":false},"author":1,"featured_media":0,"comment_status":"open","ping_status":"open","sticky":false,"template":"","format":"standard","meta":{"pmpro_default_level":"","footnotes":""},"categories":[13],"tags":[],"class_list":["post-25490","post","type-post","status-publish","format-standard","hentry","category-social","pmpro-has-access"],"yoast_head":"<!-- This site is optimized with the Yoast SEO plugin v27.4 - https:\/\/yoast.com\/product\/yoast-seo-wordpress\/ -->\n<title>La\u00eds Amaral - JORNAL BEIRA RIO<\/title>\n<meta name=\"robots\" content=\"index, follow, max-snippet:-1, max-image-preview:large, max-video-preview:-1\" \/>\n<link rel=\"canonical\" href=\"https:\/\/jornalbeirario.com.br\/portal\/?p=25490\" \/>\n<meta property=\"og:locale\" content=\"pt_BR\" \/>\n<meta property=\"og:type\" content=\"article\" \/>\n<meta property=\"og:title\" content=\"La\u00eds Amaral - JORNAL BEIRA RIO\" \/>\n<meta property=\"og:description\" content=\"Dica de livro: \u2018O Pr\u00edncipe da Privataria\u2019 Palm\u00e9rio D\u00f3ria \u201cRameira ! Ponha-se daqui para fora!\u201d Os gritos partem de um dos gabinetes dos senadores,\" \/>\n<meta property=\"og:url\" content=\"https:\/\/jornalbeirario.com.br\/portal\/?p=25490\" \/>\n<meta property=\"og:site_name\" content=\"JORNAL BEIRA RIO\" \/>\n<meta property=\"article:published_time\" content=\"2014-10-17T04:01:18+00:00\" \/>\n<meta name=\"author\" content=\"Jornal BEIRA-RIO\" \/>\n<meta name=\"twitter:card\" content=\"summary_large_image\" \/>\n<meta name=\"twitter:label1\" content=\"Escrito por\" \/>\n\t<meta name=\"twitter:data1\" content=\"Jornal BEIRA-RIO\" \/>\n\t<meta name=\"twitter:label2\" content=\"Est. tempo de leitura\" \/>\n\t<meta name=\"twitter:data2\" content=\"4 minutos\" \/>\n<script type=\"application\/ld+json\" class=\"yoast-schema-graph\">{\"@context\":\"https:\\\/\\\/schema.org\",\"@graph\":[{\"@type\":\"Article\",\"@id\":\"https:\\\/\\\/jornalbeirario.com.br\\\/portal\\\/?p=25490#article\",\"isPartOf\":{\"@id\":\"https:\\\/\\\/jornalbeirario.com.br\\\/portal\\\/?p=25490\"},\"author\":{\"name\":\"Jornal BEIRA-RIO\",\"@id\":\"https:\\\/\\\/jornalbeirario.com.br\\\/portal\\\/#\\\/schema\\\/person\\\/c6c423e4c2465d2a9233f6539173e7c1\"},\"headline\":\"La\u00eds Amaral\",\"datePublished\":\"2014-10-17T04:01:18+00:00\",\"mainEntityOfPage\":{\"@id\":\"https:\\\/\\\/jornalbeirario.com.br\\\/portal\\\/?p=25490\"},\"wordCount\":819,\"commentCount\":0,\"publisher\":{\"@id\":\"https:\\\/\\\/jornalbeirario.com.br\\\/portal\\\/#organization\"},\"articleSection\":[\"Social\"],\"inLanguage\":\"pt-BR\",\"potentialAction\":[{\"@type\":\"CommentAction\",\"name\":\"Comment\",\"target\":[\"https:\\\/\\\/jornalbeirario.com.br\\\/portal\\\/?p=25490#respond\"]}]},{\"@type\":\"WebPage\",\"@id\":\"https:\\\/\\\/jornalbeirario.com.br\\\/portal\\\/?p=25490\",\"url\":\"https:\\\/\\\/jornalbeirario.com.br\\\/portal\\\/?p=25490\",\"name\":\"La\u00eds Amaral - JORNAL BEIRA RIO\",\"isPartOf\":{\"@id\":\"https:\\\/\\\/jornalbeirario.com.br\\\/portal\\\/#website\"},\"datePublished\":\"2014-10-17T04:01:18+00:00\",\"breadcrumb\":{\"@id\":\"https:\\\/\\\/jornalbeirario.com.br\\\/portal\\\/?p=25490#breadcrumb\"},\"inLanguage\":\"pt-BR\",\"potentialAction\":[{\"@type\":\"ReadAction\",\"target\":[\"https:\\\/\\\/jornalbeirario.com.br\\\/portal\\\/?p=25490\"]}]},{\"@type\":\"BreadcrumbList\",\"@id\":\"https:\\\/\\\/jornalbeirario.com.br\\\/portal\\\/?p=25490#breadcrumb\",\"itemListElement\":[{\"@type\":\"ListItem\",\"position\":1,\"name\":\"Home\",\"item\":\"https:\\\/\\\/jornalbeirario.com.br\\\/portal\"},{\"@type\":\"ListItem\",\"position\":2,\"name\":\"La\u00eds Amaral\"}]},{\"@type\":\"WebSite\",\"@id\":\"https:\\\/\\\/jornalbeirario.com.br\\\/portal\\\/#website\",\"url\":\"https:\\\/\\\/jornalbeirario.com.br\\\/portal\\\/\",\"name\":\"JORNAL BEIRA RIO\",\"description\":\"\",\"publisher\":{\"@id\":\"https:\\\/\\\/jornalbeirario.com.br\\\/portal\\\/#organization\"},\"potentialAction\":[{\"@type\":\"SearchAction\",\"target\":{\"@type\":\"EntryPoint\",\"urlTemplate\":\"https:\\\/\\\/jornalbeirario.com.br\\\/portal\\\/?s={search_term_string}\"},\"query-input\":{\"@type\":\"PropertyValueSpecification\",\"valueRequired\":true,\"valueName\":\"search_term_string\"}}],\"inLanguage\":\"pt-BR\"},{\"@type\":\"Organization\",\"@id\":\"https:\\\/\\\/jornalbeirario.com.br\\\/portal\\\/#organization\",\"name\":\"JORNAL BEIRA RIO\",\"url\":\"https:\\\/\\\/jornalbeirario.com.br\\\/portal\\\/\",\"logo\":{\"@type\":\"ImageObject\",\"inLanguage\":\"pt-BR\",\"@id\":\"https:\\\/\\\/jornalbeirario.com.br\\\/portal\\\/#\\\/schema\\\/logo\\\/image\\\/\",\"url\":\"https:\\\/\\\/jornalbeirario.com.br\\\/portal\\\/wp-content\\\/uploads\\\/2017\\\/09\\\/BEIRA-RIO_logo600.png\",\"contentUrl\":\"https:\\\/\\\/jornalbeirario.com.br\\\/portal\\\/wp-content\\\/uploads\\\/2017\\\/09\\\/BEIRA-RIO_logo600.png\",\"width\":650,\"height\":108,\"caption\":\"JORNAL BEIRA RIO\"},\"image\":{\"@id\":\"https:\\\/\\\/jornalbeirario.com.br\\\/portal\\\/#\\\/schema\\\/logo\\\/image\\\/\"}},{\"@type\":\"Person\",\"@id\":\"https:\\\/\\\/jornalbeirario.com.br\\\/portal\\\/#\\\/schema\\\/person\\\/c6c423e4c2465d2a9233f6539173e7c1\",\"name\":\"Jornal BEIRA-RIO\",\"image\":{\"@type\":\"ImageObject\",\"inLanguage\":\"pt-BR\",\"@id\":\"https:\\\/\\\/jornalbeirario.com.br\\\/portal\\\/wp-content\\\/uploads\\\/2023\\\/10\\\/logojbr1.jpg\",\"url\":\"https:\\\/\\\/jornalbeirario.com.br\\\/portal\\\/wp-content\\\/uploads\\\/2023\\\/10\\\/logojbr1.jpg\",\"contentUrl\":\"https:\\\/\\\/jornalbeirario.com.br\\\/portal\\\/wp-content\\\/uploads\\\/2023\\\/10\\\/logojbr1.jpg\",\"caption\":\"Jornal BEIRA-RIO\"},\"url\":\"https:\\\/\\\/jornalbeirario.com.br\\\/portal\\\/?author=1\"}]}<\/script>\n<!-- \/ Yoast SEO plugin. -->","yoast_head_json":{"title":"La\u00eds Amaral - JORNAL BEIRA RIO","robots":{"index":"index","follow":"follow","max-snippet":"max-snippet:-1","max-image-preview":"max-image-preview:large","max-video-preview":"max-video-preview:-1"},"canonical":"https:\/\/jornalbeirario.com.br\/portal\/?p=25490","og_locale":"pt_BR","og_type":"article","og_title":"La\u00eds Amaral - JORNAL BEIRA RIO","og_description":"Dica de livro: \u2018O Pr\u00edncipe da Privataria\u2019 Palm\u00e9rio D\u00f3ria \u201cRameira ! Ponha-se daqui para fora!\u201d Os gritos partem de um dos gabinetes dos senadores,","og_url":"https:\/\/jornalbeirario.com.br\/portal\/?p=25490","og_site_name":"JORNAL BEIRA RIO","article_published_time":"2014-10-17T04:01:18+00:00","author":"Jornal BEIRA-RIO","twitter_card":"summary_large_image","twitter_misc":{"Escrito por":"Jornal BEIRA-RIO","Est. tempo de leitura":"4 minutos"},"schema":{"@context":"https:\/\/schema.org","@graph":[{"@type":"Article","@id":"https:\/\/jornalbeirario.com.br\/portal\/?p=25490#article","isPartOf":{"@id":"https:\/\/jornalbeirario.com.br\/portal\/?p=25490"},"author":{"name":"Jornal BEIRA-RIO","@id":"https:\/\/jornalbeirario.com.br\/portal\/#\/schema\/person\/c6c423e4c2465d2a9233f6539173e7c1"},"headline":"La\u00eds Amaral","datePublished":"2014-10-17T04:01:18+00:00","mainEntityOfPage":{"@id":"https:\/\/jornalbeirario.com.br\/portal\/?p=25490"},"wordCount":819,"commentCount":0,"publisher":{"@id":"https:\/\/jornalbeirario.com.br\/portal\/#organization"},"articleSection":["Social"],"inLanguage":"pt-BR","potentialAction":[{"@type":"CommentAction","name":"Comment","target":["https:\/\/jornalbeirario.com.br\/portal\/?p=25490#respond"]}]},{"@type":"WebPage","@id":"https:\/\/jornalbeirario.com.br\/portal\/?p=25490","url":"https:\/\/jornalbeirario.com.br\/portal\/?p=25490","name":"La\u00eds Amaral - JORNAL BEIRA RIO","isPartOf":{"@id":"https:\/\/jornalbeirario.com.br\/portal\/#website"},"datePublished":"2014-10-17T04:01:18+00:00","breadcrumb":{"@id":"https:\/\/jornalbeirario.com.br\/portal\/?p=25490#breadcrumb"},"inLanguage":"pt-BR","potentialAction":[{"@type":"ReadAction","target":["https:\/\/jornalbeirario.com.br\/portal\/?p=25490"]}]},{"@type":"BreadcrumbList","@id":"https:\/\/jornalbeirario.com.br\/portal\/?p=25490#breadcrumb","itemListElement":[{"@type":"ListItem","position":1,"name":"Home","item":"https:\/\/jornalbeirario.com.br\/portal"},{"@type":"ListItem","position":2,"name":"La\u00eds Amaral"}]},{"@type":"WebSite","@id":"https:\/\/jornalbeirario.com.br\/portal\/#website","url":"https:\/\/jornalbeirario.com.br\/portal\/","name":"JORNAL BEIRA RIO","description":"","publisher":{"@id":"https:\/\/jornalbeirario.com.br\/portal\/#organization"},"potentialAction":[{"@type":"SearchAction","target":{"@type":"EntryPoint","urlTemplate":"https:\/\/jornalbeirario.com.br\/portal\/?s={search_term_string}"},"query-input":{"@type":"PropertyValueSpecification","valueRequired":true,"valueName":"search_term_string"}}],"inLanguage":"pt-BR"},{"@type":"Organization","@id":"https:\/\/jornalbeirario.com.br\/portal\/#organization","name":"JORNAL BEIRA RIO","url":"https:\/\/jornalbeirario.com.br\/portal\/","logo":{"@type":"ImageObject","inLanguage":"pt-BR","@id":"https:\/\/jornalbeirario.com.br\/portal\/#\/schema\/logo\/image\/","url":"https:\/\/jornalbeirario.com.br\/portal\/wp-content\/uploads\/2017\/09\/BEIRA-RIO_logo600.png","contentUrl":"https:\/\/jornalbeirario.com.br\/portal\/wp-content\/uploads\/2017\/09\/BEIRA-RIO_logo600.png","width":650,"height":108,"caption":"JORNAL BEIRA RIO"},"image":{"@id":"https:\/\/jornalbeirario.com.br\/portal\/#\/schema\/logo\/image\/"}},{"@type":"Person","@id":"https:\/\/jornalbeirario.com.br\/portal\/#\/schema\/person\/c6c423e4c2465d2a9233f6539173e7c1","name":"Jornal BEIRA-RIO","image":{"@type":"ImageObject","inLanguage":"pt-BR","@id":"https:\/\/jornalbeirario.com.br\/portal\/wp-content\/uploads\/2023\/10\/logojbr1.jpg","url":"https:\/\/jornalbeirario.com.br\/portal\/wp-content\/uploads\/2023\/10\/logojbr1.jpg","contentUrl":"https:\/\/jornalbeirario.com.br\/portal\/wp-content\/uploads\/2023\/10\/logojbr1.jpg","caption":"Jornal BEIRA-RIO"},"url":"https:\/\/jornalbeirario.com.br\/portal\/?author=1"}]}},"_links":{"self":[{"href":"https:\/\/jornalbeirario.com.br\/portal\/index.php?rest_route=\/wp\/v2\/posts\/25490","targetHints":{"allow":["GET"]}}],"collection":[{"href":"https:\/\/jornalbeirario.com.br\/portal\/index.php?rest_route=\/wp\/v2\/posts"}],"about":[{"href":"https:\/\/jornalbeirario.com.br\/portal\/index.php?rest_route=\/wp\/v2\/types\/post"}],"author":[{"embeddable":true,"href":"https:\/\/jornalbeirario.com.br\/portal\/index.php?rest_route=\/wp\/v2\/users\/1"}],"replies":[{"embeddable":true,"href":"https:\/\/jornalbeirario.com.br\/portal\/index.php?rest_route=%2Fwp%2Fv2%2Fcomments&post=25490"}],"version-history":[{"count":3,"href":"https:\/\/jornalbeirario.com.br\/portal\/index.php?rest_route=\/wp\/v2\/posts\/25490\/revisions"}],"predecessor-version":[{"id":25532,"href":"https:\/\/jornalbeirario.com.br\/portal\/index.php?rest_route=\/wp\/v2\/posts\/25490\/revisions\/25532"}],"wp:attachment":[{"href":"https:\/\/jornalbeirario.com.br\/portal\/index.php?rest_route=%2Fwp%2Fv2%2Fmedia&parent=25490"}],"wp:term":[{"taxonomy":"category","embeddable":true,"href":"https:\/\/jornalbeirario.com.br\/portal\/index.php?rest_route=%2Fwp%2Fv2%2Fcategories&post=25490"},{"taxonomy":"post_tag","embeddable":true,"href":"https:\/\/jornalbeirario.com.br\/portal\/index.php?rest_route=%2Fwp%2Fv2%2Ftags&post=25490"}],"curies":[{"name":"wp","href":"https:\/\/api.w.org\/{rel}","templated":true}]}}