
{"id":25407,"date":"2014-10-12T17:44:31","date_gmt":"2014-10-12T17:44:31","guid":{"rendered":"http:\/\/jornalbeirario.com.br\/portal\/portal\/?p=25407"},"modified":"2014-10-12T17:44:31","modified_gmt":"2014-10-12T17:44:31","slug":"criancas-da-juventude-nota-10-comemoram-dia-com-festa-na-itapuca","status":"publish","type":"post","link":"https:\/\/jornalbeirario.com.br\/portal\/?p=25407","title":{"rendered":"Crian\u00e7as da Juventude Nota 10 comemoram dia com festa na Itapuca"},"content":{"rendered":"<p><a href=\"https:\/\/jornalbeirario.com.br\/portal\/wp-content\/uploads\/2014\/10\/festa.jpg\"><img loading=\"lazy\" decoding=\"async\" class=\"alignleft size-medium wp-image-25409\" title=\"festa\" src=\"https:\/\/jornalbeirario.com.br\/portal\/wp-content\/uploads\/2014\/10\/festa-300x225.jpg\" alt=\"\" width=\"300\" height=\"225\" srcset=\"https:\/\/jornalbeirario.com.br\/portal\/wp-content\/uploads\/2014\/10\/festa-300x225.jpg 300w, https:\/\/jornalbeirario.com.br\/portal\/wp-content\/uploads\/2014\/10\/festa.jpg 640w\" sizes=\"auto, (max-width: 300px) 100vw, 300px\" \/><\/a>As mais de 150 crian\u00e7as do projeto Juventude Nota 10 comemoraram seu dia com uma festa no bairro Itapuca, na manh\u00e3 deste domingo, dia 12. A festa foi uma parceria entre os organizadores do projeto, que acontece no bairro Cidade Alegria, e o Clube ARBR, do bairro Itapuca, e contou com o apoio de volunt\u00e1rios do projeto e da Cruz Vermelha e patrocinadores.<\/p>\n<p>&#8211; A gente sempre faz uma festa, mas \u00e9 a primeira vez que fazemos na ARBR, devido \u00e0 quantidade de alunos e a chamarmos os pais tamb\u00e9m. Conseguimos patrocinadores para os lanches que a gente d\u00e1 nos dias de projeto durante seis meses e juntando uma parte desse dinheiro conseguimos reverter para a festa, em parceria com a ARBR. A Cruz Vermelha tamb\u00e9m veio gratuitamente &#8211; explicou Ricardo Santos, um dos respons\u00e1veis pelo projeto.<\/p>\n<p>No projeto, que existe h\u00e1 11 anos, as crian\u00e7as participantes participam de treinos de futebol e lancham. Seu foco, no entanto, \u00e9 a disciplina e ele foi criado para tentar reduzir o n\u00famero de crian\u00e7as e adolescentes que se envolvem com drogas. Por isso, antes das partidas, os respons\u00e1veis pelo projeto sempre conversam com as crian\u00e7as e exigem que elas tenham um bom desempenho tamb\u00e9m em casa e na escola.<\/p>\n<p>Na festa, a programa\u00e7\u00e3o come\u00e7ou com um lanche para as crian\u00e7as do projeto, como j\u00e1 acontece nos treinos, realizados as ter\u00e7as, quintas e s\u00e1bados. Em seguida, o jogador F\u00e1bio Maradona, que j\u00e1 jogou pelo Botafogo, Resende e Volta Redonda conversou com os pequenos sobre sua carreira. O pastor Valdemir de Araujo, da Comunidade Evang\u00e9lica de Resende, fez a ben\u00e7\u00e3o de abertura e logo em seguida as crian\u00e7as come\u00e7aram as partidas de futebol.<\/p>\n<p>&#8211; N\u00e3o vim falar de religi\u00e3o, mas de Deus. J\u00e1 conhecia o projeto e participo sempre. O projeto fala\u00a0 at\u00e9 um pouco da minha vida, porque atrav\u00e9s de um escolinha como essa no bairro Para\u00edso entrei em um caminho melhor, minha vida tomou um rumo melhor. Meu filho participa tamb\u00e9m desse projeto e vejo que d\u00e1 resultado &#8211; comentou o pastor.<\/p>\n<p>Ricardo explicou que, junto com Pedro Paulo Monteiro, o Pedrinho, que tamb\u00e9m administra o projeto, eles v\u00eam tentando inserir os pais na vida dos filhos e esta festa foi uma das maneiras encontradas para isso. As m\u00e3es que participaram elogiaram o trabalho e as mudan\u00e7as no comportamento dos filhos.<\/p>\n<p>&#8211; Meu filho come\u00e7ou no come\u00e7o do ano e noite que ele est\u00e1 com mais responsabilidade, mais dedicado \u00e0 casa, aos pais, aos amigos, no col\u00e9gio tamb\u00e9m deu uma melhora. Ele come\u00e7ou a ter disciplina, acordar cedo. Percebi que nos dias de jogo ele fala que tem que acordar antes, arruma as coisas &#8211; elogiou Roseli Ambr\u00f3sio, m\u00e3e do Thales, de 15 anos.<\/p>\n<p>Ediane de Oliveira Cesar, m\u00e3e do Victor Hugo, de 12 anos, o acompanha tamb\u00e9m nos treinos do projeto.<\/p>\n<p>&#8211; A gente acompanha, leva para jogar bola, melhorou no col\u00e9gio, est\u00e1 mais respons\u00e1vel. H\u00e1 um ano e meio uns amigos dele chamaram, eu perguntei e ele quis vir. Uni o \u00fatil ao agrad\u00e1vel, porque minha m\u00e3e tamb\u00e9m mora perto da Copasul e o Pedrinho tamb\u00e9m \u00e9 muito esfor\u00e7ado, merece que d\u00ea certo &#8211; disse Ediane.<\/p>\n<p>E tem ainda aquelas crian\u00e7as que chegaram ao projeto a convite da pr\u00f3pria fam\u00edlia, como Kau\u00e3, de 11 anos.<\/p>\n<p>&#8211; Ele \u00e9 meu neto e mora com a gente. Meu marido arrumou com o Pedrinho para ele participar e ele concordou. \u00c9 uma coisa que ele gosta muito e ficou respons\u00e1vel, porque n\u00e3o era &#8211; acrescentou Helena Al\u00edpio dos Santos, v\u00f3 de Kau\u00e3.<\/p>\n<p>Al\u00e9m de futebol, na festa havia cama el\u00e1stica, mesas de tot\u00f3 e pingue-pingue e v\u00e1rias brincadeiras. A Cruz Vermelha levou servi\u00e7os para os pais e para os pequenos.<\/p>\n<p>&#8211; Nosso presidente recebeu o convite e viemos quase 17 para participar. Est\u00e1 muito bom, bem organizado, bem orientado e acho que Resende precisa disso. tem v\u00e1rios projetos espalhados, mas n\u00e3o tem continuidade ou n\u00e3o \u00e9 muito divulgado. Esse projeto eu n\u00e3o conhecia, mas estou achando muito legal. trouxemos para os adultos aferi\u00e7\u00e3o de press\u00e3o e unha e para as crian\u00e7as leitura, joguinhos e pintura facial &#8211; detalhou a t\u00e9cnica de enfermagem da Cruz Vermelha Marisa de S\u00e1.<\/p>\n<p>Se ela se encantou com projetos semelhantes pelas primeira vez, outro colega da Cruz Vermelha, o fisioterapeuta Acyr Nogueira j\u00e1 pode se considerar um veterano.<\/p>\n<p>&#8211; Muito importante que existam projetos assim. J\u00e1 tive um n\u00facleo desses em um local de risco do Rio de Janeiro e consegui tirar muitas crian\u00e7as da ociosidade. Muito bom, \u00e9 otimo trazer para o esporte porque \u00e9 vida &#8211; avaliou Nogueira.<\/p>\n<p>Boas not\u00edcias<\/p>\n<p>Se na festa anterior do projeto, em maio, a situa\u00e7\u00e3o era preocupante, agora os respons\u00e1veis pelo Juventude Nota Dez se mostram cada vez mais esperan\u00e7osos. Al\u00e9m do patroc\u00ednio por seis meses de v\u00e1rias empresas de Resende, eles est\u00e3o conseguindo profissionalizar atletas e t\u00eam muitos projetos para o ano que vem.<\/p>\n<p>&#8211; Estamos com uma promessa de apoio da NovaDutra para o ano que vem. Por enquanto \u00e9 s\u00f3 verbal, mas firmamos compromisso para o ano que vem. Seria um apoio suficiente por um ano. E no ano que vem queremos trazer um projeto de ter um Pronatec e um Senac na Grande Alegria para profissionalizar os jogadores do projeto- explicou Ricardo.<\/p>\n<p>H\u00e1 duas semanas, segundo eles, quatro dos meninos do projeto come\u00e7aram a serem avaliados pelo Resende e dois foram pr\u00e9-selecionados e um selecionado para Volta Redonda.\u00a0 Um dos meninos tamb\u00e9m, o Lucas Lima de 16 anos, est\u00e1 treinando no Vasco h\u00e1 uma semana.<\/p>\n<p>&#8211; T\u00f4 indo quase todo dia e treino aqui final de semana. O projeto meu deu todo o apoio t\u00e9cnico, psicol\u00f3gico&#8230; &#8211; lembrou Lucas.<\/p>\n<p>Ao final da festa foram realizados sorteios de diversos brindes para as crian\u00e7as e seus pais.<\/p>\n","protected":false},"excerpt":{"rendered":"<p>As mais de 150 crian\u00e7as do projeto Juventude Nota 10 comemoraram seu dia com uma festa no bairro Itapuca, na manh\u00e3 deste domingo, dia<\/p>\n","protected":false},"author":1,"featured_media":25410,"comment_status":"open","ping_status":"open","sticky":false,"template":"","format":"standard","meta":{"pmpro_default_level":"","footnotes":"","_members_access_role":[],"_members_access_error":""},"categories":[1,7],"tags":[155,153],"class_list":["post-25407","post","type-post","status-publish","format-standard","has-post-thumbnail","hentry","category-cidade","category-esportes","tag-dehoraemhora","tag-manchete","pmpro-has-access"],"yoast_head":"<!-- This site is optimized with the Yoast SEO plugin v28.4 - https:\/\/yoast.com\/product\/yoast-seo-wordpress\/ -->\n<title>Crian\u00e7as da Juventude Nota 10 comemoram dia com festa na Itapuca - JORNAL BEIRA RIO<\/title>\n<meta name=\"robots\" content=\"index, follow, max-snippet:-1, max-image-preview:large, max-video-preview:-1\" \/>\n<link rel=\"canonical\" href=\"https:\/\/jornalbeirario.com.br\/portal\/?p=25407\" \/>\n<meta property=\"og:locale\" content=\"pt_BR\" \/>\n<meta property=\"og:type\" content=\"article\" \/>\n<meta property=\"og:title\" content=\"Crian\u00e7as da Juventude Nota 10 comemoram dia com festa na Itapuca - JORNAL BEIRA RIO\" \/>\n<meta property=\"og:description\" content=\"As mais de 150 crian\u00e7as do projeto Juventude Nota 10 comemoraram seu dia com uma festa no bairro Itapuca, na manh\u00e3 deste domingo, dia\" \/>\n<meta property=\"og:url\" content=\"https:\/\/jornalbeirario.com.br\/portal\/?p=25407\" \/>\n<meta property=\"og:site_name\" content=\"JORNAL BEIRA RIO\" \/>\n<meta property=\"article:published_time\" content=\"2014-10-12T17:44:31+00:00\" \/>\n<meta property=\"og:image\" content=\"https:\/\/jornalbeirario.com.br\/portal\/wp-content\/uploads\/2014\/10\/fute.jpg\" \/>\n\t<meta property=\"og:image:width\" content=\"930\" \/>\n\t<meta property=\"og:image:height\" content=\"350\" \/>\n\t<meta property=\"og:image:type\" content=\"image\/jpeg\" \/>\n<meta name=\"author\" content=\"Jornal BEIRA-RIO\" \/>\n<meta name=\"twitter:card\" content=\"summary_large_image\" \/>\n<meta name=\"twitter:label1\" content=\"Escrito por\" \/>\n\t<meta name=\"twitter:data1\" content=\"Jornal BEIRA-RIO\" \/>\n\t<meta name=\"twitter:label2\" content=\"Est. tempo de leitura\" \/>\n\t<meta name=\"twitter:data2\" content=\"5 minutos\" \/>\n<script type=\"application\/ld+json\" class=\"yoast-schema-graph\">{\"@context\":\"https:\\\/\\\/schema.org\",\"@graph\":[{\"@type\":\"Article\",\"@id\":\"https:\\\/\\\/jornalbeirario.com.br\\\/portal\\\/?p=25407#article\",\"isPartOf\":{\"@id\":\"https:\\\/\\\/jornalbeirario.com.br\\\/portal\\\/?p=25407\"},\"author\":{\"name\":\"Jornal BEIRA-RIO\",\"@id\":\"https:\\\/\\\/jornalbeirario.com.br\\\/portal\\\/#\\\/schema\\\/person\\\/c6c423e4c2465d2a9233f6539173e7c1\"},\"headline\":\"Crian\u00e7as da Juventude Nota 10 comemoram dia com festa na Itapuca\",\"datePublished\":\"2014-10-12T17:44:31+00:00\",\"mainEntityOfPage\":{\"@id\":\"https:\\\/\\\/jornalbeirario.com.br\\\/portal\\\/?p=25407\"},\"wordCount\":1030,\"commentCount\":0,\"publisher\":{\"@id\":\"https:\\\/\\\/jornalbeirario.com.br\\\/portal\\\/#organization\"},\"image\":{\"@id\":\"https:\\\/\\\/jornalbeirario.com.br\\\/portal\\\/?p=25407#primaryimage\"},\"thumbnailUrl\":\"https:\\\/\\\/jornalbeirario.com.br\\\/portal\\\/wp-content\\\/uploads\\\/2014\\\/10\\\/fute.jpg\",\"keywords\":[\"dehoraemhora\",\"manchete\"],\"articleSection\":[\"Cidade\",\"Esportes\"],\"inLanguage\":\"pt-BR\",\"potentialAction\":[{\"@type\":\"CommentAction\",\"name\":\"Comment\",\"target\":[\"https:\\\/\\\/jornalbeirario.com.br\\\/portal\\\/?p=25407#respond\"]}]},{\"@type\":\"WebPage\",\"@id\":\"https:\\\/\\\/jornalbeirario.com.br\\\/portal\\\/?p=25407\",\"url\":\"https:\\\/\\\/jornalbeirario.com.br\\\/portal\\\/?p=25407\",\"name\":\"Crian\u00e7as da Juventude Nota 10 comemoram dia com festa na Itapuca - JORNAL BEIRA RIO\",\"isPartOf\":{\"@id\":\"https:\\\/\\\/jornalbeirario.com.br\\\/portal\\\/#website\"},\"primaryImageOfPage\":{\"@id\":\"https:\\\/\\\/jornalbeirario.com.br\\\/portal\\\/?p=25407#primaryimage\"},\"image\":{\"@id\":\"https:\\\/\\\/jornalbeirario.com.br\\\/portal\\\/?p=25407#primaryimage\"},\"thumbnailUrl\":\"https:\\\/\\\/jornalbeirario.com.br\\\/portal\\\/wp-content\\\/uploads\\\/2014\\\/10\\\/fute.jpg\",\"datePublished\":\"2014-10-12T17:44:31+00:00\",\"breadcrumb\":{\"@id\":\"https:\\\/\\\/jornalbeirario.com.br\\\/portal\\\/?p=25407#breadcrumb\"},\"inLanguage\":\"pt-BR\",\"potentialAction\":[{\"@type\":\"ReadAction\",\"target\":[\"https:\\\/\\\/jornalbeirario.com.br\\\/portal\\\/?p=25407\"]}]},{\"@type\":\"ImageObject\",\"inLanguage\":\"pt-BR\",\"@id\":\"https:\\\/\\\/jornalbeirario.com.br\\\/portal\\\/?p=25407#primaryimage\",\"url\":\"https:\\\/\\\/jornalbeirario.com.br\\\/portal\\\/wp-content\\\/uploads\\\/2014\\\/10\\\/fute.jpg\",\"contentUrl\":\"https:\\\/\\\/jornalbeirario.com.br\\\/portal\\\/wp-content\\\/uploads\\\/2014\\\/10\\\/fute.jpg\",\"width\":\"930\",\"height\":\"350\"},{\"@type\":\"BreadcrumbList\",\"@id\":\"https:\\\/\\\/jornalbeirario.com.br\\\/portal\\\/?p=25407#breadcrumb\",\"itemListElement\":[{\"@type\":\"ListItem\",\"position\":1,\"name\":\"Home\",\"item\":\"https:\\\/\\\/jornalbeirario.com.br\\\/portal\"},{\"@type\":\"ListItem\",\"position\":2,\"name\":\"Crian\u00e7as da Juventude Nota 10 comemoram dia com festa na Itapuca\"}]},{\"@type\":\"WebSite\",\"@id\":\"https:\\\/\\\/jornalbeirario.com.br\\\/portal\\\/#website\",\"url\":\"https:\\\/\\\/jornalbeirario.com.br\\\/portal\\\/\",\"name\":\"JORNAL BEIRA RIO\",\"description\":\"\",\"publisher\":{\"@id\":\"https:\\\/\\\/jornalbeirario.com.br\\\/portal\\\/#organization\"},\"potentialAction\":[{\"@type\":\"SearchAction\",\"target\":{\"@type\":\"EntryPoint\",\"urlTemplate\":\"https:\\\/\\\/jornalbeirario.com.br\\\/portal\\\/?s={search_term_string}\"},\"query-input\":{\"@type\":\"PropertyValueSpecification\",\"valueRequired\":true,\"valueName\":\"search_term_string\"}}],\"inLanguage\":\"pt-BR\"},{\"@type\":\"Organization\",\"@id\":\"https:\\\/\\\/jornalbeirario.com.br\\\/portal\\\/#organization\",\"name\":\"JORNAL BEIRA RIO\",\"url\":\"https:\\\/\\\/jornalbeirario.com.br\\\/portal\\\/\",\"logo\":{\"@type\":\"ImageObject\",\"inLanguage\":\"pt-BR\",\"@id\":\"https:\\\/\\\/jornalbeirario.com.br\\\/portal\\\/#\\\/schema\\\/logo\\\/image\\\/\",\"url\":\"https:\\\/\\\/jornalbeirario.com.br\\\/portal\\\/wp-content\\\/uploads\\\/2017\\\/09\\\/BEIRA-RIO_logo600.png\",\"contentUrl\":\"https:\\\/\\\/jornalbeirario.com.br\\\/portal\\\/wp-content\\\/uploads\\\/2017\\\/09\\\/BEIRA-RIO_logo600.png\",\"width\":650,\"height\":108,\"caption\":\"JORNAL BEIRA RIO\"},\"image\":{\"@id\":\"https:\\\/\\\/jornalbeirario.com.br\\\/portal\\\/#\\\/schema\\\/logo\\\/image\\\/\"}},{\"@type\":\"Person\",\"@id\":\"https:\\\/\\\/jornalbeirario.com.br\\\/portal\\\/#\\\/schema\\\/person\\\/c6c423e4c2465d2a9233f6539173e7c1\",\"name\":\"Jornal BEIRA-RIO\",\"image\":{\"@type\":\"ImageObject\",\"inLanguage\":\"pt-BR\",\"@id\":\"https:\\\/\\\/jornalbeirario.com.br\\\/portal\\\/wp-content\\\/uploads\\\/2023\\\/10\\\/logojbr1.jpg\",\"url\":\"https:\\\/\\\/jornalbeirario.com.br\\\/portal\\\/wp-content\\\/uploads\\\/2023\\\/10\\\/logojbr1.jpg\",\"contentUrl\":\"https:\\\/\\\/jornalbeirario.com.br\\\/portal\\\/wp-content\\\/uploads\\\/2023\\\/10\\\/logojbr1.jpg\",\"caption\":\"Jornal BEIRA-RIO\"},\"url\":\"https:\\\/\\\/jornalbeirario.com.br\\\/portal\\\/?author=1\"}]}<\/script>\n<!-- \/ Yoast SEO plugin. -->","yoast_head_json":{"title":"Crian\u00e7as da Juventude Nota 10 comemoram dia com festa na Itapuca - JORNAL BEIRA RIO","robots":{"index":"index","follow":"follow","max-snippet":"max-snippet:-1","max-image-preview":"max-image-preview:large","max-video-preview":"max-video-preview:-1"},"canonical":"https:\/\/jornalbeirario.com.br\/portal\/?p=25407","og_locale":"pt_BR","og_type":"article","og_title":"Crian\u00e7as da Juventude Nota 10 comemoram dia com festa na Itapuca - JORNAL BEIRA RIO","og_description":"As mais de 150 crian\u00e7as do projeto Juventude Nota 10 comemoraram seu dia com uma festa no bairro Itapuca, na manh\u00e3 deste domingo, dia","og_url":"https:\/\/jornalbeirario.com.br\/portal\/?p=25407","og_site_name":"JORNAL BEIRA RIO","article_published_time":"2014-10-12T17:44:31+00:00","og_image":[{"width":930,"height":350,"url":"https:\/\/jornalbeirario.com.br\/portal\/wp-content\/uploads\/2014\/10\/fute.jpg","type":"image\/jpeg"}],"author":"Jornal BEIRA-RIO","twitter_card":"summary_large_image","twitter_misc":{"Escrito por":"Jornal BEIRA-RIO","Est. tempo de leitura":"5 minutos"},"schema":{"@context":"https:\/\/schema.org","@graph":[{"@type":"Article","@id":"https:\/\/jornalbeirario.com.br\/portal\/?p=25407#article","isPartOf":{"@id":"https:\/\/jornalbeirario.com.br\/portal\/?p=25407"},"author":{"name":"Jornal BEIRA-RIO","@id":"https:\/\/jornalbeirario.com.br\/portal\/#\/schema\/person\/c6c423e4c2465d2a9233f6539173e7c1"},"headline":"Crian\u00e7as da Juventude Nota 10 comemoram dia com festa na Itapuca","datePublished":"2014-10-12T17:44:31+00:00","mainEntityOfPage":{"@id":"https:\/\/jornalbeirario.com.br\/portal\/?p=25407"},"wordCount":1030,"commentCount":0,"publisher":{"@id":"https:\/\/jornalbeirario.com.br\/portal\/#organization"},"image":{"@id":"https:\/\/jornalbeirario.com.br\/portal\/?p=25407#primaryimage"},"thumbnailUrl":"https:\/\/jornalbeirario.com.br\/portal\/wp-content\/uploads\/2014\/10\/fute.jpg","keywords":["dehoraemhora","manchete"],"articleSection":["Cidade","Esportes"],"inLanguage":"pt-BR","potentialAction":[{"@type":"CommentAction","name":"Comment","target":["https:\/\/jornalbeirario.com.br\/portal\/?p=25407#respond"]}]},{"@type":"WebPage","@id":"https:\/\/jornalbeirario.com.br\/portal\/?p=25407","url":"https:\/\/jornalbeirario.com.br\/portal\/?p=25407","name":"Crian\u00e7as da Juventude Nota 10 comemoram dia com festa na Itapuca - JORNAL BEIRA RIO","isPartOf":{"@id":"https:\/\/jornalbeirario.com.br\/portal\/#website"},"primaryImageOfPage":{"@id":"https:\/\/jornalbeirario.com.br\/portal\/?p=25407#primaryimage"},"image":{"@id":"https:\/\/jornalbeirario.com.br\/portal\/?p=25407#primaryimage"},"thumbnailUrl":"https:\/\/jornalbeirario.com.br\/portal\/wp-content\/uploads\/2014\/10\/fute.jpg","datePublished":"2014-10-12T17:44:31+00:00","breadcrumb":{"@id":"https:\/\/jornalbeirario.com.br\/portal\/?p=25407#breadcrumb"},"inLanguage":"pt-BR","potentialAction":[{"@type":"ReadAction","target":["https:\/\/jornalbeirario.com.br\/portal\/?p=25407"]}]},{"@type":"ImageObject","inLanguage":"pt-BR","@id":"https:\/\/jornalbeirario.com.br\/portal\/?p=25407#primaryimage","url":"https:\/\/jornalbeirario.com.br\/portal\/wp-content\/uploads\/2014\/10\/fute.jpg","contentUrl":"https:\/\/jornalbeirario.com.br\/portal\/wp-content\/uploads\/2014\/10\/fute.jpg","width":"930","height":"350"},{"@type":"BreadcrumbList","@id":"https:\/\/jornalbeirario.com.br\/portal\/?p=25407#breadcrumb","itemListElement":[{"@type":"ListItem","position":1,"name":"Home","item":"https:\/\/jornalbeirario.com.br\/portal"},{"@type":"ListItem","position":2,"name":"Crian\u00e7as da Juventude Nota 10 comemoram dia com festa na Itapuca"}]},{"@type":"WebSite","@id":"https:\/\/jornalbeirario.com.br\/portal\/#website","url":"https:\/\/jornalbeirario.com.br\/portal\/","name":"JORNAL BEIRA RIO","description":"","publisher":{"@id":"https:\/\/jornalbeirario.com.br\/portal\/#organization"},"potentialAction":[{"@type":"SearchAction","target":{"@type":"EntryPoint","urlTemplate":"https:\/\/jornalbeirario.com.br\/portal\/?s={search_term_string}"},"query-input":{"@type":"PropertyValueSpecification","valueRequired":true,"valueName":"search_term_string"}}],"inLanguage":"pt-BR"},{"@type":"Organization","@id":"https:\/\/jornalbeirario.com.br\/portal\/#organization","name":"JORNAL BEIRA RIO","url":"https:\/\/jornalbeirario.com.br\/portal\/","logo":{"@type":"ImageObject","inLanguage":"pt-BR","@id":"https:\/\/jornalbeirario.com.br\/portal\/#\/schema\/logo\/image\/","url":"https:\/\/jornalbeirario.com.br\/portal\/wp-content\/uploads\/2017\/09\/BEIRA-RIO_logo600.png","contentUrl":"https:\/\/jornalbeirario.com.br\/portal\/wp-content\/uploads\/2017\/09\/BEIRA-RIO_logo600.png","width":650,"height":108,"caption":"JORNAL BEIRA RIO"},"image":{"@id":"https:\/\/jornalbeirario.com.br\/portal\/#\/schema\/logo\/image\/"}},{"@type":"Person","@id":"https:\/\/jornalbeirario.com.br\/portal\/#\/schema\/person\/c6c423e4c2465d2a9233f6539173e7c1","name":"Jornal BEIRA-RIO","image":{"@type":"ImageObject","inLanguage":"pt-BR","@id":"https:\/\/jornalbeirario.com.br\/portal\/wp-content\/uploads\/2023\/10\/logojbr1.jpg","url":"https:\/\/jornalbeirario.com.br\/portal\/wp-content\/uploads\/2023\/10\/logojbr1.jpg","contentUrl":"https:\/\/jornalbeirario.com.br\/portal\/wp-content\/uploads\/2023\/10\/logojbr1.jpg","caption":"Jornal BEIRA-RIO"},"url":"https:\/\/jornalbeirario.com.br\/portal\/?author=1"}]}},"_links":{"self":[{"href":"https:\/\/jornalbeirario.com.br\/portal\/index.php?rest_route=\/wp\/v2\/posts\/25407","targetHints":{"allow":["GET"]}}],"collection":[{"href":"https:\/\/jornalbeirario.com.br\/portal\/index.php?rest_route=\/wp\/v2\/posts"}],"about":[{"href":"https:\/\/jornalbeirario.com.br\/portal\/index.php?rest_route=\/wp\/v2\/types\/post"}],"author":[{"embeddable":true,"href":"https:\/\/jornalbeirario.com.br\/portal\/index.php?rest_route=\/wp\/v2\/users\/1"}],"replies":[{"embeddable":true,"href":"https:\/\/jornalbeirario.com.br\/portal\/index.php?rest_route=%2Fwp%2Fv2%2Fcomments&post=25407"}],"version-history":[{"count":3,"href":"https:\/\/jornalbeirario.com.br\/portal\/index.php?rest_route=\/wp\/v2\/posts\/25407\/revisions"}],"predecessor-version":[{"id":25412,"href":"https:\/\/jornalbeirario.com.br\/portal\/index.php?rest_route=\/wp\/v2\/posts\/25407\/revisions\/25412"}],"wp:featuredmedia":[{"embeddable":true,"href":"https:\/\/jornalbeirario.com.br\/portal\/index.php?rest_route=\/wp\/v2\/media\/25410"}],"wp:attachment":[{"href":"https:\/\/jornalbeirario.com.br\/portal\/index.php?rest_route=%2Fwp%2Fv2%2Fmedia&parent=25407"}],"wp:term":[{"taxonomy":"category","embeddable":true,"href":"https:\/\/jornalbeirario.com.br\/portal\/index.php?rest_route=%2Fwp%2Fv2%2Fcategories&post=25407"},{"taxonomy":"post_tag","embeddable":true,"href":"https:\/\/jornalbeirario.com.br\/portal\/index.php?rest_route=%2Fwp%2Fv2%2Ftags&post=25407"}],"curies":[{"name":"wp","href":"https:\/\/api.w.org\/{rel}","templated":true}]}}