
{"id":25394,"date":"2014-10-11T15:36:32","date_gmt":"2014-10-11T15:36:32","guid":{"rendered":"http:\/\/jornalbeirario.com.br\/portal\/portal\/?p=25394"},"modified":"2014-10-11T15:36:32","modified_gmt":"2014-10-11T15:36:32","slug":"draga-para-limpar-lagoa-do-mirante-funciona-pela-primeira-vez","status":"publish","type":"post","link":"https:\/\/jornalbeirario.com.br\/portal\/?p=25394","title":{"rendered":"Draga para limpar Lagoa do Mirante funciona pela primeira vez"},"content":{"rendered":"<p><a href=\"https:\/\/jornalbeirario.com.br\/portal\/wp-content\/uploads\/2014\/10\/draga-dentro.jpg\"><img loading=\"lazy\" decoding=\"async\" class=\"alignleft size-medium wp-image-25396\" title=\"draga dentro\" src=\"https:\/\/jornalbeirario.com.br\/portal\/wp-content\/uploads\/2014\/10\/draga-dentro-300x225.jpg\" alt=\"\" width=\"300\" height=\"225\" srcset=\"https:\/\/jornalbeirario.com.br\/portal\/wp-content\/uploads\/2014\/10\/draga-dentro-300x225.jpg 300w, https:\/\/jornalbeirario.com.br\/portal\/wp-content\/uploads\/2014\/10\/draga-dentro.jpg 640w\" sizes=\"auto, (max-width: 300px) 100vw, 300px\" \/><\/a>A draga <a href=\"https:\/\/jornalbeirario.com.br\/portal\/?p=25296\" target=\"_blank\">constru\u00edda<\/a> pelo aposentado Ant\u00f4nio Albino Filho, o Velho do Lago, para limpar a Lagoa do Mirante foi ligada na lagoa pela primeira vez, na manh\u00e3 deste s\u00e1bado, dia 11. O equipamento usa um motor de caminh\u00e3o para retirar o lodo e a sujeira do fundo da lagoa e jog\u00e1-lo para fora da \u00e1gua e demorou seis meses para ficar pronto. Na cerim\u00f4nia, o grupo Amigos do Lado, criado por Ant\u00f4nio h\u00e1 mais de 10 anos, ajudou a colocar o equipamento em a\u00e7\u00e3o pela primeira vez.<\/p>\n<p>&#8211; O senhor Ant\u00f4nio tem um jeito meio de louco, mas \u00e9 muito consciente. Esse trabalho aqui era uma coisa para prefeitura e Inea (Instituto Estadual do Ambiente) estarem fazendo, mas eles n\u00e3o fazem e ainda amea\u00e7am quem faz. Tem local dessa lagoa que deveria ter 3 metros de profundidade e tem 40 cent\u00edmetros. Chegamos a tirar cinco sacos grandes de garrafas pet da lagoa, ningu\u00e9m a limpa. O seu Ant\u00f4nio conseguiu eliminar o esgoto da lagoa, ela n\u00e3o \u00e9 mais polu\u00edda, o lixo quem recolhe somos n\u00f3s, n\u00e3o tem ilumina\u00e7\u00e3o noturna. Queremos que todos se conscientizem sobre a import\u00e2ncia de preservar essa lagoa &#8211; disse uma das Amigas do Lago, a pod\u00f3loga Patr\u00edcia Malu Andrade.<\/p>\n<p>O deputado estadual eleito Gl\u00e1ucio Julianelli (Psol) e a vereadora Soraia Balieiro (PSB) tamb\u00e9m participaram do evento, que reuniu moradores do bairro Mirantes das Agulhas, simpatizantes da causa ambiental, representantes da Igreja Cat\u00f3lica e da Comiss\u00e3o Ambiental Sul e muitas crian\u00e7as.<\/p>\n<p>&#8211; O vov\u00f4 tem que limpar essa lagoa, porque a \u00e1gua fica suja &#8211; comentou uma das netas do Velho do Lago, Lara Carvalho Albino, de 5 anos.<\/p>\n<p>Ela acompanhava alguns primos, entre eles Jo\u00e3o Lucas, de tr\u00eas anos.<\/p>\n<p>&#8211; Apesar de tudo estamos aqui pela caminhada do v\u00f4 dele. Desde mais nova j\u00e1 o acompanhava, \u00a0trago meu filho para \u00a0saber que tem que preservar a natureza. Vindo dele (Ant\u00f4nio), tudo a gente acredita que vai ser poss\u00edvel &#8211; comentou a nora do aposentado, Priscila da Silva Corr\u00eaa, e a m\u00e3e de Jo\u00e3o Lucas.<\/p>\n<p>Al\u00e9m dos amigos e familiares, pessoas com grande conhecimento da causa ambiental lembraram a import\u00e2ncia do trabalho realizado pelos amigos do lago.<\/p>\n<p>&#8211; Falta de \u00e1gua n\u00e3o \u00e9 s\u00f3 S\u00e3o Paulo, Rio tamb\u00e9m. Essa ideia de participa\u00e7\u00e3o e ter crian\u00e7as \u00e9 bem v\u00e1lida, lamentavelmente a sociedade n\u00e3o preserva. Mais de 40% dos seres vivos que dependem de \u00e1gua j\u00e1 morreram e a previs\u00e3o da ONU \u00e9 que 50% da popula\u00e7\u00e3o da \u00c1frica vai morrer por falta de \u00e1gua nos pr\u00f3ximos anos &#8211; alertou D\u00e9lio Guerra, da Comiss\u00e3o Ambiental Sul.<\/p>\n<p>A Par\u00f3quia Sagrada Fam\u00edlia se fez representar pelo Padre In\u00e1cio Jos\u00e9 do Valle, que frisou que a par\u00f3quia tamb\u00e9m realiza trabalhos voltados para o Meio Ambiente h\u00e1 mais de 10 anos.<\/p>\n<p>&#8211; O senhor Ant\u00f4nio \u00e9 da nossa comunidade e estamos aqui por mil fatores ecol\u00f3gicos. Trabalhamos h\u00e1 mais de 10 anos nesse contexto, a pr\u00f3pria C\u00faria Diocesana \u00e9 muito forte nesse contexto de preserva\u00e7\u00e3o e trabalhamos para que o povo se conscientize sobre a import\u00e2ncia de preserva\u00e7\u00e3o do Meio Ambiente &#8211; explicou o padre.<\/p>\n<p>O grupo se encontrou em frente \u00e0 casa de Ant\u00f4nio Albino e saiu de l\u00e1 carregando, al\u00e9m da draga, as ferramentas usadas nos cerca de 14 anos de trabalho de limpeza do reservat\u00f3rio de \u00e1gua. Ao chegar \u00e0 lagoa, a draga foi colocada em uma balsa, posicionada com o aux\u00edlio de cabos de a\u00e7o, e o grupo come\u00e7ou a tentar faz\u00ea-la funcionar. Como ela havia sido testada em ambiente seco, entrou ar e assustou os moradores pela demora em funcionar. Mas assim que o ar foi retirado e o motor ligado, ela come\u00e7ou a puxar o lodo do fundo do lago e mostrou que tem plenas condi\u00e7\u00f5es de desassorear o local, como era previsto.<\/p>\n<p>&#8211; T\u00f4 sentindo firmeza nesse trabalho de preserva\u00e7\u00e3o dessa lagoa, mas refor\u00e7o a import\u00e2ncia de uma parceria entre as autoridades e a comunidade para trabalhar em prol do Meio Ambiente. Agora precisamos apenas melhorar a tubula\u00e7\u00e3o para conseguir transportar o lodo e o material que ser\u00e3o tirados do fundo da lagoa, acho que precisa de uns 80 metros de tubula\u00e7\u00e3o &#8211; explicou Albino.<\/p>\n<p>Ant\u00f4nio e os Amigos do Lago divulgaram a interven\u00e7\u00e3o em v\u00e1rias escolas na esperan\u00e7a que as crian\u00e7as preservem o Meio Ambiente, j\u00e1 que para eles \u00e9 importante que as crian\u00e7as tenham exemplos para se espelharem.<\/p>\n<p>&#8211; N\u00e3o esperava chegar nesse ponto de a sociedade ter que fazer uma interven\u00e7\u00e3o para fazer um trabalho desse, ainda acho que as autoridades devem ajudar. Mas a gente tem que dar uma resposta para essas crian\u00e7as e adolescentes que estudam sobre Meio Ambiente na escola. Eles saem e vem uma realidade completamente oposta. Perto do posto da Grande Alergia, por exemplo, tem um esgoto a c\u00e9u aberto. N\u00e3o est\u00e1 coerente com o que se ensina para a crian\u00e7a dentro de sala de aula &#8211; lamentou o Velho do Lago.<\/p>\n<p>Mas se as preocupa\u00e7\u00f5es do grupo s\u00e3o a nova gera\u00e7\u00e3o, alguns dos pequenos j\u00e1 mostram que a semente seu frutos que come\u00e7am a crescer.<\/p>\n<p>&#8211; Aprendi na escola que a folha d\u00e1 oxig\u00eanio para a gente, ent\u00e3o parei de arrancar folhas e flores. Recebi o convite para vir aqui hoje porque sou Vicentino, mas eu queria vir porque j\u00e1 conhecia e j\u00e1 fiz piquenique aqui, ent\u00e3o minha m\u00e3e me trouxe, porque eu moro no Toyota. Eu gosto disso e quando eu crescer vou fazer um reflorestamento, que \u00e9 plantar novas \u00e1rvores, para dar mais oxig\u00eanio para a gente respirar &#8211; explicou Julio Ribeiro Nogueira, de oito anos, mostrando que ainda h\u00e1 esperan\u00e7a para o Meio Ambiente e que o trabalho dos Amigos do Lago pode n\u00e3o estar sendo em v\u00e3o.<\/p>\n<p>&nbsp;<\/p>\n","protected":false},"excerpt":{"rendered":"<p>A draga constru\u00edda pelo aposentado Ant\u00f4nio Albino Filho, o Velho do Lago, para limpar a Lagoa do Mirante foi ligada na lagoa pela primeira<\/p>\n","protected":false},"author":1,"featured_media":25395,"comment_status":"open","ping_status":"open","sticky":false,"template":"","format":"standard","meta":{"pmpro_default_level":"","footnotes":""},"categories":[27],"tags":[155,153],"class_list":["post-25394","post","type-post","status-publish","format-standard","has-post-thumbnail","hentry","category-meioambiente","tag-dehoraemhora","tag-manchete","pmpro-has-access"],"yoast_head":"<!-- This site is optimized with the Yoast SEO plugin v27.4 - https:\/\/yoast.com\/product\/yoast-seo-wordpress\/ -->\n<title>Draga para limpar Lagoa do Mirante funciona pela primeira vez - JORNAL BEIRA RIO<\/title>\n<meta name=\"robots\" content=\"index, follow, max-snippet:-1, max-image-preview:large, max-video-preview:-1\" \/>\n<link rel=\"canonical\" href=\"https:\/\/jornalbeirario.com.br\/portal\/?p=25394\" \/>\n<meta property=\"og:locale\" content=\"pt_BR\" \/>\n<meta property=\"og:type\" content=\"article\" \/>\n<meta property=\"og:title\" content=\"Draga para limpar Lagoa do Mirante funciona pela primeira vez - JORNAL BEIRA RIO\" \/>\n<meta property=\"og:description\" content=\"A draga constru\u00edda pelo aposentado Ant\u00f4nio Albino Filho, o Velho do Lago, para limpar a Lagoa do Mirante foi ligada na lagoa pela primeira\" \/>\n<meta property=\"og:url\" content=\"https:\/\/jornalbeirario.com.br\/portal\/?p=25394\" \/>\n<meta property=\"og:site_name\" content=\"JORNAL BEIRA RIO\" \/>\n<meta property=\"article:published_time\" content=\"2014-10-11T15:36:32+00:00\" \/>\n<meta property=\"og:image\" content=\"https:\/\/jornalbeirario.com.br\/portal\/wp-content\/uploads\/2014\/10\/draga-capa.jpg\" \/>\n\t<meta property=\"og:image:width\" content=\"930\" \/>\n\t<meta property=\"og:image:height\" content=\"350\" \/>\n\t<meta property=\"og:image:type\" content=\"image\/jpeg\" \/>\n<meta name=\"author\" content=\"Jornal BEIRA-RIO\" \/>\n<meta name=\"twitter:card\" content=\"summary_large_image\" \/>\n<meta name=\"twitter:label1\" content=\"Escrito por\" \/>\n\t<meta name=\"twitter:data1\" content=\"Jornal BEIRA-RIO\" \/>\n\t<meta name=\"twitter:label2\" content=\"Est. tempo de leitura\" \/>\n\t<meta name=\"twitter:data2\" content=\"5 minutos\" \/>\n<script type=\"application\/ld+json\" class=\"yoast-schema-graph\">{\"@context\":\"https:\\\/\\\/schema.org\",\"@graph\":[{\"@type\":\"Article\",\"@id\":\"https:\\\/\\\/jornalbeirario.com.br\\\/portal\\\/?p=25394#article\",\"isPartOf\":{\"@id\":\"https:\\\/\\\/jornalbeirario.com.br\\\/portal\\\/?p=25394\"},\"author\":{\"name\":\"Jornal BEIRA-RIO\",\"@id\":\"https:\\\/\\\/jornalbeirario.com.br\\\/portal\\\/#\\\/schema\\\/person\\\/c6c423e4c2465d2a9233f6539173e7c1\"},\"headline\":\"Draga para limpar Lagoa do Mirante funciona pela primeira vez\",\"datePublished\":\"2014-10-11T15:36:32+00:00\",\"mainEntityOfPage\":{\"@id\":\"https:\\\/\\\/jornalbeirario.com.br\\\/portal\\\/?p=25394\"},\"wordCount\":1032,\"commentCount\":1,\"publisher\":{\"@id\":\"https:\\\/\\\/jornalbeirario.com.br\\\/portal\\\/#organization\"},\"image\":{\"@id\":\"https:\\\/\\\/jornalbeirario.com.br\\\/portal\\\/?p=25394#primaryimage\"},\"thumbnailUrl\":\"https:\\\/\\\/jornalbeirario.com.br\\\/portal\\\/wp-content\\\/uploads\\\/2014\\\/10\\\/draga-capa.jpg\",\"keywords\":[\"dehoraemhora\",\"manchete\"],\"articleSection\":[\"Meio Ambiente\"],\"inLanguage\":\"pt-BR\",\"potentialAction\":[{\"@type\":\"CommentAction\",\"name\":\"Comment\",\"target\":[\"https:\\\/\\\/jornalbeirario.com.br\\\/portal\\\/?p=25394#respond\"]}]},{\"@type\":\"WebPage\",\"@id\":\"https:\\\/\\\/jornalbeirario.com.br\\\/portal\\\/?p=25394\",\"url\":\"https:\\\/\\\/jornalbeirario.com.br\\\/portal\\\/?p=25394\",\"name\":\"Draga para limpar Lagoa do Mirante funciona pela primeira vez - JORNAL BEIRA RIO\",\"isPartOf\":{\"@id\":\"https:\\\/\\\/jornalbeirario.com.br\\\/portal\\\/#website\"},\"primaryImageOfPage\":{\"@id\":\"https:\\\/\\\/jornalbeirario.com.br\\\/portal\\\/?p=25394#primaryimage\"},\"image\":{\"@id\":\"https:\\\/\\\/jornalbeirario.com.br\\\/portal\\\/?p=25394#primaryimage\"},\"thumbnailUrl\":\"https:\\\/\\\/jornalbeirario.com.br\\\/portal\\\/wp-content\\\/uploads\\\/2014\\\/10\\\/draga-capa.jpg\",\"datePublished\":\"2014-10-11T15:36:32+00:00\",\"breadcrumb\":{\"@id\":\"https:\\\/\\\/jornalbeirario.com.br\\\/portal\\\/?p=25394#breadcrumb\"},\"inLanguage\":\"pt-BR\",\"potentialAction\":[{\"@type\":\"ReadAction\",\"target\":[\"https:\\\/\\\/jornalbeirario.com.br\\\/portal\\\/?p=25394\"]}]},{\"@type\":\"ImageObject\",\"inLanguage\":\"pt-BR\",\"@id\":\"https:\\\/\\\/jornalbeirario.com.br\\\/portal\\\/?p=25394#primaryimage\",\"url\":\"https:\\\/\\\/jornalbeirario.com.br\\\/portal\\\/wp-content\\\/uploads\\\/2014\\\/10\\\/draga-capa.jpg\",\"contentUrl\":\"https:\\\/\\\/jornalbeirario.com.br\\\/portal\\\/wp-content\\\/uploads\\\/2014\\\/10\\\/draga-capa.jpg\",\"width\":\"930\",\"height\":\"350\"},{\"@type\":\"BreadcrumbList\",\"@id\":\"https:\\\/\\\/jornalbeirario.com.br\\\/portal\\\/?p=25394#breadcrumb\",\"itemListElement\":[{\"@type\":\"ListItem\",\"position\":1,\"name\":\"Home\",\"item\":\"https:\\\/\\\/jornalbeirario.com.br\\\/portal\"},{\"@type\":\"ListItem\",\"position\":2,\"name\":\"Draga para limpar Lagoa do Mirante funciona pela primeira vez\"}]},{\"@type\":\"WebSite\",\"@id\":\"https:\\\/\\\/jornalbeirario.com.br\\\/portal\\\/#website\",\"url\":\"https:\\\/\\\/jornalbeirario.com.br\\\/portal\\\/\",\"name\":\"JORNAL BEIRA RIO\",\"description\":\"\",\"publisher\":{\"@id\":\"https:\\\/\\\/jornalbeirario.com.br\\\/portal\\\/#organization\"},\"potentialAction\":[{\"@type\":\"SearchAction\",\"target\":{\"@type\":\"EntryPoint\",\"urlTemplate\":\"https:\\\/\\\/jornalbeirario.com.br\\\/portal\\\/?s={search_term_string}\"},\"query-input\":{\"@type\":\"PropertyValueSpecification\",\"valueRequired\":true,\"valueName\":\"search_term_string\"}}],\"inLanguage\":\"pt-BR\"},{\"@type\":\"Organization\",\"@id\":\"https:\\\/\\\/jornalbeirario.com.br\\\/portal\\\/#organization\",\"name\":\"JORNAL BEIRA RIO\",\"url\":\"https:\\\/\\\/jornalbeirario.com.br\\\/portal\\\/\",\"logo\":{\"@type\":\"ImageObject\",\"inLanguage\":\"pt-BR\",\"@id\":\"https:\\\/\\\/jornalbeirario.com.br\\\/portal\\\/#\\\/schema\\\/logo\\\/image\\\/\",\"url\":\"https:\\\/\\\/jornalbeirario.com.br\\\/portal\\\/wp-content\\\/uploads\\\/2017\\\/09\\\/BEIRA-RIO_logo600.png\",\"contentUrl\":\"https:\\\/\\\/jornalbeirario.com.br\\\/portal\\\/wp-content\\\/uploads\\\/2017\\\/09\\\/BEIRA-RIO_logo600.png\",\"width\":650,\"height\":108,\"caption\":\"JORNAL BEIRA RIO\"},\"image\":{\"@id\":\"https:\\\/\\\/jornalbeirario.com.br\\\/portal\\\/#\\\/schema\\\/logo\\\/image\\\/\"}},{\"@type\":\"Person\",\"@id\":\"https:\\\/\\\/jornalbeirario.com.br\\\/portal\\\/#\\\/schema\\\/person\\\/c6c423e4c2465d2a9233f6539173e7c1\",\"name\":\"Jornal BEIRA-RIO\",\"image\":{\"@type\":\"ImageObject\",\"inLanguage\":\"pt-BR\",\"@id\":\"https:\\\/\\\/jornalbeirario.com.br\\\/portal\\\/wp-content\\\/uploads\\\/2023\\\/10\\\/logojbr1.jpg\",\"url\":\"https:\\\/\\\/jornalbeirario.com.br\\\/portal\\\/wp-content\\\/uploads\\\/2023\\\/10\\\/logojbr1.jpg\",\"contentUrl\":\"https:\\\/\\\/jornalbeirario.com.br\\\/portal\\\/wp-content\\\/uploads\\\/2023\\\/10\\\/logojbr1.jpg\",\"caption\":\"Jornal BEIRA-RIO\"},\"url\":\"https:\\\/\\\/jornalbeirario.com.br\\\/portal\\\/?author=1\"}]}<\/script>\n<!-- \/ Yoast SEO plugin. -->","yoast_head_json":{"title":"Draga para limpar Lagoa do Mirante funciona pela primeira vez - JORNAL BEIRA RIO","robots":{"index":"index","follow":"follow","max-snippet":"max-snippet:-1","max-image-preview":"max-image-preview:large","max-video-preview":"max-video-preview:-1"},"canonical":"https:\/\/jornalbeirario.com.br\/portal\/?p=25394","og_locale":"pt_BR","og_type":"article","og_title":"Draga para limpar Lagoa do Mirante funciona pela primeira vez - JORNAL BEIRA RIO","og_description":"A draga constru\u00edda pelo aposentado Ant\u00f4nio Albino Filho, o Velho do Lago, para limpar a Lagoa do Mirante foi ligada na lagoa pela primeira","og_url":"https:\/\/jornalbeirario.com.br\/portal\/?p=25394","og_site_name":"JORNAL BEIRA RIO","article_published_time":"2014-10-11T15:36:32+00:00","og_image":[{"width":930,"height":350,"url":"https:\/\/jornalbeirario.com.br\/portal\/wp-content\/uploads\/2014\/10\/draga-capa.jpg","type":"image\/jpeg"}],"author":"Jornal BEIRA-RIO","twitter_card":"summary_large_image","twitter_misc":{"Escrito por":"Jornal BEIRA-RIO","Est. tempo de leitura":"5 minutos"},"schema":{"@context":"https:\/\/schema.org","@graph":[{"@type":"Article","@id":"https:\/\/jornalbeirario.com.br\/portal\/?p=25394#article","isPartOf":{"@id":"https:\/\/jornalbeirario.com.br\/portal\/?p=25394"},"author":{"name":"Jornal BEIRA-RIO","@id":"https:\/\/jornalbeirario.com.br\/portal\/#\/schema\/person\/c6c423e4c2465d2a9233f6539173e7c1"},"headline":"Draga para limpar Lagoa do Mirante funciona pela primeira vez","datePublished":"2014-10-11T15:36:32+00:00","mainEntityOfPage":{"@id":"https:\/\/jornalbeirario.com.br\/portal\/?p=25394"},"wordCount":1032,"commentCount":1,"publisher":{"@id":"https:\/\/jornalbeirario.com.br\/portal\/#organization"},"image":{"@id":"https:\/\/jornalbeirario.com.br\/portal\/?p=25394#primaryimage"},"thumbnailUrl":"https:\/\/jornalbeirario.com.br\/portal\/wp-content\/uploads\/2014\/10\/draga-capa.jpg","keywords":["dehoraemhora","manchete"],"articleSection":["Meio Ambiente"],"inLanguage":"pt-BR","potentialAction":[{"@type":"CommentAction","name":"Comment","target":["https:\/\/jornalbeirario.com.br\/portal\/?p=25394#respond"]}]},{"@type":"WebPage","@id":"https:\/\/jornalbeirario.com.br\/portal\/?p=25394","url":"https:\/\/jornalbeirario.com.br\/portal\/?p=25394","name":"Draga para limpar Lagoa do Mirante funciona pela primeira vez - JORNAL BEIRA RIO","isPartOf":{"@id":"https:\/\/jornalbeirario.com.br\/portal\/#website"},"primaryImageOfPage":{"@id":"https:\/\/jornalbeirario.com.br\/portal\/?p=25394#primaryimage"},"image":{"@id":"https:\/\/jornalbeirario.com.br\/portal\/?p=25394#primaryimage"},"thumbnailUrl":"https:\/\/jornalbeirario.com.br\/portal\/wp-content\/uploads\/2014\/10\/draga-capa.jpg","datePublished":"2014-10-11T15:36:32+00:00","breadcrumb":{"@id":"https:\/\/jornalbeirario.com.br\/portal\/?p=25394#breadcrumb"},"inLanguage":"pt-BR","potentialAction":[{"@type":"ReadAction","target":["https:\/\/jornalbeirario.com.br\/portal\/?p=25394"]}]},{"@type":"ImageObject","inLanguage":"pt-BR","@id":"https:\/\/jornalbeirario.com.br\/portal\/?p=25394#primaryimage","url":"https:\/\/jornalbeirario.com.br\/portal\/wp-content\/uploads\/2014\/10\/draga-capa.jpg","contentUrl":"https:\/\/jornalbeirario.com.br\/portal\/wp-content\/uploads\/2014\/10\/draga-capa.jpg","width":"930","height":"350"},{"@type":"BreadcrumbList","@id":"https:\/\/jornalbeirario.com.br\/portal\/?p=25394#breadcrumb","itemListElement":[{"@type":"ListItem","position":1,"name":"Home","item":"https:\/\/jornalbeirario.com.br\/portal"},{"@type":"ListItem","position":2,"name":"Draga para limpar Lagoa do Mirante funciona pela primeira vez"}]},{"@type":"WebSite","@id":"https:\/\/jornalbeirario.com.br\/portal\/#website","url":"https:\/\/jornalbeirario.com.br\/portal\/","name":"JORNAL BEIRA RIO","description":"","publisher":{"@id":"https:\/\/jornalbeirario.com.br\/portal\/#organization"},"potentialAction":[{"@type":"SearchAction","target":{"@type":"EntryPoint","urlTemplate":"https:\/\/jornalbeirario.com.br\/portal\/?s={search_term_string}"},"query-input":{"@type":"PropertyValueSpecification","valueRequired":true,"valueName":"search_term_string"}}],"inLanguage":"pt-BR"},{"@type":"Organization","@id":"https:\/\/jornalbeirario.com.br\/portal\/#organization","name":"JORNAL BEIRA RIO","url":"https:\/\/jornalbeirario.com.br\/portal\/","logo":{"@type":"ImageObject","inLanguage":"pt-BR","@id":"https:\/\/jornalbeirario.com.br\/portal\/#\/schema\/logo\/image\/","url":"https:\/\/jornalbeirario.com.br\/portal\/wp-content\/uploads\/2017\/09\/BEIRA-RIO_logo600.png","contentUrl":"https:\/\/jornalbeirario.com.br\/portal\/wp-content\/uploads\/2017\/09\/BEIRA-RIO_logo600.png","width":650,"height":108,"caption":"JORNAL BEIRA RIO"},"image":{"@id":"https:\/\/jornalbeirario.com.br\/portal\/#\/schema\/logo\/image\/"}},{"@type":"Person","@id":"https:\/\/jornalbeirario.com.br\/portal\/#\/schema\/person\/c6c423e4c2465d2a9233f6539173e7c1","name":"Jornal BEIRA-RIO","image":{"@type":"ImageObject","inLanguage":"pt-BR","@id":"https:\/\/jornalbeirario.com.br\/portal\/wp-content\/uploads\/2023\/10\/logojbr1.jpg","url":"https:\/\/jornalbeirario.com.br\/portal\/wp-content\/uploads\/2023\/10\/logojbr1.jpg","contentUrl":"https:\/\/jornalbeirario.com.br\/portal\/wp-content\/uploads\/2023\/10\/logojbr1.jpg","caption":"Jornal BEIRA-RIO"},"url":"https:\/\/jornalbeirario.com.br\/portal\/?author=1"}]}},"_links":{"self":[{"href":"https:\/\/jornalbeirario.com.br\/portal\/index.php?rest_route=\/wp\/v2\/posts\/25394","targetHints":{"allow":["GET"]}}],"collection":[{"href":"https:\/\/jornalbeirario.com.br\/portal\/index.php?rest_route=\/wp\/v2\/posts"}],"about":[{"href":"https:\/\/jornalbeirario.com.br\/portal\/index.php?rest_route=\/wp\/v2\/types\/post"}],"author":[{"embeddable":true,"href":"https:\/\/jornalbeirario.com.br\/portal\/index.php?rest_route=\/wp\/v2\/users\/1"}],"replies":[{"embeddable":true,"href":"https:\/\/jornalbeirario.com.br\/portal\/index.php?rest_route=%2Fwp%2Fv2%2Fcomments&post=25394"}],"version-history":[{"count":2,"href":"https:\/\/jornalbeirario.com.br\/portal\/index.php?rest_route=\/wp\/v2\/posts\/25394\/revisions"}],"predecessor-version":[{"id":25398,"href":"https:\/\/jornalbeirario.com.br\/portal\/index.php?rest_route=\/wp\/v2\/posts\/25394\/revisions\/25398"}],"wp:featuredmedia":[{"embeddable":true,"href":"https:\/\/jornalbeirario.com.br\/portal\/index.php?rest_route=\/wp\/v2\/media\/25395"}],"wp:attachment":[{"href":"https:\/\/jornalbeirario.com.br\/portal\/index.php?rest_route=%2Fwp%2Fv2%2Fmedia&parent=25394"}],"wp:term":[{"taxonomy":"category","embeddable":true,"href":"https:\/\/jornalbeirario.com.br\/portal\/index.php?rest_route=%2Fwp%2Fv2%2Fcategories&post=25394"},{"taxonomy":"post_tag","embeddable":true,"href":"https:\/\/jornalbeirario.com.br\/portal\/index.php?rest_route=%2Fwp%2Fv2%2Ftags&post=25394"}],"curies":[{"name":"wp","href":"https:\/\/api.w.org\/{rel}","templated":true}]}}