
{"id":25390,"date":"2014-10-10T20:19:44","date_gmt":"2014-10-10T20:19:44","guid":{"rendered":"http:\/\/jornalbeirario.com.br\/portal\/portal\/?p=25390"},"modified":"2014-10-10T20:19:44","modified_gmt":"2014-10-10T20:19:44","slug":"prefeito-de-resende-se-reune-com-enfermeiras-mas-nao-fala-em-aumento","status":"publish","type":"post","link":"https:\/\/jornalbeirario.com.br\/portal\/?p=25390","title":{"rendered":"Prefeito de Resende se re\u00fane com enfermeiras mas n\u00e3o fala em aumento"},"content":{"rendered":"<p>O prefeito de Resende, Jos\u00e9 Rechuan Junior (PP), se reuniu com enfermeiras das Unidades B\u00e1sicas de Sa\u00fade da Fam\u00edlia (UBS) e (UBSF) de Resende, na tarde desta sexta-feira, dia 10, no refeit\u00f3rio do Centro Administrativo da Prefeitura. Embora a classe venha <a href=\"https:\/\/jornalbeirario.com.br\/portal\/?p=24524\" target=\"_blank\">reivindicando<\/a> uma s\u00e9rie de melhorias nas condi\u00e7\u00f5es de trabalho, o prefeito n\u00e3o falou em reajustes no encontro.<\/p>\n<p>A reuni\u00e3o foi marcada pelo pr\u00f3prio Rechuan e o prefeito comentou sobre o desempenho das profissionais. Embora tenha elogiado a parte t\u00e9cnica e profissional de todas elas, ele ressaltou que o trabalho pode ficar ainda melhor se for mais humanizado.<\/p>\n<p>&#8211; Para qualquer um da Sa\u00fade n\u00e3o basta ser bom tecnicamente, tem que ter uma rela\u00e7\u00e3o humana, porque \u00e9 isso que far\u00e1 as pessoas confiarem em voc\u00eas. Se perdeu essa confian\u00e7a, a popula\u00e7\u00e3o j\u00e1 cria uma antipatia com o trabalho de voc\u00eas. E quando vem uma respostas positiva ou negativa, independente de ter sido uma atitude ou informa\u00e7\u00e3o dada pelo m\u00e9dico, recepcionista, a gente s\u00f3 enxerga o enfermeiro &#8211; declarou o prefeito.<\/p>\n<p>Ele tamb\u00e9m comentou que, junto com a equipe comandada pelo secret\u00e1rio de sa\u00fade, Daniel Brito, est\u00e1 aberto \u00e0s demandas das profissionais. Mas entre essas demandas, mencionou poss\u00edveis problemas com m\u00e9dicos e farmac\u00eauticos que elas possa ter, mas n\u00e3o a quest\u00e3o financeira. Ele tamb\u00e9m afirmou que a situa\u00e7\u00e3o delas melhorou em seu governo e que \u00e9 um dos \u00fanicos munic\u00edpios da regi\u00e3o a ter uma boa estrutura dos postos e pagar integralmente o benef\u00edcio enviado pelo Minist\u00e9rio da Sa\u00fade.<\/p>\n<p>&#8211; Sei que n\u00e3o est\u00e3o satisfeitas, mas \u00e9 s\u00f3 pegar o \u00faltimo contra-cheque de 2008 e pegar o de agora. Pegar todo o dinheiro do Pmaq e entregar para voc\u00eas nenhuma prefeitura faz, porque n\u00e3o d\u00e1 voto, \u00e9 irrelevante. Qualquer outro secret\u00e1rio compraria um ar condicionado, uma ambul\u00e2ncia e nossa op\u00e7\u00e3o foi valorizar o funcion\u00e1rio que trabalha com sa\u00fade, o Brito confiou em voc\u00eas &#8211; acrescentou o prefeito.<\/p>\n<p>Sobre as cr\u00edticas das profissionais quanto \u00e0s constantes faltas de rem\u00e9dio nas farm\u00e1cias populares, mesmo que elas fa\u00e7am encomendas regulares, o prefeito disse que a responsabilidade de cobran\u00e7a \u00e9 das enfermeiras.<\/p>\n<p>&#8211; Voc\u00eas t\u00eam que cobrar da farm\u00e1cia, porque vou cobrar de voc\u00eas, o posto \u00a0\u00e9 de voc\u00eas. Voc\u00eas tamb\u00e9m t\u00eam que cobrar, enfiar o dedo na cara e dar soco na mesa &#8211; resumiu Rechuan.<\/p>\n","protected":false},"excerpt":{"rendered":"<p>O prefeito de Resende, Jos\u00e9 Rechuan Junior (PP), se reuniu com enfermeiras das Unidades B\u00e1sicas de Sa\u00fade da Fam\u00edlia (UBS) e (UBSF) de Resende,<\/p>\n","protected":false},"author":1,"featured_media":25391,"comment_status":"open","ping_status":"open","sticky":false,"template":"","format":"standard","meta":{"pmpro_default_level":"","footnotes":""},"categories":[11,18],"tags":[155],"class_list":["post-25390","post","type-post","status-publish","format-standard","has-post-thumbnail","hentry","category-politica","category-saude","tag-dehoraemhora","pmpro-has-access"],"yoast_head":"<!-- This site is optimized with the Yoast SEO plugin v27.4 - https:\/\/yoast.com\/product\/yoast-seo-wordpress\/ -->\n<title>Prefeito de Resende se re\u00fane com enfermeiras mas n\u00e3o fala em aumento - JORNAL BEIRA RIO<\/title>\n<meta name=\"robots\" content=\"index, follow, max-snippet:-1, max-image-preview:large, max-video-preview:-1\" \/>\n<link rel=\"canonical\" href=\"https:\/\/jornalbeirario.com.br\/portal\/?p=25390\" \/>\n<meta property=\"og:locale\" content=\"pt_BR\" \/>\n<meta property=\"og:type\" content=\"article\" \/>\n<meta property=\"og:title\" content=\"Prefeito de Resende se re\u00fane com enfermeiras mas n\u00e3o fala em aumento - JORNAL BEIRA RIO\" \/>\n<meta property=\"og:description\" content=\"O prefeito de Resende, Jos\u00e9 Rechuan Junior (PP), se reuniu com enfermeiras das Unidades B\u00e1sicas de Sa\u00fade da Fam\u00edlia (UBS) e (UBSF) de Resende,\" \/>\n<meta property=\"og:url\" content=\"https:\/\/jornalbeirario.com.br\/portal\/?p=25390\" \/>\n<meta property=\"og:site_name\" content=\"JORNAL BEIRA RIO\" \/>\n<meta property=\"article:published_time\" content=\"2014-10-10T20:19:44+00:00\" \/>\n<meta property=\"og:image\" content=\"https:\/\/jornalbeirario.com.br\/portal\/wp-content\/uploads\/2014\/10\/jornal.jpg\" \/>\n\t<meta property=\"og:image:width\" content=\"640\" \/>\n\t<meta property=\"og:image:height\" content=\"480\" \/>\n\t<meta property=\"og:image:type\" content=\"image\/jpeg\" \/>\n<meta name=\"author\" content=\"Jornal BEIRA-RIO\" \/>\n<meta name=\"twitter:card\" content=\"summary_large_image\" \/>\n<meta name=\"twitter:label1\" content=\"Escrito por\" \/>\n\t<meta name=\"twitter:data1\" content=\"Jornal BEIRA-RIO\" \/>\n\t<meta name=\"twitter:label2\" content=\"Est. tempo de leitura\" \/>\n\t<meta name=\"twitter:data2\" content=\"2 minutos\" \/>\n<script type=\"application\/ld+json\" class=\"yoast-schema-graph\">{\"@context\":\"https:\\\/\\\/schema.org\",\"@graph\":[{\"@type\":\"Article\",\"@id\":\"https:\\\/\\\/jornalbeirario.com.br\\\/portal\\\/?p=25390#article\",\"isPartOf\":{\"@id\":\"https:\\\/\\\/jornalbeirario.com.br\\\/portal\\\/?p=25390\"},\"author\":{\"name\":\"Jornal BEIRA-RIO\",\"@id\":\"https:\\\/\\\/jornalbeirario.com.br\\\/portal\\\/#\\\/schema\\\/person\\\/c6c423e4c2465d2a9233f6539173e7c1\"},\"headline\":\"Prefeito de Resende se re\u00fane com enfermeiras mas n\u00e3o fala em aumento\",\"datePublished\":\"2014-10-10T20:19:44+00:00\",\"mainEntityOfPage\":{\"@id\":\"https:\\\/\\\/jornalbeirario.com.br\\\/portal\\\/?p=25390\"},\"wordCount\":445,\"commentCount\":0,\"publisher\":{\"@id\":\"https:\\\/\\\/jornalbeirario.com.br\\\/portal\\\/#organization\"},\"image\":{\"@id\":\"https:\\\/\\\/jornalbeirario.com.br\\\/portal\\\/?p=25390#primaryimage\"},\"thumbnailUrl\":\"https:\\\/\\\/jornalbeirario.com.br\\\/portal\\\/wp-content\\\/uploads\\\/2014\\\/10\\\/jornal.jpg\",\"keywords\":[\"dehoraemhora\"],\"articleSection\":[\"Pol\u00edtica\",\"Sa\u00fade\"],\"inLanguage\":\"pt-BR\",\"potentialAction\":[{\"@type\":\"CommentAction\",\"name\":\"Comment\",\"target\":[\"https:\\\/\\\/jornalbeirario.com.br\\\/portal\\\/?p=25390#respond\"]}]},{\"@type\":\"WebPage\",\"@id\":\"https:\\\/\\\/jornalbeirario.com.br\\\/portal\\\/?p=25390\",\"url\":\"https:\\\/\\\/jornalbeirario.com.br\\\/portal\\\/?p=25390\",\"name\":\"Prefeito de Resende se re\u00fane com enfermeiras mas n\u00e3o fala em aumento - JORNAL BEIRA RIO\",\"isPartOf\":{\"@id\":\"https:\\\/\\\/jornalbeirario.com.br\\\/portal\\\/#website\"},\"primaryImageOfPage\":{\"@id\":\"https:\\\/\\\/jornalbeirario.com.br\\\/portal\\\/?p=25390#primaryimage\"},\"image\":{\"@id\":\"https:\\\/\\\/jornalbeirario.com.br\\\/portal\\\/?p=25390#primaryimage\"},\"thumbnailUrl\":\"https:\\\/\\\/jornalbeirario.com.br\\\/portal\\\/wp-content\\\/uploads\\\/2014\\\/10\\\/jornal.jpg\",\"datePublished\":\"2014-10-10T20:19:44+00:00\",\"breadcrumb\":{\"@id\":\"https:\\\/\\\/jornalbeirario.com.br\\\/portal\\\/?p=25390#breadcrumb\"},\"inLanguage\":\"pt-BR\",\"potentialAction\":[{\"@type\":\"ReadAction\",\"target\":[\"https:\\\/\\\/jornalbeirario.com.br\\\/portal\\\/?p=25390\"]}]},{\"@type\":\"ImageObject\",\"inLanguage\":\"pt-BR\",\"@id\":\"https:\\\/\\\/jornalbeirario.com.br\\\/portal\\\/?p=25390#primaryimage\",\"url\":\"https:\\\/\\\/jornalbeirario.com.br\\\/portal\\\/wp-content\\\/uploads\\\/2014\\\/10\\\/jornal.jpg\",\"contentUrl\":\"https:\\\/\\\/jornalbeirario.com.br\\\/portal\\\/wp-content\\\/uploads\\\/2014\\\/10\\\/jornal.jpg\",\"width\":\"640\",\"height\":\"480\"},{\"@type\":\"BreadcrumbList\",\"@id\":\"https:\\\/\\\/jornalbeirario.com.br\\\/portal\\\/?p=25390#breadcrumb\",\"itemListElement\":[{\"@type\":\"ListItem\",\"position\":1,\"name\":\"Home\",\"item\":\"https:\\\/\\\/jornalbeirario.com.br\\\/portal\"},{\"@type\":\"ListItem\",\"position\":2,\"name\":\"Prefeito de Resende se re\u00fane com enfermeiras mas n\u00e3o fala em aumento\"}]},{\"@type\":\"WebSite\",\"@id\":\"https:\\\/\\\/jornalbeirario.com.br\\\/portal\\\/#website\",\"url\":\"https:\\\/\\\/jornalbeirario.com.br\\\/portal\\\/\",\"name\":\"JORNAL BEIRA RIO\",\"description\":\"\",\"publisher\":{\"@id\":\"https:\\\/\\\/jornalbeirario.com.br\\\/portal\\\/#organization\"},\"potentialAction\":[{\"@type\":\"SearchAction\",\"target\":{\"@type\":\"EntryPoint\",\"urlTemplate\":\"https:\\\/\\\/jornalbeirario.com.br\\\/portal\\\/?s={search_term_string}\"},\"query-input\":{\"@type\":\"PropertyValueSpecification\",\"valueRequired\":true,\"valueName\":\"search_term_string\"}}],\"inLanguage\":\"pt-BR\"},{\"@type\":\"Organization\",\"@id\":\"https:\\\/\\\/jornalbeirario.com.br\\\/portal\\\/#organization\",\"name\":\"JORNAL BEIRA RIO\",\"url\":\"https:\\\/\\\/jornalbeirario.com.br\\\/portal\\\/\",\"logo\":{\"@type\":\"ImageObject\",\"inLanguage\":\"pt-BR\",\"@id\":\"https:\\\/\\\/jornalbeirario.com.br\\\/portal\\\/#\\\/schema\\\/logo\\\/image\\\/\",\"url\":\"https:\\\/\\\/jornalbeirario.com.br\\\/portal\\\/wp-content\\\/uploads\\\/2017\\\/09\\\/BEIRA-RIO_logo600.png\",\"contentUrl\":\"https:\\\/\\\/jornalbeirario.com.br\\\/portal\\\/wp-content\\\/uploads\\\/2017\\\/09\\\/BEIRA-RIO_logo600.png\",\"width\":650,\"height\":108,\"caption\":\"JORNAL BEIRA RIO\"},\"image\":{\"@id\":\"https:\\\/\\\/jornalbeirario.com.br\\\/portal\\\/#\\\/schema\\\/logo\\\/image\\\/\"}},{\"@type\":\"Person\",\"@id\":\"https:\\\/\\\/jornalbeirario.com.br\\\/portal\\\/#\\\/schema\\\/person\\\/c6c423e4c2465d2a9233f6539173e7c1\",\"name\":\"Jornal BEIRA-RIO\",\"image\":{\"@type\":\"ImageObject\",\"inLanguage\":\"pt-BR\",\"@id\":\"https:\\\/\\\/jornalbeirario.com.br\\\/portal\\\/wp-content\\\/uploads\\\/2023\\\/10\\\/logojbr1.jpg\",\"url\":\"https:\\\/\\\/jornalbeirario.com.br\\\/portal\\\/wp-content\\\/uploads\\\/2023\\\/10\\\/logojbr1.jpg\",\"contentUrl\":\"https:\\\/\\\/jornalbeirario.com.br\\\/portal\\\/wp-content\\\/uploads\\\/2023\\\/10\\\/logojbr1.jpg\",\"caption\":\"Jornal BEIRA-RIO\"},\"url\":\"https:\\\/\\\/jornalbeirario.com.br\\\/portal\\\/?author=1\"}]}<\/script>\n<!-- \/ Yoast SEO plugin. -->","yoast_head_json":{"title":"Prefeito de Resende se re\u00fane com enfermeiras mas n\u00e3o fala em aumento - JORNAL BEIRA RIO","robots":{"index":"index","follow":"follow","max-snippet":"max-snippet:-1","max-image-preview":"max-image-preview:large","max-video-preview":"max-video-preview:-1"},"canonical":"https:\/\/jornalbeirario.com.br\/portal\/?p=25390","og_locale":"pt_BR","og_type":"article","og_title":"Prefeito de Resende se re\u00fane com enfermeiras mas n\u00e3o fala em aumento - JORNAL BEIRA RIO","og_description":"O prefeito de Resende, Jos\u00e9 Rechuan Junior (PP), se reuniu com enfermeiras das Unidades B\u00e1sicas de Sa\u00fade da Fam\u00edlia (UBS) e (UBSF) de Resende,","og_url":"https:\/\/jornalbeirario.com.br\/portal\/?p=25390","og_site_name":"JORNAL BEIRA RIO","article_published_time":"2014-10-10T20:19:44+00:00","og_image":[{"width":640,"height":480,"url":"https:\/\/jornalbeirario.com.br\/portal\/wp-content\/uploads\/2014\/10\/jornal.jpg","type":"image\/jpeg"}],"author":"Jornal BEIRA-RIO","twitter_card":"summary_large_image","twitter_misc":{"Escrito por":"Jornal BEIRA-RIO","Est. tempo de leitura":"2 minutos"},"schema":{"@context":"https:\/\/schema.org","@graph":[{"@type":"Article","@id":"https:\/\/jornalbeirario.com.br\/portal\/?p=25390#article","isPartOf":{"@id":"https:\/\/jornalbeirario.com.br\/portal\/?p=25390"},"author":{"name":"Jornal BEIRA-RIO","@id":"https:\/\/jornalbeirario.com.br\/portal\/#\/schema\/person\/c6c423e4c2465d2a9233f6539173e7c1"},"headline":"Prefeito de Resende se re\u00fane com enfermeiras mas n\u00e3o fala em aumento","datePublished":"2014-10-10T20:19:44+00:00","mainEntityOfPage":{"@id":"https:\/\/jornalbeirario.com.br\/portal\/?p=25390"},"wordCount":445,"commentCount":0,"publisher":{"@id":"https:\/\/jornalbeirario.com.br\/portal\/#organization"},"image":{"@id":"https:\/\/jornalbeirario.com.br\/portal\/?p=25390#primaryimage"},"thumbnailUrl":"https:\/\/jornalbeirario.com.br\/portal\/wp-content\/uploads\/2014\/10\/jornal.jpg","keywords":["dehoraemhora"],"articleSection":["Pol\u00edtica","Sa\u00fade"],"inLanguage":"pt-BR","potentialAction":[{"@type":"CommentAction","name":"Comment","target":["https:\/\/jornalbeirario.com.br\/portal\/?p=25390#respond"]}]},{"@type":"WebPage","@id":"https:\/\/jornalbeirario.com.br\/portal\/?p=25390","url":"https:\/\/jornalbeirario.com.br\/portal\/?p=25390","name":"Prefeito de Resende se re\u00fane com enfermeiras mas n\u00e3o fala em aumento - JORNAL BEIRA RIO","isPartOf":{"@id":"https:\/\/jornalbeirario.com.br\/portal\/#website"},"primaryImageOfPage":{"@id":"https:\/\/jornalbeirario.com.br\/portal\/?p=25390#primaryimage"},"image":{"@id":"https:\/\/jornalbeirario.com.br\/portal\/?p=25390#primaryimage"},"thumbnailUrl":"https:\/\/jornalbeirario.com.br\/portal\/wp-content\/uploads\/2014\/10\/jornal.jpg","datePublished":"2014-10-10T20:19:44+00:00","breadcrumb":{"@id":"https:\/\/jornalbeirario.com.br\/portal\/?p=25390#breadcrumb"},"inLanguage":"pt-BR","potentialAction":[{"@type":"ReadAction","target":["https:\/\/jornalbeirario.com.br\/portal\/?p=25390"]}]},{"@type":"ImageObject","inLanguage":"pt-BR","@id":"https:\/\/jornalbeirario.com.br\/portal\/?p=25390#primaryimage","url":"https:\/\/jornalbeirario.com.br\/portal\/wp-content\/uploads\/2014\/10\/jornal.jpg","contentUrl":"https:\/\/jornalbeirario.com.br\/portal\/wp-content\/uploads\/2014\/10\/jornal.jpg","width":"640","height":"480"},{"@type":"BreadcrumbList","@id":"https:\/\/jornalbeirario.com.br\/portal\/?p=25390#breadcrumb","itemListElement":[{"@type":"ListItem","position":1,"name":"Home","item":"https:\/\/jornalbeirario.com.br\/portal"},{"@type":"ListItem","position":2,"name":"Prefeito de Resende se re\u00fane com enfermeiras mas n\u00e3o fala em aumento"}]},{"@type":"WebSite","@id":"https:\/\/jornalbeirario.com.br\/portal\/#website","url":"https:\/\/jornalbeirario.com.br\/portal\/","name":"JORNAL BEIRA RIO","description":"","publisher":{"@id":"https:\/\/jornalbeirario.com.br\/portal\/#organization"},"potentialAction":[{"@type":"SearchAction","target":{"@type":"EntryPoint","urlTemplate":"https:\/\/jornalbeirario.com.br\/portal\/?s={search_term_string}"},"query-input":{"@type":"PropertyValueSpecification","valueRequired":true,"valueName":"search_term_string"}}],"inLanguage":"pt-BR"},{"@type":"Organization","@id":"https:\/\/jornalbeirario.com.br\/portal\/#organization","name":"JORNAL BEIRA RIO","url":"https:\/\/jornalbeirario.com.br\/portal\/","logo":{"@type":"ImageObject","inLanguage":"pt-BR","@id":"https:\/\/jornalbeirario.com.br\/portal\/#\/schema\/logo\/image\/","url":"https:\/\/jornalbeirario.com.br\/portal\/wp-content\/uploads\/2017\/09\/BEIRA-RIO_logo600.png","contentUrl":"https:\/\/jornalbeirario.com.br\/portal\/wp-content\/uploads\/2017\/09\/BEIRA-RIO_logo600.png","width":650,"height":108,"caption":"JORNAL BEIRA RIO"},"image":{"@id":"https:\/\/jornalbeirario.com.br\/portal\/#\/schema\/logo\/image\/"}},{"@type":"Person","@id":"https:\/\/jornalbeirario.com.br\/portal\/#\/schema\/person\/c6c423e4c2465d2a9233f6539173e7c1","name":"Jornal BEIRA-RIO","image":{"@type":"ImageObject","inLanguage":"pt-BR","@id":"https:\/\/jornalbeirario.com.br\/portal\/wp-content\/uploads\/2023\/10\/logojbr1.jpg","url":"https:\/\/jornalbeirario.com.br\/portal\/wp-content\/uploads\/2023\/10\/logojbr1.jpg","contentUrl":"https:\/\/jornalbeirario.com.br\/portal\/wp-content\/uploads\/2023\/10\/logojbr1.jpg","caption":"Jornal BEIRA-RIO"},"url":"https:\/\/jornalbeirario.com.br\/portal\/?author=1"}]}},"_links":{"self":[{"href":"https:\/\/jornalbeirario.com.br\/portal\/index.php?rest_route=\/wp\/v2\/posts\/25390","targetHints":{"allow":["GET"]}}],"collection":[{"href":"https:\/\/jornalbeirario.com.br\/portal\/index.php?rest_route=\/wp\/v2\/posts"}],"about":[{"href":"https:\/\/jornalbeirario.com.br\/portal\/index.php?rest_route=\/wp\/v2\/types\/post"}],"author":[{"embeddable":true,"href":"https:\/\/jornalbeirario.com.br\/portal\/index.php?rest_route=\/wp\/v2\/users\/1"}],"replies":[{"embeddable":true,"href":"https:\/\/jornalbeirario.com.br\/portal\/index.php?rest_route=%2Fwp%2Fv2%2Fcomments&post=25390"}],"version-history":[{"count":2,"href":"https:\/\/jornalbeirario.com.br\/portal\/index.php?rest_route=\/wp\/v2\/posts\/25390\/revisions"}],"predecessor-version":[{"id":25393,"href":"https:\/\/jornalbeirario.com.br\/portal\/index.php?rest_route=\/wp\/v2\/posts\/25390\/revisions\/25393"}],"wp:featuredmedia":[{"embeddable":true,"href":"https:\/\/jornalbeirario.com.br\/portal\/index.php?rest_route=\/wp\/v2\/media\/25391"}],"wp:attachment":[{"href":"https:\/\/jornalbeirario.com.br\/portal\/index.php?rest_route=%2Fwp%2Fv2%2Fmedia&parent=25390"}],"wp:term":[{"taxonomy":"category","embeddable":true,"href":"https:\/\/jornalbeirario.com.br\/portal\/index.php?rest_route=%2Fwp%2Fv2%2Fcategories&post=25390"},{"taxonomy":"post_tag","embeddable":true,"href":"https:\/\/jornalbeirario.com.br\/portal\/index.php?rest_route=%2Fwp%2Fv2%2Ftags&post=25390"}],"curies":[{"name":"wp","href":"https:\/\/api.w.org\/{rel}","templated":true}]}}