
{"id":25299,"date":"2014-10-10T10:21:15","date_gmt":"2014-10-10T10:21:15","guid":{"rendered":"http:\/\/jornalbeirario.com.br\/portal\/portal\/?p=25299"},"modified":"2014-10-10T10:21:49","modified_gmt":"2014-10-10T10:21:49","slug":"lais-amaral-67","status":"publish","type":"post","link":"https:\/\/jornalbeirario.com.br\/portal\/?p=25299","title":{"rendered":"La\u00eds Amaral"},"content":{"rendered":"<p style=\"text-align: justify;\"><strong>Acabou a elei\u00e7\u00e3o: come\u00e7ou a elei\u00e7\u00e3o<\/strong><br \/>\nNo coment\u00e1rio que fiz na Tripa da semana passada, a respeito dos candidatos de Resende, especulei que, pelo menos dois, poderiam sair das urnas em condi\u00e7\u00f5es de almejar concorrer \u00e0 sucess\u00e3o de Rechuan daqui a dois anos. E sa\u00edram: Luiz Fernando Pedra e Gl\u00e1ucio Julianelli. O primeiro, Pedra, foi candidato a deputado federal e obteve uma vota\u00e7\u00e3o bem significativa, perto de 20 mil votos. Deixou para tr\u00e1s Silvinho com menos da metade dos seus votos. Julianelli, mesmo tendo pouco mais de 11 mil votos conseguiu uma cadeira na Alerj, contando com a ajuda do seu correligion\u00e1rio Marcelo Freixo que arrebentou a boca da urna colocando o PSOL na pole-position. Julianelli conseguiu quebrar a rotina de fracassos de representa\u00e7\u00e3o de Resende na C\u00e2mara estadual j\u00e1 de algum tempo e n\u00e3o a Ana Paula Rechuan, aposta de muita gente para realizar essa fa\u00e7anha, como citei e como eu mesmo acreditava. E por pouco n\u00e3o conseguiu, ela que foi a campe\u00e3 no munic\u00edpio com uma vota\u00e7\u00e3o consagradora de quase 40 mil votos. Conquistou uma supl\u00eancia, que dependendo dos arranjos do futuro governador na montagem do novo Governo, poder\u00e1 lhe garantir tamb\u00e9m uma cadeira na Alerj. O que seria o m\u00e1ximo para Resende, ter dois representantes no Legislativo estadual. Agora \u00e9 esperar. A vota\u00e7\u00e3o do segundo turno ainda poder\u00e1 mexer na pol\u00edtica de Resende. Aguardar.<\/p>\n<p style=\"text-align: justify;\"><strong>O Ovo da Serpente?<\/strong><br \/>\nNum desses dias em que vou mais cedo para o batente, a manh\u00e3 ainda \u00famida, foi que ocorreu o inusitado. No caminho rotineiro pela Rua Bahia, ficou para tr\u00e1s o bairro, o rio, a faculdade. Aprecio a bel\u00edssima \u00e1rvore que chamam \u2018Pau Mulato\u2019 que de t\u00e3o bela parece irreal. Vaidosa, est\u00e1 sempre e trocar de roupa. Ora usa um traje verde, ora um vestido meio alaranjado, meio marrom. Mais a frente a pequena floricultura ainda fechada. Seguia mecanicamente meu destino rumo \u00e0 padaria do Magno, tomar o caf\u00e9 e seguir para labuta. Foi quando de repente, cruzou o c\u00e9u algo enorme pelo tamanho da sombra que o fraco sol ajudou a desenhar no ch\u00e3o a minha frente. Ergui os olhos. Parecia um drag\u00e3o ou sei l\u00e1 o que. Enorme. Diminui a velocidade dos passos. Estaria sonhando ? O animal tinha as cores que lembravam os carros da Pol\u00edcia Militar: azul, branco e cinza. O papo era branco, as laterais cinza e o resto azul claro. Ele fez uma manobra no ar como a se exibir. N\u00e3o cuspiu fogo. E sumiu por tr\u00e1s dos pr\u00e9dios da Coronel Mendes. Pra onde foi ? Com meus bot\u00f5es cheguei \u00e0 conclus\u00e3o de que o ovo da serpente, enfim eclodira. Senti o arrepio. Intrigante ningu\u00e9m ter percebido. Ainda bem que n\u00e3o vomitou fogo. Acho que cedo assim de manh\u00e3 os drag\u00f5es ainda n\u00e3o est\u00e3o aquecidos o suficiente para fazer labaredas. No balc\u00e3o a Gina perguntou se era o de sempre e n\u00e3o notou nada de diferente em mim. Eu disse: sim. Caf\u00e9 com p\u00e3o e manteiga.<\/p>\n<p style=\"text-align: justify;\"><strong>TRIPA<\/strong><br \/>\n* Neste domingo, dia 12, Dia da Crian\u00e7a, haver\u00e1 um grande evento no Parque das \u00c1guas, com atra\u00e7\u00f5es esportivas, de lazer e culturais. A organiza\u00e7\u00e3o \u00e9 da funda\u00e7\u00e3o Casa da Cultura Macedo Miranda, junto com a C\u00e2mara Cultural, a C\u00e2mara de Dirigentes Lojistas (CDL) e Organiza\u00e7\u00e3o Mundial para a Educa\u00e7\u00e3o Pr\u00e9-Escolar (OMEP). Uma grande festa para a gente mi\u00fada. Come\u00e7a \u00e0s 9 se segue at\u00e9 \u00e0s 18 horas. Ser\u00e1 um \u2018Domingo no Parque\u2019 mais encorpado pra crian\u00e7ada curtir o seu dia * Ser\u00e1 neste s\u00e1bado, dia 11, a Semana Acad\u00eamica do Curso de Turismo, organizado pela Secretaria Municipal de Turismo juntamente com a UAB (Universidade Aberta do Brasil \u2013 ensino a distancia) via Cederj, polo Resende e Universidade Federal Rural. O evento ser\u00e1 realizado no Hotel Castel Plaza, em Campos El\u00edseos com in\u00edcio previsto para as 8 horas. O Secret\u00e1rio Municipal de Turismo, Antonio Le\u00e3o far\u00e1 a abertura. Em seguida a confer\u00eancia: \u201cO Potencial Tur\u00edstico de Resende\u201d. Para dar uma descontra\u00edda haver\u00e1 uma exibi\u00e7\u00e3o do grupo Mazurka de Cacete, da Serrinha do Alambari. O encontro terminar\u00e1 por volta do meio dia com um debate ap\u00f3s a Mesa Redonda da qual far\u00e3o parte os professores da Rural, Joilson Cabral e Acilucia Oliveira, o secret\u00e1rio de turismo do munic\u00edpio Antonio Le\u00e3o e o professor do Cederj, Alcindo Grassi. Durante o evento ser\u00e3o apresentados tamb\u00e9m tr\u00eas Trabalhos de Conclus\u00e3o do Curso (TCC): Turismo Pedag\u00f3gico (Cintia Roesler), Turismo de Eventos (Fernanda Silva) e Turismo Ambiental (Marco Azevedo) * Bom fim de semana a todos !!<\/p>\n<p style=\"text-align: justify;\"><strong>ANIVERS\u00c1RIOS<\/strong><br \/>\nAmanh\u00e3, dia 11, mudam de idade: a minha colega de trabalho Eduarda Bitencourt (Duda), e os amigos Sabrina Pedroso, Terezinha Saloto e Alessandro Belan. No domingo o meu amigo de outras \u00e9pocas e terras, Nelsinho Freitas inaugura idade nova. Dia 14 o Fernando Menandro fica mais experiente. Dia 15 uma turma legal recebe os \u2018parab\u00e9ns\u2019: a Luana Kalil, a Ivone Bento, o doido do Jorginho da Padaria da Vila Hulda e a Caroline Oliveira, a Carol, que entrou para a hist\u00f3ria do Carnaval da cidade como a \u2018Lagostosa\u2019, destaque do bloco Crust\u00e1ceos da Mangua\u00e7a. E na sexta que vem, dia 17, a Leninha Herculano, a Sirlene Silva e a Ana Silva sopram velinhas. Parab\u00e9ns e todas as felicidades do mundo a eles.<\/p>\n","protected":false},"excerpt":{"rendered":"<p>Acabou a elei\u00e7\u00e3o: come\u00e7ou a elei\u00e7\u00e3o No coment\u00e1rio que fiz na Tripa da semana passada, a respeito dos candidatos de Resende, especulei que, pelo<\/p>\n","protected":false},"author":1,"featured_media":0,"comment_status":"open","ping_status":"open","sticky":false,"template":"","format":"standard","meta":{"pmpro_default_level":"","footnotes":""},"categories":[13],"tags":[],"class_list":["post-25299","post","type-post","status-publish","format-standard","hentry","category-social","pmpro-has-access"],"yoast_head":"<!-- This site is optimized with the Yoast SEO plugin v27.4 - https:\/\/yoast.com\/product\/yoast-seo-wordpress\/ -->\n<title>La\u00eds Amaral - JORNAL BEIRA RIO<\/title>\n<meta name=\"robots\" content=\"index, follow, max-snippet:-1, max-image-preview:large, max-video-preview:-1\" \/>\n<link rel=\"canonical\" href=\"https:\/\/jornalbeirario.com.br\/portal\/?p=25299\" \/>\n<meta property=\"og:locale\" content=\"pt_BR\" \/>\n<meta property=\"og:type\" content=\"article\" \/>\n<meta property=\"og:title\" content=\"La\u00eds Amaral - JORNAL BEIRA RIO\" \/>\n<meta property=\"og:description\" content=\"Acabou a elei\u00e7\u00e3o: come\u00e7ou a elei\u00e7\u00e3o No coment\u00e1rio que fiz na Tripa da semana passada, a respeito dos candidatos de Resende, especulei que, pelo\" \/>\n<meta property=\"og:url\" content=\"https:\/\/jornalbeirario.com.br\/portal\/?p=25299\" \/>\n<meta property=\"og:site_name\" content=\"JORNAL BEIRA RIO\" \/>\n<meta property=\"article:published_time\" content=\"2014-10-10T10:21:15+00:00\" \/>\n<meta property=\"article:modified_time\" content=\"2014-10-10T10:21:49+00:00\" \/>\n<meta name=\"author\" content=\"Jornal BEIRA-RIO\" \/>\n<meta name=\"twitter:card\" content=\"summary_large_image\" \/>\n<meta name=\"twitter:label1\" content=\"Escrito por\" \/>\n\t<meta name=\"twitter:data1\" content=\"Jornal BEIRA-RIO\" \/>\n\t<meta name=\"twitter:label2\" content=\"Est. tempo de leitura\" \/>\n\t<meta name=\"twitter:data2\" content=\"5 minutos\" \/>\n<script type=\"application\/ld+json\" class=\"yoast-schema-graph\">{\"@context\":\"https:\\\/\\\/schema.org\",\"@graph\":[{\"@type\":\"Article\",\"@id\":\"https:\\\/\\\/jornalbeirario.com.br\\\/portal\\\/?p=25299#article\",\"isPartOf\":{\"@id\":\"https:\\\/\\\/jornalbeirario.com.br\\\/portal\\\/?p=25299\"},\"author\":{\"name\":\"Jornal BEIRA-RIO\",\"@id\":\"https:\\\/\\\/jornalbeirario.com.br\\\/portal\\\/#\\\/schema\\\/person\\\/c6c423e4c2465d2a9233f6539173e7c1\"},\"headline\":\"La\u00eds Amaral\",\"datePublished\":\"2014-10-10T10:21:15+00:00\",\"dateModified\":\"2014-10-10T10:21:49+00:00\",\"mainEntityOfPage\":{\"@id\":\"https:\\\/\\\/jornalbeirario.com.br\\\/portal\\\/?p=25299\"},\"wordCount\":927,\"commentCount\":0,\"publisher\":{\"@id\":\"https:\\\/\\\/jornalbeirario.com.br\\\/portal\\\/#organization\"},\"articleSection\":[\"Social\"],\"inLanguage\":\"pt-BR\",\"potentialAction\":[{\"@type\":\"CommentAction\",\"name\":\"Comment\",\"target\":[\"https:\\\/\\\/jornalbeirario.com.br\\\/portal\\\/?p=25299#respond\"]}]},{\"@type\":\"WebPage\",\"@id\":\"https:\\\/\\\/jornalbeirario.com.br\\\/portal\\\/?p=25299\",\"url\":\"https:\\\/\\\/jornalbeirario.com.br\\\/portal\\\/?p=25299\",\"name\":\"La\u00eds Amaral - JORNAL BEIRA RIO\",\"isPartOf\":{\"@id\":\"https:\\\/\\\/jornalbeirario.com.br\\\/portal\\\/#website\"},\"datePublished\":\"2014-10-10T10:21:15+00:00\",\"dateModified\":\"2014-10-10T10:21:49+00:00\",\"breadcrumb\":{\"@id\":\"https:\\\/\\\/jornalbeirario.com.br\\\/portal\\\/?p=25299#breadcrumb\"},\"inLanguage\":\"pt-BR\",\"potentialAction\":[{\"@type\":\"ReadAction\",\"target\":[\"https:\\\/\\\/jornalbeirario.com.br\\\/portal\\\/?p=25299\"]}]},{\"@type\":\"BreadcrumbList\",\"@id\":\"https:\\\/\\\/jornalbeirario.com.br\\\/portal\\\/?p=25299#breadcrumb\",\"itemListElement\":[{\"@type\":\"ListItem\",\"position\":1,\"name\":\"Home\",\"item\":\"https:\\\/\\\/jornalbeirario.com.br\\\/portal\"},{\"@type\":\"ListItem\",\"position\":2,\"name\":\"La\u00eds Amaral\"}]},{\"@type\":\"WebSite\",\"@id\":\"https:\\\/\\\/jornalbeirario.com.br\\\/portal\\\/#website\",\"url\":\"https:\\\/\\\/jornalbeirario.com.br\\\/portal\\\/\",\"name\":\"JORNAL BEIRA RIO\",\"description\":\"\",\"publisher\":{\"@id\":\"https:\\\/\\\/jornalbeirario.com.br\\\/portal\\\/#organization\"},\"potentialAction\":[{\"@type\":\"SearchAction\",\"target\":{\"@type\":\"EntryPoint\",\"urlTemplate\":\"https:\\\/\\\/jornalbeirario.com.br\\\/portal\\\/?s={search_term_string}\"},\"query-input\":{\"@type\":\"PropertyValueSpecification\",\"valueRequired\":true,\"valueName\":\"search_term_string\"}}],\"inLanguage\":\"pt-BR\"},{\"@type\":\"Organization\",\"@id\":\"https:\\\/\\\/jornalbeirario.com.br\\\/portal\\\/#organization\",\"name\":\"JORNAL BEIRA RIO\",\"url\":\"https:\\\/\\\/jornalbeirario.com.br\\\/portal\\\/\",\"logo\":{\"@type\":\"ImageObject\",\"inLanguage\":\"pt-BR\",\"@id\":\"https:\\\/\\\/jornalbeirario.com.br\\\/portal\\\/#\\\/schema\\\/logo\\\/image\\\/\",\"url\":\"https:\\\/\\\/jornalbeirario.com.br\\\/portal\\\/wp-content\\\/uploads\\\/2017\\\/09\\\/BEIRA-RIO_logo600.png\",\"contentUrl\":\"https:\\\/\\\/jornalbeirario.com.br\\\/portal\\\/wp-content\\\/uploads\\\/2017\\\/09\\\/BEIRA-RIO_logo600.png\",\"width\":650,\"height\":108,\"caption\":\"JORNAL BEIRA RIO\"},\"image\":{\"@id\":\"https:\\\/\\\/jornalbeirario.com.br\\\/portal\\\/#\\\/schema\\\/logo\\\/image\\\/\"}},{\"@type\":\"Person\",\"@id\":\"https:\\\/\\\/jornalbeirario.com.br\\\/portal\\\/#\\\/schema\\\/person\\\/c6c423e4c2465d2a9233f6539173e7c1\",\"name\":\"Jornal BEIRA-RIO\",\"image\":{\"@type\":\"ImageObject\",\"inLanguage\":\"pt-BR\",\"@id\":\"https:\\\/\\\/jornalbeirario.com.br\\\/portal\\\/wp-content\\\/uploads\\\/2023\\\/10\\\/logojbr1.jpg\",\"url\":\"https:\\\/\\\/jornalbeirario.com.br\\\/portal\\\/wp-content\\\/uploads\\\/2023\\\/10\\\/logojbr1.jpg\",\"contentUrl\":\"https:\\\/\\\/jornalbeirario.com.br\\\/portal\\\/wp-content\\\/uploads\\\/2023\\\/10\\\/logojbr1.jpg\",\"caption\":\"Jornal BEIRA-RIO\"},\"url\":\"https:\\\/\\\/jornalbeirario.com.br\\\/portal\\\/?author=1\"}]}<\/script>\n<!-- \/ Yoast SEO plugin. -->","yoast_head_json":{"title":"La\u00eds Amaral - JORNAL BEIRA RIO","robots":{"index":"index","follow":"follow","max-snippet":"max-snippet:-1","max-image-preview":"max-image-preview:large","max-video-preview":"max-video-preview:-1"},"canonical":"https:\/\/jornalbeirario.com.br\/portal\/?p=25299","og_locale":"pt_BR","og_type":"article","og_title":"La\u00eds Amaral - JORNAL BEIRA RIO","og_description":"Acabou a elei\u00e7\u00e3o: come\u00e7ou a elei\u00e7\u00e3o No coment\u00e1rio que fiz na Tripa da semana passada, a respeito dos candidatos de Resende, especulei que, pelo","og_url":"https:\/\/jornalbeirario.com.br\/portal\/?p=25299","og_site_name":"JORNAL BEIRA RIO","article_published_time":"2014-10-10T10:21:15+00:00","article_modified_time":"2014-10-10T10:21:49+00:00","author":"Jornal BEIRA-RIO","twitter_card":"summary_large_image","twitter_misc":{"Escrito por":"Jornal BEIRA-RIO","Est. tempo de leitura":"5 minutos"},"schema":{"@context":"https:\/\/schema.org","@graph":[{"@type":"Article","@id":"https:\/\/jornalbeirario.com.br\/portal\/?p=25299#article","isPartOf":{"@id":"https:\/\/jornalbeirario.com.br\/portal\/?p=25299"},"author":{"name":"Jornal BEIRA-RIO","@id":"https:\/\/jornalbeirario.com.br\/portal\/#\/schema\/person\/c6c423e4c2465d2a9233f6539173e7c1"},"headline":"La\u00eds Amaral","datePublished":"2014-10-10T10:21:15+00:00","dateModified":"2014-10-10T10:21:49+00:00","mainEntityOfPage":{"@id":"https:\/\/jornalbeirario.com.br\/portal\/?p=25299"},"wordCount":927,"commentCount":0,"publisher":{"@id":"https:\/\/jornalbeirario.com.br\/portal\/#organization"},"articleSection":["Social"],"inLanguage":"pt-BR","potentialAction":[{"@type":"CommentAction","name":"Comment","target":["https:\/\/jornalbeirario.com.br\/portal\/?p=25299#respond"]}]},{"@type":"WebPage","@id":"https:\/\/jornalbeirario.com.br\/portal\/?p=25299","url":"https:\/\/jornalbeirario.com.br\/portal\/?p=25299","name":"La\u00eds Amaral - JORNAL BEIRA RIO","isPartOf":{"@id":"https:\/\/jornalbeirario.com.br\/portal\/#website"},"datePublished":"2014-10-10T10:21:15+00:00","dateModified":"2014-10-10T10:21:49+00:00","breadcrumb":{"@id":"https:\/\/jornalbeirario.com.br\/portal\/?p=25299#breadcrumb"},"inLanguage":"pt-BR","potentialAction":[{"@type":"ReadAction","target":["https:\/\/jornalbeirario.com.br\/portal\/?p=25299"]}]},{"@type":"BreadcrumbList","@id":"https:\/\/jornalbeirario.com.br\/portal\/?p=25299#breadcrumb","itemListElement":[{"@type":"ListItem","position":1,"name":"Home","item":"https:\/\/jornalbeirario.com.br\/portal"},{"@type":"ListItem","position":2,"name":"La\u00eds Amaral"}]},{"@type":"WebSite","@id":"https:\/\/jornalbeirario.com.br\/portal\/#website","url":"https:\/\/jornalbeirario.com.br\/portal\/","name":"JORNAL BEIRA RIO","description":"","publisher":{"@id":"https:\/\/jornalbeirario.com.br\/portal\/#organization"},"potentialAction":[{"@type":"SearchAction","target":{"@type":"EntryPoint","urlTemplate":"https:\/\/jornalbeirario.com.br\/portal\/?s={search_term_string}"},"query-input":{"@type":"PropertyValueSpecification","valueRequired":true,"valueName":"search_term_string"}}],"inLanguage":"pt-BR"},{"@type":"Organization","@id":"https:\/\/jornalbeirario.com.br\/portal\/#organization","name":"JORNAL BEIRA RIO","url":"https:\/\/jornalbeirario.com.br\/portal\/","logo":{"@type":"ImageObject","inLanguage":"pt-BR","@id":"https:\/\/jornalbeirario.com.br\/portal\/#\/schema\/logo\/image\/","url":"https:\/\/jornalbeirario.com.br\/portal\/wp-content\/uploads\/2017\/09\/BEIRA-RIO_logo600.png","contentUrl":"https:\/\/jornalbeirario.com.br\/portal\/wp-content\/uploads\/2017\/09\/BEIRA-RIO_logo600.png","width":650,"height":108,"caption":"JORNAL BEIRA RIO"},"image":{"@id":"https:\/\/jornalbeirario.com.br\/portal\/#\/schema\/logo\/image\/"}},{"@type":"Person","@id":"https:\/\/jornalbeirario.com.br\/portal\/#\/schema\/person\/c6c423e4c2465d2a9233f6539173e7c1","name":"Jornal BEIRA-RIO","image":{"@type":"ImageObject","inLanguage":"pt-BR","@id":"https:\/\/jornalbeirario.com.br\/portal\/wp-content\/uploads\/2023\/10\/logojbr1.jpg","url":"https:\/\/jornalbeirario.com.br\/portal\/wp-content\/uploads\/2023\/10\/logojbr1.jpg","contentUrl":"https:\/\/jornalbeirario.com.br\/portal\/wp-content\/uploads\/2023\/10\/logojbr1.jpg","caption":"Jornal BEIRA-RIO"},"url":"https:\/\/jornalbeirario.com.br\/portal\/?author=1"}]}},"_links":{"self":[{"href":"https:\/\/jornalbeirario.com.br\/portal\/index.php?rest_route=\/wp\/v2\/posts\/25299","targetHints":{"allow":["GET"]}}],"collection":[{"href":"https:\/\/jornalbeirario.com.br\/portal\/index.php?rest_route=\/wp\/v2\/posts"}],"about":[{"href":"https:\/\/jornalbeirario.com.br\/portal\/index.php?rest_route=\/wp\/v2\/types\/post"}],"author":[{"embeddable":true,"href":"https:\/\/jornalbeirario.com.br\/portal\/index.php?rest_route=\/wp\/v2\/users\/1"}],"replies":[{"embeddable":true,"href":"https:\/\/jornalbeirario.com.br\/portal\/index.php?rest_route=%2Fwp%2Fv2%2Fcomments&post=25299"}],"version-history":[{"count":3,"href":"https:\/\/jornalbeirario.com.br\/portal\/index.php?rest_route=\/wp\/v2\/posts\/25299\/revisions"}],"predecessor-version":[{"id":25369,"href":"https:\/\/jornalbeirario.com.br\/portal\/index.php?rest_route=\/wp\/v2\/posts\/25299\/revisions\/25369"}],"wp:attachment":[{"href":"https:\/\/jornalbeirario.com.br\/portal\/index.php?rest_route=%2Fwp%2Fv2%2Fmedia&parent=25299"}],"wp:term":[{"taxonomy":"category","embeddable":true,"href":"https:\/\/jornalbeirario.com.br\/portal\/index.php?rest_route=%2Fwp%2Fv2%2Fcategories&post=25299"},{"taxonomy":"post_tag","embeddable":true,"href":"https:\/\/jornalbeirario.com.br\/portal\/index.php?rest_route=%2Fwp%2Fv2%2Ftags&post=25299"}],"curies":[{"name":"wp","href":"https:\/\/api.w.org\/{rel}","templated":true}]}}