
{"id":25132,"date":"2014-10-03T03:41:22","date_gmt":"2014-10-03T03:41:22","guid":{"rendered":"http:\/\/jornalbeirario.com.br\/portal\/portal\/?p=25132"},"modified":"2014-10-03T03:41:22","modified_gmt":"2014-10-03T03:41:22","slug":"lais-amaral-66","status":"publish","type":"post","link":"https:\/\/jornalbeirario.com.br\/portal\/?p=25132","title":{"rendered":"La\u00eds Amaral"},"content":{"rendered":"<p style=\"text-align: justify;\"><strong>Domingo \u00e9 dia de decis\u00e3o no voto<\/strong><br \/>\nEsta nota foi escrita na Ter\u00e7a, antes do \u00faltimo debate, o da Globo. At\u00e9 ent\u00e3o, segundo o Ibope, Dilma estava com 39%, Marina (25%) e A\u00e9cio (19%). (N\u00e3o dou muito cr\u00e9dito ao Ibope do sr. Montenegro. Dilma est\u00e1 mais a frente, acredito). Portanto Dilma tinha todas as possibilidades de vit\u00f3ria. Mas me lembro da c\u00e9lebre edi\u00e7\u00e3o de um debate exibido no Jornal Nacional, picaretagem Armanda por um pulha chamado Alberico Souza Cruz. Lembro ainda que no dia da decis\u00e3o do segundo turno prenderam em S\u00e3o Paulo supostos sequestradores do empres\u00e1rio Ab\u00edlio Diniz e um deles usava uma camisa do PT. Mais tarde o embuste foi descoberto, mas a\u00ed, In\u00eas j\u00e1 tinha batido as botas e levado Lula junto. Gato escaldado tem medo de \u00e1gua fria ensina a sabedoria popular. Mas n\u00e3o creio que atrocidades semelhantes ser\u00e3o perpetradas. N\u00e3o que sejam impedidos por escr\u00fapulos, isso \u00e9 uma pe\u00e7a de fic\u00e7\u00e3o pra essa gente. Mas hoje o eleitor est\u00e1 mais arisco, as redes sociais est\u00e3o vigilantes e a maioria dos mais necessitados j\u00e1 deu mostras que prefere manter o que vem dando certo a arriscar aventuras. Quem conseguiu juntar alguma coisa, subir na vida, teme perder. E os governos de Lula e Dilma proporcionaram a um mund\u00e3o de gente que nada tinha, nem mesmo perspectivas, juntar alguma coisa, e crescer. Al\u00e9m de poder sonhar. Contra todos e inclusive a for\u00e7a da poderosa M\u00eddia corporativa, deve dar Dilma neste domingo.<\/p>\n<p style=\"text-align: justify;\"><strong>Dica de Livro: \u201cMem\u00f3rias Inventadas\u201d \u2013 uma deliciosa colet\u00e2nea de textos do poeta Manoel Barros<\/strong><br \/>\n\u201cHoje eu completei oitenta e cinco anos. O poeta nasceu de treze. Naquela ocasi\u00e3o escrevi uma carta aos meus pais, que moravam na fazenda, contando que eu j\u00e1 decidira o que queria ser no meu futuro. Que eu n\u00e3o queria ser doutor. Nem doutor de curar nem doutor de fazer casa nem doutor de medir terras. Que eu queria era ser fraseador. Meu pai ficou meio vago depois de ler a carta. Minha m\u00e3e inclinou a cabe\u00e7a. Eu queria ser fraseador e n\u00e3o doutor. Ent\u00e3o, o meu irm\u00e3o mais velho perguntou: Mas esse tal de fraseador bota mantimento em casa ? Eu n\u00e3o queria ser doutor, eu s\u00f3 queria ser fraseador. Meu irm\u00e3o insistiu: Mas se fraseador n\u00e3o bota mantimento em casa, n\u00f3s temos que botar uma enxada na m\u00e3o desse menino pra ele deixar de variar. A m\u00e3e baixou a cabe\u00e7a um pouco mais. O pai continuou meio vago. Mas n\u00e3o botou enxada\u201d. Fraseador, texto da pagina 39. \u2018Mem\u00f3rias Inventadas \u2013 As Inf\u00e2ncias de Manoel de Barros\u2019 &#8211; Ed. Planeta, capa dura, que pode ser encontrado em livrarias de Resende.<\/p>\n<p style=\"text-align: justify;\"><strong>TRIPA<\/strong><br \/>\n* Enfim chegamos ao dia de ir \u00e0s urnas. Em Resende alguns nomes disputam voto a voto a confian\u00e7a do eleitor (que belo clich\u00ea, n\u00e3o ?). Os crit\u00e9rios dos eleitores s\u00e3o os mais variados. E \u00e9 assim mesmo a coisa. S\u00e3o sempre muitos nomes e poucas perspectivas. Os mais falados s\u00e3o Pedra, Silvinho, Julianelli, Rog\u00e9rio, Ir\u00e2ni e Ana Paula. N\u00e3o \u00e9 leviano especular que os cinco candidatos busquem o cacife que os impulsionem a aspirar a sucess\u00e3o de Rechuan daqui a dois anos. Acredito que as urnas v\u00e3o ratificar os prop\u00f3sitos de pelo menos dois nomes para 2016. Com rela\u00e7\u00e3o a Ana Paula, h\u00e1 quem acredite que possa contrariar as previs\u00f5es cr\u00f4nicas e os sucessivos fracassos que deixam Resende sem apoio parlamentar em Bras\u00edlia e na Alerj. Apoio de candidatos da terra seja dito. Os dados est\u00e3o rolando. Vamos aguardar o que dir\u00e3o as urnas * Depois da folga de domingo passado, o Futebol So\u00e7aite Quarent\u00e3o da AABB est\u00e1 de volta. Os resultados da segunda rodada foram os seguintes: Casa da Lua 5 x 0 Real Sport; Turma da Pelada 3 x 2 Brameiros e Ipiranga 3 x 2 Brameiros Master. A rodada de domingo \u00e9 a seguinte: Ipiranga x Turma da Pelada (8h30min); Brameiros Master x Casa da Lua (10h) e Brameiros x Real Sport (11h15min). Os Brameiros prometem voltar \u00e0 briga * No rescaldo da Exapicor, fora problemas provocados pelo temporal de domingo, ficou de positivo, as iniciativas culturais. Com rela\u00e7\u00e3o aos grandes do palco principal, nada de surpresas. Destaque positivo para o j\u00e1 quase resendense, \u2018Capital Inicial\u2019 e negativo para Paula Fernandes. Um show no lugar errado, na hora errada.<\/p>\n<p style=\"text-align: justify;\"><strong>ANIVERS\u00c1RIOS<\/strong><br \/>\nDia 5, domingo, inaugura idade nova o meu amigo Melzaque Caetano, o Jos\u00e9 Antonio (Ed Murphy) e a Preta Pretinha. No dia 6, mais tr\u00eas figura\u00e7as mudam de idade, o m\u00fasico Waldir Belfort, o diretor do Museu da Imagem e do Som de Resende, Gui Rodrigues e gracinha da Mariza S\u00e1. No dia 7, a Carolzinha Andrade, o Marcinho Whately, o Fidel Sant\u2019anna e o Luis Felipe Cesar recebem os \u2018parab\u00e9ns\u2019. No dia 8 o Em\u00eddo Paes conta mais um ano. No dia 9 \u00e9 a vez da F\u00e1tima Azevedo e da Val\u00e9ria Pachoal soprarem velinhas e no dia 10, a Idaci Marinho, a Adelina Egle o Vagner Barcelos ficam mais experientes. Parab\u00e9ns e todas as felicidades do mundo a eles.<\/p>\n","protected":false},"excerpt":{"rendered":"<p>Domingo \u00e9 dia de decis\u00e3o no voto Esta nota foi escrita na Ter\u00e7a, antes do \u00faltimo debate, o da Globo. At\u00e9 ent\u00e3o, segundo o<\/p>\n","protected":false},"author":1,"featured_media":0,"comment_status":"open","ping_status":"open","sticky":false,"template":"","format":"standard","meta":{"pmpro_default_level":"","footnotes":""},"categories":[13],"tags":[],"class_list":["post-25132","post","type-post","status-publish","format-standard","hentry","category-social","pmpro-has-access"],"yoast_head":"<!-- This site is optimized with the Yoast SEO plugin v27.4 - https:\/\/yoast.com\/product\/yoast-seo-wordpress\/ -->\n<title>La\u00eds Amaral - JORNAL BEIRA RIO<\/title>\n<meta name=\"robots\" content=\"index, follow, max-snippet:-1, max-image-preview:large, max-video-preview:-1\" \/>\n<link rel=\"canonical\" href=\"https:\/\/jornalbeirario.com.br\/portal\/?p=25132\" \/>\n<meta property=\"og:locale\" content=\"pt_BR\" \/>\n<meta property=\"og:type\" content=\"article\" \/>\n<meta property=\"og:title\" content=\"La\u00eds Amaral - JORNAL BEIRA RIO\" \/>\n<meta property=\"og:description\" content=\"Domingo \u00e9 dia de decis\u00e3o no voto Esta nota foi escrita na Ter\u00e7a, antes do \u00faltimo debate, o da Globo. At\u00e9 ent\u00e3o, segundo o\" \/>\n<meta property=\"og:url\" content=\"https:\/\/jornalbeirario.com.br\/portal\/?p=25132\" \/>\n<meta property=\"og:site_name\" content=\"JORNAL BEIRA RIO\" \/>\n<meta property=\"article:published_time\" content=\"2014-10-03T03:41:22+00:00\" \/>\n<meta name=\"author\" content=\"Jornal BEIRA-RIO\" \/>\n<meta name=\"twitter:card\" content=\"summary_large_image\" \/>\n<meta name=\"twitter:label1\" content=\"Escrito por\" \/>\n\t<meta name=\"twitter:data1\" content=\"Jornal BEIRA-RIO\" \/>\n\t<meta name=\"twitter:label2\" content=\"Est. tempo de leitura\" \/>\n\t<meta name=\"twitter:data2\" content=\"4 minutos\" \/>\n<script type=\"application\/ld+json\" class=\"yoast-schema-graph\">{\"@context\":\"https:\\\/\\\/schema.org\",\"@graph\":[{\"@type\":\"Article\",\"@id\":\"https:\\\/\\\/jornalbeirario.com.br\\\/portal\\\/?p=25132#article\",\"isPartOf\":{\"@id\":\"https:\\\/\\\/jornalbeirario.com.br\\\/portal\\\/?p=25132\"},\"author\":{\"name\":\"Jornal BEIRA-RIO\",\"@id\":\"https:\\\/\\\/jornalbeirario.com.br\\\/portal\\\/#\\\/schema\\\/person\\\/c6c423e4c2465d2a9233f6539173e7c1\"},\"headline\":\"La\u00eds Amaral\",\"datePublished\":\"2014-10-03T03:41:22+00:00\",\"mainEntityOfPage\":{\"@id\":\"https:\\\/\\\/jornalbeirario.com.br\\\/portal\\\/?p=25132\"},\"wordCount\":885,\"commentCount\":0,\"publisher\":{\"@id\":\"https:\\\/\\\/jornalbeirario.com.br\\\/portal\\\/#organization\"},\"articleSection\":[\"Social\"],\"inLanguage\":\"pt-BR\",\"potentialAction\":[{\"@type\":\"CommentAction\",\"name\":\"Comment\",\"target\":[\"https:\\\/\\\/jornalbeirario.com.br\\\/portal\\\/?p=25132#respond\"]}]},{\"@type\":\"WebPage\",\"@id\":\"https:\\\/\\\/jornalbeirario.com.br\\\/portal\\\/?p=25132\",\"url\":\"https:\\\/\\\/jornalbeirario.com.br\\\/portal\\\/?p=25132\",\"name\":\"La\u00eds Amaral - JORNAL BEIRA RIO\",\"isPartOf\":{\"@id\":\"https:\\\/\\\/jornalbeirario.com.br\\\/portal\\\/#website\"},\"datePublished\":\"2014-10-03T03:41:22+00:00\",\"breadcrumb\":{\"@id\":\"https:\\\/\\\/jornalbeirario.com.br\\\/portal\\\/?p=25132#breadcrumb\"},\"inLanguage\":\"pt-BR\",\"potentialAction\":[{\"@type\":\"ReadAction\",\"target\":[\"https:\\\/\\\/jornalbeirario.com.br\\\/portal\\\/?p=25132\"]}]},{\"@type\":\"BreadcrumbList\",\"@id\":\"https:\\\/\\\/jornalbeirario.com.br\\\/portal\\\/?p=25132#breadcrumb\",\"itemListElement\":[{\"@type\":\"ListItem\",\"position\":1,\"name\":\"Home\",\"item\":\"https:\\\/\\\/jornalbeirario.com.br\\\/portal\"},{\"@type\":\"ListItem\",\"position\":2,\"name\":\"La\u00eds Amaral\"}]},{\"@type\":\"WebSite\",\"@id\":\"https:\\\/\\\/jornalbeirario.com.br\\\/portal\\\/#website\",\"url\":\"https:\\\/\\\/jornalbeirario.com.br\\\/portal\\\/\",\"name\":\"JORNAL BEIRA RIO\",\"description\":\"\",\"publisher\":{\"@id\":\"https:\\\/\\\/jornalbeirario.com.br\\\/portal\\\/#organization\"},\"potentialAction\":[{\"@type\":\"SearchAction\",\"target\":{\"@type\":\"EntryPoint\",\"urlTemplate\":\"https:\\\/\\\/jornalbeirario.com.br\\\/portal\\\/?s={search_term_string}\"},\"query-input\":{\"@type\":\"PropertyValueSpecification\",\"valueRequired\":true,\"valueName\":\"search_term_string\"}}],\"inLanguage\":\"pt-BR\"},{\"@type\":\"Organization\",\"@id\":\"https:\\\/\\\/jornalbeirario.com.br\\\/portal\\\/#organization\",\"name\":\"JORNAL BEIRA RIO\",\"url\":\"https:\\\/\\\/jornalbeirario.com.br\\\/portal\\\/\",\"logo\":{\"@type\":\"ImageObject\",\"inLanguage\":\"pt-BR\",\"@id\":\"https:\\\/\\\/jornalbeirario.com.br\\\/portal\\\/#\\\/schema\\\/logo\\\/image\\\/\",\"url\":\"https:\\\/\\\/jornalbeirario.com.br\\\/portal\\\/wp-content\\\/uploads\\\/2017\\\/09\\\/BEIRA-RIO_logo600.png\",\"contentUrl\":\"https:\\\/\\\/jornalbeirario.com.br\\\/portal\\\/wp-content\\\/uploads\\\/2017\\\/09\\\/BEIRA-RIO_logo600.png\",\"width\":650,\"height\":108,\"caption\":\"JORNAL BEIRA RIO\"},\"image\":{\"@id\":\"https:\\\/\\\/jornalbeirario.com.br\\\/portal\\\/#\\\/schema\\\/logo\\\/image\\\/\"}},{\"@type\":\"Person\",\"@id\":\"https:\\\/\\\/jornalbeirario.com.br\\\/portal\\\/#\\\/schema\\\/person\\\/c6c423e4c2465d2a9233f6539173e7c1\",\"name\":\"Jornal BEIRA-RIO\",\"image\":{\"@type\":\"ImageObject\",\"inLanguage\":\"pt-BR\",\"@id\":\"https:\\\/\\\/jornalbeirario.com.br\\\/portal\\\/wp-content\\\/uploads\\\/2023\\\/10\\\/logojbr1.jpg\",\"url\":\"https:\\\/\\\/jornalbeirario.com.br\\\/portal\\\/wp-content\\\/uploads\\\/2023\\\/10\\\/logojbr1.jpg\",\"contentUrl\":\"https:\\\/\\\/jornalbeirario.com.br\\\/portal\\\/wp-content\\\/uploads\\\/2023\\\/10\\\/logojbr1.jpg\",\"caption\":\"Jornal BEIRA-RIO\"},\"url\":\"https:\\\/\\\/jornalbeirario.com.br\\\/portal\\\/?author=1\"}]}<\/script>\n<!-- \/ Yoast SEO plugin. -->","yoast_head_json":{"title":"La\u00eds Amaral - JORNAL BEIRA RIO","robots":{"index":"index","follow":"follow","max-snippet":"max-snippet:-1","max-image-preview":"max-image-preview:large","max-video-preview":"max-video-preview:-1"},"canonical":"https:\/\/jornalbeirario.com.br\/portal\/?p=25132","og_locale":"pt_BR","og_type":"article","og_title":"La\u00eds Amaral - JORNAL BEIRA RIO","og_description":"Domingo \u00e9 dia de decis\u00e3o no voto Esta nota foi escrita na Ter\u00e7a, antes do \u00faltimo debate, o da Globo. At\u00e9 ent\u00e3o, segundo o","og_url":"https:\/\/jornalbeirario.com.br\/portal\/?p=25132","og_site_name":"JORNAL BEIRA RIO","article_published_time":"2014-10-03T03:41:22+00:00","author":"Jornal BEIRA-RIO","twitter_card":"summary_large_image","twitter_misc":{"Escrito por":"Jornal BEIRA-RIO","Est. tempo de leitura":"4 minutos"},"schema":{"@context":"https:\/\/schema.org","@graph":[{"@type":"Article","@id":"https:\/\/jornalbeirario.com.br\/portal\/?p=25132#article","isPartOf":{"@id":"https:\/\/jornalbeirario.com.br\/portal\/?p=25132"},"author":{"name":"Jornal BEIRA-RIO","@id":"https:\/\/jornalbeirario.com.br\/portal\/#\/schema\/person\/c6c423e4c2465d2a9233f6539173e7c1"},"headline":"La\u00eds Amaral","datePublished":"2014-10-03T03:41:22+00:00","mainEntityOfPage":{"@id":"https:\/\/jornalbeirario.com.br\/portal\/?p=25132"},"wordCount":885,"commentCount":0,"publisher":{"@id":"https:\/\/jornalbeirario.com.br\/portal\/#organization"},"articleSection":["Social"],"inLanguage":"pt-BR","potentialAction":[{"@type":"CommentAction","name":"Comment","target":["https:\/\/jornalbeirario.com.br\/portal\/?p=25132#respond"]}]},{"@type":"WebPage","@id":"https:\/\/jornalbeirario.com.br\/portal\/?p=25132","url":"https:\/\/jornalbeirario.com.br\/portal\/?p=25132","name":"La\u00eds Amaral - JORNAL BEIRA RIO","isPartOf":{"@id":"https:\/\/jornalbeirario.com.br\/portal\/#website"},"datePublished":"2014-10-03T03:41:22+00:00","breadcrumb":{"@id":"https:\/\/jornalbeirario.com.br\/portal\/?p=25132#breadcrumb"},"inLanguage":"pt-BR","potentialAction":[{"@type":"ReadAction","target":["https:\/\/jornalbeirario.com.br\/portal\/?p=25132"]}]},{"@type":"BreadcrumbList","@id":"https:\/\/jornalbeirario.com.br\/portal\/?p=25132#breadcrumb","itemListElement":[{"@type":"ListItem","position":1,"name":"Home","item":"https:\/\/jornalbeirario.com.br\/portal"},{"@type":"ListItem","position":2,"name":"La\u00eds Amaral"}]},{"@type":"WebSite","@id":"https:\/\/jornalbeirario.com.br\/portal\/#website","url":"https:\/\/jornalbeirario.com.br\/portal\/","name":"JORNAL BEIRA RIO","description":"","publisher":{"@id":"https:\/\/jornalbeirario.com.br\/portal\/#organization"},"potentialAction":[{"@type":"SearchAction","target":{"@type":"EntryPoint","urlTemplate":"https:\/\/jornalbeirario.com.br\/portal\/?s={search_term_string}"},"query-input":{"@type":"PropertyValueSpecification","valueRequired":true,"valueName":"search_term_string"}}],"inLanguage":"pt-BR"},{"@type":"Organization","@id":"https:\/\/jornalbeirario.com.br\/portal\/#organization","name":"JORNAL BEIRA RIO","url":"https:\/\/jornalbeirario.com.br\/portal\/","logo":{"@type":"ImageObject","inLanguage":"pt-BR","@id":"https:\/\/jornalbeirario.com.br\/portal\/#\/schema\/logo\/image\/","url":"https:\/\/jornalbeirario.com.br\/portal\/wp-content\/uploads\/2017\/09\/BEIRA-RIO_logo600.png","contentUrl":"https:\/\/jornalbeirario.com.br\/portal\/wp-content\/uploads\/2017\/09\/BEIRA-RIO_logo600.png","width":650,"height":108,"caption":"JORNAL BEIRA RIO"},"image":{"@id":"https:\/\/jornalbeirario.com.br\/portal\/#\/schema\/logo\/image\/"}},{"@type":"Person","@id":"https:\/\/jornalbeirario.com.br\/portal\/#\/schema\/person\/c6c423e4c2465d2a9233f6539173e7c1","name":"Jornal BEIRA-RIO","image":{"@type":"ImageObject","inLanguage":"pt-BR","@id":"https:\/\/jornalbeirario.com.br\/portal\/wp-content\/uploads\/2023\/10\/logojbr1.jpg","url":"https:\/\/jornalbeirario.com.br\/portal\/wp-content\/uploads\/2023\/10\/logojbr1.jpg","contentUrl":"https:\/\/jornalbeirario.com.br\/portal\/wp-content\/uploads\/2023\/10\/logojbr1.jpg","caption":"Jornal BEIRA-RIO"},"url":"https:\/\/jornalbeirario.com.br\/portal\/?author=1"}]}},"_links":{"self":[{"href":"https:\/\/jornalbeirario.com.br\/portal\/index.php?rest_route=\/wp\/v2\/posts\/25132","targetHints":{"allow":["GET"]}}],"collection":[{"href":"https:\/\/jornalbeirario.com.br\/portal\/index.php?rest_route=\/wp\/v2\/posts"}],"about":[{"href":"https:\/\/jornalbeirario.com.br\/portal\/index.php?rest_route=\/wp\/v2\/types\/post"}],"author":[{"embeddable":true,"href":"https:\/\/jornalbeirario.com.br\/portal\/index.php?rest_route=\/wp\/v2\/users\/1"}],"replies":[{"embeddable":true,"href":"https:\/\/jornalbeirario.com.br\/portal\/index.php?rest_route=%2Fwp%2Fv2%2Fcomments&post=25132"}],"version-history":[{"count":2,"href":"https:\/\/jornalbeirario.com.br\/portal\/index.php?rest_route=\/wp\/v2\/posts\/25132\/revisions"}],"predecessor-version":[{"id":25163,"href":"https:\/\/jornalbeirario.com.br\/portal\/index.php?rest_route=\/wp\/v2\/posts\/25132\/revisions\/25163"}],"wp:attachment":[{"href":"https:\/\/jornalbeirario.com.br\/portal\/index.php?rest_route=%2Fwp%2Fv2%2Fmedia&parent=25132"}],"wp:term":[{"taxonomy":"category","embeddable":true,"href":"https:\/\/jornalbeirario.com.br\/portal\/index.php?rest_route=%2Fwp%2Fv2%2Fcategories&post=25132"},{"taxonomy":"post_tag","embeddable":true,"href":"https:\/\/jornalbeirario.com.br\/portal\/index.php?rest_route=%2Fwp%2Fv2%2Ftags&post=25132"}],"curies":[{"name":"wp","href":"https:\/\/api.w.org\/{rel}","templated":true}]}}