
{"id":24989,"date":"2014-09-26T18:11:18","date_gmt":"2014-09-26T18:11:18","guid":{"rendered":"http:\/\/jornalbeirario.com.br\/portal\/portal\/?p=24989"},"modified":"2014-09-26T18:16:17","modified_gmt":"2014-09-26T18:16:17","slug":"cederj-abre-inscricao-para-mais-de-7-mil-vagas-na-segunda-feira","status":"publish","type":"post","link":"https:\/\/jornalbeirario.com.br\/portal\/?p=24989","title":{"rendered":"Cederj abre inscri\u00e7\u00e3o para mais de 7 mil vagas na segunda-feira"},"content":{"rendered":"<p><a href=\"https:\/\/jornalbeirario.com.br\/portal\/wp-content\/uploads\/2014\/09\/inter.jpg\"><img loading=\"lazy\" decoding=\"async\" class=\"alignleft size-medium wp-image-24993\" title=\"inter\" src=\"https:\/\/jornalbeirario.com.br\/portal\/wp-content\/uploads\/2014\/09\/inter-300x225.jpg\" alt=\"\" width=\"300\" height=\"225\" srcset=\"https:\/\/jornalbeirario.com.br\/portal\/wp-content\/uploads\/2014\/09\/inter-300x225.jpg 300w, https:\/\/jornalbeirario.com.br\/portal\/wp-content\/uploads\/2014\/09\/inter.jpg 640w\" sizes=\"auto, (max-width: 300px) 100vw, 300px\" \/><\/a>Nesta segunda-feira, dia 29, a Funda\u00e7\u00e3o Centro de Ci\u00eancias e Educa\u00e7\u00e3o Superior a Dist\u00e2ncia do Estado do Rio de Janeiro (Cecierj) lan\u00e7ar\u00e1, \u00e0s 16 horas, no audit\u00f3rio da Cedae, o Edital do Vestibular Cons\u00f3rcio Cederj 2015, com 7.169 (sete mil, cento e sessenta e nove) vagas para o primeiro semestre de 2015, com 15 cursos de n\u00edvel superior.<\/p>\n<p>Na oportunidade ser\u00e1 lan\u00e7ado o Curso de Gradua\u00e7\u00e3o em Engenharia de Produ\u00e7\u00e3o, na modalidade semipresencial, oferecido pela Universidade Federal Fluminense \u2013 UFF e pelo Centro Federal de Educa\u00e7\u00e3o Tecnol\u00f3gica Celso Suckow da Fonseca &#8211; CEFET, em seis polos, com oferta inicial de 300 vagas por semestre.<\/p>\n<p>As inscri\u00e7\u00f5es ficam abertas de 29 de setembro at\u00e9 30 de outubro e\u00a0devem ser feitas somente pelo\u00a0<a href=\"http:\/\/www.vestibular.cederj.edu.br\/principal\/\" target=\"_blank\">site<\/a>\u00a0 (<a href=\"http:\/\/cederj.edu.br\/\" target=\"_blank\">cederj.edu.br<\/a>). O valor da\u00a0taxa \u00e9 R$ 65. Durante o cadastro, \u00e9 necess\u00e1rio escolher o polo de ensino e o curso. A prova ser\u00e1 no dia 22 de novembro e os aprovados iniciar\u00e3o a gradua\u00e7\u00e3o no primeiro semestre letivo de 2015.<\/p>\n<p>Com a metodologia a distancia (EaD), ampliamos de forma significativa o acesso da popula\u00e7\u00e3o \u00e0 forma\u00e7\u00e3o superior em engenharia no nosso estado. O curso de Engenharia de Produ\u00e7\u00e3o tem um amplo leque de atua\u00e7\u00e3o profissional, e \u00e9 uma gradua\u00e7\u00e3o bastante valorizada no mercado de trabalho \u2013 destaca o Presidente da Funda\u00e7\u00e3o Cecierj, Carlos Bielschowsky.<\/p>\n<p>As demais vagas est\u00e3o distribu\u00eddas nos cursos a dist\u00e2ncia de Administra\u00e7\u00e3o; Administra\u00e7\u00e3o P\u00fablica; Ci\u00eancias Biol\u00f3gicas; F\u00edsica; Geografia; Hist\u00f3ria; Letras Portugu\u00eas\/Literatura; Matem\u00e1tica; Pedagogia; Qu\u00edmica e Turismo. Tamb\u00e9m h\u00e1 oportunidades para as \u00e1reas de Tecnologia em Gest\u00e3o de Turismo; Seguran\u00e7a P\u00fablica e Sistemas de Computa\u00e7\u00e3o.<\/p>\n<p>Para o curso de Tecnologia em Seguran\u00e7a P\u00fablica, s\u00f3 podem concorrer\u00a0profissionais da ativa da Seguran\u00e7a P\u00fablica, sendo 80% das vagas destinadas a Policiais Civis e Militares do Estado do Rio de Janeiro e as demais 20% a profissionais da ativa das seguintes categorias: Guardas Municipais, Agentes Penitenci\u00e1rios, Bombeiros, Policiais Rodovi\u00e1rios Federais, Policiais Federais, membros das For\u00e7as Armadas (Ex\u00e9rcito, Marinha e Aeron\u00e1utica), Agentes Portu\u00e1rios e Policiais Civis e Militares de outros Estados da federa\u00e7\u00e3o, conforme Portaria Interministerial n\u00ba 158-A, de 9 de fevereiro de 2010.<\/p>\n<p><strong>Como \u00e9 o aprendizado<\/strong><\/p>\n<p>Por meio do modelo semipresencial de ensino, o Cederj proporciona ao aluno um ambiente virtual de aprendizagem e acesso aos tutores para apoio direto ao conte\u00fado das mat\u00e9rias. Os estudantes s\u00e3o incentivados a participar das atividades propostas e assistidos na metodologia de educa\u00e7\u00e3o a dist\u00e2ncia (EAD), com \u00eanfase na necessidade de se adquirir autonomia na aprendizagem. Al\u00e9m disso, o aluno recebe gratuitamente todo material did\u00e1tico do curso na forma online e impressa. As avalia\u00e7\u00f5es presenciais ocorrem em datas e hor\u00e1rios pr\u00e9-determinados. Quanto a eventuais d\u00favidas, os universit\u00e1rios tamb\u00e9m podem tir\u00e1-las por telefone (0800) ou pela internet.<\/p>\n<p><strong>Sobre o Cederj<\/strong><\/p>\n<p>O Cons\u00f3rcio Cederj pertence \u00e0 Funda\u00e7\u00e3o Cecierj, \u00f3rg\u00e3o vinculado \u00e0 Secretaria de Estado de Ci\u00eancia e Tecnologia, que conta com mais de 40 mil alunos matriculados nos cursos de gradua\u00e7\u00e3o a dist\u00e2ncia. O Cons\u00f3rcio disponibiliza 32 polos regionais, localizados em: Angra dos Reis, Barra do Pira\u00ed, Belford Roxo, Bom Jesus do Itabapoana, Campo Grande, Cantagalo, Duque de Caxias, Itagua\u00ed, Itaocara, Itaperuna, Maca\u00e9, Mag\u00e9 e Miguel Pereira. Al\u00e9m de Natividade, Niter\u00f3i, Nova Friburgo, Nova Igua\u00e7u, Paracambi, Petr\u00f3polis, Pira\u00ed, Resende (foto), Rio Bonito, Rio das Flores, Rocinha, Santa Maria Madalena, S\u00e3o Fid\u00e9lis, S\u00e3o Francisco de Itabapoana, S\u00e3o Gon\u00e7alo, S\u00e3o Pedro da Aldeia, Saquarema, Tr\u00eas Rios e Volta Redonda.<\/p>\n<p>Fonte: Comunica\u00e7\u00e3o Cecierj<\/p>\n","protected":false},"excerpt":{"rendered":"<p>Nesta segunda-feira, dia 29, a Funda\u00e7\u00e3o Centro de Ci\u00eancias e Educa\u00e7\u00e3o Superior a Dist\u00e2ncia do Estado do Rio de Janeiro (Cecierj) lan\u00e7ar\u00e1, \u00e0s 16<\/p>\n","protected":false},"author":1,"featured_media":24994,"comment_status":"open","ping_status":"open","sticky":false,"template":"","format":"standard","meta":{"pmpro_default_level":"","footnotes":"","_members_access_role":[],"_members_access_error":""},"categories":[28],"tags":[155],"class_list":["post-24989","post","type-post","status-publish","format-standard","has-post-thumbnail","hentry","category-educacao","tag-dehoraemhora","pmpro-has-access"],"yoast_head":"<!-- This site is optimized with the Yoast SEO plugin v28.4 - https:\/\/yoast.com\/product\/yoast-seo-wordpress\/ -->\n<title>Cederj abre inscri\u00e7\u00e3o para mais de 7 mil vagas na segunda-feira - JORNAL BEIRA RIO<\/title>\n<meta name=\"robots\" content=\"index, follow, max-snippet:-1, max-image-preview:large, max-video-preview:-1\" \/>\n<link rel=\"canonical\" href=\"https:\/\/jornalbeirario.com.br\/portal\/?p=24989\" \/>\n<meta property=\"og:locale\" content=\"pt_BR\" \/>\n<meta property=\"og:type\" content=\"article\" \/>\n<meta property=\"og:title\" content=\"Cederj abre inscri\u00e7\u00e3o para mais de 7 mil vagas na segunda-feira - JORNAL BEIRA RIO\" \/>\n<meta property=\"og:description\" content=\"Nesta segunda-feira, dia 29, a Funda\u00e7\u00e3o Centro de Ci\u00eancias e Educa\u00e7\u00e3o Superior a Dist\u00e2ncia do Estado do Rio de Janeiro (Cecierj) lan\u00e7ar\u00e1, \u00e0s 16\" \/>\n<meta property=\"og:url\" content=\"https:\/\/jornalbeirario.com.br\/portal\/?p=24989\" \/>\n<meta property=\"og:site_name\" content=\"JORNAL BEIRA RIO\" \/>\n<meta property=\"article:published_time\" content=\"2014-09-26T18:11:18+00:00\" \/>\n<meta property=\"article:modified_time\" content=\"2014-09-26T18:16:17+00:00\" \/>\n<meta property=\"og:image\" content=\"https:\/\/jornalbeirario.com.br\/portal\/wp-content\/uploads\/2014\/09\/inter1.jpg\" \/>\n\t<meta property=\"og:image:width\" content=\"640\" \/>\n\t<meta property=\"og:image:height\" content=\"480\" \/>\n\t<meta property=\"og:image:type\" content=\"image\/jpeg\" \/>\n<meta name=\"author\" content=\"Jornal BEIRA-RIO\" \/>\n<meta name=\"twitter:card\" content=\"summary_large_image\" \/>\n<meta name=\"twitter:label1\" content=\"Escrito por\" \/>\n\t<meta name=\"twitter:data1\" content=\"Jornal BEIRA-RIO\" \/>\n\t<meta name=\"twitter:label2\" content=\"Est. tempo de leitura\" \/>\n\t<meta name=\"twitter:data2\" content=\"3 minutos\" \/>\n<script type=\"application\/ld+json\" class=\"yoast-schema-graph\">{\"@context\":\"https:\\\/\\\/schema.org\",\"@graph\":[{\"@type\":\"Article\",\"@id\":\"https:\\\/\\\/jornalbeirario.com.br\\\/portal\\\/?p=24989#article\",\"isPartOf\":{\"@id\":\"https:\\\/\\\/jornalbeirario.com.br\\\/portal\\\/?p=24989\"},\"author\":{\"name\":\"Jornal BEIRA-RIO\",\"@id\":\"https:\\\/\\\/jornalbeirario.com.br\\\/portal\\\/#\\\/schema\\\/person\\\/c6c423e4c2465d2a9233f6539173e7c1\"},\"headline\":\"Cederj abre inscri\u00e7\u00e3o para mais de 7 mil vagas na segunda-feira\",\"datePublished\":\"2014-09-26T18:11:18+00:00\",\"dateModified\":\"2014-09-26T18:16:17+00:00\",\"mainEntityOfPage\":{\"@id\":\"https:\\\/\\\/jornalbeirario.com.br\\\/portal\\\/?p=24989\"},\"wordCount\":629,\"commentCount\":1,\"publisher\":{\"@id\":\"https:\\\/\\\/jornalbeirario.com.br\\\/portal\\\/#organization\"},\"image\":{\"@id\":\"https:\\\/\\\/jornalbeirario.com.br\\\/portal\\\/?p=24989#primaryimage\"},\"thumbnailUrl\":\"https:\\\/\\\/jornalbeirario.com.br\\\/portal\\\/wp-content\\\/uploads\\\/2014\\\/09\\\/inter1.jpg\",\"keywords\":[\"dehoraemhora\"],\"articleSection\":[\"Educa\u00e7\u00e3o\"],\"inLanguage\":\"pt-BR\",\"potentialAction\":[{\"@type\":\"CommentAction\",\"name\":\"Comment\",\"target\":[\"https:\\\/\\\/jornalbeirario.com.br\\\/portal\\\/?p=24989#respond\"]}]},{\"@type\":\"WebPage\",\"@id\":\"https:\\\/\\\/jornalbeirario.com.br\\\/portal\\\/?p=24989\",\"url\":\"https:\\\/\\\/jornalbeirario.com.br\\\/portal\\\/?p=24989\",\"name\":\"Cederj abre inscri\u00e7\u00e3o para mais de 7 mil vagas na segunda-feira - JORNAL BEIRA RIO\",\"isPartOf\":{\"@id\":\"https:\\\/\\\/jornalbeirario.com.br\\\/portal\\\/#website\"},\"primaryImageOfPage\":{\"@id\":\"https:\\\/\\\/jornalbeirario.com.br\\\/portal\\\/?p=24989#primaryimage\"},\"image\":{\"@id\":\"https:\\\/\\\/jornalbeirario.com.br\\\/portal\\\/?p=24989#primaryimage\"},\"thumbnailUrl\":\"https:\\\/\\\/jornalbeirario.com.br\\\/portal\\\/wp-content\\\/uploads\\\/2014\\\/09\\\/inter1.jpg\",\"datePublished\":\"2014-09-26T18:11:18+00:00\",\"dateModified\":\"2014-09-26T18:16:17+00:00\",\"breadcrumb\":{\"@id\":\"https:\\\/\\\/jornalbeirario.com.br\\\/portal\\\/?p=24989#breadcrumb\"},\"inLanguage\":\"pt-BR\",\"potentialAction\":[{\"@type\":\"ReadAction\",\"target\":[\"https:\\\/\\\/jornalbeirario.com.br\\\/portal\\\/?p=24989\"]}]},{\"@type\":\"ImageObject\",\"inLanguage\":\"pt-BR\",\"@id\":\"https:\\\/\\\/jornalbeirario.com.br\\\/portal\\\/?p=24989#primaryimage\",\"url\":\"https:\\\/\\\/jornalbeirario.com.br\\\/portal\\\/wp-content\\\/uploads\\\/2014\\\/09\\\/inter1.jpg\",\"contentUrl\":\"https:\\\/\\\/jornalbeirario.com.br\\\/portal\\\/wp-content\\\/uploads\\\/2014\\\/09\\\/inter1.jpg\",\"width\":\"640\",\"height\":\"480\"},{\"@type\":\"BreadcrumbList\",\"@id\":\"https:\\\/\\\/jornalbeirario.com.br\\\/portal\\\/?p=24989#breadcrumb\",\"itemListElement\":[{\"@type\":\"ListItem\",\"position\":1,\"name\":\"Home\",\"item\":\"https:\\\/\\\/jornalbeirario.com.br\\\/portal\"},{\"@type\":\"ListItem\",\"position\":2,\"name\":\"Cederj abre inscri\u00e7\u00e3o para mais de 7 mil vagas na segunda-feira\"}]},{\"@type\":\"WebSite\",\"@id\":\"https:\\\/\\\/jornalbeirario.com.br\\\/portal\\\/#website\",\"url\":\"https:\\\/\\\/jornalbeirario.com.br\\\/portal\\\/\",\"name\":\"JORNAL BEIRA RIO\",\"description\":\"\",\"publisher\":{\"@id\":\"https:\\\/\\\/jornalbeirario.com.br\\\/portal\\\/#organization\"},\"potentialAction\":[{\"@type\":\"SearchAction\",\"target\":{\"@type\":\"EntryPoint\",\"urlTemplate\":\"https:\\\/\\\/jornalbeirario.com.br\\\/portal\\\/?s={search_term_string}\"},\"query-input\":{\"@type\":\"PropertyValueSpecification\",\"valueRequired\":true,\"valueName\":\"search_term_string\"}}],\"inLanguage\":\"pt-BR\"},{\"@type\":\"Organization\",\"@id\":\"https:\\\/\\\/jornalbeirario.com.br\\\/portal\\\/#organization\",\"name\":\"JORNAL BEIRA RIO\",\"url\":\"https:\\\/\\\/jornalbeirario.com.br\\\/portal\\\/\",\"logo\":{\"@type\":\"ImageObject\",\"inLanguage\":\"pt-BR\",\"@id\":\"https:\\\/\\\/jornalbeirario.com.br\\\/portal\\\/#\\\/schema\\\/logo\\\/image\\\/\",\"url\":\"https:\\\/\\\/jornalbeirario.com.br\\\/portal\\\/wp-content\\\/uploads\\\/2017\\\/09\\\/BEIRA-RIO_logo600.png\",\"contentUrl\":\"https:\\\/\\\/jornalbeirario.com.br\\\/portal\\\/wp-content\\\/uploads\\\/2017\\\/09\\\/BEIRA-RIO_logo600.png\",\"width\":650,\"height\":108,\"caption\":\"JORNAL BEIRA RIO\"},\"image\":{\"@id\":\"https:\\\/\\\/jornalbeirario.com.br\\\/portal\\\/#\\\/schema\\\/logo\\\/image\\\/\"}},{\"@type\":\"Person\",\"@id\":\"https:\\\/\\\/jornalbeirario.com.br\\\/portal\\\/#\\\/schema\\\/person\\\/c6c423e4c2465d2a9233f6539173e7c1\",\"name\":\"Jornal BEIRA-RIO\",\"image\":{\"@type\":\"ImageObject\",\"inLanguage\":\"pt-BR\",\"@id\":\"https:\\\/\\\/jornalbeirario.com.br\\\/portal\\\/wp-content\\\/uploads\\\/2023\\\/10\\\/logojbr1.jpg\",\"url\":\"https:\\\/\\\/jornalbeirario.com.br\\\/portal\\\/wp-content\\\/uploads\\\/2023\\\/10\\\/logojbr1.jpg\",\"contentUrl\":\"https:\\\/\\\/jornalbeirario.com.br\\\/portal\\\/wp-content\\\/uploads\\\/2023\\\/10\\\/logojbr1.jpg\",\"caption\":\"Jornal BEIRA-RIO\"},\"url\":\"https:\\\/\\\/jornalbeirario.com.br\\\/portal\\\/?author=1\"}]}<\/script>\n<!-- \/ Yoast SEO plugin. -->","yoast_head_json":{"title":"Cederj abre inscri\u00e7\u00e3o para mais de 7 mil vagas na segunda-feira - JORNAL BEIRA RIO","robots":{"index":"index","follow":"follow","max-snippet":"max-snippet:-1","max-image-preview":"max-image-preview:large","max-video-preview":"max-video-preview:-1"},"canonical":"https:\/\/jornalbeirario.com.br\/portal\/?p=24989","og_locale":"pt_BR","og_type":"article","og_title":"Cederj abre inscri\u00e7\u00e3o para mais de 7 mil vagas na segunda-feira - JORNAL BEIRA RIO","og_description":"Nesta segunda-feira, dia 29, a Funda\u00e7\u00e3o Centro de Ci\u00eancias e Educa\u00e7\u00e3o Superior a Dist\u00e2ncia do Estado do Rio de Janeiro (Cecierj) lan\u00e7ar\u00e1, \u00e0s 16","og_url":"https:\/\/jornalbeirario.com.br\/portal\/?p=24989","og_site_name":"JORNAL BEIRA RIO","article_published_time":"2014-09-26T18:11:18+00:00","article_modified_time":"2014-09-26T18:16:17+00:00","og_image":[{"width":640,"height":480,"url":"https:\/\/jornalbeirario.com.br\/portal\/wp-content\/uploads\/2014\/09\/inter1.jpg","type":"image\/jpeg"}],"author":"Jornal BEIRA-RIO","twitter_card":"summary_large_image","twitter_misc":{"Escrito por":"Jornal BEIRA-RIO","Est. tempo de leitura":"3 minutos"},"schema":{"@context":"https:\/\/schema.org","@graph":[{"@type":"Article","@id":"https:\/\/jornalbeirario.com.br\/portal\/?p=24989#article","isPartOf":{"@id":"https:\/\/jornalbeirario.com.br\/portal\/?p=24989"},"author":{"name":"Jornal BEIRA-RIO","@id":"https:\/\/jornalbeirario.com.br\/portal\/#\/schema\/person\/c6c423e4c2465d2a9233f6539173e7c1"},"headline":"Cederj abre inscri\u00e7\u00e3o para mais de 7 mil vagas na segunda-feira","datePublished":"2014-09-26T18:11:18+00:00","dateModified":"2014-09-26T18:16:17+00:00","mainEntityOfPage":{"@id":"https:\/\/jornalbeirario.com.br\/portal\/?p=24989"},"wordCount":629,"commentCount":1,"publisher":{"@id":"https:\/\/jornalbeirario.com.br\/portal\/#organization"},"image":{"@id":"https:\/\/jornalbeirario.com.br\/portal\/?p=24989#primaryimage"},"thumbnailUrl":"https:\/\/jornalbeirario.com.br\/portal\/wp-content\/uploads\/2014\/09\/inter1.jpg","keywords":["dehoraemhora"],"articleSection":["Educa\u00e7\u00e3o"],"inLanguage":"pt-BR","potentialAction":[{"@type":"CommentAction","name":"Comment","target":["https:\/\/jornalbeirario.com.br\/portal\/?p=24989#respond"]}]},{"@type":"WebPage","@id":"https:\/\/jornalbeirario.com.br\/portal\/?p=24989","url":"https:\/\/jornalbeirario.com.br\/portal\/?p=24989","name":"Cederj abre inscri\u00e7\u00e3o para mais de 7 mil vagas na segunda-feira - JORNAL BEIRA RIO","isPartOf":{"@id":"https:\/\/jornalbeirario.com.br\/portal\/#website"},"primaryImageOfPage":{"@id":"https:\/\/jornalbeirario.com.br\/portal\/?p=24989#primaryimage"},"image":{"@id":"https:\/\/jornalbeirario.com.br\/portal\/?p=24989#primaryimage"},"thumbnailUrl":"https:\/\/jornalbeirario.com.br\/portal\/wp-content\/uploads\/2014\/09\/inter1.jpg","datePublished":"2014-09-26T18:11:18+00:00","dateModified":"2014-09-26T18:16:17+00:00","breadcrumb":{"@id":"https:\/\/jornalbeirario.com.br\/portal\/?p=24989#breadcrumb"},"inLanguage":"pt-BR","potentialAction":[{"@type":"ReadAction","target":["https:\/\/jornalbeirario.com.br\/portal\/?p=24989"]}]},{"@type":"ImageObject","inLanguage":"pt-BR","@id":"https:\/\/jornalbeirario.com.br\/portal\/?p=24989#primaryimage","url":"https:\/\/jornalbeirario.com.br\/portal\/wp-content\/uploads\/2014\/09\/inter1.jpg","contentUrl":"https:\/\/jornalbeirario.com.br\/portal\/wp-content\/uploads\/2014\/09\/inter1.jpg","width":"640","height":"480"},{"@type":"BreadcrumbList","@id":"https:\/\/jornalbeirario.com.br\/portal\/?p=24989#breadcrumb","itemListElement":[{"@type":"ListItem","position":1,"name":"Home","item":"https:\/\/jornalbeirario.com.br\/portal"},{"@type":"ListItem","position":2,"name":"Cederj abre inscri\u00e7\u00e3o para mais de 7 mil vagas na segunda-feira"}]},{"@type":"WebSite","@id":"https:\/\/jornalbeirario.com.br\/portal\/#website","url":"https:\/\/jornalbeirario.com.br\/portal\/","name":"JORNAL BEIRA RIO","description":"","publisher":{"@id":"https:\/\/jornalbeirario.com.br\/portal\/#organization"},"potentialAction":[{"@type":"SearchAction","target":{"@type":"EntryPoint","urlTemplate":"https:\/\/jornalbeirario.com.br\/portal\/?s={search_term_string}"},"query-input":{"@type":"PropertyValueSpecification","valueRequired":true,"valueName":"search_term_string"}}],"inLanguage":"pt-BR"},{"@type":"Organization","@id":"https:\/\/jornalbeirario.com.br\/portal\/#organization","name":"JORNAL BEIRA RIO","url":"https:\/\/jornalbeirario.com.br\/portal\/","logo":{"@type":"ImageObject","inLanguage":"pt-BR","@id":"https:\/\/jornalbeirario.com.br\/portal\/#\/schema\/logo\/image\/","url":"https:\/\/jornalbeirario.com.br\/portal\/wp-content\/uploads\/2017\/09\/BEIRA-RIO_logo600.png","contentUrl":"https:\/\/jornalbeirario.com.br\/portal\/wp-content\/uploads\/2017\/09\/BEIRA-RIO_logo600.png","width":650,"height":108,"caption":"JORNAL BEIRA RIO"},"image":{"@id":"https:\/\/jornalbeirario.com.br\/portal\/#\/schema\/logo\/image\/"}},{"@type":"Person","@id":"https:\/\/jornalbeirario.com.br\/portal\/#\/schema\/person\/c6c423e4c2465d2a9233f6539173e7c1","name":"Jornal BEIRA-RIO","image":{"@type":"ImageObject","inLanguage":"pt-BR","@id":"https:\/\/jornalbeirario.com.br\/portal\/wp-content\/uploads\/2023\/10\/logojbr1.jpg","url":"https:\/\/jornalbeirario.com.br\/portal\/wp-content\/uploads\/2023\/10\/logojbr1.jpg","contentUrl":"https:\/\/jornalbeirario.com.br\/portal\/wp-content\/uploads\/2023\/10\/logojbr1.jpg","caption":"Jornal BEIRA-RIO"},"url":"https:\/\/jornalbeirario.com.br\/portal\/?author=1"}]}},"_links":{"self":[{"href":"https:\/\/jornalbeirario.com.br\/portal\/index.php?rest_route=\/wp\/v2\/posts\/24989","targetHints":{"allow":["GET"]}}],"collection":[{"href":"https:\/\/jornalbeirario.com.br\/portal\/index.php?rest_route=\/wp\/v2\/posts"}],"about":[{"href":"https:\/\/jornalbeirario.com.br\/portal\/index.php?rest_route=\/wp\/v2\/types\/post"}],"author":[{"embeddable":true,"href":"https:\/\/jornalbeirario.com.br\/portal\/index.php?rest_route=\/wp\/v2\/users\/1"}],"replies":[{"embeddable":true,"href":"https:\/\/jornalbeirario.com.br\/portal\/index.php?rest_route=%2Fwp%2Fv2%2Fcomments&post=24989"}],"version-history":[{"count":3,"href":"https:\/\/jornalbeirario.com.br\/portal\/index.php?rest_route=\/wp\/v2\/posts\/24989\/revisions"}],"predecessor-version":[{"id":24991,"href":"https:\/\/jornalbeirario.com.br\/portal\/index.php?rest_route=\/wp\/v2\/posts\/24989\/revisions\/24991"}],"wp:featuredmedia":[{"embeddable":true,"href":"https:\/\/jornalbeirario.com.br\/portal\/index.php?rest_route=\/wp\/v2\/media\/24994"}],"wp:attachment":[{"href":"https:\/\/jornalbeirario.com.br\/portal\/index.php?rest_route=%2Fwp%2Fv2%2Fmedia&parent=24989"}],"wp:term":[{"taxonomy":"category","embeddable":true,"href":"https:\/\/jornalbeirario.com.br\/portal\/index.php?rest_route=%2Fwp%2Fv2%2Fcategories&post=24989"},{"taxonomy":"post_tag","embeddable":true,"href":"https:\/\/jornalbeirario.com.br\/portal\/index.php?rest_route=%2Fwp%2Fv2%2Ftags&post=24989"}],"curies":[{"name":"wp","href":"https:\/\/api.w.org\/{rel}","templated":true}]}}