
{"id":24901,"date":"2014-09-26T04:39:56","date_gmt":"2014-09-26T04:39:56","guid":{"rendered":"http:\/\/jornalbeirario.com.br\/portal\/portal\/?p=24901"},"modified":"2014-09-26T04:39:56","modified_gmt":"2014-09-26T04:39:56","slug":"lais-amaral-65","status":"publish","type":"post","link":"https:\/\/jornalbeirario.com.br\/portal\/?p=24901","title":{"rendered":"La\u00eds Amaral"},"content":{"rendered":"<p style=\"text-align: justify;\"><strong>Exapicor \u00e9 um saco, n\u00e3o ? \u00d4ba, chegou a Ecapicor !!<\/strong><br \/>\nEstamos em plena Exapicor, uma tradi\u00e7\u00e3o em Resende e na regi\u00e3o. E se as previs\u00f5es meteorol\u00f3gicas se confirmaram (escrevo essa nota na quarta-feira), o tempo est\u00e1 chuvoso. Outra tradi\u00e7\u00e3o. Ou\u00e7o isso desde que cheguei aqui j\u00e1 faz mais de 20 anos. A Exapicor mudou, n\u00e3o vou repisar, se para o bem ou para o mal. Alguns reclamam que h\u00e1 menos agropecu\u00e1ria, menos ind\u00fastria, menos com\u00e9rcio. N\u00e3o sei. A pr\u00f3pria cidade mudou um pouco. H\u00e1 tempos a linha de show prepondera e, na edi\u00e7\u00e3o deste ano n\u00e3o ser\u00e1 diferente, mas registro a consolida\u00e7\u00e3o de uma tend\u00eancia mais diversificada no que se refere \u00e0s atra\u00e7\u00f5es musicais e culturais em contraponto com os medalh\u00f5es que a ind\u00fastria cultural imp\u00f5e. E isso vem ocorrendo h\u00e1 uns poucos anos e est\u00e1 sendo bem-vindo. Neste 2014, al\u00e9m do parque de divers\u00f5es, tem circo. Palco 2 \u00e9 espa\u00e7o para artistas locais, arena cultural com atra\u00e7\u00f5es folcl\u00f3ricas, encontro de corais (eu inclusive estarei hoje, dia 26, cantando no o Resencanto), e mais atra\u00e7\u00f5es variadas, o que demonstra, que, ao menos como entretenimento, a Exapicor tem mais garrafas diferentes para vender. Lamento faltar um samba de verdade, mas isso \u00e9 outra coisa. Como rege a tradi\u00e7\u00e3o, est\u00e1 a\u00ed a Exapicor em Setembro, com chuva e muita gente curtindo. Vamos l\u00e1 !!<\/p>\n<p style=\"text-align: justify;\"><strong>Ive Seixas, a \u2018Andorinha\u2019 bate as asas e voa longe.<\/strong><br \/>\nAno passado a Casa da Cultura promoveu um festival de m\u00fasica em que tomamos contato com a m\u00fasica da Ive Seixas. Sua can\u00e7\u00e3o \u201cAndorinha, S\u00f3\u201d n\u00e3o ganhou o festival mas deu-lhes asas para voar num projeto que chama de \u2018Voz, Viol\u00e3o, Chap\u00e9u no Ch\u00e3o\u2019, que a vem projetando nos guetos aonde fermentam novas safras de autores\/int\u00e9rpretes da m\u00fasica brasileira. Ive canta neste domingo, dia 28, \u00e0s 17 horas na Minor House, em Porto Alegre, saudando a primavera! Com ela estar\u00e3o tocando Valentin e Lebra, da mesma tribo, que leva suas can\u00e7\u00f5es em voz e viol\u00e3o pro quintal da casa. O evento marca o encerramento da breve turn\u00ea da cantora e compositora de Resende, por terras ga\u00fachas. E pra mostrar que a menina est\u00e1 mesmo ultrapassando as barreiras do munic\u00edpio e da regi\u00e3o, sua can\u00e7\u00e3o &#8220;Cervejas Populares&#8221; est\u00e1 no Blog Amplificador, de O Globo, abrindo uma playlist com 32 lan\u00e7amentos da nov\u00edssima m\u00fasica brasileira, feita por Marcelo Monteiro. Para ouvir: http:\/\/glo.bo\/1viuyLt. Grande abra\u00e7o \u00e0 Ive. E tomara que se inscreva no festival deste ano, que a Casa da Cultura promove em novembro.<\/p>\n<p style=\"text-align: justify;\"><strong>TRIPA<\/strong><br \/>\n* Ser\u00e1 hoje, sexta, dia 26, o lan\u00e7amento do cordel \u2018Sagrado Cora\u00e7\u00e3o\u2019. Uma homenagem do Claudionor Rosa \u00e0 \u201cEscola Sagrado Cora\u00e7\u00e3o\u201d e seus 95 anos de Hist\u00f3ria. Uma obra imensa e pioneira da saudosa \u2018Dona Antonina\u2019. O lan\u00e7amento da publica\u00e7\u00e3o em forma de cordel ser\u00e1 \u00e0s 20h 30min no \u201cEspa\u00e7o Cultural \u2013 Nossa Cidade, Nosso Patrim\u00f4nio\u201d, na Exapicor. Na ocasi\u00e3o haver\u00e1 uma apresenta\u00e7\u00e3o musical do grupo \u201cNaquele Tempo\u201d. Vale conferir * Tem gente que acha o Falabella um g\u00eanio. Posso estar errado, mas acho o cara o mais do mesmo da mesmice. Vi peda\u00e7os desse tal \u201cSexo e as Nega\u201d e achei uma indig\u00eancia. Sei l\u00e1&#8230;* Com produ\u00e7\u00e3o de Flavia Rodrigues, o Centro Cultural Visconde de Mau\u00e1 informa que est\u00e3o abertas as inscri\u00e7\u00f5es para a \u201cOficina de Aromaterapia\u201d que acontecer\u00e1 no dia 9 de outubro, l\u00e1 mesmo no CCVM, na Vila de Mau\u00e1 (Aldeia dos Imigrantes). Haver\u00e1 espa\u00e7o para comercializa\u00e7\u00e3o de \u00f3leos essenciais e vegetais com descontos para alunos da oficina. Mais informa\u00e7\u00f5es: aromaterapia.mantiqueira@gmail.com * Meus amigos botafoguenses preparem o lombo para as goza\u00e7\u00f5es de fim de ano. Estamos num expresso direto com parada final na Esta\u00e7\u00e3o Segundona. Triste * Um grande abra\u00e7o \u00e0 figura af\u00e1vel do doutor Nivaldo de Oliveira. Quando vou mais cedo para o trabalho, o encontro tomando caf\u00e9 com as netinhas na padaria do Magno. Ele as leva para a escola. Doce rotina, n\u00e3o \u00e9 mesmo Dr. Nivaldo ?!<\/p>\n<p style=\"text-align: justify;\"><strong>ANIVERS\u00c1RIOS<\/strong><br \/>\nNeste domingo, dia 28, mudam de idade os amigos Carlos Magno Fernandes e Marcelle Ponciano. Na segunda, anivers\u00e1rio de Resende, trocam de idade: o Henrique, o amigo Geraldo Calixto, o corinthiano Roberto Paranhos e a amiga Helena Menandro. Dia 30, a Luciana Silva e a Larissa Reis sopram velinhas. No dia 1\u00ba de outubro o Filipe Rebello (Ordem P\u00fablica) inaugura idade nova e no dia seguinte, duas grandes figuras recebem os parab\u00e9ns, o advogado Igor Pimenta e o \u2018padre\u2019 R\u00f4mulo. Na Sexta que vem, dia 3, a Tatiana Avelino conta mais um ano de vida. Parab\u00e9ns e todas as felicidades do mundo a eles.<\/p>\n","protected":false},"excerpt":{"rendered":"<p>Exapicor \u00e9 um saco, n\u00e3o ? \u00d4ba, chegou a Ecapicor !! Estamos em plena Exapicor, uma tradi\u00e7\u00e3o em Resende e na regi\u00e3o. E se<\/p>\n","protected":false},"author":1,"featured_media":0,"comment_status":"open","ping_status":"open","sticky":false,"template":"","format":"standard","meta":{"pmpro_default_level":"","footnotes":""},"categories":[13],"tags":[],"class_list":["post-24901","post","type-post","status-publish","format-standard","hentry","category-social","pmpro-has-access"],"yoast_head":"<!-- This site is optimized with the Yoast SEO plugin v27.4 - https:\/\/yoast.com\/product\/yoast-seo-wordpress\/ -->\n<title>La\u00eds Amaral - JORNAL BEIRA RIO<\/title>\n<meta name=\"robots\" content=\"index, follow, max-snippet:-1, max-image-preview:large, max-video-preview:-1\" \/>\n<link rel=\"canonical\" href=\"https:\/\/jornalbeirario.com.br\/portal\/?p=24901\" \/>\n<meta property=\"og:locale\" content=\"pt_BR\" \/>\n<meta property=\"og:type\" content=\"article\" \/>\n<meta property=\"og:title\" content=\"La\u00eds Amaral - JORNAL BEIRA RIO\" \/>\n<meta property=\"og:description\" content=\"Exapicor \u00e9 um saco, n\u00e3o ? \u00d4ba, chegou a Ecapicor !! Estamos em plena Exapicor, uma tradi\u00e7\u00e3o em Resende e na regi\u00e3o. E se\" \/>\n<meta property=\"og:url\" content=\"https:\/\/jornalbeirario.com.br\/portal\/?p=24901\" \/>\n<meta property=\"og:site_name\" content=\"JORNAL BEIRA RIO\" \/>\n<meta property=\"article:published_time\" content=\"2014-09-26T04:39:56+00:00\" \/>\n<meta name=\"author\" content=\"Jornal BEIRA-RIO\" \/>\n<meta name=\"twitter:card\" content=\"summary_large_image\" \/>\n<meta name=\"twitter:label1\" content=\"Escrito por\" \/>\n\t<meta name=\"twitter:data1\" content=\"Jornal BEIRA-RIO\" \/>\n\t<meta name=\"twitter:label2\" content=\"Est. tempo de leitura\" \/>\n\t<meta name=\"twitter:data2\" content=\"4 minutos\" \/>\n<script type=\"application\/ld+json\" class=\"yoast-schema-graph\">{\"@context\":\"https:\\\/\\\/schema.org\",\"@graph\":[{\"@type\":\"Article\",\"@id\":\"https:\\\/\\\/jornalbeirario.com.br\\\/portal\\\/?p=24901#article\",\"isPartOf\":{\"@id\":\"https:\\\/\\\/jornalbeirario.com.br\\\/portal\\\/?p=24901\"},\"author\":{\"name\":\"Jornal BEIRA-RIO\",\"@id\":\"https:\\\/\\\/jornalbeirario.com.br\\\/portal\\\/#\\\/schema\\\/person\\\/c6c423e4c2465d2a9233f6539173e7c1\"},\"headline\":\"La\u00eds Amaral\",\"datePublished\":\"2014-09-26T04:39:56+00:00\",\"mainEntityOfPage\":{\"@id\":\"https:\\\/\\\/jornalbeirario.com.br\\\/portal\\\/?p=24901\"},\"wordCount\":811,\"commentCount\":0,\"publisher\":{\"@id\":\"https:\\\/\\\/jornalbeirario.com.br\\\/portal\\\/#organization\"},\"articleSection\":[\"Social\"],\"inLanguage\":\"pt-BR\",\"potentialAction\":[{\"@type\":\"CommentAction\",\"name\":\"Comment\",\"target\":[\"https:\\\/\\\/jornalbeirario.com.br\\\/portal\\\/?p=24901#respond\"]}]},{\"@type\":\"WebPage\",\"@id\":\"https:\\\/\\\/jornalbeirario.com.br\\\/portal\\\/?p=24901\",\"url\":\"https:\\\/\\\/jornalbeirario.com.br\\\/portal\\\/?p=24901\",\"name\":\"La\u00eds Amaral - JORNAL BEIRA RIO\",\"isPartOf\":{\"@id\":\"https:\\\/\\\/jornalbeirario.com.br\\\/portal\\\/#website\"},\"datePublished\":\"2014-09-26T04:39:56+00:00\",\"breadcrumb\":{\"@id\":\"https:\\\/\\\/jornalbeirario.com.br\\\/portal\\\/?p=24901#breadcrumb\"},\"inLanguage\":\"pt-BR\",\"potentialAction\":[{\"@type\":\"ReadAction\",\"target\":[\"https:\\\/\\\/jornalbeirario.com.br\\\/portal\\\/?p=24901\"]}]},{\"@type\":\"BreadcrumbList\",\"@id\":\"https:\\\/\\\/jornalbeirario.com.br\\\/portal\\\/?p=24901#breadcrumb\",\"itemListElement\":[{\"@type\":\"ListItem\",\"position\":1,\"name\":\"Home\",\"item\":\"https:\\\/\\\/jornalbeirario.com.br\\\/portal\"},{\"@type\":\"ListItem\",\"position\":2,\"name\":\"La\u00eds Amaral\"}]},{\"@type\":\"WebSite\",\"@id\":\"https:\\\/\\\/jornalbeirario.com.br\\\/portal\\\/#website\",\"url\":\"https:\\\/\\\/jornalbeirario.com.br\\\/portal\\\/\",\"name\":\"JORNAL BEIRA RIO\",\"description\":\"\",\"publisher\":{\"@id\":\"https:\\\/\\\/jornalbeirario.com.br\\\/portal\\\/#organization\"},\"potentialAction\":[{\"@type\":\"SearchAction\",\"target\":{\"@type\":\"EntryPoint\",\"urlTemplate\":\"https:\\\/\\\/jornalbeirario.com.br\\\/portal\\\/?s={search_term_string}\"},\"query-input\":{\"@type\":\"PropertyValueSpecification\",\"valueRequired\":true,\"valueName\":\"search_term_string\"}}],\"inLanguage\":\"pt-BR\"},{\"@type\":\"Organization\",\"@id\":\"https:\\\/\\\/jornalbeirario.com.br\\\/portal\\\/#organization\",\"name\":\"JORNAL BEIRA RIO\",\"url\":\"https:\\\/\\\/jornalbeirario.com.br\\\/portal\\\/\",\"logo\":{\"@type\":\"ImageObject\",\"inLanguage\":\"pt-BR\",\"@id\":\"https:\\\/\\\/jornalbeirario.com.br\\\/portal\\\/#\\\/schema\\\/logo\\\/image\\\/\",\"url\":\"https:\\\/\\\/jornalbeirario.com.br\\\/portal\\\/wp-content\\\/uploads\\\/2017\\\/09\\\/BEIRA-RIO_logo600.png\",\"contentUrl\":\"https:\\\/\\\/jornalbeirario.com.br\\\/portal\\\/wp-content\\\/uploads\\\/2017\\\/09\\\/BEIRA-RIO_logo600.png\",\"width\":650,\"height\":108,\"caption\":\"JORNAL BEIRA RIO\"},\"image\":{\"@id\":\"https:\\\/\\\/jornalbeirario.com.br\\\/portal\\\/#\\\/schema\\\/logo\\\/image\\\/\"}},{\"@type\":\"Person\",\"@id\":\"https:\\\/\\\/jornalbeirario.com.br\\\/portal\\\/#\\\/schema\\\/person\\\/c6c423e4c2465d2a9233f6539173e7c1\",\"name\":\"Jornal BEIRA-RIO\",\"image\":{\"@type\":\"ImageObject\",\"inLanguage\":\"pt-BR\",\"@id\":\"https:\\\/\\\/jornalbeirario.com.br\\\/portal\\\/wp-content\\\/uploads\\\/2023\\\/10\\\/logojbr1.jpg\",\"url\":\"https:\\\/\\\/jornalbeirario.com.br\\\/portal\\\/wp-content\\\/uploads\\\/2023\\\/10\\\/logojbr1.jpg\",\"contentUrl\":\"https:\\\/\\\/jornalbeirario.com.br\\\/portal\\\/wp-content\\\/uploads\\\/2023\\\/10\\\/logojbr1.jpg\",\"caption\":\"Jornal BEIRA-RIO\"},\"url\":\"https:\\\/\\\/jornalbeirario.com.br\\\/portal\\\/?author=1\"}]}<\/script>\n<!-- \/ Yoast SEO plugin. -->","yoast_head_json":{"title":"La\u00eds Amaral - JORNAL BEIRA RIO","robots":{"index":"index","follow":"follow","max-snippet":"max-snippet:-1","max-image-preview":"max-image-preview:large","max-video-preview":"max-video-preview:-1"},"canonical":"https:\/\/jornalbeirario.com.br\/portal\/?p=24901","og_locale":"pt_BR","og_type":"article","og_title":"La\u00eds Amaral - JORNAL BEIRA RIO","og_description":"Exapicor \u00e9 um saco, n\u00e3o ? \u00d4ba, chegou a Ecapicor !! Estamos em plena Exapicor, uma tradi\u00e7\u00e3o em Resende e na regi\u00e3o. E se","og_url":"https:\/\/jornalbeirario.com.br\/portal\/?p=24901","og_site_name":"JORNAL BEIRA RIO","article_published_time":"2014-09-26T04:39:56+00:00","author":"Jornal BEIRA-RIO","twitter_card":"summary_large_image","twitter_misc":{"Escrito por":"Jornal BEIRA-RIO","Est. tempo de leitura":"4 minutos"},"schema":{"@context":"https:\/\/schema.org","@graph":[{"@type":"Article","@id":"https:\/\/jornalbeirario.com.br\/portal\/?p=24901#article","isPartOf":{"@id":"https:\/\/jornalbeirario.com.br\/portal\/?p=24901"},"author":{"name":"Jornal BEIRA-RIO","@id":"https:\/\/jornalbeirario.com.br\/portal\/#\/schema\/person\/c6c423e4c2465d2a9233f6539173e7c1"},"headline":"La\u00eds Amaral","datePublished":"2014-09-26T04:39:56+00:00","mainEntityOfPage":{"@id":"https:\/\/jornalbeirario.com.br\/portal\/?p=24901"},"wordCount":811,"commentCount":0,"publisher":{"@id":"https:\/\/jornalbeirario.com.br\/portal\/#organization"},"articleSection":["Social"],"inLanguage":"pt-BR","potentialAction":[{"@type":"CommentAction","name":"Comment","target":["https:\/\/jornalbeirario.com.br\/portal\/?p=24901#respond"]}]},{"@type":"WebPage","@id":"https:\/\/jornalbeirario.com.br\/portal\/?p=24901","url":"https:\/\/jornalbeirario.com.br\/portal\/?p=24901","name":"La\u00eds Amaral - JORNAL BEIRA RIO","isPartOf":{"@id":"https:\/\/jornalbeirario.com.br\/portal\/#website"},"datePublished":"2014-09-26T04:39:56+00:00","breadcrumb":{"@id":"https:\/\/jornalbeirario.com.br\/portal\/?p=24901#breadcrumb"},"inLanguage":"pt-BR","potentialAction":[{"@type":"ReadAction","target":["https:\/\/jornalbeirario.com.br\/portal\/?p=24901"]}]},{"@type":"BreadcrumbList","@id":"https:\/\/jornalbeirario.com.br\/portal\/?p=24901#breadcrumb","itemListElement":[{"@type":"ListItem","position":1,"name":"Home","item":"https:\/\/jornalbeirario.com.br\/portal"},{"@type":"ListItem","position":2,"name":"La\u00eds Amaral"}]},{"@type":"WebSite","@id":"https:\/\/jornalbeirario.com.br\/portal\/#website","url":"https:\/\/jornalbeirario.com.br\/portal\/","name":"JORNAL BEIRA RIO","description":"","publisher":{"@id":"https:\/\/jornalbeirario.com.br\/portal\/#organization"},"potentialAction":[{"@type":"SearchAction","target":{"@type":"EntryPoint","urlTemplate":"https:\/\/jornalbeirario.com.br\/portal\/?s={search_term_string}"},"query-input":{"@type":"PropertyValueSpecification","valueRequired":true,"valueName":"search_term_string"}}],"inLanguage":"pt-BR"},{"@type":"Organization","@id":"https:\/\/jornalbeirario.com.br\/portal\/#organization","name":"JORNAL BEIRA RIO","url":"https:\/\/jornalbeirario.com.br\/portal\/","logo":{"@type":"ImageObject","inLanguage":"pt-BR","@id":"https:\/\/jornalbeirario.com.br\/portal\/#\/schema\/logo\/image\/","url":"https:\/\/jornalbeirario.com.br\/portal\/wp-content\/uploads\/2017\/09\/BEIRA-RIO_logo600.png","contentUrl":"https:\/\/jornalbeirario.com.br\/portal\/wp-content\/uploads\/2017\/09\/BEIRA-RIO_logo600.png","width":650,"height":108,"caption":"JORNAL BEIRA RIO"},"image":{"@id":"https:\/\/jornalbeirario.com.br\/portal\/#\/schema\/logo\/image\/"}},{"@type":"Person","@id":"https:\/\/jornalbeirario.com.br\/portal\/#\/schema\/person\/c6c423e4c2465d2a9233f6539173e7c1","name":"Jornal BEIRA-RIO","image":{"@type":"ImageObject","inLanguage":"pt-BR","@id":"https:\/\/jornalbeirario.com.br\/portal\/wp-content\/uploads\/2023\/10\/logojbr1.jpg","url":"https:\/\/jornalbeirario.com.br\/portal\/wp-content\/uploads\/2023\/10\/logojbr1.jpg","contentUrl":"https:\/\/jornalbeirario.com.br\/portal\/wp-content\/uploads\/2023\/10\/logojbr1.jpg","caption":"Jornal BEIRA-RIO"},"url":"https:\/\/jornalbeirario.com.br\/portal\/?author=1"}]}},"_links":{"self":[{"href":"https:\/\/jornalbeirario.com.br\/portal\/index.php?rest_route=\/wp\/v2\/posts\/24901","targetHints":{"allow":["GET"]}}],"collection":[{"href":"https:\/\/jornalbeirario.com.br\/portal\/index.php?rest_route=\/wp\/v2\/posts"}],"about":[{"href":"https:\/\/jornalbeirario.com.br\/portal\/index.php?rest_route=\/wp\/v2\/types\/post"}],"author":[{"embeddable":true,"href":"https:\/\/jornalbeirario.com.br\/portal\/index.php?rest_route=\/wp\/v2\/users\/1"}],"replies":[{"embeddable":true,"href":"https:\/\/jornalbeirario.com.br\/portal\/index.php?rest_route=%2Fwp%2Fv2%2Fcomments&post=24901"}],"version-history":[{"count":2,"href":"https:\/\/jornalbeirario.com.br\/portal\/index.php?rest_route=\/wp\/v2\/posts\/24901\/revisions"}],"predecessor-version":[{"id":24966,"href":"https:\/\/jornalbeirario.com.br\/portal\/index.php?rest_route=\/wp\/v2\/posts\/24901\/revisions\/24966"}],"wp:attachment":[{"href":"https:\/\/jornalbeirario.com.br\/portal\/index.php?rest_route=%2Fwp%2Fv2%2Fmedia&parent=24901"}],"wp:term":[{"taxonomy":"category","embeddable":true,"href":"https:\/\/jornalbeirario.com.br\/portal\/index.php?rest_route=%2Fwp%2Fv2%2Fcategories&post=24901"},{"taxonomy":"post_tag","embeddable":true,"href":"https:\/\/jornalbeirario.com.br\/portal\/index.php?rest_route=%2Fwp%2Fv2%2Ftags&post=24901"}],"curies":[{"name":"wp","href":"https:\/\/api.w.org\/{rel}","templated":true}]}}