
{"id":24739,"date":"2014-09-19T09:19:02","date_gmt":"2014-09-19T09:19:02","guid":{"rendered":"http:\/\/jornalbeirario.com.br\/portal\/portal\/?p=24739"},"modified":"2014-09-19T09:19:02","modified_gmt":"2014-09-19T09:19:02","slug":"lais-amaral-64","status":"publish","type":"post","link":"https:\/\/jornalbeirario.com.br\/portal\/?p=24739","title":{"rendered":"La\u00eds Amaral"},"content":{"rendered":"<p style=\"text-align: justify;\"><strong>Mem\u00f3rias Desordenadas.Letra \u2018B\u2019: Brizola<\/strong><br \/>\nA primeira vez que estive pessoalmente com Leonel Brizola foi em 1982. Ele estava virtualmente eleito governador, embora a apura\u00e7\u00e3o oficial ainda n\u00e3o tivesse se encerrado. Eu morava em Nova Igua\u00e7u e o PDT, ainda por conta do \u201cEsc\u00e2ndalo da Proconsult\u201d (manobra para derrub\u00e1-lo usando na urna eletr\u00f4nica), fez apura\u00e7\u00e3o paralela e levou os seus computadores para o gin\u00e1sio do Instituto de Educa\u00e7\u00e3o Santo Antonio, o \u2018col\u00e9gio das irm\u00e3s\u2019, como era conhecido por l\u00e1. Estive com ele mais algumas vezes por for\u00e7a da profiss\u00e3o. Certa vez, eu morando em Angra dos Reis e trabalhando na R\u00e1dio local, o entrevistei. Brizola tinha as suas marcas. Ternos geralmente cinza, camisa social azul (normalmente sem gravata) e botas. Gostava de botas de cano curto. Nessa visita \u00e0 R\u00e1dio Angra reparei de cara e tinha algo destoando no traje do \u2018velho caudilho\u2019. Ele usava botas de cores diferentes, uma preta e outra marrom. Perguntei em tom de brincadeira: \u201cGovernador o que houve com seus sapatos ?\u201d E ele explicou que acordou muito cedo para vir de Copacabana para Angra, onde teria que estar ainda na parte da manh\u00e3. Como ainda estava escuro, n\u00e3o quis acender a luz do quarto e incomodar dona Neusa que dormia. Como no escuro n\u00e3o apenas os gatos s\u00e3o pardos, enfiou os p\u00e9s no primeiro par de botas que encontrou. E l\u00e1 foi o velho \u2018Briza\u2019 seguido pelo costumeiro s\u00e9quito, pelas vielas do centro de Angra, visitou Prefeitura, C\u00e2mara, etc, etc, na maior desenvoltura. Fosse outro teria comprados sapatos novos.<\/p>\n<p style=\"text-align: justify;\"><strong>O Carnaval j\u00e1 come\u00e7ou em Resende<\/strong><br \/>\nCaramba, mas ainda nem come\u00e7ou a Exapicor ? Mas \u00e9 isso mesmo. Na quarta-feira da semana passada, dia 10, aconteceu a segunda reuni\u00e3o para tratar do carnaval da cidade. A primeira ocorreu pouco depois de encerrada a folia e dela participaram representantes da sociedade organizada, como a CDL. Ambas as reuni\u00f5es foram organizadas pelo Projeto C\u00e2mara Cultural, sob o comando da Ana Paula Bernardi. Nessa segunda reuni\u00e3o, j\u00e1 uma reuni\u00e3o de trabalho, participaram por sugest\u00e3o do Claudionor Rosa a presidente da Liga Carnavalesca de Barra Mansa, Gina Mara e o diretor da entidade, Tom Teixeira. Por Resende participaram o superintendente de Eventos, Arnaldo Jos\u00e9 de Lima, a procuradora do munic\u00edpio Ivani Nobre, Claudionor Rosa, eu e representantes da Associa\u00e7\u00e3o de Blocos e Escolas de Samba de Resende e de algumas agremia\u00e7\u00f5es. A Ana Paula presidiu o encontro. O saldo de mais de duas horas de papo, foi a necessidade de regulariza\u00e7\u00e3o da associa\u00e7\u00e3o local para poder dialogar com a Prefeitura e tamb\u00e9m conseguir recursos da Secretaria de Cultura do Estado. O que \u00e9 poss\u00edvel sem muitos contratempos. Gina Mara mostrou o caminho das pedras a Edson, a \u2018Fidulin\u2019 e aos representantes de agremia\u00e7\u00f5es e se mostrou disposta a assessorar o pessoal com advogado e contador da liga que preside. Bom in\u00edcio.<\/p>\n<p style=\"text-align: justify;\"><strong>TRIPA<\/strong><br \/>\n* No pr\u00f3ximo dia 23, \u00e0s 14 horas, no plen\u00e1rio da C\u00e2mara Municipal, o professor J\u00falio Fidelis far\u00e1 uma explana\u00e7\u00e3o sobre a hist\u00f3ria de Resende com \u00eanfase na vida e obra de Pereira Barreto, personalidade das mais marcantes, lembrando pela lend\u00e1ria iniciativa que levou o caf\u00e9 a se expandir por S\u00e3o Paulo, pela inven\u00e7\u00e3o do guaran\u00e1, como refrigerante e tantas outras coisas. Vai ser um papo bem legal e \u00e9 mais uma iniciativa do projeto C\u00e2mara Cultural * O Coral Resencanto (funcion\u00e1rios da Prefeitura) se apresentou nessa ter\u00e7a-feira, na comemora\u00e7\u00e3o de 20 anos do Hospital de Emerg\u00eancia Henrique S\u00e9rgio Gregori. Cantaram os hinos Nacional e a Resende e a bela e solene \u2018Jubilate Deo\u2019. Mas o que fez sucesso mesmo foram os sapatos da soprano Sheila. Bel\u00edssimos * Come\u00e7ou domingo passado o Futebol So\u00e7aite Quarent\u00e3o da AABB. Os resultados da primeira rodada foram os seguintes: Brameiros 2 X 0 Brameiros Master, Casa da Lua 3 X 1 Ipiranga e Turma da Pelada 2 X 1 Real Sport. Os jogos deste domingo s\u00e3o: Real Sport X Casa da Lua (8h30min), Brameiros X Turma da Pelada (10h) e Brameiros Master X Ipiranga (11h15min.) Se um Brameiros j\u00e1 fazia muito barulho, dois Brameiros ent\u00e3o&#8230;* S\u00e1bado participei do corpo de jurados do festival de m\u00fasica na Sagrada Fam\u00edlia evento que integra a \u2018Olimp\u00edadas da F\u00e9\u2019. Junto comigo estavam Antonio Carlos de Paula, Melzaque Caetano e Erc\u00edlio Neto. A vencedora foi Luana Calderaro com a can\u00e7\u00e3o \u201cCompreender\u201d. Os demais concorrentes Aventura em Cristo, Jurac e Rol\u00e9 de Cristo tamb\u00e9m foram bem. Valeu !!! * E aproveitem os \u00faltimos espet\u00e1culos do Festival de Teatro. \u00c9 de gra\u00e7a e faz muito bem.<\/p>\n<p style=\"text-align: justify;\"><strong>ANIVERS\u00c1RIOS<\/strong><br \/>\nAmanh\u00e3, dia 20, muda de idade a Dra. Maria Eliza Bouza. Na Segunda, dia 22, o Z\u00e9 Roberto \u2018Mussum\u2019 e o Paulo Cesar Silva, o Cezinha, inauguram idade nova. No dia 24, o Jo\u00e3o Jos\u00e9, do \u201cVerde que te quero Ver-te\u201d, tamb\u00e9m fica mais experiente. No dia 26 a sopram velinhas a Renata Martinho Vila\u00e7a e a C\u00e9lia Borges. Dia 27 (dia de Cosme e Dami\u00e3o) recebem os \u2018parab\u00e9ns\u2019 a nossa amiga Loliza Domingues, daqui do <strong>BEIRA-RIO<\/strong>, outro jornalista, o Evaldo de Castro e o Jo\u00e3o Batista, do PCdoB. No dia 28 a minha amiga Mait\u00ea Vetorello, o Cl\u00e1udio De Ara\u00fajo e a Simone Fonseca contam mais um ano de vida. Parab\u00e9ns e todas as felicidades do mundo a eles.<\/p>\n","protected":false},"excerpt":{"rendered":"<p>Mem\u00f3rias Desordenadas.Letra \u2018B\u2019: Brizola A primeira vez que estive pessoalmente com Leonel Brizola foi em 1982. Ele estava virtualmente eleito governador, embora a apura\u00e7\u00e3o<\/p>\n","protected":false},"author":1,"featured_media":0,"comment_status":"open","ping_status":"open","sticky":false,"template":"","format":"standard","meta":{"pmpro_default_level":"","footnotes":""},"categories":[13],"tags":[],"class_list":["post-24739","post","type-post","status-publish","format-standard","hentry","category-social","pmpro-has-access"],"yoast_head":"<!-- This site is optimized with the Yoast SEO plugin v27.4 - https:\/\/yoast.com\/product\/yoast-seo-wordpress\/ -->\n<title>La\u00eds Amaral - JORNAL BEIRA RIO<\/title>\n<meta name=\"robots\" content=\"index, follow, max-snippet:-1, max-image-preview:large, max-video-preview:-1\" \/>\n<link rel=\"canonical\" href=\"https:\/\/jornalbeirario.com.br\/portal\/?p=24739\" \/>\n<meta property=\"og:locale\" content=\"pt_BR\" \/>\n<meta property=\"og:type\" content=\"article\" \/>\n<meta property=\"og:title\" content=\"La\u00eds Amaral - JORNAL BEIRA RIO\" \/>\n<meta property=\"og:description\" content=\"Mem\u00f3rias Desordenadas.Letra \u2018B\u2019: Brizola A primeira vez que estive pessoalmente com Leonel Brizola foi em 1982. Ele estava virtualmente eleito governador, embora a apura\u00e7\u00e3o\" \/>\n<meta property=\"og:url\" content=\"https:\/\/jornalbeirario.com.br\/portal\/?p=24739\" \/>\n<meta property=\"og:site_name\" content=\"JORNAL BEIRA RIO\" \/>\n<meta property=\"article:published_time\" content=\"2014-09-19T09:19:02+00:00\" \/>\n<meta name=\"author\" content=\"Jornal BEIRA-RIO\" \/>\n<meta name=\"twitter:card\" content=\"summary_large_image\" \/>\n<meta name=\"twitter:label1\" content=\"Escrito por\" \/>\n\t<meta name=\"twitter:data1\" content=\"Jornal BEIRA-RIO\" \/>\n\t<meta name=\"twitter:label2\" content=\"Est. tempo de leitura\" \/>\n\t<meta name=\"twitter:data2\" content=\"5 minutos\" \/>\n<script type=\"application\/ld+json\" class=\"yoast-schema-graph\">{\"@context\":\"https:\\\/\\\/schema.org\",\"@graph\":[{\"@type\":\"Article\",\"@id\":\"https:\\\/\\\/jornalbeirario.com.br\\\/portal\\\/?p=24739#article\",\"isPartOf\":{\"@id\":\"https:\\\/\\\/jornalbeirario.com.br\\\/portal\\\/?p=24739\"},\"author\":{\"name\":\"Jornal BEIRA-RIO\",\"@id\":\"https:\\\/\\\/jornalbeirario.com.br\\\/portal\\\/#\\\/schema\\\/person\\\/c6c423e4c2465d2a9233f6539173e7c1\"},\"headline\":\"La\u00eds Amaral\",\"datePublished\":\"2014-09-19T09:19:02+00:00\",\"mainEntityOfPage\":{\"@id\":\"https:\\\/\\\/jornalbeirario.com.br\\\/portal\\\/?p=24739\"},\"wordCount\":925,\"commentCount\":0,\"publisher\":{\"@id\":\"https:\\\/\\\/jornalbeirario.com.br\\\/portal\\\/#organization\"},\"articleSection\":[\"Social\"],\"inLanguage\":\"pt-BR\",\"potentialAction\":[{\"@type\":\"CommentAction\",\"name\":\"Comment\",\"target\":[\"https:\\\/\\\/jornalbeirario.com.br\\\/portal\\\/?p=24739#respond\"]}]},{\"@type\":\"WebPage\",\"@id\":\"https:\\\/\\\/jornalbeirario.com.br\\\/portal\\\/?p=24739\",\"url\":\"https:\\\/\\\/jornalbeirario.com.br\\\/portal\\\/?p=24739\",\"name\":\"La\u00eds Amaral - JORNAL BEIRA RIO\",\"isPartOf\":{\"@id\":\"https:\\\/\\\/jornalbeirario.com.br\\\/portal\\\/#website\"},\"datePublished\":\"2014-09-19T09:19:02+00:00\",\"breadcrumb\":{\"@id\":\"https:\\\/\\\/jornalbeirario.com.br\\\/portal\\\/?p=24739#breadcrumb\"},\"inLanguage\":\"pt-BR\",\"potentialAction\":[{\"@type\":\"ReadAction\",\"target\":[\"https:\\\/\\\/jornalbeirario.com.br\\\/portal\\\/?p=24739\"]}]},{\"@type\":\"BreadcrumbList\",\"@id\":\"https:\\\/\\\/jornalbeirario.com.br\\\/portal\\\/?p=24739#breadcrumb\",\"itemListElement\":[{\"@type\":\"ListItem\",\"position\":1,\"name\":\"Home\",\"item\":\"https:\\\/\\\/jornalbeirario.com.br\\\/portal\"},{\"@type\":\"ListItem\",\"position\":2,\"name\":\"La\u00eds Amaral\"}]},{\"@type\":\"WebSite\",\"@id\":\"https:\\\/\\\/jornalbeirario.com.br\\\/portal\\\/#website\",\"url\":\"https:\\\/\\\/jornalbeirario.com.br\\\/portal\\\/\",\"name\":\"JORNAL BEIRA RIO\",\"description\":\"\",\"publisher\":{\"@id\":\"https:\\\/\\\/jornalbeirario.com.br\\\/portal\\\/#organization\"},\"potentialAction\":[{\"@type\":\"SearchAction\",\"target\":{\"@type\":\"EntryPoint\",\"urlTemplate\":\"https:\\\/\\\/jornalbeirario.com.br\\\/portal\\\/?s={search_term_string}\"},\"query-input\":{\"@type\":\"PropertyValueSpecification\",\"valueRequired\":true,\"valueName\":\"search_term_string\"}}],\"inLanguage\":\"pt-BR\"},{\"@type\":\"Organization\",\"@id\":\"https:\\\/\\\/jornalbeirario.com.br\\\/portal\\\/#organization\",\"name\":\"JORNAL BEIRA RIO\",\"url\":\"https:\\\/\\\/jornalbeirario.com.br\\\/portal\\\/\",\"logo\":{\"@type\":\"ImageObject\",\"inLanguage\":\"pt-BR\",\"@id\":\"https:\\\/\\\/jornalbeirario.com.br\\\/portal\\\/#\\\/schema\\\/logo\\\/image\\\/\",\"url\":\"https:\\\/\\\/jornalbeirario.com.br\\\/portal\\\/wp-content\\\/uploads\\\/2017\\\/09\\\/BEIRA-RIO_logo600.png\",\"contentUrl\":\"https:\\\/\\\/jornalbeirario.com.br\\\/portal\\\/wp-content\\\/uploads\\\/2017\\\/09\\\/BEIRA-RIO_logo600.png\",\"width\":650,\"height\":108,\"caption\":\"JORNAL BEIRA RIO\"},\"image\":{\"@id\":\"https:\\\/\\\/jornalbeirario.com.br\\\/portal\\\/#\\\/schema\\\/logo\\\/image\\\/\"}},{\"@type\":\"Person\",\"@id\":\"https:\\\/\\\/jornalbeirario.com.br\\\/portal\\\/#\\\/schema\\\/person\\\/c6c423e4c2465d2a9233f6539173e7c1\",\"name\":\"Jornal BEIRA-RIO\",\"image\":{\"@type\":\"ImageObject\",\"inLanguage\":\"pt-BR\",\"@id\":\"https:\\\/\\\/jornalbeirario.com.br\\\/portal\\\/wp-content\\\/uploads\\\/2023\\\/10\\\/logojbr1.jpg\",\"url\":\"https:\\\/\\\/jornalbeirario.com.br\\\/portal\\\/wp-content\\\/uploads\\\/2023\\\/10\\\/logojbr1.jpg\",\"contentUrl\":\"https:\\\/\\\/jornalbeirario.com.br\\\/portal\\\/wp-content\\\/uploads\\\/2023\\\/10\\\/logojbr1.jpg\",\"caption\":\"Jornal BEIRA-RIO\"},\"url\":\"https:\\\/\\\/jornalbeirario.com.br\\\/portal\\\/?author=1\"}]}<\/script>\n<!-- \/ Yoast SEO plugin. -->","yoast_head_json":{"title":"La\u00eds Amaral - JORNAL BEIRA RIO","robots":{"index":"index","follow":"follow","max-snippet":"max-snippet:-1","max-image-preview":"max-image-preview:large","max-video-preview":"max-video-preview:-1"},"canonical":"https:\/\/jornalbeirario.com.br\/portal\/?p=24739","og_locale":"pt_BR","og_type":"article","og_title":"La\u00eds Amaral - JORNAL BEIRA RIO","og_description":"Mem\u00f3rias Desordenadas.Letra \u2018B\u2019: Brizola A primeira vez que estive pessoalmente com Leonel Brizola foi em 1982. Ele estava virtualmente eleito governador, embora a apura\u00e7\u00e3o","og_url":"https:\/\/jornalbeirario.com.br\/portal\/?p=24739","og_site_name":"JORNAL BEIRA RIO","article_published_time":"2014-09-19T09:19:02+00:00","author":"Jornal BEIRA-RIO","twitter_card":"summary_large_image","twitter_misc":{"Escrito por":"Jornal BEIRA-RIO","Est. tempo de leitura":"5 minutos"},"schema":{"@context":"https:\/\/schema.org","@graph":[{"@type":"Article","@id":"https:\/\/jornalbeirario.com.br\/portal\/?p=24739#article","isPartOf":{"@id":"https:\/\/jornalbeirario.com.br\/portal\/?p=24739"},"author":{"name":"Jornal BEIRA-RIO","@id":"https:\/\/jornalbeirario.com.br\/portal\/#\/schema\/person\/c6c423e4c2465d2a9233f6539173e7c1"},"headline":"La\u00eds Amaral","datePublished":"2014-09-19T09:19:02+00:00","mainEntityOfPage":{"@id":"https:\/\/jornalbeirario.com.br\/portal\/?p=24739"},"wordCount":925,"commentCount":0,"publisher":{"@id":"https:\/\/jornalbeirario.com.br\/portal\/#organization"},"articleSection":["Social"],"inLanguage":"pt-BR","potentialAction":[{"@type":"CommentAction","name":"Comment","target":["https:\/\/jornalbeirario.com.br\/portal\/?p=24739#respond"]}]},{"@type":"WebPage","@id":"https:\/\/jornalbeirario.com.br\/portal\/?p=24739","url":"https:\/\/jornalbeirario.com.br\/portal\/?p=24739","name":"La\u00eds Amaral - JORNAL BEIRA RIO","isPartOf":{"@id":"https:\/\/jornalbeirario.com.br\/portal\/#website"},"datePublished":"2014-09-19T09:19:02+00:00","breadcrumb":{"@id":"https:\/\/jornalbeirario.com.br\/portal\/?p=24739#breadcrumb"},"inLanguage":"pt-BR","potentialAction":[{"@type":"ReadAction","target":["https:\/\/jornalbeirario.com.br\/portal\/?p=24739"]}]},{"@type":"BreadcrumbList","@id":"https:\/\/jornalbeirario.com.br\/portal\/?p=24739#breadcrumb","itemListElement":[{"@type":"ListItem","position":1,"name":"Home","item":"https:\/\/jornalbeirario.com.br\/portal"},{"@type":"ListItem","position":2,"name":"La\u00eds Amaral"}]},{"@type":"WebSite","@id":"https:\/\/jornalbeirario.com.br\/portal\/#website","url":"https:\/\/jornalbeirario.com.br\/portal\/","name":"JORNAL BEIRA RIO","description":"","publisher":{"@id":"https:\/\/jornalbeirario.com.br\/portal\/#organization"},"potentialAction":[{"@type":"SearchAction","target":{"@type":"EntryPoint","urlTemplate":"https:\/\/jornalbeirario.com.br\/portal\/?s={search_term_string}"},"query-input":{"@type":"PropertyValueSpecification","valueRequired":true,"valueName":"search_term_string"}}],"inLanguage":"pt-BR"},{"@type":"Organization","@id":"https:\/\/jornalbeirario.com.br\/portal\/#organization","name":"JORNAL BEIRA RIO","url":"https:\/\/jornalbeirario.com.br\/portal\/","logo":{"@type":"ImageObject","inLanguage":"pt-BR","@id":"https:\/\/jornalbeirario.com.br\/portal\/#\/schema\/logo\/image\/","url":"https:\/\/jornalbeirario.com.br\/portal\/wp-content\/uploads\/2017\/09\/BEIRA-RIO_logo600.png","contentUrl":"https:\/\/jornalbeirario.com.br\/portal\/wp-content\/uploads\/2017\/09\/BEIRA-RIO_logo600.png","width":650,"height":108,"caption":"JORNAL BEIRA RIO"},"image":{"@id":"https:\/\/jornalbeirario.com.br\/portal\/#\/schema\/logo\/image\/"}},{"@type":"Person","@id":"https:\/\/jornalbeirario.com.br\/portal\/#\/schema\/person\/c6c423e4c2465d2a9233f6539173e7c1","name":"Jornal BEIRA-RIO","image":{"@type":"ImageObject","inLanguage":"pt-BR","@id":"https:\/\/jornalbeirario.com.br\/portal\/wp-content\/uploads\/2023\/10\/logojbr1.jpg","url":"https:\/\/jornalbeirario.com.br\/portal\/wp-content\/uploads\/2023\/10\/logojbr1.jpg","contentUrl":"https:\/\/jornalbeirario.com.br\/portal\/wp-content\/uploads\/2023\/10\/logojbr1.jpg","caption":"Jornal BEIRA-RIO"},"url":"https:\/\/jornalbeirario.com.br\/portal\/?author=1"}]}},"_links":{"self":[{"href":"https:\/\/jornalbeirario.com.br\/portal\/index.php?rest_route=\/wp\/v2\/posts\/24739","targetHints":{"allow":["GET"]}}],"collection":[{"href":"https:\/\/jornalbeirario.com.br\/portal\/index.php?rest_route=\/wp\/v2\/posts"}],"about":[{"href":"https:\/\/jornalbeirario.com.br\/portal\/index.php?rest_route=\/wp\/v2\/types\/post"}],"author":[{"embeddable":true,"href":"https:\/\/jornalbeirario.com.br\/portal\/index.php?rest_route=\/wp\/v2\/users\/1"}],"replies":[{"embeddable":true,"href":"https:\/\/jornalbeirario.com.br\/portal\/index.php?rest_route=%2Fwp%2Fv2%2Fcomments&post=24739"}],"version-history":[{"count":3,"href":"https:\/\/jornalbeirario.com.br\/portal\/index.php?rest_route=\/wp\/v2\/posts\/24739\/revisions"}],"predecessor-version":[{"id":24778,"href":"https:\/\/jornalbeirario.com.br\/portal\/index.php?rest_route=\/wp\/v2\/posts\/24739\/revisions\/24778"}],"wp:attachment":[{"href":"https:\/\/jornalbeirario.com.br\/portal\/index.php?rest_route=%2Fwp%2Fv2%2Fmedia&parent=24739"}],"wp:term":[{"taxonomy":"category","embeddable":true,"href":"https:\/\/jornalbeirario.com.br\/portal\/index.php?rest_route=%2Fwp%2Fv2%2Fcategories&post=24739"},{"taxonomy":"post_tag","embeddable":true,"href":"https:\/\/jornalbeirario.com.br\/portal\/index.php?rest_route=%2Fwp%2Fv2%2Ftags&post=24739"}],"curies":[{"name":"wp","href":"https:\/\/api.w.org\/{rel}","templated":true}]}}