
{"id":24690,"date":"2014-09-16T13:04:50","date_gmt":"2014-09-16T13:04:50","guid":{"rendered":"http:\/\/jornalbeirario.com.br\/portal\/portal\/?p=24690"},"modified":"2014-09-16T13:04:50","modified_gmt":"2014-09-16T13:04:50","slug":"inb-entrega-primeiro-relatorio-para-programa-de-educacao-ambiental-ao-ibama","status":"publish","type":"post","link":"https:\/\/jornalbeirario.com.br\/portal\/?p=24690","title":{"rendered":"INB entrega primeiro relat\u00f3rio para Programa de Educa\u00e7\u00e3o Ambiental ao Ibama"},"content":{"rendered":"<p>O assessor do presidente das Ind\u00fastrias Nucleares do Brasil (INB), C\u00e9sar Costa, enviou nesta segunda-feira, dia 15, ao Ibama o primeiro relat\u00f3rio semestral relacionado ao Programa de Educa\u00e7\u00e3o Ambiental (PEA) da planta qu\u00edmica da Resende. Trata-se de uma das condicionantes exigidas para concess\u00e3o da Licen\u00e7a de Opera\u00e7\u00e3o da F\u00e1brica de Combust\u00edvel Nuclear (FCN). Durante esse m\u00eas, ser\u00e3o realizadas duas tarefas pela empresa: o fechamento dos dados socioambientais, apurados em pesquisa realizada nas cidades de Areias, Resende e Itatiaia, e a elabora\u00e7\u00e3o das propostas de a\u00e7\u00f5es que ser\u00e3o realizadas com foco no p\u00fablico interno e externo.<\/p>\n<p>Para Costa o diagn\u00f3stico ambiental participativo desenvolvido pelo Centro Zoobot\u00e2nico (CZB) da INB, em colabora\u00e7\u00e3o com outros setores da INB, \u00e9 um term\u00f4metro, mapeando quest\u00f5es que s\u00e3o relevantes para as comunidades nas \u00e1reas de influ\u00eancia do empreendimento da FCN, ou para os trabalhadores.<\/p>\n<p>&#8211; O PEA, elaborado em decorr\u00eancia dessa an\u00e1lise, ser\u00e1 um dos ve\u00edculos de esclarecimento e de atendimento \u00e0s demandas da sociedade. Em segundo lugar, \u00e9 preciso enxergar o Plano inserido no contexto mais amplo, que envolve a coordena\u00e7\u00e3o articulada de diferentes a\u00e7\u00f5es socioambientais da INB, como por exemplo, os programas de educa\u00e7\u00e3o ambiental do trabalhador, de sensibiliza\u00e7\u00e3o ambiental, de monitora\u00e7\u00e3o ambiental, de preserva\u00e7\u00e3o e recupera\u00e7\u00e3o ambiental, de inser\u00e7\u00e3o regional, de comunica\u00e7\u00e3o social, e de responsabilidade social &#8211; \u00a0destacou.<\/p>\n<p>Segundo o assessor, essas atividades s\u00e3o norteadas pelas normas do Minist\u00e9rio do Meio Ambiente e do Ibama, bem como o Estudo de Impacto Ambiental elaborado pela INB, que servem de base para as atividades de prote\u00e7\u00e3o, recupera\u00e7\u00e3o e melhoria socioambiental, que vem sendo executadas ou propostas pela FCN.<\/p>\n<p>&#8211; Acreditamos que a INB est\u00e1 avan\u00e7ando neste caminho, com compet\u00eancia e resultados, como demonstra este trabalho que vem sendo realizado no \u00e2mbito do Programa de Educa\u00e7\u00e3o Ambiental da FCN &#8211; \u00a0frisou Costa.<\/p>\n<p>De acordo com umas principais articuladoras do Plano, a coordenadora do Centro Zoobot\u00e2nico, Fl\u00e1via Pires, depois de elaboradas as propostas, estas ser\u00e3o amplamente discutidas no interior da empresa e, posteriormente, encaminhadas ao Ibama.<\/p>\n<p>&#8211; Depois de atualizados os dados socioambientais fecharemos a proposta que resultar\u00e1 em dois volumes: o diagn\u00f3stico socioambiental participativo e a proposta do PEA &#8211; \u00a0comentou.<\/p>\n<p>Desde a decis\u00e3o da cria\u00e7\u00e3o do programa, uma s\u00e9rie de atividades foram realizadas para saber quais s\u00e3o as prioridades internas e externas a serem desenvolvidas no projeto. Foram promovidas v\u00e1rias pesquisas internas, al\u00e9m de ouvirem representantes das cidades de Areias, Resende e Itatiaia a fim de montar um plano de a\u00e7\u00e3o. As oficinas internas participativas tamb\u00e9m foram importantes para definir os rumos a serem seguidos, respeitando \u00e9 claro, as exig\u00eancias pr\u00e9-estabelecidas pelo Ibama.<\/p>\n<p>O projeto, que vem sendo desenvolvido desde final de 2013, j\u00e1 evoluiu significativamente e come\u00e7a a entrar em fase final. Ap\u00f3s a elabora\u00e7\u00e3o do plano escrito e a decis\u00e3o da empresa em conjunto com o Ibama, o Programa de Educa\u00e7\u00e3o Ambiental na INB e nas cidades vizinhas come\u00e7ar\u00e1 a ser implantado visando a conscientiza\u00e7\u00e3o das atividades desenvolvidas na FCN e as prioridades abordadas pelas comunidades vizinhas.<\/p>\n<p>&#8211; Essa \u00e9 uma atividade que precisa da ades\u00e3o de todos, porque conscientiza\u00e7\u00e3o do Meio Ambiente depende de cada um &#8211; \u00a0explica Flavia.<\/p>\n<p>Todo o trabalho desenvolvido pela equipe do CZB gerou uma participa\u00e7\u00e3o positiva tanto dos empregados da FCN como tamb\u00e9m dos representantes das cidades envolvidas. Essa ampla divulga\u00e7\u00e3o ajudou tamb\u00e9m para tratar os assuntos pautados pela comunidade como priorit\u00e1rio no quesito Meio Ambiente.<\/p>\n<p>Fonte: Assessoria de Comunica\u00e7\u00e3o INB<\/p>\n","protected":false},"excerpt":{"rendered":"<p>O assessor do presidente das Ind\u00fastrias Nucleares do Brasil (INB), C\u00e9sar Costa, enviou nesta segunda-feira, dia 15, ao Ibama o primeiro relat\u00f3rio semestral relacionado<\/p>\n","protected":false},"author":1,"featured_media":24691,"comment_status":"open","ping_status":"open","sticky":false,"template":"","format":"standard","meta":{"pmpro_default_level":"","footnotes":""},"categories":[6],"tags":[155],"class_list":["post-24690","post","type-post","status-publish","format-standard","has-post-thumbnail","hentry","category-economia","tag-dehoraemhora","pmpro-has-access"],"yoast_head":"<!-- This site is optimized with the Yoast SEO plugin v27.4 - https:\/\/yoast.com\/product\/yoast-seo-wordpress\/ -->\n<title>INB entrega primeiro relat\u00f3rio para Programa de Educa\u00e7\u00e3o Ambiental ao Ibama - JORNAL BEIRA RIO<\/title>\n<meta name=\"robots\" content=\"index, follow, max-snippet:-1, max-image-preview:large, max-video-preview:-1\" \/>\n<link rel=\"canonical\" href=\"https:\/\/jornalbeirario.com.br\/portal\/?p=24690\" \/>\n<meta property=\"og:locale\" content=\"pt_BR\" \/>\n<meta property=\"og:type\" content=\"article\" \/>\n<meta property=\"og:title\" content=\"INB entrega primeiro relat\u00f3rio para Programa de Educa\u00e7\u00e3o Ambiental ao Ibama - JORNAL BEIRA RIO\" \/>\n<meta property=\"og:description\" content=\"O assessor do presidente das Ind\u00fastrias Nucleares do Brasil (INB), C\u00e9sar Costa, enviou nesta segunda-feira, dia 15, ao Ibama o primeiro relat\u00f3rio semestral relacionado\" \/>\n<meta property=\"og:url\" content=\"https:\/\/jornalbeirario.com.br\/portal\/?p=24690\" \/>\n<meta property=\"og:site_name\" content=\"JORNAL BEIRA RIO\" \/>\n<meta property=\"article:published_time\" content=\"2014-09-16T13:04:50+00:00\" \/>\n<meta property=\"og:image\" content=\"https:\/\/jornalbeirario.com.br\/portal\/wp-content\/uploads\/2014\/09\/Cesar-Costa.jpg\" \/>\n\t<meta property=\"og:image:width\" content=\"640\" \/>\n\t<meta property=\"og:image:height\" content=\"480\" \/>\n\t<meta property=\"og:image:type\" content=\"image\/jpeg\" \/>\n<meta name=\"author\" content=\"Jornal BEIRA-RIO\" \/>\n<meta name=\"twitter:card\" content=\"summary_large_image\" \/>\n<meta name=\"twitter:label1\" content=\"Escrito por\" \/>\n\t<meta name=\"twitter:data1\" content=\"Jornal BEIRA-RIO\" \/>\n\t<meta name=\"twitter:label2\" content=\"Est. tempo de leitura\" \/>\n\t<meta name=\"twitter:data2\" content=\"3 minutos\" \/>\n<script type=\"application\/ld+json\" class=\"yoast-schema-graph\">{\"@context\":\"https:\\\/\\\/schema.org\",\"@graph\":[{\"@type\":\"Article\",\"@id\":\"https:\\\/\\\/jornalbeirario.com.br\\\/portal\\\/?p=24690#article\",\"isPartOf\":{\"@id\":\"https:\\\/\\\/jornalbeirario.com.br\\\/portal\\\/?p=24690\"},\"author\":{\"name\":\"Jornal BEIRA-RIO\",\"@id\":\"https:\\\/\\\/jornalbeirario.com.br\\\/portal\\\/#\\\/schema\\\/person\\\/c6c423e4c2465d2a9233f6539173e7c1\"},\"headline\":\"INB entrega primeiro relat\u00f3rio para Programa de Educa\u00e7\u00e3o Ambiental ao Ibama\",\"datePublished\":\"2014-09-16T13:04:50+00:00\",\"mainEntityOfPage\":{\"@id\":\"https:\\\/\\\/jornalbeirario.com.br\\\/portal\\\/?p=24690\"},\"wordCount\":643,\"commentCount\":2,\"publisher\":{\"@id\":\"https:\\\/\\\/jornalbeirario.com.br\\\/portal\\\/#organization\"},\"image\":{\"@id\":\"https:\\\/\\\/jornalbeirario.com.br\\\/portal\\\/?p=24690#primaryimage\"},\"thumbnailUrl\":\"https:\\\/\\\/jornalbeirario.com.br\\\/portal\\\/wp-content\\\/uploads\\\/2014\\\/09\\\/Cesar-Costa.jpg\",\"keywords\":[\"dehoraemhora\"],\"articleSection\":[\"Economia\"],\"inLanguage\":\"pt-BR\",\"potentialAction\":[{\"@type\":\"CommentAction\",\"name\":\"Comment\",\"target\":[\"https:\\\/\\\/jornalbeirario.com.br\\\/portal\\\/?p=24690#respond\"]}]},{\"@type\":\"WebPage\",\"@id\":\"https:\\\/\\\/jornalbeirario.com.br\\\/portal\\\/?p=24690\",\"url\":\"https:\\\/\\\/jornalbeirario.com.br\\\/portal\\\/?p=24690\",\"name\":\"INB entrega primeiro relat\u00f3rio para Programa de Educa\u00e7\u00e3o Ambiental ao Ibama - JORNAL BEIRA RIO\",\"isPartOf\":{\"@id\":\"https:\\\/\\\/jornalbeirario.com.br\\\/portal\\\/#website\"},\"primaryImageOfPage\":{\"@id\":\"https:\\\/\\\/jornalbeirario.com.br\\\/portal\\\/?p=24690#primaryimage\"},\"image\":{\"@id\":\"https:\\\/\\\/jornalbeirario.com.br\\\/portal\\\/?p=24690#primaryimage\"},\"thumbnailUrl\":\"https:\\\/\\\/jornalbeirario.com.br\\\/portal\\\/wp-content\\\/uploads\\\/2014\\\/09\\\/Cesar-Costa.jpg\",\"datePublished\":\"2014-09-16T13:04:50+00:00\",\"breadcrumb\":{\"@id\":\"https:\\\/\\\/jornalbeirario.com.br\\\/portal\\\/?p=24690#breadcrumb\"},\"inLanguage\":\"pt-BR\",\"potentialAction\":[{\"@type\":\"ReadAction\",\"target\":[\"https:\\\/\\\/jornalbeirario.com.br\\\/portal\\\/?p=24690\"]}]},{\"@type\":\"ImageObject\",\"inLanguage\":\"pt-BR\",\"@id\":\"https:\\\/\\\/jornalbeirario.com.br\\\/portal\\\/?p=24690#primaryimage\",\"url\":\"https:\\\/\\\/jornalbeirario.com.br\\\/portal\\\/wp-content\\\/uploads\\\/2014\\\/09\\\/Cesar-Costa.jpg\",\"contentUrl\":\"https:\\\/\\\/jornalbeirario.com.br\\\/portal\\\/wp-content\\\/uploads\\\/2014\\\/09\\\/Cesar-Costa.jpg\",\"width\":\"640\",\"height\":\"480\"},{\"@type\":\"BreadcrumbList\",\"@id\":\"https:\\\/\\\/jornalbeirario.com.br\\\/portal\\\/?p=24690#breadcrumb\",\"itemListElement\":[{\"@type\":\"ListItem\",\"position\":1,\"name\":\"Home\",\"item\":\"https:\\\/\\\/jornalbeirario.com.br\\\/portal\"},{\"@type\":\"ListItem\",\"position\":2,\"name\":\"INB entrega primeiro relat\u00f3rio para Programa de Educa\u00e7\u00e3o Ambiental ao Ibama\"}]},{\"@type\":\"WebSite\",\"@id\":\"https:\\\/\\\/jornalbeirario.com.br\\\/portal\\\/#website\",\"url\":\"https:\\\/\\\/jornalbeirario.com.br\\\/portal\\\/\",\"name\":\"JORNAL BEIRA RIO\",\"description\":\"\",\"publisher\":{\"@id\":\"https:\\\/\\\/jornalbeirario.com.br\\\/portal\\\/#organization\"},\"potentialAction\":[{\"@type\":\"SearchAction\",\"target\":{\"@type\":\"EntryPoint\",\"urlTemplate\":\"https:\\\/\\\/jornalbeirario.com.br\\\/portal\\\/?s={search_term_string}\"},\"query-input\":{\"@type\":\"PropertyValueSpecification\",\"valueRequired\":true,\"valueName\":\"search_term_string\"}}],\"inLanguage\":\"pt-BR\"},{\"@type\":\"Organization\",\"@id\":\"https:\\\/\\\/jornalbeirario.com.br\\\/portal\\\/#organization\",\"name\":\"JORNAL BEIRA RIO\",\"url\":\"https:\\\/\\\/jornalbeirario.com.br\\\/portal\\\/\",\"logo\":{\"@type\":\"ImageObject\",\"inLanguage\":\"pt-BR\",\"@id\":\"https:\\\/\\\/jornalbeirario.com.br\\\/portal\\\/#\\\/schema\\\/logo\\\/image\\\/\",\"url\":\"https:\\\/\\\/jornalbeirario.com.br\\\/portal\\\/wp-content\\\/uploads\\\/2017\\\/09\\\/BEIRA-RIO_logo600.png\",\"contentUrl\":\"https:\\\/\\\/jornalbeirario.com.br\\\/portal\\\/wp-content\\\/uploads\\\/2017\\\/09\\\/BEIRA-RIO_logo600.png\",\"width\":650,\"height\":108,\"caption\":\"JORNAL BEIRA RIO\"},\"image\":{\"@id\":\"https:\\\/\\\/jornalbeirario.com.br\\\/portal\\\/#\\\/schema\\\/logo\\\/image\\\/\"}},{\"@type\":\"Person\",\"@id\":\"https:\\\/\\\/jornalbeirario.com.br\\\/portal\\\/#\\\/schema\\\/person\\\/c6c423e4c2465d2a9233f6539173e7c1\",\"name\":\"Jornal BEIRA-RIO\",\"image\":{\"@type\":\"ImageObject\",\"inLanguage\":\"pt-BR\",\"@id\":\"https:\\\/\\\/jornalbeirario.com.br\\\/portal\\\/wp-content\\\/uploads\\\/2023\\\/10\\\/logojbr1.jpg\",\"url\":\"https:\\\/\\\/jornalbeirario.com.br\\\/portal\\\/wp-content\\\/uploads\\\/2023\\\/10\\\/logojbr1.jpg\",\"contentUrl\":\"https:\\\/\\\/jornalbeirario.com.br\\\/portal\\\/wp-content\\\/uploads\\\/2023\\\/10\\\/logojbr1.jpg\",\"caption\":\"Jornal BEIRA-RIO\"},\"url\":\"https:\\\/\\\/jornalbeirario.com.br\\\/portal\\\/?author=1\"}]}<\/script>\n<!-- \/ Yoast SEO plugin. -->","yoast_head_json":{"title":"INB entrega primeiro relat\u00f3rio para Programa de Educa\u00e7\u00e3o Ambiental ao Ibama - JORNAL BEIRA RIO","robots":{"index":"index","follow":"follow","max-snippet":"max-snippet:-1","max-image-preview":"max-image-preview:large","max-video-preview":"max-video-preview:-1"},"canonical":"https:\/\/jornalbeirario.com.br\/portal\/?p=24690","og_locale":"pt_BR","og_type":"article","og_title":"INB entrega primeiro relat\u00f3rio para Programa de Educa\u00e7\u00e3o Ambiental ao Ibama - JORNAL BEIRA RIO","og_description":"O assessor do presidente das Ind\u00fastrias Nucleares do Brasil (INB), C\u00e9sar Costa, enviou nesta segunda-feira, dia 15, ao Ibama o primeiro relat\u00f3rio semestral relacionado","og_url":"https:\/\/jornalbeirario.com.br\/portal\/?p=24690","og_site_name":"JORNAL BEIRA RIO","article_published_time":"2014-09-16T13:04:50+00:00","og_image":[{"width":640,"height":480,"url":"https:\/\/jornalbeirario.com.br\/portal\/wp-content\/uploads\/2014\/09\/Cesar-Costa.jpg","type":"image\/jpeg"}],"author":"Jornal BEIRA-RIO","twitter_card":"summary_large_image","twitter_misc":{"Escrito por":"Jornal BEIRA-RIO","Est. tempo de leitura":"3 minutos"},"schema":{"@context":"https:\/\/schema.org","@graph":[{"@type":"Article","@id":"https:\/\/jornalbeirario.com.br\/portal\/?p=24690#article","isPartOf":{"@id":"https:\/\/jornalbeirario.com.br\/portal\/?p=24690"},"author":{"name":"Jornal BEIRA-RIO","@id":"https:\/\/jornalbeirario.com.br\/portal\/#\/schema\/person\/c6c423e4c2465d2a9233f6539173e7c1"},"headline":"INB entrega primeiro relat\u00f3rio para Programa de Educa\u00e7\u00e3o Ambiental ao Ibama","datePublished":"2014-09-16T13:04:50+00:00","mainEntityOfPage":{"@id":"https:\/\/jornalbeirario.com.br\/portal\/?p=24690"},"wordCount":643,"commentCount":2,"publisher":{"@id":"https:\/\/jornalbeirario.com.br\/portal\/#organization"},"image":{"@id":"https:\/\/jornalbeirario.com.br\/portal\/?p=24690#primaryimage"},"thumbnailUrl":"https:\/\/jornalbeirario.com.br\/portal\/wp-content\/uploads\/2014\/09\/Cesar-Costa.jpg","keywords":["dehoraemhora"],"articleSection":["Economia"],"inLanguage":"pt-BR","potentialAction":[{"@type":"CommentAction","name":"Comment","target":["https:\/\/jornalbeirario.com.br\/portal\/?p=24690#respond"]}]},{"@type":"WebPage","@id":"https:\/\/jornalbeirario.com.br\/portal\/?p=24690","url":"https:\/\/jornalbeirario.com.br\/portal\/?p=24690","name":"INB entrega primeiro relat\u00f3rio para Programa de Educa\u00e7\u00e3o Ambiental ao Ibama - JORNAL BEIRA RIO","isPartOf":{"@id":"https:\/\/jornalbeirario.com.br\/portal\/#website"},"primaryImageOfPage":{"@id":"https:\/\/jornalbeirario.com.br\/portal\/?p=24690#primaryimage"},"image":{"@id":"https:\/\/jornalbeirario.com.br\/portal\/?p=24690#primaryimage"},"thumbnailUrl":"https:\/\/jornalbeirario.com.br\/portal\/wp-content\/uploads\/2014\/09\/Cesar-Costa.jpg","datePublished":"2014-09-16T13:04:50+00:00","breadcrumb":{"@id":"https:\/\/jornalbeirario.com.br\/portal\/?p=24690#breadcrumb"},"inLanguage":"pt-BR","potentialAction":[{"@type":"ReadAction","target":["https:\/\/jornalbeirario.com.br\/portal\/?p=24690"]}]},{"@type":"ImageObject","inLanguage":"pt-BR","@id":"https:\/\/jornalbeirario.com.br\/portal\/?p=24690#primaryimage","url":"https:\/\/jornalbeirario.com.br\/portal\/wp-content\/uploads\/2014\/09\/Cesar-Costa.jpg","contentUrl":"https:\/\/jornalbeirario.com.br\/portal\/wp-content\/uploads\/2014\/09\/Cesar-Costa.jpg","width":"640","height":"480"},{"@type":"BreadcrumbList","@id":"https:\/\/jornalbeirario.com.br\/portal\/?p=24690#breadcrumb","itemListElement":[{"@type":"ListItem","position":1,"name":"Home","item":"https:\/\/jornalbeirario.com.br\/portal"},{"@type":"ListItem","position":2,"name":"INB entrega primeiro relat\u00f3rio para Programa de Educa\u00e7\u00e3o Ambiental ao Ibama"}]},{"@type":"WebSite","@id":"https:\/\/jornalbeirario.com.br\/portal\/#website","url":"https:\/\/jornalbeirario.com.br\/portal\/","name":"JORNAL BEIRA RIO","description":"","publisher":{"@id":"https:\/\/jornalbeirario.com.br\/portal\/#organization"},"potentialAction":[{"@type":"SearchAction","target":{"@type":"EntryPoint","urlTemplate":"https:\/\/jornalbeirario.com.br\/portal\/?s={search_term_string}"},"query-input":{"@type":"PropertyValueSpecification","valueRequired":true,"valueName":"search_term_string"}}],"inLanguage":"pt-BR"},{"@type":"Organization","@id":"https:\/\/jornalbeirario.com.br\/portal\/#organization","name":"JORNAL BEIRA RIO","url":"https:\/\/jornalbeirario.com.br\/portal\/","logo":{"@type":"ImageObject","inLanguage":"pt-BR","@id":"https:\/\/jornalbeirario.com.br\/portal\/#\/schema\/logo\/image\/","url":"https:\/\/jornalbeirario.com.br\/portal\/wp-content\/uploads\/2017\/09\/BEIRA-RIO_logo600.png","contentUrl":"https:\/\/jornalbeirario.com.br\/portal\/wp-content\/uploads\/2017\/09\/BEIRA-RIO_logo600.png","width":650,"height":108,"caption":"JORNAL BEIRA RIO"},"image":{"@id":"https:\/\/jornalbeirario.com.br\/portal\/#\/schema\/logo\/image\/"}},{"@type":"Person","@id":"https:\/\/jornalbeirario.com.br\/portal\/#\/schema\/person\/c6c423e4c2465d2a9233f6539173e7c1","name":"Jornal BEIRA-RIO","image":{"@type":"ImageObject","inLanguage":"pt-BR","@id":"https:\/\/jornalbeirario.com.br\/portal\/wp-content\/uploads\/2023\/10\/logojbr1.jpg","url":"https:\/\/jornalbeirario.com.br\/portal\/wp-content\/uploads\/2023\/10\/logojbr1.jpg","contentUrl":"https:\/\/jornalbeirario.com.br\/portal\/wp-content\/uploads\/2023\/10\/logojbr1.jpg","caption":"Jornal BEIRA-RIO"},"url":"https:\/\/jornalbeirario.com.br\/portal\/?author=1"}]}},"_links":{"self":[{"href":"https:\/\/jornalbeirario.com.br\/portal\/index.php?rest_route=\/wp\/v2\/posts\/24690","targetHints":{"allow":["GET"]}}],"collection":[{"href":"https:\/\/jornalbeirario.com.br\/portal\/index.php?rest_route=\/wp\/v2\/posts"}],"about":[{"href":"https:\/\/jornalbeirario.com.br\/portal\/index.php?rest_route=\/wp\/v2\/types\/post"}],"author":[{"embeddable":true,"href":"https:\/\/jornalbeirario.com.br\/portal\/index.php?rest_route=\/wp\/v2\/users\/1"}],"replies":[{"embeddable":true,"href":"https:\/\/jornalbeirario.com.br\/portal\/index.php?rest_route=%2Fwp%2Fv2%2Fcomments&post=24690"}],"version-history":[{"count":2,"href":"https:\/\/jornalbeirario.com.br\/portal\/index.php?rest_route=\/wp\/v2\/posts\/24690\/revisions"}],"predecessor-version":[{"id":24693,"href":"https:\/\/jornalbeirario.com.br\/portal\/index.php?rest_route=\/wp\/v2\/posts\/24690\/revisions\/24693"}],"wp:featuredmedia":[{"embeddable":true,"href":"https:\/\/jornalbeirario.com.br\/portal\/index.php?rest_route=\/wp\/v2\/media\/24691"}],"wp:attachment":[{"href":"https:\/\/jornalbeirario.com.br\/portal\/index.php?rest_route=%2Fwp%2Fv2%2Fmedia&parent=24690"}],"wp:term":[{"taxonomy":"category","embeddable":true,"href":"https:\/\/jornalbeirario.com.br\/portal\/index.php?rest_route=%2Fwp%2Fv2%2Fcategories&post=24690"},{"taxonomy":"post_tag","embeddable":true,"href":"https:\/\/jornalbeirario.com.br\/portal\/index.php?rest_route=%2Fwp%2Fv2%2Ftags&post=24690"}],"curies":[{"name":"wp","href":"https:\/\/api.w.org\/{rel}","templated":true}]}}