
{"id":24591,"date":"2014-09-12T09:20:04","date_gmt":"2014-09-12T09:20:04","guid":{"rendered":"http:\/\/jornalbeirario.com.br\/portal\/portal\/?p=24591"},"modified":"2014-09-12T09:20:04","modified_gmt":"2014-09-12T09:20:04","slug":"quem-pensa-para-os-empresarios","status":"publish","type":"post","link":"https:\/\/jornalbeirario.com.br\/portal\/?p=24591","title":{"rendered":"QUEM PENSA? Para os empres\u00e1rios!"},"content":{"rendered":"<p style=\"text-align: justify;\">H\u00e1 duas semanas conversava com um empres\u00e1rio de Resende que, se mostrou completamente ref\u00e9m do pessimismo sobre as perspectivas econ\u00f4micas e pol\u00edticas na cidade. Ele j\u00e1 sabia da suspens\u00e3o de contratos de trabalho que a Nissan faria, como anunciado esta semana; revelou tamb\u00e9m \u2013 deve ter suas fontes &#8211; que a sonega\u00e7\u00e3o na cidade cresce em ano eleitoral, mas que n\u00e3o interessa \u2013 por motivos \u00f3bvios \u2013 a prefeitura anunciar isso, pois na verdade funciona como uma moeda de troca. Este empres\u00e1rio chegou a demonstrar indigna\u00e7\u00e3o: lembrou de tempos passados, quando \u201cos pol\u00edticos eram honrados\u201d e quase sempre \u201ccumpriam a palavra empenhada\u201d. Mas entenda-se a\u00ed, ele fez quest\u00e3o de explicar, a palavra sobre o compromisso do governo e daquele governante com a pol\u00edtica p\u00fablica. Disse que nunca foi inocente e sabe que a corrup\u00e7\u00e3o sempre esteve presente em v\u00e1rios segmentos e que no mundo corporativo, que se relaciona com o poder p\u00fablico, sempre existiu o jogo de \u201cS\u00e3o Francisco\u201d. Mas o que me chamou a aten\u00e7\u00e3o na conversa, foi que este empres\u00e1rio acredita que Resende poder\u00e1 nos pr\u00f3ximos anos sair de uma posi\u00e7\u00e3o ainda confort\u00e1vel economicamente para um caos, o qual ele denominou de \u201cgame over\u201d.<\/p>\n<p style=\"text-align: justify;\">Quis entender mais o que isso significava. Ele come\u00e7ou a explicar: \u201cResende como o Brasil tem potencial para o crescimento, mas quando os interesses p\u00fablicos, as pol\u00edticas p\u00fablicas s\u00e3o preteridas pelos interesses privados que grassam hoje de forma excessiva, ou seja, tudo tem que ter acordo, tudo tem que ter vantagem para o setor privado em detrimento do interesse p\u00fablico, as perspectivas \u00e9 a m\u00e9dio e longo prazos de estagna\u00e7\u00e3o tamb\u00e9m para o setor privado. Isto significa que aquelas potencialidades poder\u00e3o ser anuladas e com isso o crescimento do munic\u00edpio porque os diversos segmentos tamb\u00e9m n\u00e3o acreditam mais em possibilidade de crescimento, acreditam apenas no lucro imediato, na vantagem do contrato, ou seja&#8230; game over\u201d.<\/p>\n<p style=\"text-align: justify;\">Parei, absorvi e engatei a pergunta: o que podemos fazer? E gostei em parte quando ele disse: \u201cvoc\u00ea e o ComSocial (Comit\u00ea pela Transpar\u00eancia e Controle Social) est\u00e3o fazendo ou pelo menos come\u00e7aram. A cobran\u00e7a por transpar\u00eancia, mas infelizmente voc\u00eas s\u00e3o apenas meia d\u00fazia numa cidade de 130 mil habitantes\u201d. Em parte porque n\u00e3o somos apenas meia d\u00fazia. Somos meia d\u00fazia. Dispenso o adv\u00e9rbio. Brincadeiras \u00e0 parte, n\u00e3o somos meia d\u00fazia, s\u00f3 temos dificuldades ainda de formar o corpo do ComSocial; ele engatinha nos seus quase dois anos de exist\u00eancia e concordo com o empres\u00e1rio sobre a transpar\u00eancia. \u00c9 na minha opini\u00e3o, o \u00fanico instrumento para minimizar as quest\u00f5es de corrup\u00e7\u00e3o que ele demonstrou grande preocupa\u00e7\u00e3o. De certa forma, me senti menos solit\u00e1ria na causa. Como ele, outros empres\u00e1rios pensam da mesma forma. Isso significa que podemos mudar o final do jogo e evitar o game over para Resende, ainda que tenhamos de fato situa\u00e7\u00f5es que nos levem a pensar de maneira antag\u00f4nica.<\/p>\n<p style=\"text-align: justify;\">\u00c9 preciso combater a corrup\u00e7\u00e3o de todas as maneiras, intensa e insistentemente. E vejo que a transpar\u00eancia \u00e9 sem d\u00favida a maneira mais eficiente de fazer isso. Vejam s\u00f3: o Brasil, na \u00faltima pesquisa da Transpar\u00eancia Internacional (entidade sediada na Alemanha) que mede o \u00cdndice de Percep\u00e7\u00e3o da Corrup\u00e7\u00e3o (Corruption Perceptions Index \u2013 CPI), &#8211; usado para medir a percep\u00e7\u00e3o do grau de corrup\u00e7\u00e3o de funcion\u00e1rios p\u00fablicos e pol\u00edticos \u2013 ficou com 4.2 pontos. Vergonhosos 4.2 pontos. Para entender, quanto mais pr\u00f3ximo de zero e distante de dez, maior \u00e9 a sensa\u00e7\u00e3o de corrup\u00e7\u00e3o no pa\u00eds, segundo a pesquisa. Mas tem um outro \u00edndice que a Transpar\u00eancia Internacional criou: o \u00cdndice de Pagadores de Suborno (Bribe Payers Index &#8211; BPI), que mede a probabilidade de que empresas &#8220;molham a m\u00e3o&#8221; de pol\u00edticos e autoridades. E advinha a posi\u00e7\u00e3o do Brasil? Pois \u00e9&#8230; figura entre os primeiros pa\u00edses que mais subornam. Ainda que os dados mostrem, a princ\u00edpio, pr\u00e1ticas das rela\u00e7\u00f5es comerciais com o exterior n\u00e3o podemos dissociar a pr\u00e1tica interna.<\/p>\n<p style=\"text-align: justify;\">Voltando a Resende e a reflex\u00e3o do empres\u00e1rio \u201cgame over\u201d ficou claro, pelo menos pra mim, que alguma coisa tem que ser feita e que s\u00e3o os pr\u00f3prios empres\u00e1rios que ter\u00e3o que tomar a iniciativa. Ainda que, em alguns momentos, acreditem que dominam a situa\u00e7\u00e3o porque fazem parte de grupos agraciados, no \u00e2mbito do poder e \u201camigos\u201d de pol\u00edticos (como se pol\u00edticos tivessem amigos) percebi que h\u00e1, l\u00e1 no fundo, um medo claro do desmonte de seus patrim\u00f4nios. Afinal, um empres\u00e1rio, um dono de empresa, n\u00e3o constr\u00f3i para quatro ou oito anos, apenas. Aqui o adv\u00e9rbio cabe bem. Uma empresa \u00e9 constru\u00edda ou herdada com prop\u00f3sitos perenes, para os filhos, netos. Ou n\u00e3o? Claro, que o lucro \u00e9 a m\u00e1xima desses homens de neg\u00f3cio. Muito cifr\u00e3o \u00e9 o que interessa, mas este lucro e tudo que ele pode proporcionar n\u00e3o pode correr o risco de secar a fonte, de matar a galinha dos ovos de ouro. Entende?<\/p>\n<p style=\"text-align: justify;\">No mundo empresarial, &#8211; sem generalizar &#8211; a corrup\u00e7\u00e3o, \u00e9 vista como um instrumento necess\u00e1rio \u00e0 manuten\u00e7\u00e3o da pr\u00f3pria competitividade, j\u00e1 que todos est\u00e3o, assim entendem, num meio reconhecidamente corrupto. \u201cAqueles que abdicarem da corrup\u00e7\u00e3o se ver\u00e3o em uma posi\u00e7\u00e3o de inferioridade em rela\u00e7\u00e3o aos competidores que se utilizam desse mecanismo, sendo poss\u00edvel, at\u00e9 mesmo, sua exclus\u00e3o da pr\u00f3pria competi\u00e7\u00e3o (v.g.: \u00f3rg\u00e3o p\u00fablico cujos agentes fraudam com frequ\u00eancia suas licita\u00e7\u00f5es ou que exigem um percentual do objeto do contrato para a sua adjudica\u00e7\u00e3o, somente permitir\u00e1 que o certame seja vencido por empresa que se adequar\u00e1 ao esquema de corrup\u00e7\u00e3o). O contratante beneficiado pelos atos de corrup\u00e7\u00e3o, n\u00e3o raro, deixa de cumprir os requisitos t\u00e9cnicos exigidos para o caso e deixa de realizar a melhor presta\u00e7\u00e3o, isto porque o custo da corrup\u00e7\u00e3o haver\u00e1 de ser transferido para a execu\u00e7\u00e3o do contrato, o que redundar\u00e1 em presta\u00e7\u00e3o com quantidade ou qualidade inferior \u00e0 contratada.<\/p>\n<p style=\"text-align: justify;\">As formas de corrup\u00e7\u00e3o &#8211; n\u00e3o s\u00f3 toleradas como estimuladas no \u00e2mbito empresarial &#8211; apresentam m\u00faltiplas varia\u00e7\u00f5es. Dentre as mais comuns, podem ser mencionadas: a) a entrega de presentes aos agentes p\u00fablicos que de algum modo possam beneficiar a empresa no exerc\u00edcio da fun\u00e7\u00e3o; b) a desmesurada hospitalidade na recep\u00e7\u00e3o dos agentes p\u00fablicos; c) o custeio de despesas que recaem sobre tais agentes; d) o fornecimento de viagens gratuitas etc.<\/p>\n<p style=\"text-align: justify;\">A corrup\u00e7\u00e3o pode se manifestar, igualmente, como proje\u00e7\u00e3o das alian\u00e7as que propiciaram ao agente p\u00fablico a ascens\u00e3o ao poder. Em casos tais, os benef\u00edcios auferidos pelo agente antecederam o pr\u00f3prio exerc\u00edcio da fun\u00e7\u00e3o p\u00fablica, mas gerar\u00e3o reflexos na atividade final\u00edstica a ser por ele ulteriormente desenvolvida. Trata-se de verdadeira corrup\u00e7\u00e3o diferida, na qual a vantagem recebida no presente desvirtuar\u00e1 a atividade administrativa em momento futuro\u201d. (GARCIA, Emerson. A Corrup\u00e7\u00e3o. Uma vis\u00e3o jur\u00eddico-sociol\u00f3gica).<\/p>\n<p style=\"text-align: justify;\">Repetindo: \u201cTrata-se de verdadeira corrup\u00e7\u00e3o diferida, na qual a vantagem recebida no presente desvirtuar\u00e1 a atividade administrativa em momento futuro\u201d. Futuro? Futuro! Futuro. E voltando a Resende, penso que as conversas-lamento de esquinas, ou de encontros informais entre empres\u00e1rios, assim como suas manifesta\u00e7\u00f5es de indigna\u00e7\u00e3o quanto \u00e0 \u201ccorrup\u00e7\u00e3o no pa\u00eds\u201d como se pudessem isolar ou federalizar a corrup\u00e7\u00e3o ou pior ainda, querer dar grau de maior ou menor \u00e0 corrup\u00e7\u00e3o, precisam de uma revis\u00e3o urgente. Uma avalia\u00e7\u00e3o mea-culpa tal como fez o empres\u00e1rio que tive o prazer de conversar sobre este tema h\u00e1 alguns dias. Ele n\u00e3o se isentou, nem se vitimou e reconheceu a proximidade do caos, a entropia da corrup\u00e7\u00e3o que se alastra por todos os cantos e ainda que pessimista, mostrou-se alerta e apontou a transpar\u00eancia como o \u00fanico caminho. Junto a ela, os que militam nessa causa precisam estar de bra\u00e7os dados com a legisla\u00e7\u00e3o, ali\u00e1s, hoje farta legisla\u00e7\u00e3o, que tem limitado \u2013 quando o Judici\u00e1rio ajuda, \u00e9 claro \u2013 em alguns aspectos, a desfa\u00e7atez dos corruptores e dos corrompidos.<\/p>\n<p style=\"text-align: justify;\">Tem que acabar com essa farra do boi, que a coisa p\u00fablica n\u00e3o \u00e9 de ningu\u00e9m. Isso ainda hoje \u00e9 flagrante no mau servidor que uma hora antes do t\u00e9rmino do expediente j\u00e1 se arruma para deixar o local ou que atende mal o p\u00fablico ou ainda que n\u00e3o se incomoda com o que v\u00ea e o que sabe, \u201cporque n\u00e3o \u00e9 dele\u201d. E os empres\u00e1rios precisam acreditar que essa farra pode estar com os dias contados, pois isso tamb\u00e9m depende deles ou continuar\u00e3o a ignorar a lei anticorrup\u00e7\u00e3o que entrou em vigor em janeiro deste ano? Empresas envolvidas em corrup\u00e7\u00e3o ter\u00e3o puni\u00e7\u00f5es mais severas. Essa lei \u00e9 focada no corruptor e as empresas condenadas ter\u00e3o que devolver aos cofres p\u00fablicos os preju\u00edzos causados por atos il\u00edcitos, e muitas podem at\u00e9 fechar, al\u00e9m de tamb\u00e9m serem responsabilizadas por atos il\u00edcitos dos seus funcion\u00e1rios. Ainda n\u00e3o acreditam? Vai vendo a\u00ed. T\u00e1 achando que s\u00f3 Delta entra pelo cano? Continua acreditando que \u00e9 \u201camigo\u201d de prefeito, governador ou presidente pra v\u00ea o que vai acontecer. Ent\u00e3o senhores empres\u00e1rios de Resende? V\u00e3o apostar no game over ou no princ\u00edpio e continuidade de suas atividades para a coletividade? Para a coletividade, para a coisa p\u00fablica e o respeito \u00e0s pol\u00edticas p\u00fablicas. Vamos dar um basta aos governos corruptos, parasitas do poder. \u00c9 poss\u00edvel!<\/p>\n<p style=\"text-align: justify;\"><em>Ana L\u00facia<\/em><br \/>\n<em>editora do jornal <strong>BEIRA-RIO<\/strong><\/em><br \/>\n<em>analucia@jornalbeirario.com.br<\/em><\/p>\n","protected":false},"excerpt":{"rendered":"<p>H\u00e1 duas semanas conversava com um empres\u00e1rio de Resende que, se mostrou completamente ref\u00e9m do pessimismo sobre as perspectivas econ\u00f4micas e pol\u00edticas na cidade.<\/p>\n","protected":false},"author":1,"featured_media":0,"comment_status":"open","ping_status":"open","sticky":false,"template":"","format":"standard","meta":{"pmpro_default_level":"","footnotes":""},"categories":[8],"tags":[],"class_list":["post-24591","post","type-post","status-publish","format-standard","hentry","category-opiniao","pmpro-has-access"],"yoast_head":"<!-- This site is optimized with the Yoast SEO plugin v27.4 - https:\/\/yoast.com\/product\/yoast-seo-wordpress\/ -->\n<title>QUEM PENSA? Para os empres\u00e1rios! - JORNAL BEIRA RIO<\/title>\n<meta name=\"robots\" content=\"index, follow, max-snippet:-1, max-image-preview:large, max-video-preview:-1\" \/>\n<link rel=\"canonical\" href=\"https:\/\/jornalbeirario.com.br\/portal\/?p=24591\" \/>\n<meta property=\"og:locale\" content=\"pt_BR\" \/>\n<meta property=\"og:type\" content=\"article\" \/>\n<meta property=\"og:title\" content=\"QUEM PENSA? Para os empres\u00e1rios! - JORNAL BEIRA RIO\" \/>\n<meta property=\"og:description\" content=\"H\u00e1 duas semanas conversava com um empres\u00e1rio de Resende que, se mostrou completamente ref\u00e9m do pessimismo sobre as perspectivas econ\u00f4micas e pol\u00edticas na cidade.\" \/>\n<meta property=\"og:url\" content=\"https:\/\/jornalbeirario.com.br\/portal\/?p=24591\" \/>\n<meta property=\"og:site_name\" content=\"JORNAL BEIRA RIO\" \/>\n<meta property=\"article:published_time\" content=\"2014-09-12T09:20:04+00:00\" \/>\n<meta name=\"author\" content=\"Jornal BEIRA-RIO\" \/>\n<meta name=\"twitter:card\" content=\"summary_large_image\" \/>\n<meta name=\"twitter:label1\" content=\"Escrito por\" \/>\n\t<meta name=\"twitter:data1\" content=\"Jornal BEIRA-RIO\" \/>\n\t<meta name=\"twitter:label2\" content=\"Est. tempo de leitura\" \/>\n\t<meta name=\"twitter:data2\" content=\"8 minutos\" \/>\n<script type=\"application\/ld+json\" class=\"yoast-schema-graph\">{\"@context\":\"https:\\\/\\\/schema.org\",\"@graph\":[{\"@type\":\"Article\",\"@id\":\"https:\\\/\\\/jornalbeirario.com.br\\\/portal\\\/?p=24591#article\",\"isPartOf\":{\"@id\":\"https:\\\/\\\/jornalbeirario.com.br\\\/portal\\\/?p=24591\"},\"author\":{\"name\":\"Jornal BEIRA-RIO\",\"@id\":\"https:\\\/\\\/jornalbeirario.com.br\\\/portal\\\/#\\\/schema\\\/person\\\/c6c423e4c2465d2a9233f6539173e7c1\"},\"headline\":\"QUEM PENSA? Para os empres\u00e1rios!\",\"datePublished\":\"2014-09-12T09:20:04+00:00\",\"mainEntityOfPage\":{\"@id\":\"https:\\\/\\\/jornalbeirario.com.br\\\/portal\\\/?p=24591\"},\"wordCount\":1684,\"commentCount\":0,\"publisher\":{\"@id\":\"https:\\\/\\\/jornalbeirario.com.br\\\/portal\\\/#organization\"},\"articleSection\":[\"Opini\u00e3o\"],\"inLanguage\":\"pt-BR\",\"potentialAction\":[{\"@type\":\"CommentAction\",\"name\":\"Comment\",\"target\":[\"https:\\\/\\\/jornalbeirario.com.br\\\/portal\\\/?p=24591#respond\"]}]},{\"@type\":\"WebPage\",\"@id\":\"https:\\\/\\\/jornalbeirario.com.br\\\/portal\\\/?p=24591\",\"url\":\"https:\\\/\\\/jornalbeirario.com.br\\\/portal\\\/?p=24591\",\"name\":\"QUEM PENSA? Para os empres\u00e1rios! - JORNAL BEIRA RIO\",\"isPartOf\":{\"@id\":\"https:\\\/\\\/jornalbeirario.com.br\\\/portal\\\/#website\"},\"datePublished\":\"2014-09-12T09:20:04+00:00\",\"breadcrumb\":{\"@id\":\"https:\\\/\\\/jornalbeirario.com.br\\\/portal\\\/?p=24591#breadcrumb\"},\"inLanguage\":\"pt-BR\",\"potentialAction\":[{\"@type\":\"ReadAction\",\"target\":[\"https:\\\/\\\/jornalbeirario.com.br\\\/portal\\\/?p=24591\"]}]},{\"@type\":\"BreadcrumbList\",\"@id\":\"https:\\\/\\\/jornalbeirario.com.br\\\/portal\\\/?p=24591#breadcrumb\",\"itemListElement\":[{\"@type\":\"ListItem\",\"position\":1,\"name\":\"Home\",\"item\":\"https:\\\/\\\/jornalbeirario.com.br\\\/portal\"},{\"@type\":\"ListItem\",\"position\":2,\"name\":\"QUEM PENSA? Para os empres\u00e1rios!\"}]},{\"@type\":\"WebSite\",\"@id\":\"https:\\\/\\\/jornalbeirario.com.br\\\/portal\\\/#website\",\"url\":\"https:\\\/\\\/jornalbeirario.com.br\\\/portal\\\/\",\"name\":\"JORNAL BEIRA RIO\",\"description\":\"\",\"publisher\":{\"@id\":\"https:\\\/\\\/jornalbeirario.com.br\\\/portal\\\/#organization\"},\"potentialAction\":[{\"@type\":\"SearchAction\",\"target\":{\"@type\":\"EntryPoint\",\"urlTemplate\":\"https:\\\/\\\/jornalbeirario.com.br\\\/portal\\\/?s={search_term_string}\"},\"query-input\":{\"@type\":\"PropertyValueSpecification\",\"valueRequired\":true,\"valueName\":\"search_term_string\"}}],\"inLanguage\":\"pt-BR\"},{\"@type\":\"Organization\",\"@id\":\"https:\\\/\\\/jornalbeirario.com.br\\\/portal\\\/#organization\",\"name\":\"JORNAL BEIRA RIO\",\"url\":\"https:\\\/\\\/jornalbeirario.com.br\\\/portal\\\/\",\"logo\":{\"@type\":\"ImageObject\",\"inLanguage\":\"pt-BR\",\"@id\":\"https:\\\/\\\/jornalbeirario.com.br\\\/portal\\\/#\\\/schema\\\/logo\\\/image\\\/\",\"url\":\"https:\\\/\\\/jornalbeirario.com.br\\\/portal\\\/wp-content\\\/uploads\\\/2017\\\/09\\\/BEIRA-RIO_logo600.png\",\"contentUrl\":\"https:\\\/\\\/jornalbeirario.com.br\\\/portal\\\/wp-content\\\/uploads\\\/2017\\\/09\\\/BEIRA-RIO_logo600.png\",\"width\":650,\"height\":108,\"caption\":\"JORNAL BEIRA RIO\"},\"image\":{\"@id\":\"https:\\\/\\\/jornalbeirario.com.br\\\/portal\\\/#\\\/schema\\\/logo\\\/image\\\/\"}},{\"@type\":\"Person\",\"@id\":\"https:\\\/\\\/jornalbeirario.com.br\\\/portal\\\/#\\\/schema\\\/person\\\/c6c423e4c2465d2a9233f6539173e7c1\",\"name\":\"Jornal BEIRA-RIO\",\"image\":{\"@type\":\"ImageObject\",\"inLanguage\":\"pt-BR\",\"@id\":\"https:\\\/\\\/jornalbeirario.com.br\\\/portal\\\/wp-content\\\/uploads\\\/2023\\\/10\\\/logojbr1.jpg\",\"url\":\"https:\\\/\\\/jornalbeirario.com.br\\\/portal\\\/wp-content\\\/uploads\\\/2023\\\/10\\\/logojbr1.jpg\",\"contentUrl\":\"https:\\\/\\\/jornalbeirario.com.br\\\/portal\\\/wp-content\\\/uploads\\\/2023\\\/10\\\/logojbr1.jpg\",\"caption\":\"Jornal BEIRA-RIO\"},\"url\":\"https:\\\/\\\/jornalbeirario.com.br\\\/portal\\\/?author=1\"}]}<\/script>\n<!-- \/ Yoast SEO plugin. -->","yoast_head_json":{"title":"QUEM PENSA? Para os empres\u00e1rios! - JORNAL BEIRA RIO","robots":{"index":"index","follow":"follow","max-snippet":"max-snippet:-1","max-image-preview":"max-image-preview:large","max-video-preview":"max-video-preview:-1"},"canonical":"https:\/\/jornalbeirario.com.br\/portal\/?p=24591","og_locale":"pt_BR","og_type":"article","og_title":"QUEM PENSA? Para os empres\u00e1rios! - JORNAL BEIRA RIO","og_description":"H\u00e1 duas semanas conversava com um empres\u00e1rio de Resende que, se mostrou completamente ref\u00e9m do pessimismo sobre as perspectivas econ\u00f4micas e pol\u00edticas na cidade.","og_url":"https:\/\/jornalbeirario.com.br\/portal\/?p=24591","og_site_name":"JORNAL BEIRA RIO","article_published_time":"2014-09-12T09:20:04+00:00","author":"Jornal BEIRA-RIO","twitter_card":"summary_large_image","twitter_misc":{"Escrito por":"Jornal BEIRA-RIO","Est. tempo de leitura":"8 minutos"},"schema":{"@context":"https:\/\/schema.org","@graph":[{"@type":"Article","@id":"https:\/\/jornalbeirario.com.br\/portal\/?p=24591#article","isPartOf":{"@id":"https:\/\/jornalbeirario.com.br\/portal\/?p=24591"},"author":{"name":"Jornal BEIRA-RIO","@id":"https:\/\/jornalbeirario.com.br\/portal\/#\/schema\/person\/c6c423e4c2465d2a9233f6539173e7c1"},"headline":"QUEM PENSA? Para os empres\u00e1rios!","datePublished":"2014-09-12T09:20:04+00:00","mainEntityOfPage":{"@id":"https:\/\/jornalbeirario.com.br\/portal\/?p=24591"},"wordCount":1684,"commentCount":0,"publisher":{"@id":"https:\/\/jornalbeirario.com.br\/portal\/#organization"},"articleSection":["Opini\u00e3o"],"inLanguage":"pt-BR","potentialAction":[{"@type":"CommentAction","name":"Comment","target":["https:\/\/jornalbeirario.com.br\/portal\/?p=24591#respond"]}]},{"@type":"WebPage","@id":"https:\/\/jornalbeirario.com.br\/portal\/?p=24591","url":"https:\/\/jornalbeirario.com.br\/portal\/?p=24591","name":"QUEM PENSA? Para os empres\u00e1rios! - JORNAL BEIRA RIO","isPartOf":{"@id":"https:\/\/jornalbeirario.com.br\/portal\/#website"},"datePublished":"2014-09-12T09:20:04+00:00","breadcrumb":{"@id":"https:\/\/jornalbeirario.com.br\/portal\/?p=24591#breadcrumb"},"inLanguage":"pt-BR","potentialAction":[{"@type":"ReadAction","target":["https:\/\/jornalbeirario.com.br\/portal\/?p=24591"]}]},{"@type":"BreadcrumbList","@id":"https:\/\/jornalbeirario.com.br\/portal\/?p=24591#breadcrumb","itemListElement":[{"@type":"ListItem","position":1,"name":"Home","item":"https:\/\/jornalbeirario.com.br\/portal"},{"@type":"ListItem","position":2,"name":"QUEM PENSA? Para os empres\u00e1rios!"}]},{"@type":"WebSite","@id":"https:\/\/jornalbeirario.com.br\/portal\/#website","url":"https:\/\/jornalbeirario.com.br\/portal\/","name":"JORNAL BEIRA RIO","description":"","publisher":{"@id":"https:\/\/jornalbeirario.com.br\/portal\/#organization"},"potentialAction":[{"@type":"SearchAction","target":{"@type":"EntryPoint","urlTemplate":"https:\/\/jornalbeirario.com.br\/portal\/?s={search_term_string}"},"query-input":{"@type":"PropertyValueSpecification","valueRequired":true,"valueName":"search_term_string"}}],"inLanguage":"pt-BR"},{"@type":"Organization","@id":"https:\/\/jornalbeirario.com.br\/portal\/#organization","name":"JORNAL BEIRA RIO","url":"https:\/\/jornalbeirario.com.br\/portal\/","logo":{"@type":"ImageObject","inLanguage":"pt-BR","@id":"https:\/\/jornalbeirario.com.br\/portal\/#\/schema\/logo\/image\/","url":"https:\/\/jornalbeirario.com.br\/portal\/wp-content\/uploads\/2017\/09\/BEIRA-RIO_logo600.png","contentUrl":"https:\/\/jornalbeirario.com.br\/portal\/wp-content\/uploads\/2017\/09\/BEIRA-RIO_logo600.png","width":650,"height":108,"caption":"JORNAL BEIRA RIO"},"image":{"@id":"https:\/\/jornalbeirario.com.br\/portal\/#\/schema\/logo\/image\/"}},{"@type":"Person","@id":"https:\/\/jornalbeirario.com.br\/portal\/#\/schema\/person\/c6c423e4c2465d2a9233f6539173e7c1","name":"Jornal BEIRA-RIO","image":{"@type":"ImageObject","inLanguage":"pt-BR","@id":"https:\/\/jornalbeirario.com.br\/portal\/wp-content\/uploads\/2023\/10\/logojbr1.jpg","url":"https:\/\/jornalbeirario.com.br\/portal\/wp-content\/uploads\/2023\/10\/logojbr1.jpg","contentUrl":"https:\/\/jornalbeirario.com.br\/portal\/wp-content\/uploads\/2023\/10\/logojbr1.jpg","caption":"Jornal BEIRA-RIO"},"url":"https:\/\/jornalbeirario.com.br\/portal\/?author=1"}]}},"_links":{"self":[{"href":"https:\/\/jornalbeirario.com.br\/portal\/index.php?rest_route=\/wp\/v2\/posts\/24591","targetHints":{"allow":["GET"]}}],"collection":[{"href":"https:\/\/jornalbeirario.com.br\/portal\/index.php?rest_route=\/wp\/v2\/posts"}],"about":[{"href":"https:\/\/jornalbeirario.com.br\/portal\/index.php?rest_route=\/wp\/v2\/types\/post"}],"author":[{"embeddable":true,"href":"https:\/\/jornalbeirario.com.br\/portal\/index.php?rest_route=\/wp\/v2\/users\/1"}],"replies":[{"embeddable":true,"href":"https:\/\/jornalbeirario.com.br\/portal\/index.php?rest_route=%2Fwp%2Fv2%2Fcomments&post=24591"}],"version-history":[{"count":2,"href":"https:\/\/jornalbeirario.com.br\/portal\/index.php?rest_route=\/wp\/v2\/posts\/24591\/revisions"}],"predecessor-version":[{"id":24603,"href":"https:\/\/jornalbeirario.com.br\/portal\/index.php?rest_route=\/wp\/v2\/posts\/24591\/revisions\/24603"}],"wp:attachment":[{"href":"https:\/\/jornalbeirario.com.br\/portal\/index.php?rest_route=%2Fwp%2Fv2%2Fmedia&parent=24591"}],"wp:term":[{"taxonomy":"category","embeddable":true,"href":"https:\/\/jornalbeirario.com.br\/portal\/index.php?rest_route=%2Fwp%2Fv2%2Fcategories&post=24591"},{"taxonomy":"post_tag","embeddable":true,"href":"https:\/\/jornalbeirario.com.br\/portal\/index.php?rest_route=%2Fwp%2Fv2%2Ftags&post=24591"}],"curies":[{"name":"wp","href":"https:\/\/api.w.org\/{rel}","templated":true}]}}