
{"id":24581,"date":"2014-09-12T09:23:03","date_gmt":"2014-09-12T09:23:03","guid":{"rendered":"http:\/\/jornalbeirario.com.br\/portal\/portal\/?p=24581"},"modified":"2014-09-12T09:23:03","modified_gmt":"2014-09-12T09:23:03","slug":"lais-amaral-63","status":"publish","type":"post","link":"https:\/\/jornalbeirario.com.br\/portal\/?p=24581","title":{"rendered":"La\u00eds Amaral"},"content":{"rendered":"<p style=\"text-align: justify;\"><strong>Festival de Teatro come\u00e7a amanh\u00e3<\/strong><br \/>\nCome\u00e7a amanh\u00e3, dia 13, um dos mais importantes eventos culturais da cidade e da regi\u00e3o, o Festival de Teatro de Resende j\u00e1 na sua 14\u00aa edi\u00e7\u00e3o. O Festival segue at\u00e9 o dia 19, apresentando 12 espet\u00e1culos gratuitos, divididos entre Mostras Infantil e Adulta, selecionadas entre as 150 companhias que se inscreveram para participar do evento. A abertura oficial est\u00e1 marcada para as 20 horas, com dois espet\u00e1culos seguidos. O primeiro \u00e9 \u2018Romeu e Julieta\u2019, uma apresenta\u00e7\u00e3o dos alunos do \u201cPrograma Gente Eficiente\u201d \u2013 programa da Prefeitura voltado para pessoas com defici\u00eancia. Dire\u00e7\u00e3o de Anna Zelma. Em seguida os idosos do CCI encenam \u201cAtos de Amor\u201d, dire\u00e7\u00e3o de J\u00falio Pires. Domingo, dia 14, a mostra infantil apresenta, \u00e0s 10 horas, \u201cJo\u00e3o e Maria \u2013 Uma Hist\u00f3ria Brasileira\u201d, com a Cia de Repert\u00f3rio de Teatro Musical (Niter\u00f3i\/RJ), lembrando que para as pe\u00e7as infantis, as escolas podem fazer pr\u00e9-agendamento pelo telefone (24) 3354-6927. E \u00e0s 20 horas, o Grupo Deixa Clarear (Rio de Janeiro), apresenta a pe\u00e7a \u201cDeixa Clarear\u201d, que \u00e9 um musical em homenagem \u00e0 cantora Clara Nunes, falecida h\u00e1 30 anos. A programa\u00e7\u00e3o completa do Festival est\u00e1 no site da Prefeitura (www.resende.rj.gov.br).<\/p>\n<p style=\"text-align: justify;\"><strong>Meu reino por um bar de Segunda<\/strong><br \/>\nSegunda-feira n\u00e3o tem bar aberto em Resende. Falo daqueles bares nos quais voc\u00ea encontra os seus pares. Caminhava pra casa, conformado com esse jeito deselegante e pouco solid\u00e1rio das Segundas quando vi boiando l\u00e1 em cima, aquela lua cheia de n\u00e3o se desperdi\u00e7ar indo pra casa mais cedo. Ancorei num bar especializado em cervejas ali perto da Cer\u00e2mica. \u00c9 tipo moderno. Mais para uma butique de cerveja. Com a justificativa daquela lua desassombrada, entrei e, como n\u00e3o ligo de beber sozinho, n\u00e3o me incomodei em ser o \u00fanico fregu\u00eas. Tomei algumas ta\u00e7as de um chopp belga delicioso e bem tirado, enquanto, da cal\u00e7ada, namorava a lua. O fundo musical vinha de um programa de TV que passava em dois aparelhos do estabelecimento (pra mim uma TV j\u00e1 \u00e9 um exagero). Senti alguma felicidade bater \u00e0 porta da alma que andava fragilizada. Recolhia os cacos quando o verso de uma can\u00e7\u00e3o me pegou no pulo: \u201co melhor lugar do mundo \u00e9 dentro de um abra\u00e7o\u201d. Caramba! pensei, uma frase definitiva para uma noite vaga, sem in\u00edcio, nem fim. O restante da can\u00e7\u00e3o n\u00e3o dizia nada mais de interessante, mas a frase bateu. Um abra\u00e7o faz falta mesmo. Tive \u00edmpetos de me abra\u00e7ar, ali na cal\u00e7ada em frente aquele simp\u00e1tico quase-bar tendo a lua como testemunha. Seria rid\u00edculo ao extremo, ainda mais tendo a lua como testemunha. Parece filme de faroeste italiano. Desisti, mas com a mais completa certeza que o melhor lugar do mundo \u00e9 dentro de um abra\u00e7o e que aconte\u00e7a dentro de um bar. Numa segunda-feira ent\u00e3o&#8230;<\/p>\n<p style=\"text-align: justify;\"><strong>TRIPA<\/strong><br \/>\n* Ser\u00e1 aberto hoje (12) no Museu de Arte Moderna (MAM) o tradicional Sal\u00e3o da Primavera. A cerim\u00f4nia de abertura est\u00e1 marcada para 19 horas. Trinta artistas foram classificados dentre os oitenta e quatro inscritos para a exposi\u00e7\u00e3o que fica at\u00e9 o dia 14 de novembro. S\u00e3o diversas categorias: pintura, gravura, desenho e escultura. O artista resendense Pedro Ferreira receber\u00e1 o Pr\u00eamio Engenheiro Eitel C\u00e9sar Fernandes, da C\u00e2mara Municipal. O Pr\u00eamio Altamiro Pimenta, institu\u00eddo pela Prefeitura de Resende, ser\u00e1 entregue ao artista Olimpio Franco pelo conjunto da obra \u201cTrevas I, II e III\u201d. E o Pr\u00eamio Funda\u00e7\u00e3o Casa da Cultura Macedo Miranda vai para a artista Ana Cristina Maciel. As obras do 42\u00ba Sal\u00e3o da Primavera podem ser vistas de segunda a sexta-feira, das 9 \u00e0s 17 horas. O Museu de Arte Moderna de Resende fica na Rua Dr. Cunha Ferreira, n\u00ba 104, no Centro Hist\u00f3rico * O So\u00e7aite Sessent\u00e3o da AABB foi conquistado pela Turma da Pelada (foto) que derrotou domingo passado o Ciman por 3 x 1. Neste domingo come\u00e7a o So\u00e7aite Quarent\u00e3o, a mais dif\u00edcil das competi\u00e7\u00f5es de futebol da AABB. A Pelada conquistou o Cinquent\u00e3o, o Sessent\u00e3o e agora vai atr\u00e1s da Tr\u00edplice Coroa * A Funda\u00e7\u00e3o Casa da Cultura Macedo Miranda inaugurou ontem, dia 11, uma nova exposi\u00e7\u00e3o no \u2018Espa\u00e7o Z\u2019, intitulada \u201cEntre Cores, Formas e Texturas\u201d, da artista pl\u00e1stica Cristiane Ponciano Lopes. A mostra vai reunir cerca de 35 obras de Cristiane, que \u00e9 resendense, mas passou 21 anos em S\u00e3o Jos\u00e9 dos Campos (SP), onde possui um ateli\u00ea e d\u00e1 aulas. Morando em Resende h\u00e1 dois meses, essa exposi\u00e7\u00e3o, segundo Cristiane, marcar\u00e1 a apresenta\u00e7\u00e3o de seu trabalho para o grande p\u00fablico * Al\u00f4 Casa da Cultura, n\u00e3o est\u00e1 na hora de uma exposi\u00e7\u00e3o do Jorge Vieira ? Resende precisa se ver nas tintas desse grande artista.<\/p>\n<p style=\"text-align: justify;\"><strong>ANIVERS\u00c1RIOS<\/strong><br \/>\nHoje, dia 12 fica mais experiente a minha colega de trabalho, Zuleica Florentino. Domingo, dia 14, \u00e9 a vez da dona Kathia Zaidan, a \u2018mainha\u2019 mudar de idade. No dia 15, aniversaria um quinteto da melhor qualidade: o Samuel Nogueira (Preto), o Z\u00e9 Luis Balieiro, a Norma Chaffin e duas Let\u00edcias, a Let\u00edcia Dias e a Let\u00edcia Ferreira, minha colega de trabalho. Dia 16, sopram velinhas a Patr\u00edcia Soares (outra colega de trabalho) e a Diva Rezende. No dia 17, outro quinteto recebe os \u2018parab\u00e9ns\u2019: o Augusto Costa, o Cl\u00e9bio Almeida, o Alex Spada, a Marisa Siqueira e a Tha\u00eds Loretti. No dia 19, conta mais um ano de vida o Denilson de Paula. Dia 29, aniversariam a Dra. Maria Eliza Bouza, a Virg\u00ednia Duarte, o Rui Camejo e a P\u00e2mela Nogueira. E no dia 21, inauguram idade nova a Lourdes Barboza, a Cl\u00e1udia Rodrigues, o Guilherme Salgado (Alerta Geral) e a Carmem Aguiar (TV Rio Sul). Parab\u00e9ns e todas as felicidades do mundo a eles.<\/p>\n","protected":false},"excerpt":{"rendered":"<p>Festival de Teatro come\u00e7a amanh\u00e3 Come\u00e7a amanh\u00e3, dia 13, um dos mais importantes eventos culturais da cidade e da regi\u00e3o, o Festival de Teatro<\/p>\n","protected":false},"author":1,"featured_media":0,"comment_status":"open","ping_status":"open","sticky":false,"template":"","format":"standard","meta":{"pmpro_default_level":"","footnotes":""},"categories":[13],"tags":[],"class_list":["post-24581","post","type-post","status-publish","format-standard","hentry","category-social","pmpro-has-access"],"yoast_head":"<!-- This site is optimized with the Yoast SEO plugin v27.4 - https:\/\/yoast.com\/product\/yoast-seo-wordpress\/ -->\n<title>La\u00eds Amaral - JORNAL BEIRA RIO<\/title>\n<meta name=\"robots\" content=\"index, follow, max-snippet:-1, max-image-preview:large, max-video-preview:-1\" \/>\n<link rel=\"canonical\" href=\"https:\/\/jornalbeirario.com.br\/portal\/?p=24581\" \/>\n<meta property=\"og:locale\" content=\"pt_BR\" \/>\n<meta property=\"og:type\" content=\"article\" \/>\n<meta property=\"og:title\" content=\"La\u00eds Amaral - JORNAL BEIRA RIO\" \/>\n<meta property=\"og:description\" content=\"Festival de Teatro come\u00e7a amanh\u00e3 Come\u00e7a amanh\u00e3, dia 13, um dos mais importantes eventos culturais da cidade e da regi\u00e3o, o Festival de Teatro\" \/>\n<meta property=\"og:url\" content=\"https:\/\/jornalbeirario.com.br\/portal\/?p=24581\" \/>\n<meta property=\"og:site_name\" content=\"JORNAL BEIRA RIO\" \/>\n<meta property=\"article:published_time\" content=\"2014-09-12T09:23:03+00:00\" \/>\n<meta name=\"author\" content=\"Jornal BEIRA-RIO\" \/>\n<meta name=\"twitter:card\" content=\"summary_large_image\" \/>\n<meta name=\"twitter:label1\" content=\"Escrito por\" \/>\n\t<meta name=\"twitter:data1\" content=\"Jornal BEIRA-RIO\" \/>\n\t<meta name=\"twitter:label2\" content=\"Est. tempo de leitura\" \/>\n\t<meta name=\"twitter:data2\" content=\"5 minutos\" \/>\n<script type=\"application\/ld+json\" class=\"yoast-schema-graph\">{\"@context\":\"https:\\\/\\\/schema.org\",\"@graph\":[{\"@type\":\"Article\",\"@id\":\"https:\\\/\\\/jornalbeirario.com.br\\\/portal\\\/?p=24581#article\",\"isPartOf\":{\"@id\":\"https:\\\/\\\/jornalbeirario.com.br\\\/portal\\\/?p=24581\"},\"author\":{\"name\":\"Jornal BEIRA-RIO\",\"@id\":\"https:\\\/\\\/jornalbeirario.com.br\\\/portal\\\/#\\\/schema\\\/person\\\/c6c423e4c2465d2a9233f6539173e7c1\"},\"headline\":\"La\u00eds Amaral\",\"datePublished\":\"2014-09-12T09:23:03+00:00\",\"mainEntityOfPage\":{\"@id\":\"https:\\\/\\\/jornalbeirario.com.br\\\/portal\\\/?p=24581\"},\"wordCount\":980,\"commentCount\":0,\"publisher\":{\"@id\":\"https:\\\/\\\/jornalbeirario.com.br\\\/portal\\\/#organization\"},\"articleSection\":[\"Social\"],\"inLanguage\":\"pt-BR\",\"potentialAction\":[{\"@type\":\"CommentAction\",\"name\":\"Comment\",\"target\":[\"https:\\\/\\\/jornalbeirario.com.br\\\/portal\\\/?p=24581#respond\"]}]},{\"@type\":\"WebPage\",\"@id\":\"https:\\\/\\\/jornalbeirario.com.br\\\/portal\\\/?p=24581\",\"url\":\"https:\\\/\\\/jornalbeirario.com.br\\\/portal\\\/?p=24581\",\"name\":\"La\u00eds Amaral - JORNAL BEIRA RIO\",\"isPartOf\":{\"@id\":\"https:\\\/\\\/jornalbeirario.com.br\\\/portal\\\/#website\"},\"datePublished\":\"2014-09-12T09:23:03+00:00\",\"breadcrumb\":{\"@id\":\"https:\\\/\\\/jornalbeirario.com.br\\\/portal\\\/?p=24581#breadcrumb\"},\"inLanguage\":\"pt-BR\",\"potentialAction\":[{\"@type\":\"ReadAction\",\"target\":[\"https:\\\/\\\/jornalbeirario.com.br\\\/portal\\\/?p=24581\"]}]},{\"@type\":\"BreadcrumbList\",\"@id\":\"https:\\\/\\\/jornalbeirario.com.br\\\/portal\\\/?p=24581#breadcrumb\",\"itemListElement\":[{\"@type\":\"ListItem\",\"position\":1,\"name\":\"Home\",\"item\":\"https:\\\/\\\/jornalbeirario.com.br\\\/portal\"},{\"@type\":\"ListItem\",\"position\":2,\"name\":\"La\u00eds Amaral\"}]},{\"@type\":\"WebSite\",\"@id\":\"https:\\\/\\\/jornalbeirario.com.br\\\/portal\\\/#website\",\"url\":\"https:\\\/\\\/jornalbeirario.com.br\\\/portal\\\/\",\"name\":\"JORNAL BEIRA RIO\",\"description\":\"\",\"publisher\":{\"@id\":\"https:\\\/\\\/jornalbeirario.com.br\\\/portal\\\/#organization\"},\"potentialAction\":[{\"@type\":\"SearchAction\",\"target\":{\"@type\":\"EntryPoint\",\"urlTemplate\":\"https:\\\/\\\/jornalbeirario.com.br\\\/portal\\\/?s={search_term_string}\"},\"query-input\":{\"@type\":\"PropertyValueSpecification\",\"valueRequired\":true,\"valueName\":\"search_term_string\"}}],\"inLanguage\":\"pt-BR\"},{\"@type\":\"Organization\",\"@id\":\"https:\\\/\\\/jornalbeirario.com.br\\\/portal\\\/#organization\",\"name\":\"JORNAL BEIRA RIO\",\"url\":\"https:\\\/\\\/jornalbeirario.com.br\\\/portal\\\/\",\"logo\":{\"@type\":\"ImageObject\",\"inLanguage\":\"pt-BR\",\"@id\":\"https:\\\/\\\/jornalbeirario.com.br\\\/portal\\\/#\\\/schema\\\/logo\\\/image\\\/\",\"url\":\"https:\\\/\\\/jornalbeirario.com.br\\\/portal\\\/wp-content\\\/uploads\\\/2017\\\/09\\\/BEIRA-RIO_logo600.png\",\"contentUrl\":\"https:\\\/\\\/jornalbeirario.com.br\\\/portal\\\/wp-content\\\/uploads\\\/2017\\\/09\\\/BEIRA-RIO_logo600.png\",\"width\":650,\"height\":108,\"caption\":\"JORNAL BEIRA RIO\"},\"image\":{\"@id\":\"https:\\\/\\\/jornalbeirario.com.br\\\/portal\\\/#\\\/schema\\\/logo\\\/image\\\/\"}},{\"@type\":\"Person\",\"@id\":\"https:\\\/\\\/jornalbeirario.com.br\\\/portal\\\/#\\\/schema\\\/person\\\/c6c423e4c2465d2a9233f6539173e7c1\",\"name\":\"Jornal BEIRA-RIO\",\"image\":{\"@type\":\"ImageObject\",\"inLanguage\":\"pt-BR\",\"@id\":\"https:\\\/\\\/jornalbeirario.com.br\\\/portal\\\/wp-content\\\/uploads\\\/2023\\\/10\\\/logojbr1.jpg\",\"url\":\"https:\\\/\\\/jornalbeirario.com.br\\\/portal\\\/wp-content\\\/uploads\\\/2023\\\/10\\\/logojbr1.jpg\",\"contentUrl\":\"https:\\\/\\\/jornalbeirario.com.br\\\/portal\\\/wp-content\\\/uploads\\\/2023\\\/10\\\/logojbr1.jpg\",\"caption\":\"Jornal BEIRA-RIO\"},\"url\":\"https:\\\/\\\/jornalbeirario.com.br\\\/portal\\\/?author=1\"}]}<\/script>\n<!-- \/ Yoast SEO plugin. -->","yoast_head_json":{"title":"La\u00eds Amaral - JORNAL BEIRA RIO","robots":{"index":"index","follow":"follow","max-snippet":"max-snippet:-1","max-image-preview":"max-image-preview:large","max-video-preview":"max-video-preview:-1"},"canonical":"https:\/\/jornalbeirario.com.br\/portal\/?p=24581","og_locale":"pt_BR","og_type":"article","og_title":"La\u00eds Amaral - JORNAL BEIRA RIO","og_description":"Festival de Teatro come\u00e7a amanh\u00e3 Come\u00e7a amanh\u00e3, dia 13, um dos mais importantes eventos culturais da cidade e da regi\u00e3o, o Festival de Teatro","og_url":"https:\/\/jornalbeirario.com.br\/portal\/?p=24581","og_site_name":"JORNAL BEIRA RIO","article_published_time":"2014-09-12T09:23:03+00:00","author":"Jornal BEIRA-RIO","twitter_card":"summary_large_image","twitter_misc":{"Escrito por":"Jornal BEIRA-RIO","Est. tempo de leitura":"5 minutos"},"schema":{"@context":"https:\/\/schema.org","@graph":[{"@type":"Article","@id":"https:\/\/jornalbeirario.com.br\/portal\/?p=24581#article","isPartOf":{"@id":"https:\/\/jornalbeirario.com.br\/portal\/?p=24581"},"author":{"name":"Jornal BEIRA-RIO","@id":"https:\/\/jornalbeirario.com.br\/portal\/#\/schema\/person\/c6c423e4c2465d2a9233f6539173e7c1"},"headline":"La\u00eds Amaral","datePublished":"2014-09-12T09:23:03+00:00","mainEntityOfPage":{"@id":"https:\/\/jornalbeirario.com.br\/portal\/?p=24581"},"wordCount":980,"commentCount":0,"publisher":{"@id":"https:\/\/jornalbeirario.com.br\/portal\/#organization"},"articleSection":["Social"],"inLanguage":"pt-BR","potentialAction":[{"@type":"CommentAction","name":"Comment","target":["https:\/\/jornalbeirario.com.br\/portal\/?p=24581#respond"]}]},{"@type":"WebPage","@id":"https:\/\/jornalbeirario.com.br\/portal\/?p=24581","url":"https:\/\/jornalbeirario.com.br\/portal\/?p=24581","name":"La\u00eds Amaral - JORNAL BEIRA RIO","isPartOf":{"@id":"https:\/\/jornalbeirario.com.br\/portal\/#website"},"datePublished":"2014-09-12T09:23:03+00:00","breadcrumb":{"@id":"https:\/\/jornalbeirario.com.br\/portal\/?p=24581#breadcrumb"},"inLanguage":"pt-BR","potentialAction":[{"@type":"ReadAction","target":["https:\/\/jornalbeirario.com.br\/portal\/?p=24581"]}]},{"@type":"BreadcrumbList","@id":"https:\/\/jornalbeirario.com.br\/portal\/?p=24581#breadcrumb","itemListElement":[{"@type":"ListItem","position":1,"name":"Home","item":"https:\/\/jornalbeirario.com.br\/portal"},{"@type":"ListItem","position":2,"name":"La\u00eds Amaral"}]},{"@type":"WebSite","@id":"https:\/\/jornalbeirario.com.br\/portal\/#website","url":"https:\/\/jornalbeirario.com.br\/portal\/","name":"JORNAL BEIRA RIO","description":"","publisher":{"@id":"https:\/\/jornalbeirario.com.br\/portal\/#organization"},"potentialAction":[{"@type":"SearchAction","target":{"@type":"EntryPoint","urlTemplate":"https:\/\/jornalbeirario.com.br\/portal\/?s={search_term_string}"},"query-input":{"@type":"PropertyValueSpecification","valueRequired":true,"valueName":"search_term_string"}}],"inLanguage":"pt-BR"},{"@type":"Organization","@id":"https:\/\/jornalbeirario.com.br\/portal\/#organization","name":"JORNAL BEIRA RIO","url":"https:\/\/jornalbeirario.com.br\/portal\/","logo":{"@type":"ImageObject","inLanguage":"pt-BR","@id":"https:\/\/jornalbeirario.com.br\/portal\/#\/schema\/logo\/image\/","url":"https:\/\/jornalbeirario.com.br\/portal\/wp-content\/uploads\/2017\/09\/BEIRA-RIO_logo600.png","contentUrl":"https:\/\/jornalbeirario.com.br\/portal\/wp-content\/uploads\/2017\/09\/BEIRA-RIO_logo600.png","width":650,"height":108,"caption":"JORNAL BEIRA RIO"},"image":{"@id":"https:\/\/jornalbeirario.com.br\/portal\/#\/schema\/logo\/image\/"}},{"@type":"Person","@id":"https:\/\/jornalbeirario.com.br\/portal\/#\/schema\/person\/c6c423e4c2465d2a9233f6539173e7c1","name":"Jornal BEIRA-RIO","image":{"@type":"ImageObject","inLanguage":"pt-BR","@id":"https:\/\/jornalbeirario.com.br\/portal\/wp-content\/uploads\/2023\/10\/logojbr1.jpg","url":"https:\/\/jornalbeirario.com.br\/portal\/wp-content\/uploads\/2023\/10\/logojbr1.jpg","contentUrl":"https:\/\/jornalbeirario.com.br\/portal\/wp-content\/uploads\/2023\/10\/logojbr1.jpg","caption":"Jornal BEIRA-RIO"},"url":"https:\/\/jornalbeirario.com.br\/portal\/?author=1"}]}},"_links":{"self":[{"href":"https:\/\/jornalbeirario.com.br\/portal\/index.php?rest_route=\/wp\/v2\/posts\/24581","targetHints":{"allow":["GET"]}}],"collection":[{"href":"https:\/\/jornalbeirario.com.br\/portal\/index.php?rest_route=\/wp\/v2\/posts"}],"about":[{"href":"https:\/\/jornalbeirario.com.br\/portal\/index.php?rest_route=\/wp\/v2\/types\/post"}],"author":[{"embeddable":true,"href":"https:\/\/jornalbeirario.com.br\/portal\/index.php?rest_route=\/wp\/v2\/users\/1"}],"replies":[{"embeddable":true,"href":"https:\/\/jornalbeirario.com.br\/portal\/index.php?rest_route=%2Fwp%2Fv2%2Fcomments&post=24581"}],"version-history":[{"count":2,"href":"https:\/\/jornalbeirario.com.br\/portal\/index.php?rest_route=\/wp\/v2\/posts\/24581\/revisions"}],"predecessor-version":[{"id":24605,"href":"https:\/\/jornalbeirario.com.br\/portal\/index.php?rest_route=\/wp\/v2\/posts\/24581\/revisions\/24605"}],"wp:attachment":[{"href":"https:\/\/jornalbeirario.com.br\/portal\/index.php?rest_route=%2Fwp%2Fv2%2Fmedia&parent=24581"}],"wp:term":[{"taxonomy":"category","embeddable":true,"href":"https:\/\/jornalbeirario.com.br\/portal\/index.php?rest_route=%2Fwp%2Fv2%2Fcategories&post=24581"},{"taxonomy":"post_tag","embeddable":true,"href":"https:\/\/jornalbeirario.com.br\/portal\/index.php?rest_route=%2Fwp%2Fv2%2Ftags&post=24581"}],"curies":[{"name":"wp","href":"https:\/\/api.w.org\/{rel}","templated":true}]}}