
{"id":24409,"date":"2014-09-05T09:17:41","date_gmt":"2014-09-05T09:17:41","guid":{"rendered":"http:\/\/jornalbeirario.com.br\/portal\/portal\/?p=24409"},"modified":"2014-09-05T09:17:41","modified_gmt":"2014-09-05T09:17:41","slug":"lais-amaral-62","status":"publish","type":"post","link":"https:\/\/jornalbeirario.com.br\/portal\/?p=24409","title":{"rendered":"La\u00eds Amaral"},"content":{"rendered":"<p style=\"text-align: justify;\"><strong>Dica de Livro: \u2018Ele est\u00e1 de Volta\u2019<\/strong><br \/>\n<em><strong>Autor: Timur Vermes &#8211; Editora: Intr\u00ednsica<\/strong><\/em><br \/>\n\u201cAdolf Hitler acorda num terreno baldio. Sente uma forte dor de cabe\u00e7a. Seu uniforme cheira a querosene. Ele olha \u00e0 sua volta e n\u00e3o encontra Eva Braun. Nem uma cidade em ru\u00ednas, nem bombardeiros a riscar os c\u00e9us. Em vez disso, descobre ruas limpas e organizadas, cheias de turcos, centenas de turcos. E gente com aparelhos estranhos colados ao ouvido. E assim, 66 anos depois do fim da Segunda Guerra, na Alemanha de \u00c2ngela Merkel, Hitler ganha nova vida. Na sociedade do espet\u00e1culo, dos reality-shows e do YouTube, o renascido F\u00fchrer \u00e9 visto como uma estrela, que uma televis\u00e3o \u00e1vida por novidades acolhe de bra\u00e7os abertos\u201d. O romance pol\u00edtico e com\u00e9dia de costumes do escritor e jornalista alem\u00e3o Timur Vermes \u00e9 uma s\u00e1tira sobre a sociedade contempor\u00e2nea governada pela m\u00eddia. Uma hist\u00f3ria bizarra que mostra tamb\u00e9m a debilidade \u00e9tica da Imprensa. \u201cEle est\u00e1 de Volta\u201d \u00e9 acima de tudo, uma leitura que diverte, ao mesmo tempo, que discute temas atuais sem chatear. O livro pode ser encontrado nas livrarias de Resende. Boa leitura !<\/p>\n<p style=\"text-align: justify;\"><strong>Sa\u00fade Mental, um trabalho digno de aplausos em Resende<\/strong><br \/>\nNessa quarta-feira, dia 3, foi realizado no \u2018Espa\u00e7o Z\u2019, mais um F\u00f3rum Intersetorial de Sa\u00fade Mental. O objetivo foi divulgar as oficinas de gera\u00e7\u00e3o de trabalho e renda do Programa de Sa\u00fade Mental no munic\u00edpio: a \u2018Horta\u2019 e o projeto \u2018Criando e Recriando Arte\u2019, que realiza customiza\u00e7\u00e3o de roupas e velas artesanais que promovem a inclus\u00e3o social de pessoas com dist\u00farbios mentais. Esses profissionais da \u2018Sa\u00fade Mental\u2019 realizam um trabalho ainda pouco conhecido na cidade, mas que tem reconhecimento em n\u00edvel nacional. As duas oficinas de gera\u00e7\u00e3o de trabalho e renda do \u2018Programa\u2019 foram aprovadas pelo Minist\u00e9rio da Sa\u00fade (outros trabalhos tamb\u00e9m j\u00e1 se tornaram referencias nacionais, via Minist\u00e9rio da Sa\u00fade). A Horta funciona no Caps Casa Aberta. A oficina \u201cCriando e Recriando Arte\u201d acontece na rua Alfredo Sodr\u00e9, no bairro Santa Cec\u00edlia. O material produzido \u00e9 vendido em feiras e em uma barraca no Cal\u00e7ad\u00e3o de Campos El\u00edseos. Um grande abra\u00e7o \u00e0s amigas, Milene, \u00c2ngela e Fernanda e suas competentes equipes. Gente envolvida e comprometida com um dos setores mais espinhosos, menos vis\u00edveis e cujo trabalho em Resende \u00e9 refer\u00eancia no pa\u00eds.<\/p>\n<p style=\"text-align: justify;\"><strong>TRIPA<\/strong><br \/>\n* Turma da Pelada e Ciman decidem neste domingo, dia 7, \u00e0s 10h45min t\u00edtulo do Futebol So\u00e7aite Sessent\u00e3o da AABB. A Turma da Pelada ganhou todos os jogos da fase de classifica\u00e7\u00e3o, inclusive do pr\u00f3prio Ciman por 3 x 0. Tem tudo para levar mais esse caneco. A rodada de domingo passado que definiu a final\u00edssima teve os seguintes resultados: Turma da Pelada 3 x 0 S\u00edtio e Ciman 1 x 0 Santiago. Na preliminar disputam o terceiro lugar, Santiago e S\u00edtio * O projeto &#8216;Arte na Capa&#8217; far\u00e1 neste setembro uma homenagem \u00e0 cantora Gal Costa. Uma exposi\u00e7\u00e3o de discos de vinil da artista est\u00e1 montada no Museu da Imagem e do Som (MIS) de Resende desde o dia 1\u00ba e seguir\u00e1 aberta \u00e0 visita\u00e7\u00e3o gratuita at\u00e9 o dia 30, de segunda a sexta-feira, das 8 \u00e0s 17h * A Funda\u00e7\u00e3o Casa da Cultura tr\u00e1s de 13 a 19 de setembro o 15\u00ba Festival de Teatro de Resende. As inscri\u00e7\u00f5es est\u00e3o abertas para quem quiser participar de uma das 12 oficinas que ser\u00e3o promovidas durante todo o evento e s\u00e3o gratuitas. Segundo o \u00c2ngelo, essas oficinas ser\u00e3o ministradas pelos doze grupos selecionados para se apresentarem durante o festival. Inscri\u00e7\u00f5es pelo telefone (24) 3354-6933, ou diretamente na Casa da Cultura * Domingo passado alguns amigos participaram da 4\u00aa Meia Maratona Rio. Foram eles o casal Edison Louroza e Maria Helena, al\u00e9m do Z\u00e9 Roberto Mussum. Louroza e esposa fizeram o percurso em duas horas e 16 minutos. Al\u00e9m das medalhas o casal ergue as ta\u00e7as. Na verdade, tulipas, na costumeira comemora\u00e7\u00e3o no Belmonte do Flamengo. Mussum quase perde a largada porque ajudou uma atleta cadeirante, do Hotel at\u00e9 a \u00e1rea de Largada, em S\u00e3o Conrado. Um ato nobre do Mussum, grande figura * Mas falando em Louroza e esposa, eles viajaram nessa ter\u00e7a, dia 2 para visitar filhos e netos na Fran\u00e7a (Nantes) e Alemanha (Hamburgo). Grande abra\u00e7o e boa viagem pessoal !!<\/p>\n<p style=\"text-align: justify;\"><strong>ANIVERS\u00c1RIOS<\/strong><br \/>\nAmanh\u00e3, dia 6, sopram velinhas as amigas C\u00e1ssia Cardoso (cantora) e Cyntia Freitas (jornalista). No doming\u00e3o de data c\u00edvica, 7 de Setembro, mudam de idade: o Ricardo C\u00e2mara, o Jos\u00e9lio Magalh\u00e3es, o Wagner \u2018Buda\u2019 e a Mari\u00e2ngela Rodrigues.<br \/>\nNa segunda (8), outro quarteto inaugura idade nova: a Giane Francisca, o Luiz Bernardes, a Andresa Ribeiro e o Fabinho Penchel. No dia 9, o meu amigo Tiko Machado fica mais experiente. No dia 10 contam mais um ano de vida o Maur\u00edcio Sim\u00e3o, a Lenir Medeiros e o \u2018grande\u2019 Odylo Franco. No dia seguinte, dia 11, o vereador Barra Mansa e a Mariana Mota (m\u00e3e da Catarina) recebem os \u2018parab\u00e9ns\u2019. E no dia 12, tamb\u00e9m sopra velinhas a poderosa Catarina Mota (filha da Mariana). Parab\u00e9ns e todas as felicidades do mundo a eles.<\/p>\n<p style=\"text-align: justify;\">\n","protected":false},"excerpt":{"rendered":"<p>Dica de Livro: \u2018Ele est\u00e1 de Volta\u2019 Autor: Timur Vermes &#8211; Editora: Intr\u00ednsica \u201cAdolf Hitler acorda num terreno baldio. Sente uma forte dor de<\/p>\n","protected":false},"author":1,"featured_media":0,"comment_status":"open","ping_status":"open","sticky":false,"template":"","format":"standard","meta":{"pmpro_default_level":"","footnotes":""},"categories":[13],"tags":[],"class_list":["post-24409","post","type-post","status-publish","format-standard","hentry","category-social","pmpro-has-access"],"yoast_head":"<!-- This site is optimized with the Yoast SEO plugin v27.4 - https:\/\/yoast.com\/product\/yoast-seo-wordpress\/ -->\n<title>La\u00eds Amaral - JORNAL BEIRA RIO<\/title>\n<meta name=\"robots\" content=\"index, follow, max-snippet:-1, max-image-preview:large, max-video-preview:-1\" \/>\n<link rel=\"canonical\" href=\"https:\/\/jornalbeirario.com.br\/portal\/?p=24409\" \/>\n<meta property=\"og:locale\" content=\"pt_BR\" \/>\n<meta property=\"og:type\" content=\"article\" \/>\n<meta property=\"og:title\" content=\"La\u00eds Amaral - JORNAL BEIRA RIO\" \/>\n<meta property=\"og:description\" content=\"Dica de Livro: \u2018Ele est\u00e1 de Volta\u2019 Autor: Timur Vermes &#8211; Editora: Intr\u00ednsica \u201cAdolf Hitler acorda num terreno baldio. Sente uma forte dor de\" \/>\n<meta property=\"og:url\" content=\"https:\/\/jornalbeirario.com.br\/portal\/?p=24409\" \/>\n<meta property=\"og:site_name\" content=\"JORNAL BEIRA RIO\" \/>\n<meta property=\"article:published_time\" content=\"2014-09-05T09:17:41+00:00\" \/>\n<meta name=\"author\" content=\"Jornal BEIRA-RIO\" \/>\n<meta name=\"twitter:card\" content=\"summary_large_image\" \/>\n<meta name=\"twitter:label1\" content=\"Escrito por\" \/>\n\t<meta name=\"twitter:data1\" content=\"Jornal BEIRA-RIO\" \/>\n\t<meta name=\"twitter:label2\" content=\"Est. tempo de leitura\" \/>\n\t<meta name=\"twitter:data2\" content=\"4 minutos\" \/>\n<script type=\"application\/ld+json\" class=\"yoast-schema-graph\">{\"@context\":\"https:\\\/\\\/schema.org\",\"@graph\":[{\"@type\":\"Article\",\"@id\":\"https:\\\/\\\/jornalbeirario.com.br\\\/portal\\\/?p=24409#article\",\"isPartOf\":{\"@id\":\"https:\\\/\\\/jornalbeirario.com.br\\\/portal\\\/?p=24409\"},\"author\":{\"name\":\"Jornal BEIRA-RIO\",\"@id\":\"https:\\\/\\\/jornalbeirario.com.br\\\/portal\\\/#\\\/schema\\\/person\\\/c6c423e4c2465d2a9233f6539173e7c1\"},\"headline\":\"La\u00eds Amaral\",\"datePublished\":\"2014-09-05T09:17:41+00:00\",\"mainEntityOfPage\":{\"@id\":\"https:\\\/\\\/jornalbeirario.com.br\\\/portal\\\/?p=24409\"},\"wordCount\":881,\"commentCount\":0,\"publisher\":{\"@id\":\"https:\\\/\\\/jornalbeirario.com.br\\\/portal\\\/#organization\"},\"articleSection\":[\"Social\"],\"inLanguage\":\"pt-BR\",\"potentialAction\":[{\"@type\":\"CommentAction\",\"name\":\"Comment\",\"target\":[\"https:\\\/\\\/jornalbeirario.com.br\\\/portal\\\/?p=24409#respond\"]}]},{\"@type\":\"WebPage\",\"@id\":\"https:\\\/\\\/jornalbeirario.com.br\\\/portal\\\/?p=24409\",\"url\":\"https:\\\/\\\/jornalbeirario.com.br\\\/portal\\\/?p=24409\",\"name\":\"La\u00eds Amaral - JORNAL BEIRA RIO\",\"isPartOf\":{\"@id\":\"https:\\\/\\\/jornalbeirario.com.br\\\/portal\\\/#website\"},\"datePublished\":\"2014-09-05T09:17:41+00:00\",\"breadcrumb\":{\"@id\":\"https:\\\/\\\/jornalbeirario.com.br\\\/portal\\\/?p=24409#breadcrumb\"},\"inLanguage\":\"pt-BR\",\"potentialAction\":[{\"@type\":\"ReadAction\",\"target\":[\"https:\\\/\\\/jornalbeirario.com.br\\\/portal\\\/?p=24409\"]}]},{\"@type\":\"BreadcrumbList\",\"@id\":\"https:\\\/\\\/jornalbeirario.com.br\\\/portal\\\/?p=24409#breadcrumb\",\"itemListElement\":[{\"@type\":\"ListItem\",\"position\":1,\"name\":\"Home\",\"item\":\"https:\\\/\\\/jornalbeirario.com.br\\\/portal\"},{\"@type\":\"ListItem\",\"position\":2,\"name\":\"La\u00eds Amaral\"}]},{\"@type\":\"WebSite\",\"@id\":\"https:\\\/\\\/jornalbeirario.com.br\\\/portal\\\/#website\",\"url\":\"https:\\\/\\\/jornalbeirario.com.br\\\/portal\\\/\",\"name\":\"JORNAL BEIRA RIO\",\"description\":\"\",\"publisher\":{\"@id\":\"https:\\\/\\\/jornalbeirario.com.br\\\/portal\\\/#organization\"},\"potentialAction\":[{\"@type\":\"SearchAction\",\"target\":{\"@type\":\"EntryPoint\",\"urlTemplate\":\"https:\\\/\\\/jornalbeirario.com.br\\\/portal\\\/?s={search_term_string}\"},\"query-input\":{\"@type\":\"PropertyValueSpecification\",\"valueRequired\":true,\"valueName\":\"search_term_string\"}}],\"inLanguage\":\"pt-BR\"},{\"@type\":\"Organization\",\"@id\":\"https:\\\/\\\/jornalbeirario.com.br\\\/portal\\\/#organization\",\"name\":\"JORNAL BEIRA RIO\",\"url\":\"https:\\\/\\\/jornalbeirario.com.br\\\/portal\\\/\",\"logo\":{\"@type\":\"ImageObject\",\"inLanguage\":\"pt-BR\",\"@id\":\"https:\\\/\\\/jornalbeirario.com.br\\\/portal\\\/#\\\/schema\\\/logo\\\/image\\\/\",\"url\":\"https:\\\/\\\/jornalbeirario.com.br\\\/portal\\\/wp-content\\\/uploads\\\/2017\\\/09\\\/BEIRA-RIO_logo600.png\",\"contentUrl\":\"https:\\\/\\\/jornalbeirario.com.br\\\/portal\\\/wp-content\\\/uploads\\\/2017\\\/09\\\/BEIRA-RIO_logo600.png\",\"width\":650,\"height\":108,\"caption\":\"JORNAL BEIRA RIO\"},\"image\":{\"@id\":\"https:\\\/\\\/jornalbeirario.com.br\\\/portal\\\/#\\\/schema\\\/logo\\\/image\\\/\"}},{\"@type\":\"Person\",\"@id\":\"https:\\\/\\\/jornalbeirario.com.br\\\/portal\\\/#\\\/schema\\\/person\\\/c6c423e4c2465d2a9233f6539173e7c1\",\"name\":\"Jornal BEIRA-RIO\",\"image\":{\"@type\":\"ImageObject\",\"inLanguage\":\"pt-BR\",\"@id\":\"https:\\\/\\\/jornalbeirario.com.br\\\/portal\\\/wp-content\\\/uploads\\\/2023\\\/10\\\/logojbr1.jpg\",\"url\":\"https:\\\/\\\/jornalbeirario.com.br\\\/portal\\\/wp-content\\\/uploads\\\/2023\\\/10\\\/logojbr1.jpg\",\"contentUrl\":\"https:\\\/\\\/jornalbeirario.com.br\\\/portal\\\/wp-content\\\/uploads\\\/2023\\\/10\\\/logojbr1.jpg\",\"caption\":\"Jornal BEIRA-RIO\"},\"url\":\"https:\\\/\\\/jornalbeirario.com.br\\\/portal\\\/?author=1\"}]}<\/script>\n<!-- \/ Yoast SEO plugin. -->","yoast_head_json":{"title":"La\u00eds Amaral - JORNAL BEIRA RIO","robots":{"index":"index","follow":"follow","max-snippet":"max-snippet:-1","max-image-preview":"max-image-preview:large","max-video-preview":"max-video-preview:-1"},"canonical":"https:\/\/jornalbeirario.com.br\/portal\/?p=24409","og_locale":"pt_BR","og_type":"article","og_title":"La\u00eds Amaral - JORNAL BEIRA RIO","og_description":"Dica de Livro: \u2018Ele est\u00e1 de Volta\u2019 Autor: Timur Vermes &#8211; Editora: Intr\u00ednsica \u201cAdolf Hitler acorda num terreno baldio. Sente uma forte dor de","og_url":"https:\/\/jornalbeirario.com.br\/portal\/?p=24409","og_site_name":"JORNAL BEIRA RIO","article_published_time":"2014-09-05T09:17:41+00:00","author":"Jornal BEIRA-RIO","twitter_card":"summary_large_image","twitter_misc":{"Escrito por":"Jornal BEIRA-RIO","Est. tempo de leitura":"4 minutos"},"schema":{"@context":"https:\/\/schema.org","@graph":[{"@type":"Article","@id":"https:\/\/jornalbeirario.com.br\/portal\/?p=24409#article","isPartOf":{"@id":"https:\/\/jornalbeirario.com.br\/portal\/?p=24409"},"author":{"name":"Jornal BEIRA-RIO","@id":"https:\/\/jornalbeirario.com.br\/portal\/#\/schema\/person\/c6c423e4c2465d2a9233f6539173e7c1"},"headline":"La\u00eds Amaral","datePublished":"2014-09-05T09:17:41+00:00","mainEntityOfPage":{"@id":"https:\/\/jornalbeirario.com.br\/portal\/?p=24409"},"wordCount":881,"commentCount":0,"publisher":{"@id":"https:\/\/jornalbeirario.com.br\/portal\/#organization"},"articleSection":["Social"],"inLanguage":"pt-BR","potentialAction":[{"@type":"CommentAction","name":"Comment","target":["https:\/\/jornalbeirario.com.br\/portal\/?p=24409#respond"]}]},{"@type":"WebPage","@id":"https:\/\/jornalbeirario.com.br\/portal\/?p=24409","url":"https:\/\/jornalbeirario.com.br\/portal\/?p=24409","name":"La\u00eds Amaral - JORNAL BEIRA RIO","isPartOf":{"@id":"https:\/\/jornalbeirario.com.br\/portal\/#website"},"datePublished":"2014-09-05T09:17:41+00:00","breadcrumb":{"@id":"https:\/\/jornalbeirario.com.br\/portal\/?p=24409#breadcrumb"},"inLanguage":"pt-BR","potentialAction":[{"@type":"ReadAction","target":["https:\/\/jornalbeirario.com.br\/portal\/?p=24409"]}]},{"@type":"BreadcrumbList","@id":"https:\/\/jornalbeirario.com.br\/portal\/?p=24409#breadcrumb","itemListElement":[{"@type":"ListItem","position":1,"name":"Home","item":"https:\/\/jornalbeirario.com.br\/portal"},{"@type":"ListItem","position":2,"name":"La\u00eds Amaral"}]},{"@type":"WebSite","@id":"https:\/\/jornalbeirario.com.br\/portal\/#website","url":"https:\/\/jornalbeirario.com.br\/portal\/","name":"JORNAL BEIRA RIO","description":"","publisher":{"@id":"https:\/\/jornalbeirario.com.br\/portal\/#organization"},"potentialAction":[{"@type":"SearchAction","target":{"@type":"EntryPoint","urlTemplate":"https:\/\/jornalbeirario.com.br\/portal\/?s={search_term_string}"},"query-input":{"@type":"PropertyValueSpecification","valueRequired":true,"valueName":"search_term_string"}}],"inLanguage":"pt-BR"},{"@type":"Organization","@id":"https:\/\/jornalbeirario.com.br\/portal\/#organization","name":"JORNAL BEIRA RIO","url":"https:\/\/jornalbeirario.com.br\/portal\/","logo":{"@type":"ImageObject","inLanguage":"pt-BR","@id":"https:\/\/jornalbeirario.com.br\/portal\/#\/schema\/logo\/image\/","url":"https:\/\/jornalbeirario.com.br\/portal\/wp-content\/uploads\/2017\/09\/BEIRA-RIO_logo600.png","contentUrl":"https:\/\/jornalbeirario.com.br\/portal\/wp-content\/uploads\/2017\/09\/BEIRA-RIO_logo600.png","width":650,"height":108,"caption":"JORNAL BEIRA RIO"},"image":{"@id":"https:\/\/jornalbeirario.com.br\/portal\/#\/schema\/logo\/image\/"}},{"@type":"Person","@id":"https:\/\/jornalbeirario.com.br\/portal\/#\/schema\/person\/c6c423e4c2465d2a9233f6539173e7c1","name":"Jornal BEIRA-RIO","image":{"@type":"ImageObject","inLanguage":"pt-BR","@id":"https:\/\/jornalbeirario.com.br\/portal\/wp-content\/uploads\/2023\/10\/logojbr1.jpg","url":"https:\/\/jornalbeirario.com.br\/portal\/wp-content\/uploads\/2023\/10\/logojbr1.jpg","contentUrl":"https:\/\/jornalbeirario.com.br\/portal\/wp-content\/uploads\/2023\/10\/logojbr1.jpg","caption":"Jornal BEIRA-RIO"},"url":"https:\/\/jornalbeirario.com.br\/portal\/?author=1"}]}},"_links":{"self":[{"href":"https:\/\/jornalbeirario.com.br\/portal\/index.php?rest_route=\/wp\/v2\/posts\/24409","targetHints":{"allow":["GET"]}}],"collection":[{"href":"https:\/\/jornalbeirario.com.br\/portal\/index.php?rest_route=\/wp\/v2\/posts"}],"about":[{"href":"https:\/\/jornalbeirario.com.br\/portal\/index.php?rest_route=\/wp\/v2\/types\/post"}],"author":[{"embeddable":true,"href":"https:\/\/jornalbeirario.com.br\/portal\/index.php?rest_route=\/wp\/v2\/users\/1"}],"replies":[{"embeddable":true,"href":"https:\/\/jornalbeirario.com.br\/portal\/index.php?rest_route=%2Fwp%2Fv2%2Fcomments&post=24409"}],"version-history":[{"count":3,"href":"https:\/\/jornalbeirario.com.br\/portal\/index.php?rest_route=\/wp\/v2\/posts\/24409\/revisions"}],"predecessor-version":[{"id":24439,"href":"https:\/\/jornalbeirario.com.br\/portal\/index.php?rest_route=\/wp\/v2\/posts\/24409\/revisions\/24439"}],"wp:attachment":[{"href":"https:\/\/jornalbeirario.com.br\/portal\/index.php?rest_route=%2Fwp%2Fv2%2Fmedia&parent=24409"}],"wp:term":[{"taxonomy":"category","embeddable":true,"href":"https:\/\/jornalbeirario.com.br\/portal\/index.php?rest_route=%2Fwp%2Fv2%2Fcategories&post=24409"},{"taxonomy":"post_tag","embeddable":true,"href":"https:\/\/jornalbeirario.com.br\/portal\/index.php?rest_route=%2Fwp%2Fv2%2Ftags&post=24409"}],"curies":[{"name":"wp","href":"https:\/\/api.w.org\/{rel}","templated":true}]}}