
{"id":23981,"date":"2014-08-22T12:59:43","date_gmt":"2014-08-22T12:59:43","guid":{"rendered":"http:\/\/jornalbeirario.com.br\/portal\/portal\/?p=23981"},"modified":"2014-08-22T12:59:43","modified_gmt":"2014-08-22T12:59:43","slug":"lais-amaral-60","status":"publish","type":"post","link":"https:\/\/jornalbeirario.com.br\/portal\/?p=23981","title":{"rendered":"La\u00eds Amaral"},"content":{"rendered":"<p style=\"text-align: justify;\"><strong>Come\u00e7ou a campanha eleitoral&#8230;sai de baixo!<\/strong><br \/>\nCome\u00e7ou o hor\u00e1rio pol\u00edtico no R\u00e1dio e na TV. Agora, sim come\u00e7ou a campanha. Na semana que antecedeu o in\u00edcio, aconteceu de tudo: morte de candidato, enterro transformado em com\u00edcio, candidata nova, entrevista com a presidente Dilma no Jornal Nacional, etc. Aos que se surpreenderam com o desconforto causado pelos \u00e2ncoras globais, aos candidatos A\u00e9cio Neves e Eduardo Campos h\u00e1 duas semanas, entenderam tudo nessa segunda. Os apresentadores foram duros com aqueles dois candidatos para se sentirem a vontade e serem, n\u00e3o apenas duros, mas violentos com a Presidente. A Globo quer ver a Dilma e o PT fora do circuito de qualquer jeito. Mas vamos \u00e0s propagandas. Na ter\u00e7a, os candidatos ao Planalto apresentaram seus programas. E justamente aquele que n\u00e3o \u00e9 mais candidato, o falecido Eduardo Campos foi o que mais apareceu. Em praticamente todos os programas. Gostei do formato dos programas de A\u00e9cio e Dilma. A\u00e9cio foi mostrado como parece ser na realidade, longe do povo. Sua imagem s\u00f3 aparecia nos aparelhos de TV, nos tablets, nos smartphones, celulares ou a voz nos radinhos. Dilma, ao contr\u00e1rio, apareceu, invariavelmente, cercada de gente. De povo. Na ter\u00e7a \u00e0 noite, no debate entre candidatos ao governo do Rio (que deve ser o mais disputado da federa\u00e7\u00e3o), pela Band, Garotinho disse que havia o candidato de Record, o candidato da Globo, o candidato da Febraban e ele, o candidato do povo&#8230;\u00e9 o Garotinho. Ainda n\u00e3o cresceu.<\/p>\n<p style=\"text-align: justify;\"><strong>Ciman X Turma da Pelada \u00e9 o Jog\u00e3o pelo So\u00e7aite Sessent\u00e3o da AABB<\/strong><br \/>\nCome\u00e7ou domingo passado mais um Campeonato de Futebol So\u00e7aite da AABB, dessa vez, para atletas sessent\u00f5es. Foram dois jogos e uma chuva de gols. O time do Cimam ganhou do S\u00edtio por 5 x 4, um joga\u00e7o de nove gols. No jogo de fundo a Turma da Pelada goleou o Santiago por 5 x 1. Como o campeonato \u00e9 curto, a rodada deste domingo \u00e9 de arrepiar e pode praticamente definir os finalistas. \u00c0s 9h30min. um joga\u00e7o pra ningu\u00e9m botar defeito: Ciman X Turma da Pelada. Quem vencer dispara e praticamente se garante na final. Um empate pode embolar o campeonato e deixar tudo em aberto para a rodada final da etapa de classifica\u00e7\u00e3o. No segundo jogo, \u00e0s 10h45min., se enfrentam S\u00edtio X Santiago. Quem vencer ainda pode continuar sonhando em chegar \u00e0 final. O artilheiro do certame ap\u00f3s a primeira rodada \u00e9 Ronaldo, do Ciman, com tr\u00eas gols. Domingo estarei l\u00e1.<\/p>\n<p style=\"text-align: justify;\"><strong>TRIPA<\/strong><br \/>\n* Dia desses chegou em minha caixa de correspond\u00eancia, um pacote de Sedex. Da curiosidade \u00e0 satisfa\u00e7\u00e3o pela surpresa mais que agrad\u00e1vel, foi um pulo: o novo CD do Claudio Menandro. Claudio \u00e9 um resendense baiano que conquistou Curitiba com seu talento musical. O CD re\u00fane can\u00e7\u00f5es, sambas e Choros. Semana que vem comento o disco. Por enquanto estou curtindo as p\u00e9rolas dessa \u2018fera\u2019 * S\u00e1bado passado teve mais um Pagode do Alerta, n\u00e3o pude ir ao \u2018Garfo e Faca\u2019, conferir a performance do novo vocalista do grupo. Mas sei que foi muito bom. Pra quem n\u00e3o sabe, \u00e9 a maior concentra\u00e7\u00e3o de mulher bonita por metro quadrado de Resende * Falando em Alerta Geral, o ex-vocalista do grupo, Diogo Senna tem lugar cativo com seu samba \u00e0s ter\u00e7as-feiras, no P\u00e1tio Mix, no quiosque daquela cerveja. Come\u00e7a \u00e0s 19 horas * Meu amigo Rubens Marinho, o \u201cRub\u00e3o\u201d acaba de abrir mais uma boa casa na cidade, o \u2018Espa\u00e7o Sabor Del\u00edcia\u2019, que fica na Rua Luis Pistarini, em Campos El\u00edseos. A casa abre somente para almo\u00e7o, mas \u00e0s quintas-feiras \u00e0 noite, o bicho pega. Vira boteco, inclusive com comida t\u00edpica de boteco. Na quinta-feira de estreia, na semana passada, a atra\u00e7\u00e3o foi o Luis Lima, o \u2018Jap\u00e3o\u2019, que n\u00e3o \u00e9 s\u00f3 um percussionista da pesada, mas tamb\u00e9m manda um samba legal ao viol\u00e3o. A Malu Rocha estava por l\u00e1 e deu uma canja pra acabar de arrebentar. Nessa quinta quem comandaria a noitada seria o Wilsinho Ramalho e sua turma. Com certeza foi show de bola (\u00e9 que escrevo essa nota na quarta-feira, antes o evento). Mas um espa\u00e7o legal para o artista local. Beleza !! * O humorista Geraldo Magela abre na segunda-feira, no teatro do Salesiano, a Semana do Deficiente, em Resende. Show !<\/p>\n<p style=\"text-align: justify;\"><strong>ANIVERS\u00c1RIOS<\/strong><br \/>\nNeste domingo, dia 24, muda de idade a Elisa Sampaio, na Segunda (25) o fot\u00f3grafo Carlos Menandro e o gar\u00e7om-poeta Osmar Nonato. Dia 26, o botafoguense Antonio dias \u201cChumbinho\u201d fica mais experiente. No dia 28, quatro aniversariam: Adriana Santos, Regina Braz, Tiago Alvarenga e Eliane Dornelas. Na Sexta (29), a Ana Monte, a Consuelo Pamplona e o cantor franc\u00eas, Bernard Fines inauguram idade nova. Parab\u00e9ns e todas as felicidades do mundo a eles.<\/p>\n<p style=\"text-align: justify;\">\n","protected":false},"excerpt":{"rendered":"<p>Come\u00e7ou a campanha eleitoral&#8230;sai de baixo! Come\u00e7ou o hor\u00e1rio pol\u00edtico no R\u00e1dio e na TV. Agora, sim come\u00e7ou a campanha. Na semana que antecedeu<\/p>\n","protected":false},"author":1,"featured_media":0,"comment_status":"open","ping_status":"open","sticky":false,"template":"","format":"standard","meta":{"pmpro_default_level":"","footnotes":""},"categories":[13],"tags":[],"class_list":["post-23981","post","type-post","status-publish","format-standard","hentry","category-social","pmpro-has-access"],"yoast_head":"<!-- This site is optimized with the Yoast SEO plugin v27.4 - https:\/\/yoast.com\/product\/yoast-seo-wordpress\/ -->\n<title>La\u00eds Amaral - JORNAL BEIRA RIO<\/title>\n<meta name=\"robots\" content=\"index, follow, max-snippet:-1, max-image-preview:large, max-video-preview:-1\" \/>\n<link rel=\"canonical\" href=\"https:\/\/jornalbeirario.com.br\/portal\/?p=23981\" \/>\n<meta property=\"og:locale\" content=\"pt_BR\" \/>\n<meta property=\"og:type\" content=\"article\" \/>\n<meta property=\"og:title\" content=\"La\u00eds Amaral - JORNAL BEIRA RIO\" \/>\n<meta property=\"og:description\" content=\"Come\u00e7ou a campanha eleitoral&#8230;sai de baixo! Come\u00e7ou o hor\u00e1rio pol\u00edtico no R\u00e1dio e na TV. Agora, sim come\u00e7ou a campanha. Na semana que antecedeu\" \/>\n<meta property=\"og:url\" content=\"https:\/\/jornalbeirario.com.br\/portal\/?p=23981\" \/>\n<meta property=\"og:site_name\" content=\"JORNAL BEIRA RIO\" \/>\n<meta property=\"article:published_time\" content=\"2014-08-22T12:59:43+00:00\" \/>\n<meta name=\"author\" content=\"Jornal BEIRA-RIO\" \/>\n<meta name=\"twitter:card\" content=\"summary_large_image\" \/>\n<meta name=\"twitter:label1\" content=\"Escrito por\" \/>\n\t<meta name=\"twitter:data1\" content=\"Jornal BEIRA-RIO\" \/>\n\t<meta name=\"twitter:label2\" content=\"Est. tempo de leitura\" \/>\n\t<meta name=\"twitter:data2\" content=\"4 minutos\" \/>\n<script type=\"application\/ld+json\" class=\"yoast-schema-graph\">{\"@context\":\"https:\\\/\\\/schema.org\",\"@graph\":[{\"@type\":\"Article\",\"@id\":\"https:\\\/\\\/jornalbeirario.com.br\\\/portal\\\/?p=23981#article\",\"isPartOf\":{\"@id\":\"https:\\\/\\\/jornalbeirario.com.br\\\/portal\\\/?p=23981\"},\"author\":{\"name\":\"Jornal BEIRA-RIO\",\"@id\":\"https:\\\/\\\/jornalbeirario.com.br\\\/portal\\\/#\\\/schema\\\/person\\\/c6c423e4c2465d2a9233f6539173e7c1\"},\"headline\":\"La\u00eds Amaral\",\"datePublished\":\"2014-08-22T12:59:43+00:00\",\"mainEntityOfPage\":{\"@id\":\"https:\\\/\\\/jornalbeirario.com.br\\\/portal\\\/?p=23981\"},\"wordCount\":815,\"commentCount\":0,\"publisher\":{\"@id\":\"https:\\\/\\\/jornalbeirario.com.br\\\/portal\\\/#organization\"},\"articleSection\":[\"Social\"],\"inLanguage\":\"pt-BR\",\"potentialAction\":[{\"@type\":\"CommentAction\",\"name\":\"Comment\",\"target\":[\"https:\\\/\\\/jornalbeirario.com.br\\\/portal\\\/?p=23981#respond\"]}]},{\"@type\":\"WebPage\",\"@id\":\"https:\\\/\\\/jornalbeirario.com.br\\\/portal\\\/?p=23981\",\"url\":\"https:\\\/\\\/jornalbeirario.com.br\\\/portal\\\/?p=23981\",\"name\":\"La\u00eds Amaral - JORNAL BEIRA RIO\",\"isPartOf\":{\"@id\":\"https:\\\/\\\/jornalbeirario.com.br\\\/portal\\\/#website\"},\"datePublished\":\"2014-08-22T12:59:43+00:00\",\"breadcrumb\":{\"@id\":\"https:\\\/\\\/jornalbeirario.com.br\\\/portal\\\/?p=23981#breadcrumb\"},\"inLanguage\":\"pt-BR\",\"potentialAction\":[{\"@type\":\"ReadAction\",\"target\":[\"https:\\\/\\\/jornalbeirario.com.br\\\/portal\\\/?p=23981\"]}]},{\"@type\":\"BreadcrumbList\",\"@id\":\"https:\\\/\\\/jornalbeirario.com.br\\\/portal\\\/?p=23981#breadcrumb\",\"itemListElement\":[{\"@type\":\"ListItem\",\"position\":1,\"name\":\"Home\",\"item\":\"https:\\\/\\\/jornalbeirario.com.br\\\/portal\"},{\"@type\":\"ListItem\",\"position\":2,\"name\":\"La\u00eds Amaral\"}]},{\"@type\":\"WebSite\",\"@id\":\"https:\\\/\\\/jornalbeirario.com.br\\\/portal\\\/#website\",\"url\":\"https:\\\/\\\/jornalbeirario.com.br\\\/portal\\\/\",\"name\":\"JORNAL BEIRA RIO\",\"description\":\"\",\"publisher\":{\"@id\":\"https:\\\/\\\/jornalbeirario.com.br\\\/portal\\\/#organization\"},\"potentialAction\":[{\"@type\":\"SearchAction\",\"target\":{\"@type\":\"EntryPoint\",\"urlTemplate\":\"https:\\\/\\\/jornalbeirario.com.br\\\/portal\\\/?s={search_term_string}\"},\"query-input\":{\"@type\":\"PropertyValueSpecification\",\"valueRequired\":true,\"valueName\":\"search_term_string\"}}],\"inLanguage\":\"pt-BR\"},{\"@type\":\"Organization\",\"@id\":\"https:\\\/\\\/jornalbeirario.com.br\\\/portal\\\/#organization\",\"name\":\"JORNAL BEIRA RIO\",\"url\":\"https:\\\/\\\/jornalbeirario.com.br\\\/portal\\\/\",\"logo\":{\"@type\":\"ImageObject\",\"inLanguage\":\"pt-BR\",\"@id\":\"https:\\\/\\\/jornalbeirario.com.br\\\/portal\\\/#\\\/schema\\\/logo\\\/image\\\/\",\"url\":\"https:\\\/\\\/jornalbeirario.com.br\\\/portal\\\/wp-content\\\/uploads\\\/2017\\\/09\\\/BEIRA-RIO_logo600.png\",\"contentUrl\":\"https:\\\/\\\/jornalbeirario.com.br\\\/portal\\\/wp-content\\\/uploads\\\/2017\\\/09\\\/BEIRA-RIO_logo600.png\",\"width\":650,\"height\":108,\"caption\":\"JORNAL BEIRA RIO\"},\"image\":{\"@id\":\"https:\\\/\\\/jornalbeirario.com.br\\\/portal\\\/#\\\/schema\\\/logo\\\/image\\\/\"}},{\"@type\":\"Person\",\"@id\":\"https:\\\/\\\/jornalbeirario.com.br\\\/portal\\\/#\\\/schema\\\/person\\\/c6c423e4c2465d2a9233f6539173e7c1\",\"name\":\"Jornal BEIRA-RIO\",\"image\":{\"@type\":\"ImageObject\",\"inLanguage\":\"pt-BR\",\"@id\":\"https:\\\/\\\/jornalbeirario.com.br\\\/portal\\\/wp-content\\\/uploads\\\/2023\\\/10\\\/logojbr1.jpg\",\"url\":\"https:\\\/\\\/jornalbeirario.com.br\\\/portal\\\/wp-content\\\/uploads\\\/2023\\\/10\\\/logojbr1.jpg\",\"contentUrl\":\"https:\\\/\\\/jornalbeirario.com.br\\\/portal\\\/wp-content\\\/uploads\\\/2023\\\/10\\\/logojbr1.jpg\",\"caption\":\"Jornal BEIRA-RIO\"},\"url\":\"https:\\\/\\\/jornalbeirario.com.br\\\/portal\\\/?author=1\"}]}<\/script>\n<!-- \/ Yoast SEO plugin. -->","yoast_head_json":{"title":"La\u00eds Amaral - JORNAL BEIRA RIO","robots":{"index":"index","follow":"follow","max-snippet":"max-snippet:-1","max-image-preview":"max-image-preview:large","max-video-preview":"max-video-preview:-1"},"canonical":"https:\/\/jornalbeirario.com.br\/portal\/?p=23981","og_locale":"pt_BR","og_type":"article","og_title":"La\u00eds Amaral - JORNAL BEIRA RIO","og_description":"Come\u00e7ou a campanha eleitoral&#8230;sai de baixo! Come\u00e7ou o hor\u00e1rio pol\u00edtico no R\u00e1dio e na TV. Agora, sim come\u00e7ou a campanha. Na semana que antecedeu","og_url":"https:\/\/jornalbeirario.com.br\/portal\/?p=23981","og_site_name":"JORNAL BEIRA RIO","article_published_time":"2014-08-22T12:59:43+00:00","author":"Jornal BEIRA-RIO","twitter_card":"summary_large_image","twitter_misc":{"Escrito por":"Jornal BEIRA-RIO","Est. tempo de leitura":"4 minutos"},"schema":{"@context":"https:\/\/schema.org","@graph":[{"@type":"Article","@id":"https:\/\/jornalbeirario.com.br\/portal\/?p=23981#article","isPartOf":{"@id":"https:\/\/jornalbeirario.com.br\/portal\/?p=23981"},"author":{"name":"Jornal BEIRA-RIO","@id":"https:\/\/jornalbeirario.com.br\/portal\/#\/schema\/person\/c6c423e4c2465d2a9233f6539173e7c1"},"headline":"La\u00eds Amaral","datePublished":"2014-08-22T12:59:43+00:00","mainEntityOfPage":{"@id":"https:\/\/jornalbeirario.com.br\/portal\/?p=23981"},"wordCount":815,"commentCount":0,"publisher":{"@id":"https:\/\/jornalbeirario.com.br\/portal\/#organization"},"articleSection":["Social"],"inLanguage":"pt-BR","potentialAction":[{"@type":"CommentAction","name":"Comment","target":["https:\/\/jornalbeirario.com.br\/portal\/?p=23981#respond"]}]},{"@type":"WebPage","@id":"https:\/\/jornalbeirario.com.br\/portal\/?p=23981","url":"https:\/\/jornalbeirario.com.br\/portal\/?p=23981","name":"La\u00eds Amaral - JORNAL BEIRA RIO","isPartOf":{"@id":"https:\/\/jornalbeirario.com.br\/portal\/#website"},"datePublished":"2014-08-22T12:59:43+00:00","breadcrumb":{"@id":"https:\/\/jornalbeirario.com.br\/portal\/?p=23981#breadcrumb"},"inLanguage":"pt-BR","potentialAction":[{"@type":"ReadAction","target":["https:\/\/jornalbeirario.com.br\/portal\/?p=23981"]}]},{"@type":"BreadcrumbList","@id":"https:\/\/jornalbeirario.com.br\/portal\/?p=23981#breadcrumb","itemListElement":[{"@type":"ListItem","position":1,"name":"Home","item":"https:\/\/jornalbeirario.com.br\/portal"},{"@type":"ListItem","position":2,"name":"La\u00eds Amaral"}]},{"@type":"WebSite","@id":"https:\/\/jornalbeirario.com.br\/portal\/#website","url":"https:\/\/jornalbeirario.com.br\/portal\/","name":"JORNAL BEIRA RIO","description":"","publisher":{"@id":"https:\/\/jornalbeirario.com.br\/portal\/#organization"},"potentialAction":[{"@type":"SearchAction","target":{"@type":"EntryPoint","urlTemplate":"https:\/\/jornalbeirario.com.br\/portal\/?s={search_term_string}"},"query-input":{"@type":"PropertyValueSpecification","valueRequired":true,"valueName":"search_term_string"}}],"inLanguage":"pt-BR"},{"@type":"Organization","@id":"https:\/\/jornalbeirario.com.br\/portal\/#organization","name":"JORNAL BEIRA RIO","url":"https:\/\/jornalbeirario.com.br\/portal\/","logo":{"@type":"ImageObject","inLanguage":"pt-BR","@id":"https:\/\/jornalbeirario.com.br\/portal\/#\/schema\/logo\/image\/","url":"https:\/\/jornalbeirario.com.br\/portal\/wp-content\/uploads\/2017\/09\/BEIRA-RIO_logo600.png","contentUrl":"https:\/\/jornalbeirario.com.br\/portal\/wp-content\/uploads\/2017\/09\/BEIRA-RIO_logo600.png","width":650,"height":108,"caption":"JORNAL BEIRA RIO"},"image":{"@id":"https:\/\/jornalbeirario.com.br\/portal\/#\/schema\/logo\/image\/"}},{"@type":"Person","@id":"https:\/\/jornalbeirario.com.br\/portal\/#\/schema\/person\/c6c423e4c2465d2a9233f6539173e7c1","name":"Jornal BEIRA-RIO","image":{"@type":"ImageObject","inLanguage":"pt-BR","@id":"https:\/\/jornalbeirario.com.br\/portal\/wp-content\/uploads\/2023\/10\/logojbr1.jpg","url":"https:\/\/jornalbeirario.com.br\/portal\/wp-content\/uploads\/2023\/10\/logojbr1.jpg","contentUrl":"https:\/\/jornalbeirario.com.br\/portal\/wp-content\/uploads\/2023\/10\/logojbr1.jpg","caption":"Jornal BEIRA-RIO"},"url":"https:\/\/jornalbeirario.com.br\/portal\/?author=1"}]}},"_links":{"self":[{"href":"https:\/\/jornalbeirario.com.br\/portal\/index.php?rest_route=\/wp\/v2\/posts\/23981","targetHints":{"allow":["GET"]}}],"collection":[{"href":"https:\/\/jornalbeirario.com.br\/portal\/index.php?rest_route=\/wp\/v2\/posts"}],"about":[{"href":"https:\/\/jornalbeirario.com.br\/portal\/index.php?rest_route=\/wp\/v2\/types\/post"}],"author":[{"embeddable":true,"href":"https:\/\/jornalbeirario.com.br\/portal\/index.php?rest_route=\/wp\/v2\/users\/1"}],"replies":[{"embeddable":true,"href":"https:\/\/jornalbeirario.com.br\/portal\/index.php?rest_route=%2Fwp%2Fv2%2Fcomments&post=23981"}],"version-history":[{"count":2,"href":"https:\/\/jornalbeirario.com.br\/portal\/index.php?rest_route=\/wp\/v2\/posts\/23981\/revisions"}],"predecessor-version":[{"id":24001,"href":"https:\/\/jornalbeirario.com.br\/portal\/index.php?rest_route=\/wp\/v2\/posts\/23981\/revisions\/24001"}],"wp:attachment":[{"href":"https:\/\/jornalbeirario.com.br\/portal\/index.php?rest_route=%2Fwp%2Fv2%2Fmedia&parent=23981"}],"wp:term":[{"taxonomy":"category","embeddable":true,"href":"https:\/\/jornalbeirario.com.br\/portal\/index.php?rest_route=%2Fwp%2Fv2%2Fcategories&post=23981"},{"taxonomy":"post_tag","embeddable":true,"href":"https:\/\/jornalbeirario.com.br\/portal\/index.php?rest_route=%2Fwp%2Fv2%2Ftags&post=23981"}],"curies":[{"name":"wp","href":"https:\/\/api.w.org\/{rel}","templated":true}]}}