
{"id":23768,"date":"2014-08-15T12:20:50","date_gmt":"2014-08-15T12:20:50","guid":{"rendered":"http:\/\/jornalbeirario.com.br\/portal\/portal\/?p=23768"},"modified":"2014-08-15T12:20:50","modified_gmt":"2014-08-15T12:20:50","slug":"lais-amaral-59","status":"publish","type":"post","link":"https:\/\/jornalbeirario.com.br\/portal\/?p=23768","title":{"rendered":"La\u00eds Amaral"},"content":{"rendered":"<p style=\"text-align: justify;\"><strong>Uma fatalidade, o fim de Eduardo Campos<\/strong><br \/>\nA morte tr\u00e1gica e prematura do candidato do PSB \u00e0 Presid\u00eancia da Rep\u00fablica, Eduardo Campos acabou sendo o principal acontecimento pol\u00edtico desde que a campanha eleitoral come\u00e7ou oficialmente (se \u00e9 que podemos classificar a fatalidade dessa forma). Eduardo Campos foi ministro de Lula e depois de eleito governador contou com todo o apoio do ent\u00e3o Presidente da Rep\u00fablica, e dessa forma pode deslanchar in\u00fameros programas e avan\u00e7ar em quest\u00f5es at\u00e9 ent\u00e3o atravancadas em Pernambuco. Por tudo isso (e, claro, pela enorme popularidade do ex-presidente naquele estado), Campos sempre que era questionado a respeito, elogiava e elevava Lula aos p\u00edncaros. Ao ir de aliado a advers\u00e1rio passou a ser chamado pela milit\u00e2ncia petista de \u201cDudu Tra\u00edra\u201d. Mas as rela\u00e7\u00f5es dele com Lula e mesmo com Dilma sempre foram muito cordiais. Mas como Eduardo tinha pretens\u00f5es de chegar ao Planalto, (n\u00e3o nesta elei\u00e7\u00e3o, acredito) tinha que jogar seu nome no \u2018mercado\u2019. Assim tamb\u00e9m contemplava uma aspira\u00e7\u00e3o do PSD que j\u00e1 se achava na idade de pleitear a cadeira principal da Rep\u00fablica. A meu ver era ainda verde, mas com perfil que agrada as classes m\u00e9dia e \u2018A\u2019. Uma hora, talvez chegasse sua vez. No fundo, mais um candidato cuja profiss\u00e3o, era ser neto de celebridade pol\u00edtica. Nunca trabalhou e isso faz falta na hora de diversificar o discurso. Mas foi lastim\u00e1vel o ocorrido, parecia ser um sujeito do bem. Lamento ainda mais por sua fam\u00edlia. Mulher e cinco filhos. Uma pena.<\/p>\n<p style=\"text-align: justify;\"><strong>A\u00e9cio, sem discurso, sem proposta, sem g\u00e1s<\/strong><br \/>\nO outro candidato que tem como profiss\u00e3o ser neto de celebridade pol\u00edtica, A\u00e9cio Neves mostrou toda sua fragilidade como aspirante \u00e0 Presid\u00eancia, na entrevista ao Jornal Nacional, segunda-feira. N\u00e3o apresentou uma \u00fanica proposta concreta. Fraqu\u00edssimo. Algumas perguntas inc\u00f4modas (acho que ele n\u00e3o esperava o fogo amigo) feitas pelos sempre am\u00e1veis colaboradores, \u00e2ncoras do JN, o deixaram aparvalhado. Falava, falava e n\u00e3o dizia nada. Em dado momento a \u00e2ncora perguntou se era para manter, se eleito, os programas do atual governo, \u2018Bolsa Fam\u00edlia\u2019, \u2018Minha Casa Minha Vida\u2019, \u2018Prouni\u2019, \u2018Pronatec\u2019 e \u2018Mais M\u00e9dicos\u2019, como vem afirmando ultimamente, ent\u00e3o pra que fazer campanha contra ? Ele meio sem jeito disse que manteria os programas, por\u00e9m com \u00e9tica. A\u00ed perguntaram sobre o aeroporto constru\u00eddo em terras de parentes na cidade mineira de Cl\u00e1udio, quando ele era governador. Negou o \u201cbatom na cueca\u201d, sem saber explicar o inexplic\u00e1vel. Acredito que n\u00e3o convenceu nem aos tucanos. Os apresentadores n\u00e3o foram fundo por\u00e9m uma meia pergunta, meia afirma\u00e7\u00e3o, ficou no ar como um punhal alado: \u201cvale mais uma fazenda com aeroporto ao lado ou uma fazenda sem aeroporto, candidato ? Abalroaram o j\u00e1 cambaleante discurso \u00e9tico do A\u00e9cio.<\/p>\n<p style=\"text-align: justify;\"><strong>TRIPA<\/strong><br \/>\n* Ser\u00e1 aberta hoje, dia 15, \u00e0s 19 horas no \u2018Espa\u00e7o Z\u2019, a exposi\u00e7\u00e3o sobre os 95 anos da Escola Sagrado Cora\u00e7\u00e3o, mais uma grande homenagem \u00e0 grande mestra Dona Antonina. A exposi\u00e7\u00e3o fica no local at\u00e9 9 de setembro, de segunda a sexta, das 9h \u00e0s 17h * No pr\u00f3ximo dia 19, \u00e0s 18h30min. na AEDB, acontece a abertura da 3\u00aa Semana de Comunica\u00e7\u00e3o Social da AEDB, fraqueada a todos jornalistas e comunicadores de Resende e regi\u00e3o. Na abertura, ser\u00e1 inaugurada a exposi\u00e7\u00e3o, \u201cCotidiano\u201d, do artista visual Anderson de Souza, que tr\u00e1s o caos das cidades e suas criaturas urbanas a Resende. A exposi\u00e7\u00e3o, que tem a curadoria de Vanda Perantoni Schmid, \u00e9 uma atividade cultural extracurricular, estendida \u00e0 comunidade, como parte das comemora\u00e7\u00f5es do 50\u00ba anivers\u00e1rio da AEDB. A mostra das telas de Anderson ficar\u00e1 aberta ao p\u00fablico at\u00e9 o dia 19 de setembro O hor\u00e1rio de visita\u00e7\u00e3o \u00e9 de 2\u00aa a 6\u00aa feira, das 8,30h \u00e0s 12,30h e das 18h \u00e0s 22 horas. E aos s\u00e1bados, de 8,30h \u00e0s 12,30 horas * A nossa amada cantora e compositora, Ive Seixas (Andorinha S\u00f3) foi convidada a participar do 3\u00ba Festival Internacional de M\u00fasicos de Metr\u00f4, o Red Bull Souderground, que come\u00e7ou dia 12 e segue at\u00e9 amanh\u00e3, dia 16. A m\u00fasica rolou nas esta\u00e7\u00f5es: Pavuna, Carioca, General Os\u00f3rio, Siqueira Campos e amanh\u00e3, o Gran Finale, Parada da Lapa, na Rua dos Arcos, sem n\u00famero, \u00e0s 19 horas. Est\u00e1 batendo asas a menina * A \u201c4\u00aa Flivima \u2013 Feira do Livro de Visconde de Mau\u00e1\u201d segue at\u00e9 este domingo, dia 17, no Centro cultural Visconde de Mau\u00e1 (na Aldeia dos Imigrantes), das 10 \u00e0s 18h, com um mundo de livros de todos os estilos com pre\u00e7os bem acess\u00edveis. Mais informa\u00e7\u00f5es: (24) 999 485 181.<\/p>\n<p style=\"text-align: justify;\"><strong>ANIVERS\u00c1RIOS<\/strong><br \/>\nAmanh\u00e3, dia 16, a L\u00edliam Marques e o Luis Fidelix, mudam de idade. No domingo (17) \u00e9 a vez da Amanda Leal ficar mais experiente. Dia 18 tem uma turma grande contando mais um ano de vida: Alex Louren\u00e7o, Valter Florenzano, Rute Diniz e Lucieni Barbosa. No dia 19 inauguram idade nova o Marcos Corr\u00eaa e a Vilma Andrade. Na Quarta (20), um outro quarteto recebe os \u2018parab\u00e9ns\u2019: o Dr. Lo\u00edzo de Souza, o meu irm\u00e3o de cora\u00e7\u00e3o Luis Carlos F\u00e1varo, a jornalista Cristina Daniel e o Toninho Oliveira. Dia 21, a Mu Brasil e o Leo Pazz aniversariam e, terminando a semana, dia 22, o Guilherme Freitas e o Edinho Portugal tamb\u00e9m ficam mais experientes. Parab\u00e9ns e todas as felicidades do mundo a eles.<\/p>\n","protected":false},"excerpt":{"rendered":"<p>Uma fatalidade, o fim de Eduardo Campos A morte tr\u00e1gica e prematura do candidato do PSB \u00e0 Presid\u00eancia da Rep\u00fablica, Eduardo Campos acabou sendo<\/p>\n","protected":false},"author":1,"featured_media":0,"comment_status":"open","ping_status":"open","sticky":false,"template":"","format":"standard","meta":{"pmpro_default_level":"","footnotes":""},"categories":[13],"tags":[155],"class_list":["post-23768","post","type-post","status-publish","format-standard","hentry","category-social","tag-dehoraemhora","pmpro-has-access"],"yoast_head":"<!-- This site is optimized with the Yoast SEO plugin v27.4 - https:\/\/yoast.com\/product\/yoast-seo-wordpress\/ -->\n<title>La\u00eds Amaral - JORNAL BEIRA RIO<\/title>\n<meta name=\"robots\" content=\"index, follow, max-snippet:-1, max-image-preview:large, max-video-preview:-1\" \/>\n<link rel=\"canonical\" href=\"https:\/\/jornalbeirario.com.br\/portal\/?p=23768\" \/>\n<meta property=\"og:locale\" content=\"pt_BR\" \/>\n<meta property=\"og:type\" content=\"article\" \/>\n<meta property=\"og:title\" content=\"La\u00eds Amaral - JORNAL BEIRA RIO\" \/>\n<meta property=\"og:description\" content=\"Uma fatalidade, o fim de Eduardo Campos A morte tr\u00e1gica e prematura do candidato do PSB \u00e0 Presid\u00eancia da Rep\u00fablica, Eduardo Campos acabou sendo\" \/>\n<meta property=\"og:url\" content=\"https:\/\/jornalbeirario.com.br\/portal\/?p=23768\" \/>\n<meta property=\"og:site_name\" content=\"JORNAL BEIRA RIO\" \/>\n<meta property=\"article:published_time\" content=\"2014-08-15T12:20:50+00:00\" \/>\n<meta name=\"author\" content=\"Jornal BEIRA-RIO\" \/>\n<meta name=\"twitter:card\" content=\"summary_large_image\" \/>\n<meta name=\"twitter:label1\" content=\"Escrito por\" \/>\n\t<meta name=\"twitter:data1\" content=\"Jornal BEIRA-RIO\" \/>\n\t<meta name=\"twitter:label2\" content=\"Est. tempo de leitura\" \/>\n\t<meta name=\"twitter:data2\" content=\"5 minutos\" \/>\n<script type=\"application\/ld+json\" class=\"yoast-schema-graph\">{\"@context\":\"https:\\\/\\\/schema.org\",\"@graph\":[{\"@type\":\"Article\",\"@id\":\"https:\\\/\\\/jornalbeirario.com.br\\\/portal\\\/?p=23768#article\",\"isPartOf\":{\"@id\":\"https:\\\/\\\/jornalbeirario.com.br\\\/portal\\\/?p=23768\"},\"author\":{\"name\":\"Jornal BEIRA-RIO\",\"@id\":\"https:\\\/\\\/jornalbeirario.com.br\\\/portal\\\/#\\\/schema\\\/person\\\/c6c423e4c2465d2a9233f6539173e7c1\"},\"headline\":\"La\u00eds Amaral\",\"datePublished\":\"2014-08-15T12:20:50+00:00\",\"mainEntityOfPage\":{\"@id\":\"https:\\\/\\\/jornalbeirario.com.br\\\/portal\\\/?p=23768\"},\"wordCount\":912,\"commentCount\":0,\"publisher\":{\"@id\":\"https:\\\/\\\/jornalbeirario.com.br\\\/portal\\\/#organization\"},\"keywords\":[\"dehoraemhora\"],\"articleSection\":[\"Social\"],\"inLanguage\":\"pt-BR\",\"potentialAction\":[{\"@type\":\"CommentAction\",\"name\":\"Comment\",\"target\":[\"https:\\\/\\\/jornalbeirario.com.br\\\/portal\\\/?p=23768#respond\"]}]},{\"@type\":\"WebPage\",\"@id\":\"https:\\\/\\\/jornalbeirario.com.br\\\/portal\\\/?p=23768\",\"url\":\"https:\\\/\\\/jornalbeirario.com.br\\\/portal\\\/?p=23768\",\"name\":\"La\u00eds Amaral - JORNAL BEIRA RIO\",\"isPartOf\":{\"@id\":\"https:\\\/\\\/jornalbeirario.com.br\\\/portal\\\/#website\"},\"datePublished\":\"2014-08-15T12:20:50+00:00\",\"breadcrumb\":{\"@id\":\"https:\\\/\\\/jornalbeirario.com.br\\\/portal\\\/?p=23768#breadcrumb\"},\"inLanguage\":\"pt-BR\",\"potentialAction\":[{\"@type\":\"ReadAction\",\"target\":[\"https:\\\/\\\/jornalbeirario.com.br\\\/portal\\\/?p=23768\"]}]},{\"@type\":\"BreadcrumbList\",\"@id\":\"https:\\\/\\\/jornalbeirario.com.br\\\/portal\\\/?p=23768#breadcrumb\",\"itemListElement\":[{\"@type\":\"ListItem\",\"position\":1,\"name\":\"Home\",\"item\":\"https:\\\/\\\/jornalbeirario.com.br\\\/portal\"},{\"@type\":\"ListItem\",\"position\":2,\"name\":\"La\u00eds Amaral\"}]},{\"@type\":\"WebSite\",\"@id\":\"https:\\\/\\\/jornalbeirario.com.br\\\/portal\\\/#website\",\"url\":\"https:\\\/\\\/jornalbeirario.com.br\\\/portal\\\/\",\"name\":\"JORNAL BEIRA RIO\",\"description\":\"\",\"publisher\":{\"@id\":\"https:\\\/\\\/jornalbeirario.com.br\\\/portal\\\/#organization\"},\"potentialAction\":[{\"@type\":\"SearchAction\",\"target\":{\"@type\":\"EntryPoint\",\"urlTemplate\":\"https:\\\/\\\/jornalbeirario.com.br\\\/portal\\\/?s={search_term_string}\"},\"query-input\":{\"@type\":\"PropertyValueSpecification\",\"valueRequired\":true,\"valueName\":\"search_term_string\"}}],\"inLanguage\":\"pt-BR\"},{\"@type\":\"Organization\",\"@id\":\"https:\\\/\\\/jornalbeirario.com.br\\\/portal\\\/#organization\",\"name\":\"JORNAL BEIRA RIO\",\"url\":\"https:\\\/\\\/jornalbeirario.com.br\\\/portal\\\/\",\"logo\":{\"@type\":\"ImageObject\",\"inLanguage\":\"pt-BR\",\"@id\":\"https:\\\/\\\/jornalbeirario.com.br\\\/portal\\\/#\\\/schema\\\/logo\\\/image\\\/\",\"url\":\"https:\\\/\\\/jornalbeirario.com.br\\\/portal\\\/wp-content\\\/uploads\\\/2017\\\/09\\\/BEIRA-RIO_logo600.png\",\"contentUrl\":\"https:\\\/\\\/jornalbeirario.com.br\\\/portal\\\/wp-content\\\/uploads\\\/2017\\\/09\\\/BEIRA-RIO_logo600.png\",\"width\":650,\"height\":108,\"caption\":\"JORNAL BEIRA RIO\"},\"image\":{\"@id\":\"https:\\\/\\\/jornalbeirario.com.br\\\/portal\\\/#\\\/schema\\\/logo\\\/image\\\/\"}},{\"@type\":\"Person\",\"@id\":\"https:\\\/\\\/jornalbeirario.com.br\\\/portal\\\/#\\\/schema\\\/person\\\/c6c423e4c2465d2a9233f6539173e7c1\",\"name\":\"Jornal BEIRA-RIO\",\"image\":{\"@type\":\"ImageObject\",\"inLanguage\":\"pt-BR\",\"@id\":\"https:\\\/\\\/jornalbeirario.com.br\\\/portal\\\/wp-content\\\/uploads\\\/2023\\\/10\\\/logojbr1.jpg\",\"url\":\"https:\\\/\\\/jornalbeirario.com.br\\\/portal\\\/wp-content\\\/uploads\\\/2023\\\/10\\\/logojbr1.jpg\",\"contentUrl\":\"https:\\\/\\\/jornalbeirario.com.br\\\/portal\\\/wp-content\\\/uploads\\\/2023\\\/10\\\/logojbr1.jpg\",\"caption\":\"Jornal BEIRA-RIO\"},\"url\":\"https:\\\/\\\/jornalbeirario.com.br\\\/portal\\\/?author=1\"}]}<\/script>\n<!-- \/ Yoast SEO plugin. -->","yoast_head_json":{"title":"La\u00eds Amaral - JORNAL BEIRA RIO","robots":{"index":"index","follow":"follow","max-snippet":"max-snippet:-1","max-image-preview":"max-image-preview:large","max-video-preview":"max-video-preview:-1"},"canonical":"https:\/\/jornalbeirario.com.br\/portal\/?p=23768","og_locale":"pt_BR","og_type":"article","og_title":"La\u00eds Amaral - JORNAL BEIRA RIO","og_description":"Uma fatalidade, o fim de Eduardo Campos A morte tr\u00e1gica e prematura do candidato do PSB \u00e0 Presid\u00eancia da Rep\u00fablica, Eduardo Campos acabou sendo","og_url":"https:\/\/jornalbeirario.com.br\/portal\/?p=23768","og_site_name":"JORNAL BEIRA RIO","article_published_time":"2014-08-15T12:20:50+00:00","author":"Jornal BEIRA-RIO","twitter_card":"summary_large_image","twitter_misc":{"Escrito por":"Jornal BEIRA-RIO","Est. tempo de leitura":"5 minutos"},"schema":{"@context":"https:\/\/schema.org","@graph":[{"@type":"Article","@id":"https:\/\/jornalbeirario.com.br\/portal\/?p=23768#article","isPartOf":{"@id":"https:\/\/jornalbeirario.com.br\/portal\/?p=23768"},"author":{"name":"Jornal BEIRA-RIO","@id":"https:\/\/jornalbeirario.com.br\/portal\/#\/schema\/person\/c6c423e4c2465d2a9233f6539173e7c1"},"headline":"La\u00eds Amaral","datePublished":"2014-08-15T12:20:50+00:00","mainEntityOfPage":{"@id":"https:\/\/jornalbeirario.com.br\/portal\/?p=23768"},"wordCount":912,"commentCount":0,"publisher":{"@id":"https:\/\/jornalbeirario.com.br\/portal\/#organization"},"keywords":["dehoraemhora"],"articleSection":["Social"],"inLanguage":"pt-BR","potentialAction":[{"@type":"CommentAction","name":"Comment","target":["https:\/\/jornalbeirario.com.br\/portal\/?p=23768#respond"]}]},{"@type":"WebPage","@id":"https:\/\/jornalbeirario.com.br\/portal\/?p=23768","url":"https:\/\/jornalbeirario.com.br\/portal\/?p=23768","name":"La\u00eds Amaral - JORNAL BEIRA RIO","isPartOf":{"@id":"https:\/\/jornalbeirario.com.br\/portal\/#website"},"datePublished":"2014-08-15T12:20:50+00:00","breadcrumb":{"@id":"https:\/\/jornalbeirario.com.br\/portal\/?p=23768#breadcrumb"},"inLanguage":"pt-BR","potentialAction":[{"@type":"ReadAction","target":["https:\/\/jornalbeirario.com.br\/portal\/?p=23768"]}]},{"@type":"BreadcrumbList","@id":"https:\/\/jornalbeirario.com.br\/portal\/?p=23768#breadcrumb","itemListElement":[{"@type":"ListItem","position":1,"name":"Home","item":"https:\/\/jornalbeirario.com.br\/portal"},{"@type":"ListItem","position":2,"name":"La\u00eds Amaral"}]},{"@type":"WebSite","@id":"https:\/\/jornalbeirario.com.br\/portal\/#website","url":"https:\/\/jornalbeirario.com.br\/portal\/","name":"JORNAL BEIRA RIO","description":"","publisher":{"@id":"https:\/\/jornalbeirario.com.br\/portal\/#organization"},"potentialAction":[{"@type":"SearchAction","target":{"@type":"EntryPoint","urlTemplate":"https:\/\/jornalbeirario.com.br\/portal\/?s={search_term_string}"},"query-input":{"@type":"PropertyValueSpecification","valueRequired":true,"valueName":"search_term_string"}}],"inLanguage":"pt-BR"},{"@type":"Organization","@id":"https:\/\/jornalbeirario.com.br\/portal\/#organization","name":"JORNAL BEIRA RIO","url":"https:\/\/jornalbeirario.com.br\/portal\/","logo":{"@type":"ImageObject","inLanguage":"pt-BR","@id":"https:\/\/jornalbeirario.com.br\/portal\/#\/schema\/logo\/image\/","url":"https:\/\/jornalbeirario.com.br\/portal\/wp-content\/uploads\/2017\/09\/BEIRA-RIO_logo600.png","contentUrl":"https:\/\/jornalbeirario.com.br\/portal\/wp-content\/uploads\/2017\/09\/BEIRA-RIO_logo600.png","width":650,"height":108,"caption":"JORNAL BEIRA RIO"},"image":{"@id":"https:\/\/jornalbeirario.com.br\/portal\/#\/schema\/logo\/image\/"}},{"@type":"Person","@id":"https:\/\/jornalbeirario.com.br\/portal\/#\/schema\/person\/c6c423e4c2465d2a9233f6539173e7c1","name":"Jornal BEIRA-RIO","image":{"@type":"ImageObject","inLanguage":"pt-BR","@id":"https:\/\/jornalbeirario.com.br\/portal\/wp-content\/uploads\/2023\/10\/logojbr1.jpg","url":"https:\/\/jornalbeirario.com.br\/portal\/wp-content\/uploads\/2023\/10\/logojbr1.jpg","contentUrl":"https:\/\/jornalbeirario.com.br\/portal\/wp-content\/uploads\/2023\/10\/logojbr1.jpg","caption":"Jornal BEIRA-RIO"},"url":"https:\/\/jornalbeirario.com.br\/portal\/?author=1"}]}},"_links":{"self":[{"href":"https:\/\/jornalbeirario.com.br\/portal\/index.php?rest_route=\/wp\/v2\/posts\/23768","targetHints":{"allow":["GET"]}}],"collection":[{"href":"https:\/\/jornalbeirario.com.br\/portal\/index.php?rest_route=\/wp\/v2\/posts"}],"about":[{"href":"https:\/\/jornalbeirario.com.br\/portal\/index.php?rest_route=\/wp\/v2\/types\/post"}],"author":[{"embeddable":true,"href":"https:\/\/jornalbeirario.com.br\/portal\/index.php?rest_route=\/wp\/v2\/users\/1"}],"replies":[{"embeddable":true,"href":"https:\/\/jornalbeirario.com.br\/portal\/index.php?rest_route=%2Fwp%2Fv2%2Fcomments&post=23768"}],"version-history":[{"count":2,"href":"https:\/\/jornalbeirario.com.br\/portal\/index.php?rest_route=\/wp\/v2\/posts\/23768\/revisions"}],"predecessor-version":[{"id":23810,"href":"https:\/\/jornalbeirario.com.br\/portal\/index.php?rest_route=\/wp\/v2\/posts\/23768\/revisions\/23810"}],"wp:attachment":[{"href":"https:\/\/jornalbeirario.com.br\/portal\/index.php?rest_route=%2Fwp%2Fv2%2Fmedia&parent=23768"}],"wp:term":[{"taxonomy":"category","embeddable":true,"href":"https:\/\/jornalbeirario.com.br\/portal\/index.php?rest_route=%2Fwp%2Fv2%2Fcategories&post=23768"},{"taxonomy":"post_tag","embeddable":true,"href":"https:\/\/jornalbeirario.com.br\/portal\/index.php?rest_route=%2Fwp%2Fv2%2Ftags&post=23768"}],"curies":[{"name":"wp","href":"https:\/\/api.w.org\/{rel}","templated":true}]}}