
{"id":23450,"date":"2014-08-08T10:15:00","date_gmt":"2014-08-08T10:15:00","guid":{"rendered":"http:\/\/jornalbeirario.com.br\/portal\/portal\/?p=23450"},"modified":"2014-08-08T10:15:00","modified_gmt":"2014-08-08T10:15:00","slug":"lais-amaral-58","status":"publish","type":"post","link":"https:\/\/jornalbeirario.com.br\/portal\/?p=23450","title":{"rendered":"La\u00eds Amaral"},"content":{"rendered":"<p style=\"text-align: justify;\"><strong>Dica de Livro: \u2018Os Filhos dos Dias\u2019<\/strong><br \/>\nMeio na contram\u00e3o do imp\u00e9rio dos tablets, facebooks, whatsapp e outros meios contagiosos de ocupa\u00e7\u00e3o do tempo, me arrisco \u00e0 ingl\u00f3ria empreitada, de dar dicas de livros, por aqui. Come\u00e7o com o livro \u201cOs filhos dos Dias\u201d do escritor uruguaio Eduardo Galeano, (L&amp;PM), que voc\u00ea encontra f\u00e1cil em Resende. \u00c9 uma esp\u00e9cie de livro calend\u00e1rio com pequenos textos sobre variados assuntos, distribu\u00eddos nos 365 dias do ano. Um texto para cada dia. Voc\u00ea fica sabendo, por exemplo, que a hist\u00f3ria de Ad\u00e3o Eva n\u00e3o est\u00e1 na B\u00edblia ou que at\u00e9 1990, a homossexualidade era considerada uma doen\u00e7a mental pela OMS. Segue o texto de hoje, 8 de Agosto: \u201cHoje morreu, em 1553, o m\u00e9dico e escritor italiano Girolando Fracastoro. Entre outras doen\u00e7as contagiosas, Fracastoro havia pesquisado a s\u00edfilis, e tinha chegado \u00e0 conclus\u00e3o de que essa doen\u00e7a europeia n\u00e3o havia sido gerada a partir dos \u00edndios das Am\u00e9ricas. Em nossos dias, Moacyr Scliar, brasileiro, colega de Fracastoro na ci\u00eancia e nas letras, tamb\u00e9m desmente a origem da suposta maldi\u00e7\u00e3o americana: antes da conquista no Novo Mundo, os franceses j\u00e1 chamavam a s\u00edfilis de \u2018mal italiano\u2019, e os italianos chamavam de \u2018mal franc\u00eas\u2019. Os holandeses e portugueses chamavam de \u2018doen\u00e7a espanhola\u2019; era a \u2018enfermidade portuguesa\u2019 para os japoneses, \u2018enfermidade alem\u00e3\u2019 para os polacos e \u2018enfermidade polaca\u2019 para os russos. E os persas achavam que era a \u2018peste dos turcos\u2019.\u201d<\/p>\n<p style=\"text-align: justify;\"><strong>Hiroshima e Nagasaki. Japoneses perdoam, mas a humanidade n\u00e3o deve esquecer jamais<\/strong><br \/>\nNos dias 6 e 9 de agosto de 1945, h\u00e1 69 anos, portanto, as cidades japonesas de Hiroshima e Nagasaki, respectivamente, foram vitimas da mais horrenda manifesta\u00e7\u00e3o da estupidez e insanidade humana: as bombas at\u00f4micas, lan\u00e7adas por um avi\u00e3o americano, com a \u201cjustificativa\u201d de que daquela forma, os japoneses se renderiam. Na ocasi\u00e3o, 85% da popula\u00e7\u00e3o de Hiroshima eram civis. Um genoc\u00eddio que se repetiria tr\u00eas dias depois, em Nagasaki. Nas duas cidades, mais de 200 mil mortos de imediato. E mais mortes na esteira da radioatividade com consequ\u00eancias por d\u00e9cadas. Tr\u00eas dias depois de todo aquele horror, o presidente americano Harry Truman diria: \u201cAgradecemos a Deus por ter posto a bomba em nossas m\u00e3os e n\u00e3o nas m\u00e3os dos nossos inimigos; e rogamos a Deus que nos guie em seu uso, de acordo com seus caminhos e seus prop\u00f3sitos\u201d. Hoje, quando assistimos o atual presidente americano, Barack Obama autorizar o envio de armas a Israel, contribuindo para a intensifica\u00e7\u00e3o do massacre na Faixa de Gaza, enquanto o mundo todo pede pelo fim do inferno contra civis palestinos, talvez estejamos diante do mesmo fio condutor de uma gen\u00e9tica belicista e prepotente. No link a seguir o document\u00e1rio \u201cHiroshima, o dia Seguinte\u201d, produzido pela National Geografic, com dura\u00e7\u00e3o de 40 minutos. (https:\/\/www.youtube.com\/watch?v=SnCA88A4uBU). Vale assistir, e perceber que al\u00e9m da toda a bestialidade, ainda houve oportunidade para que milhares de seres humanos fossem tratados como cobaias de uma experi\u00eancia injustificada.<\/p>\n<p style=\"text-align: justify;\"><strong>TRIPA<\/strong><br \/>\n* Amanh\u00e3, dia 9, os corais \u2018Resencanto\u2019 e \u2018Artemo\u00e7\u00e3o\u2019, regidos pela musicista Alile Cuoco, v\u00e3o fazer a abertura da solenidade de premia\u00e7\u00e3o dos vencedores dos Jogos Florais de 2013, com a entrega do livro com os finalistas do concurso. O evento organizado pelo Gr\u00eamio Liter\u00e1rio de Resende acontece \u00e0s 9 horas no \u2018Espa\u00e7o Z\u2019, com entrada franca * E falando em Gr\u00eamio, j\u00e1 saiu o regulamento para os Jogos Florais deste ano, que v\u00e3o at\u00e9 dia 30 de setembro. Mais informa\u00e7\u00f5es no Arquivo Hist\u00f3rico na Funda\u00e7\u00e3o Casa da Cultura Macedo Miranda, com Claudionor Rosa * Em breve, o lan\u00e7amento do livro da Solange Godoy, contanto fatos e passagens importantes relacionados \u00e0 cria\u00e7\u00e3o do Museu de Arte Moderna (MAM), de Resende. J\u00e1 vi o livro e adianto que ficou bel\u00edssimo, al\u00e9m da import\u00e2ncia hist\u00f3rica que possui * Este domingo \u00e9 o \u2018Dia dos Pais\u2019 por isso ficou para o pr\u00f3ximo domingo, dia 17, a primeira rodada do Futebol So\u00e7aite Sessent\u00e3o, da AABB. Coordena\u00e7\u00e3o do nosso amigo, \u2018Paulinho da Farm\u00e1cia\u2019. \u00c9 futebol de primeira * Foram abertas ontem as inscri\u00e7\u00f5es para o concurso Garota Exapicor. As interessadas devem acessar o site oficial do evento www.exapicor.com.br, clicando no link \u201cGarota Exapicor\u201d. As inscri\u00e7\u00f5es se encerram no dia 25 de agosto. No endere\u00e7o eletr\u00f4nico est\u00e3o dispon\u00edveis a ficha de inscri\u00e7\u00e3o online e o regulamento completo. A inscri\u00e7\u00e3o \u00e9 gratuita.<\/p>\n<p style=\"text-align: justify;\"><strong>ANIVERS\u00c1RIOS<\/strong><br \/>\nAmanh\u00e3, dia 9, inauguram idade nova o radialista Uiara Ara\u00fajo e o professor de dan\u00e7a, Cleverson Mariano. Dia 11, Segunda, mudam de idade a Ivanilda Brum, a Jucimar Capilla, a Luciana Carneiro e a Lidiane Pires. No dia 12, fica mais experiente o Luis Santos. No dia 13, um trio legal recebe os \u2018parab\u00e9ns\u2019: o \u2018seu\u2019 Ot\u00e1cio Conservani, e as colegas de Prefeitura, Ana Cec\u00edlia e Dione Lyrio. No dia 14 \u00e9 a vez do meu chapa Oxi Resende e no dia 15, mais quatro amigos sopram velinhas: Kleber Molina, Herbert Felipe, Cl\u00e1udia Vilela e Jenny Faustich. Parab\u00e9ns e todas as felicidades do mundo a eles.<\/p>\n<p style=\"text-align: justify;\">\n","protected":false},"excerpt":{"rendered":"<p>Dica de Livro: \u2018Os Filhos dos Dias\u2019 Meio na contram\u00e3o do imp\u00e9rio dos tablets, facebooks, whatsapp e outros meios contagiosos de ocupa\u00e7\u00e3o do tempo,<\/p>\n","protected":false},"author":1,"featured_media":0,"comment_status":"open","ping_status":"open","sticky":false,"template":"","format":"standard","meta":{"pmpro_default_level":"","footnotes":""},"categories":[13],"tags":[],"class_list":["post-23450","post","type-post","status-publish","format-standard","hentry","category-social","pmpro-has-access"],"yoast_head":"<!-- This site is optimized with the Yoast SEO plugin v27.4 - https:\/\/yoast.com\/product\/yoast-seo-wordpress\/ -->\n<title>La\u00eds Amaral - JORNAL BEIRA RIO<\/title>\n<meta name=\"robots\" content=\"index, follow, max-snippet:-1, max-image-preview:large, max-video-preview:-1\" \/>\n<link rel=\"canonical\" href=\"https:\/\/jornalbeirario.com.br\/portal\/?p=23450\" \/>\n<meta property=\"og:locale\" content=\"pt_BR\" \/>\n<meta property=\"og:type\" content=\"article\" \/>\n<meta property=\"og:title\" content=\"La\u00eds Amaral - JORNAL BEIRA RIO\" \/>\n<meta property=\"og:description\" content=\"Dica de Livro: \u2018Os Filhos dos Dias\u2019 Meio na contram\u00e3o do imp\u00e9rio dos tablets, facebooks, whatsapp e outros meios contagiosos de ocupa\u00e7\u00e3o do tempo,\" \/>\n<meta property=\"og:url\" content=\"https:\/\/jornalbeirario.com.br\/portal\/?p=23450\" \/>\n<meta property=\"og:site_name\" content=\"JORNAL BEIRA RIO\" \/>\n<meta property=\"article:published_time\" content=\"2014-08-08T10:15:00+00:00\" \/>\n<meta name=\"author\" content=\"Jornal BEIRA-RIO\" \/>\n<meta name=\"twitter:card\" content=\"summary_large_image\" \/>\n<meta name=\"twitter:label1\" content=\"Escrito por\" \/>\n\t<meta name=\"twitter:data1\" content=\"Jornal BEIRA-RIO\" \/>\n\t<meta name=\"twitter:label2\" content=\"Est. tempo de leitura\" \/>\n\t<meta name=\"twitter:data2\" content=\"4 minutos\" \/>\n<script type=\"application\/ld+json\" class=\"yoast-schema-graph\">{\"@context\":\"https:\\\/\\\/schema.org\",\"@graph\":[{\"@type\":\"Article\",\"@id\":\"https:\\\/\\\/jornalbeirario.com.br\\\/portal\\\/?p=23450#article\",\"isPartOf\":{\"@id\":\"https:\\\/\\\/jornalbeirario.com.br\\\/portal\\\/?p=23450\"},\"author\":{\"name\":\"Jornal BEIRA-RIO\",\"@id\":\"https:\\\/\\\/jornalbeirario.com.br\\\/portal\\\/#\\\/schema\\\/person\\\/c6c423e4c2465d2a9233f6539173e7c1\"},\"headline\":\"La\u00eds Amaral\",\"datePublished\":\"2014-08-08T10:15:00+00:00\",\"mainEntityOfPage\":{\"@id\":\"https:\\\/\\\/jornalbeirario.com.br\\\/portal\\\/?p=23450\"},\"wordCount\":885,\"commentCount\":0,\"publisher\":{\"@id\":\"https:\\\/\\\/jornalbeirario.com.br\\\/portal\\\/#organization\"},\"articleSection\":[\"Social\"],\"inLanguage\":\"pt-BR\",\"potentialAction\":[{\"@type\":\"CommentAction\",\"name\":\"Comment\",\"target\":[\"https:\\\/\\\/jornalbeirario.com.br\\\/portal\\\/?p=23450#respond\"]}]},{\"@type\":\"WebPage\",\"@id\":\"https:\\\/\\\/jornalbeirario.com.br\\\/portal\\\/?p=23450\",\"url\":\"https:\\\/\\\/jornalbeirario.com.br\\\/portal\\\/?p=23450\",\"name\":\"La\u00eds Amaral - JORNAL BEIRA RIO\",\"isPartOf\":{\"@id\":\"https:\\\/\\\/jornalbeirario.com.br\\\/portal\\\/#website\"},\"datePublished\":\"2014-08-08T10:15:00+00:00\",\"breadcrumb\":{\"@id\":\"https:\\\/\\\/jornalbeirario.com.br\\\/portal\\\/?p=23450#breadcrumb\"},\"inLanguage\":\"pt-BR\",\"potentialAction\":[{\"@type\":\"ReadAction\",\"target\":[\"https:\\\/\\\/jornalbeirario.com.br\\\/portal\\\/?p=23450\"]}]},{\"@type\":\"BreadcrumbList\",\"@id\":\"https:\\\/\\\/jornalbeirario.com.br\\\/portal\\\/?p=23450#breadcrumb\",\"itemListElement\":[{\"@type\":\"ListItem\",\"position\":1,\"name\":\"Home\",\"item\":\"https:\\\/\\\/jornalbeirario.com.br\\\/portal\"},{\"@type\":\"ListItem\",\"position\":2,\"name\":\"La\u00eds Amaral\"}]},{\"@type\":\"WebSite\",\"@id\":\"https:\\\/\\\/jornalbeirario.com.br\\\/portal\\\/#website\",\"url\":\"https:\\\/\\\/jornalbeirario.com.br\\\/portal\\\/\",\"name\":\"JORNAL BEIRA RIO\",\"description\":\"\",\"publisher\":{\"@id\":\"https:\\\/\\\/jornalbeirario.com.br\\\/portal\\\/#organization\"},\"potentialAction\":[{\"@type\":\"SearchAction\",\"target\":{\"@type\":\"EntryPoint\",\"urlTemplate\":\"https:\\\/\\\/jornalbeirario.com.br\\\/portal\\\/?s={search_term_string}\"},\"query-input\":{\"@type\":\"PropertyValueSpecification\",\"valueRequired\":true,\"valueName\":\"search_term_string\"}}],\"inLanguage\":\"pt-BR\"},{\"@type\":\"Organization\",\"@id\":\"https:\\\/\\\/jornalbeirario.com.br\\\/portal\\\/#organization\",\"name\":\"JORNAL BEIRA RIO\",\"url\":\"https:\\\/\\\/jornalbeirario.com.br\\\/portal\\\/\",\"logo\":{\"@type\":\"ImageObject\",\"inLanguage\":\"pt-BR\",\"@id\":\"https:\\\/\\\/jornalbeirario.com.br\\\/portal\\\/#\\\/schema\\\/logo\\\/image\\\/\",\"url\":\"https:\\\/\\\/jornalbeirario.com.br\\\/portal\\\/wp-content\\\/uploads\\\/2017\\\/09\\\/BEIRA-RIO_logo600.png\",\"contentUrl\":\"https:\\\/\\\/jornalbeirario.com.br\\\/portal\\\/wp-content\\\/uploads\\\/2017\\\/09\\\/BEIRA-RIO_logo600.png\",\"width\":650,\"height\":108,\"caption\":\"JORNAL BEIRA RIO\"},\"image\":{\"@id\":\"https:\\\/\\\/jornalbeirario.com.br\\\/portal\\\/#\\\/schema\\\/logo\\\/image\\\/\"}},{\"@type\":\"Person\",\"@id\":\"https:\\\/\\\/jornalbeirario.com.br\\\/portal\\\/#\\\/schema\\\/person\\\/c6c423e4c2465d2a9233f6539173e7c1\",\"name\":\"Jornal BEIRA-RIO\",\"image\":{\"@type\":\"ImageObject\",\"inLanguage\":\"pt-BR\",\"@id\":\"https:\\\/\\\/jornalbeirario.com.br\\\/portal\\\/wp-content\\\/uploads\\\/2023\\\/10\\\/logojbr1.jpg\",\"url\":\"https:\\\/\\\/jornalbeirario.com.br\\\/portal\\\/wp-content\\\/uploads\\\/2023\\\/10\\\/logojbr1.jpg\",\"contentUrl\":\"https:\\\/\\\/jornalbeirario.com.br\\\/portal\\\/wp-content\\\/uploads\\\/2023\\\/10\\\/logojbr1.jpg\",\"caption\":\"Jornal BEIRA-RIO\"},\"url\":\"https:\\\/\\\/jornalbeirario.com.br\\\/portal\\\/?author=1\"}]}<\/script>\n<!-- \/ Yoast SEO plugin. -->","yoast_head_json":{"title":"La\u00eds Amaral - JORNAL BEIRA RIO","robots":{"index":"index","follow":"follow","max-snippet":"max-snippet:-1","max-image-preview":"max-image-preview:large","max-video-preview":"max-video-preview:-1"},"canonical":"https:\/\/jornalbeirario.com.br\/portal\/?p=23450","og_locale":"pt_BR","og_type":"article","og_title":"La\u00eds Amaral - JORNAL BEIRA RIO","og_description":"Dica de Livro: \u2018Os Filhos dos Dias\u2019 Meio na contram\u00e3o do imp\u00e9rio dos tablets, facebooks, whatsapp e outros meios contagiosos de ocupa\u00e7\u00e3o do tempo,","og_url":"https:\/\/jornalbeirario.com.br\/portal\/?p=23450","og_site_name":"JORNAL BEIRA RIO","article_published_time":"2014-08-08T10:15:00+00:00","author":"Jornal BEIRA-RIO","twitter_card":"summary_large_image","twitter_misc":{"Escrito por":"Jornal BEIRA-RIO","Est. tempo de leitura":"4 minutos"},"schema":{"@context":"https:\/\/schema.org","@graph":[{"@type":"Article","@id":"https:\/\/jornalbeirario.com.br\/portal\/?p=23450#article","isPartOf":{"@id":"https:\/\/jornalbeirario.com.br\/portal\/?p=23450"},"author":{"name":"Jornal BEIRA-RIO","@id":"https:\/\/jornalbeirario.com.br\/portal\/#\/schema\/person\/c6c423e4c2465d2a9233f6539173e7c1"},"headline":"La\u00eds Amaral","datePublished":"2014-08-08T10:15:00+00:00","mainEntityOfPage":{"@id":"https:\/\/jornalbeirario.com.br\/portal\/?p=23450"},"wordCount":885,"commentCount":0,"publisher":{"@id":"https:\/\/jornalbeirario.com.br\/portal\/#organization"},"articleSection":["Social"],"inLanguage":"pt-BR","potentialAction":[{"@type":"CommentAction","name":"Comment","target":["https:\/\/jornalbeirario.com.br\/portal\/?p=23450#respond"]}]},{"@type":"WebPage","@id":"https:\/\/jornalbeirario.com.br\/portal\/?p=23450","url":"https:\/\/jornalbeirario.com.br\/portal\/?p=23450","name":"La\u00eds Amaral - JORNAL BEIRA RIO","isPartOf":{"@id":"https:\/\/jornalbeirario.com.br\/portal\/#website"},"datePublished":"2014-08-08T10:15:00+00:00","breadcrumb":{"@id":"https:\/\/jornalbeirario.com.br\/portal\/?p=23450#breadcrumb"},"inLanguage":"pt-BR","potentialAction":[{"@type":"ReadAction","target":["https:\/\/jornalbeirario.com.br\/portal\/?p=23450"]}]},{"@type":"BreadcrumbList","@id":"https:\/\/jornalbeirario.com.br\/portal\/?p=23450#breadcrumb","itemListElement":[{"@type":"ListItem","position":1,"name":"Home","item":"https:\/\/jornalbeirario.com.br\/portal"},{"@type":"ListItem","position":2,"name":"La\u00eds Amaral"}]},{"@type":"WebSite","@id":"https:\/\/jornalbeirario.com.br\/portal\/#website","url":"https:\/\/jornalbeirario.com.br\/portal\/","name":"JORNAL BEIRA RIO","description":"","publisher":{"@id":"https:\/\/jornalbeirario.com.br\/portal\/#organization"},"potentialAction":[{"@type":"SearchAction","target":{"@type":"EntryPoint","urlTemplate":"https:\/\/jornalbeirario.com.br\/portal\/?s={search_term_string}"},"query-input":{"@type":"PropertyValueSpecification","valueRequired":true,"valueName":"search_term_string"}}],"inLanguage":"pt-BR"},{"@type":"Organization","@id":"https:\/\/jornalbeirario.com.br\/portal\/#organization","name":"JORNAL BEIRA RIO","url":"https:\/\/jornalbeirario.com.br\/portal\/","logo":{"@type":"ImageObject","inLanguage":"pt-BR","@id":"https:\/\/jornalbeirario.com.br\/portal\/#\/schema\/logo\/image\/","url":"https:\/\/jornalbeirario.com.br\/portal\/wp-content\/uploads\/2017\/09\/BEIRA-RIO_logo600.png","contentUrl":"https:\/\/jornalbeirario.com.br\/portal\/wp-content\/uploads\/2017\/09\/BEIRA-RIO_logo600.png","width":650,"height":108,"caption":"JORNAL BEIRA RIO"},"image":{"@id":"https:\/\/jornalbeirario.com.br\/portal\/#\/schema\/logo\/image\/"}},{"@type":"Person","@id":"https:\/\/jornalbeirario.com.br\/portal\/#\/schema\/person\/c6c423e4c2465d2a9233f6539173e7c1","name":"Jornal BEIRA-RIO","image":{"@type":"ImageObject","inLanguage":"pt-BR","@id":"https:\/\/jornalbeirario.com.br\/portal\/wp-content\/uploads\/2023\/10\/logojbr1.jpg","url":"https:\/\/jornalbeirario.com.br\/portal\/wp-content\/uploads\/2023\/10\/logojbr1.jpg","contentUrl":"https:\/\/jornalbeirario.com.br\/portal\/wp-content\/uploads\/2023\/10\/logojbr1.jpg","caption":"Jornal BEIRA-RIO"},"url":"https:\/\/jornalbeirario.com.br\/portal\/?author=1"}]}},"_links":{"self":[{"href":"https:\/\/jornalbeirario.com.br\/portal\/index.php?rest_route=\/wp\/v2\/posts\/23450","targetHints":{"allow":["GET"]}}],"collection":[{"href":"https:\/\/jornalbeirario.com.br\/portal\/index.php?rest_route=\/wp\/v2\/posts"}],"about":[{"href":"https:\/\/jornalbeirario.com.br\/portal\/index.php?rest_route=\/wp\/v2\/types\/post"}],"author":[{"embeddable":true,"href":"https:\/\/jornalbeirario.com.br\/portal\/index.php?rest_route=\/wp\/v2\/users\/1"}],"replies":[{"embeddable":true,"href":"https:\/\/jornalbeirario.com.br\/portal\/index.php?rest_route=%2Fwp%2Fv2%2Fcomments&post=23450"}],"version-history":[{"count":2,"href":"https:\/\/jornalbeirario.com.br\/portal\/index.php?rest_route=\/wp\/v2\/posts\/23450\/revisions"}],"predecessor-version":[{"id":23525,"href":"https:\/\/jornalbeirario.com.br\/portal\/index.php?rest_route=\/wp\/v2\/posts\/23450\/revisions\/23525"}],"wp:attachment":[{"href":"https:\/\/jornalbeirario.com.br\/portal\/index.php?rest_route=%2Fwp%2Fv2%2Fmedia&parent=23450"}],"wp:term":[{"taxonomy":"category","embeddable":true,"href":"https:\/\/jornalbeirario.com.br\/portal\/index.php?rest_route=%2Fwp%2Fv2%2Fcategories&post=23450"},{"taxonomy":"post_tag","embeddable":true,"href":"https:\/\/jornalbeirario.com.br\/portal\/index.php?rest_route=%2Fwp%2Fv2%2Ftags&post=23450"}],"curies":[{"name":"wp","href":"https:\/\/api.w.org\/{rel}","templated":true}]}}