
{"id":23445,"date":"2014-08-08T10:12:33","date_gmt":"2014-08-08T10:12:33","guid":{"rendered":"http:\/\/jornalbeirario.com.br\/portal\/portal\/?p=23445"},"modified":"2014-08-08T10:12:33","modified_gmt":"2014-08-08T10:12:33","slug":"quem-pensa-o-que-acontece-no-trafego-de-resende","status":"publish","type":"post","link":"https:\/\/jornalbeirario.com.br\/portal\/?p=23445","title":{"rendered":"QUEM PENSA? O que acontece no tr\u00e1fego de Resende?"},"content":{"rendered":"<p style=\"text-align: justify;\">Desrespeito dos motoristas? Sim! Ciclistas que desconhecem a legisla\u00e7\u00e3o? Sim! Pedestres abusados? Sim! Falta de planejamento do governo municipal? Sim! Infelizmente as respostas d\u00e3o conta do caos que se transformou o tr\u00e2nsito na cidade de Resende. Sem generaliza\u00e7\u00f5es, \u00e9 claro, e sem colocar a total responsabilidade no n\u00famero de ve\u00edculos que circulam se quisermos realmente minimizar os problemas de tr\u00e2nsito na cidade ser\u00e1 preciso um esfor\u00e7o conjunto da sociedade e do governo municipal.<\/p>\n<p style=\"text-align: justify;\">Se por um lado, motoristas, ciclistas e pedestres precisam rever suas condutas, por outro o governo municipal precisa deixar as vaidades de lado e buscar a compet\u00eancia e excel\u00eancia para tratar do assunto com a import\u00e2ncia que ele merece. Chega de amadorismo. Chega de tornar as pessoas, ruas e avenidas do munic\u00edpio em cobaias de um laborat\u00f3rio que n\u00e3o pedimos, mas que o governo insiste em descer goela abaixo. J\u00e1 entendemos que falta compet\u00eancia nessa \u00e1rea e tamb\u00e9m uma Guarda Municipal voltada para o ser humano e n\u00e3o para o bloquinho de multas acompanhado da tradicional cara fechada ou mau humor que os guardas apresentam. Algu\u00e9m tem que falar pra eles que s\u00e3o servidores p\u00fablicos e que no tr\u00e2nsito a valoriza\u00e7\u00e3o deve ser do ser humano e n\u00e3o do fluxo de ve\u00edculos ou que eles acreditam ser a lei.<\/p>\n<p style=\"text-align: justify;\">Digo acreditam, porque infelizmente temos encontrado muitos guardas municipais despreparados para a fun\u00e7\u00e3o. Multando nas situa\u00e7\u00f5es mais inusitadas, por exemplo, quando eles s\u00e3o os respons\u00e1veis pela orienta\u00e7\u00e3o ou informando genericamente leis que quando questionados n\u00e3o sabem dizer o n\u00famero, artigo ou a que realmente se destina. Cito s\u00f3 essas duas situa\u00e7\u00f5es, que j\u00e1 considero um absurdo, porque vivenciei epis\u00f3dios semelhantes com esta GM de Resende, que j\u00e1 teve seu momento de respeito espont\u00e2neo na cidade.<\/p>\n<p style=\"text-align: justify;\">Mas voltando ao tr\u00e1fego, a valoriza\u00e7\u00e3o do ser humano deve ser o princ\u00edpio norteador de todos para que realmente tenhamos uma civilidade razo\u00e1vel nas ruas da cidade. Resende tem um instituto que chamam de Marechal Jos\u00e9 Pessoa e que nada interfere para garantir a integridade f\u00edsica dos motoristas, ciclistas e pedestres da cidade. Dizem que o tal instituto \u00e9 para pensar e planejar a cidade. Algu\u00e9m sabe informar onde os \u201cpensamentos\u201d e os \u201cplanejamentos\u201d est\u00e3o dispon\u00edveis para conhecimento da popula\u00e7\u00e3o? Nem eu! Garantem que se re\u00fanem com periodicidade, mas ningu\u00e9m toma conhecimento, porque isso o governo n\u00e3o divulga com ampla publicidade, sobre local e hora das reuni\u00f5es. Falta transpar\u00eancia, como em todo o governo.<\/p>\n<p style=\"text-align: justify;\">Nem Marechal Jos\u00e9 Pessoal, nem Conselho Municipal da Cidade conseguem pensar pol\u00edticas p\u00fablicas que atendam realmente as necessidades das pessoas que circulam e ultimamente andam pra l\u00e1 de estressadas, por conta de altera\u00e7\u00f5es de sentidos das ruas a cada bimestre, ruas esburacadas, obras em hor\u00e1rios impr\u00f3prios, sinaliza\u00e7\u00e3o confusa, al\u00e9m da j\u00e1 mencionada Guarda Municipal que algumas vezes parece que mais atrapalha do que deveria ajudar.<\/p>\n<p style=\"text-align: justify;\">Em 2009 quando o governo precisava mostrar a que veio, lembro bem que o tal projeto Urbano Humano fala sobre privilegiar as pessoas. Carros mais na garagem, pessoas caminhando e o est\u00edmulo a novos ciclistas. O mandato acabou e nada. Entrou no segundo e come\u00e7aram a correr com as ciclovias, &#8211; s\u00e3o ciclovias ou ciclofaixas? &#8211; mas deixam de cuidar das existentes. Do contr\u00e1rio, porqu\u00ea raz\u00e3o, n\u00e3o existe fiscaliza\u00e7\u00e3o por parte do governo e da Guarda Municipal, principalmente nos fins de semana na ciclovia que vai para a Alegria? A ciclovia vira estacionamentos de carros e motos atrapalhando ciclistas e pedestres que caminham no local. A mesma coisa acontece na avenida Juscelino Kubitschek, onde motoristas mal-educados param seus ve\u00edculos e ainda v\u00e3o beber nos bares existentes por ali. Mas como querer que o governo fiscalize isso, se autoriza que um com\u00e9rcio fa\u00e7a da cal\u00e7ada e parte rua estacionamento como existe no bairro Jardim Bras\u00edlia? Nada. Mais uma vez. Ainda sobre as pistas destinadas aos ciclistas o que se v\u00ea em Resende, s\u00e3o pistas compartilhadas com os pedestres e como se isso j\u00e1 n\u00e3o levasse risco \u00e0 integridade f\u00edsica das pessoas, o governo municipal coloca ponto de \u00f4nibus nestas faixas.<\/p>\n<p style=\"text-align: justify;\">Os pedestres se arriscam nas travessias dos locais completamente ignorados pelo poder p\u00fablico. O que falar da travessia na Ponte T\u00e1cito Viana Rodrigues no Centro, onde o pedestre precisa correr, para atravessar e \u00e0s vezes, driblar o fluxo de tr\u00eas vias, tanto na cabeceira, quanto ao longo da ponte? O que falar ainda da velocidade dos ve\u00edculos, que num \u00fanico sentido agora, na maioria das vias, que assusta principalmente quem est\u00e1 com crian\u00e7a e os mais velhos: \u00f4nibus, caminh\u00f5es e carros trafegam sem qualquer restri\u00e7\u00e3o muito acima da velocidade permitida nos per\u00edmetros urbanos. E cada vez mais carros est\u00e3o na rua. Aquela ideia de carro na garagem do tal Urbano Humano n\u00e3o pegou.<\/p>\n<p style=\"text-align: justify;\">Tenho feito a minha parte, sempre que posso fa\u00e7o meus percursos a p\u00e9, arrumei a bicicleta, mas confesso que ando insegura de andar nesse tr\u00e2nsito, pelo menos nos dias de semana, e tenho observado e registrado o crescimento de acidentes de tr\u00e2nsito na cidade. \u00c9 s\u00f3 perguntar para qualquer ortopedista que este pode afirmar como cresceram nos \u00faltimos anos o n\u00famero de pessoas atendidas com sequelas de acidentes de tr\u00e2nsito e\/ou atropelamentos. Esses n\u00fameros, o governo n\u00e3o fala e, pior, nem tenta a\u00e7\u00f5es para que realmente sejam minimizados. E depois, quer que a passarela-enfeite-in\u00fatil que j\u00e1 custou mais de R$ 1 milh\u00e3o, aquela que tem chifres na Pra\u00e7a da Conc\u00f3rdia e mal foi inaugurada j\u00e1 est\u00e1 fechada para reforma, seja elogiada pelo cidad\u00e3o. Vai ficar querendo, porque elogio, aquilo s\u00f3 tem de quem tem carro e \u00e9 sem no\u00e7\u00e3o ou de que n\u00e3o anda a p\u00e9 e n\u00e3o faz travessias nas ruas da cidade. Realmente um \u201cmonumento\u201d essa obra do prefeito cassado Jos\u00e9 Rechuan J\u00fanior. Monumento \u00e0 vaidade&#8230; dele e do arquiteto que a projetou. S\u00f3 deles!<\/p>\n<p style=\"text-align: justify;\">Ana L\u00facia<br \/>\neditora do jornal <strong>BEIRA-RIO<\/strong><br \/>\nanalucia@jornalbeirario.com.br<\/p>\n","protected":false},"excerpt":{"rendered":"<p>Desrespeito dos motoristas? Sim! Ciclistas que desconhecem a legisla\u00e7\u00e3o? Sim! Pedestres abusados? Sim! Falta de planejamento do governo municipal? Sim! Infelizmente as respostas d\u00e3o<\/p>\n","protected":false},"author":1,"featured_media":0,"comment_status":"open","ping_status":"open","sticky":false,"template":"","format":"standard","meta":{"pmpro_default_level":"","footnotes":""},"categories":[8],"tags":[],"class_list":["post-23445","post","type-post","status-publish","format-standard","hentry","category-opiniao","pmpro-has-access"],"yoast_head":"<!-- This site is optimized with the Yoast SEO plugin v27.4 - https:\/\/yoast.com\/product\/yoast-seo-wordpress\/ -->\n<title>QUEM PENSA? O que acontece no tr\u00e1fego de Resende? - JORNAL BEIRA RIO<\/title>\n<meta name=\"robots\" content=\"index, follow, max-snippet:-1, max-image-preview:large, max-video-preview:-1\" \/>\n<link rel=\"canonical\" href=\"https:\/\/jornalbeirario.com.br\/portal\/?p=23445\" \/>\n<meta property=\"og:locale\" content=\"pt_BR\" \/>\n<meta property=\"og:type\" content=\"article\" \/>\n<meta property=\"og:title\" content=\"QUEM PENSA? O que acontece no tr\u00e1fego de Resende? - JORNAL BEIRA RIO\" \/>\n<meta property=\"og:description\" content=\"Desrespeito dos motoristas? Sim! Ciclistas que desconhecem a legisla\u00e7\u00e3o? Sim! Pedestres abusados? Sim! Falta de planejamento do governo municipal? Sim! Infelizmente as respostas d\u00e3o\" \/>\n<meta property=\"og:url\" content=\"https:\/\/jornalbeirario.com.br\/portal\/?p=23445\" \/>\n<meta property=\"og:site_name\" content=\"JORNAL BEIRA RIO\" \/>\n<meta property=\"article:published_time\" content=\"2014-08-08T10:12:33+00:00\" \/>\n<meta name=\"author\" content=\"Jornal BEIRA-RIO\" \/>\n<meta name=\"twitter:card\" content=\"summary_large_image\" \/>\n<meta name=\"twitter:label1\" content=\"Escrito por\" \/>\n\t<meta name=\"twitter:data1\" content=\"Jornal BEIRA-RIO\" \/>\n\t<meta name=\"twitter:label2\" content=\"Est. tempo de leitura\" \/>\n\t<meta name=\"twitter:data2\" content=\"5 minutos\" \/>\n<script type=\"application\/ld+json\" class=\"yoast-schema-graph\">{\"@context\":\"https:\\\/\\\/schema.org\",\"@graph\":[{\"@type\":\"Article\",\"@id\":\"https:\\\/\\\/jornalbeirario.com.br\\\/portal\\\/?p=23445#article\",\"isPartOf\":{\"@id\":\"https:\\\/\\\/jornalbeirario.com.br\\\/portal\\\/?p=23445\"},\"author\":{\"name\":\"Jornal BEIRA-RIO\",\"@id\":\"https:\\\/\\\/jornalbeirario.com.br\\\/portal\\\/#\\\/schema\\\/person\\\/c6c423e4c2465d2a9233f6539173e7c1\"},\"headline\":\"QUEM PENSA? O que acontece no tr\u00e1fego de Resende?\",\"datePublished\":\"2014-08-08T10:12:33+00:00\",\"mainEntityOfPage\":{\"@id\":\"https:\\\/\\\/jornalbeirario.com.br\\\/portal\\\/?p=23445\"},\"wordCount\":1067,\"commentCount\":1,\"publisher\":{\"@id\":\"https:\\\/\\\/jornalbeirario.com.br\\\/portal\\\/#organization\"},\"articleSection\":[\"Opini\u00e3o\"],\"inLanguage\":\"pt-BR\",\"potentialAction\":[{\"@type\":\"CommentAction\",\"name\":\"Comment\",\"target\":[\"https:\\\/\\\/jornalbeirario.com.br\\\/portal\\\/?p=23445#respond\"]}]},{\"@type\":\"WebPage\",\"@id\":\"https:\\\/\\\/jornalbeirario.com.br\\\/portal\\\/?p=23445\",\"url\":\"https:\\\/\\\/jornalbeirario.com.br\\\/portal\\\/?p=23445\",\"name\":\"QUEM PENSA? O que acontece no tr\u00e1fego de Resende? - JORNAL BEIRA RIO\",\"isPartOf\":{\"@id\":\"https:\\\/\\\/jornalbeirario.com.br\\\/portal\\\/#website\"},\"datePublished\":\"2014-08-08T10:12:33+00:00\",\"breadcrumb\":{\"@id\":\"https:\\\/\\\/jornalbeirario.com.br\\\/portal\\\/?p=23445#breadcrumb\"},\"inLanguage\":\"pt-BR\",\"potentialAction\":[{\"@type\":\"ReadAction\",\"target\":[\"https:\\\/\\\/jornalbeirario.com.br\\\/portal\\\/?p=23445\"]}]},{\"@type\":\"BreadcrumbList\",\"@id\":\"https:\\\/\\\/jornalbeirario.com.br\\\/portal\\\/?p=23445#breadcrumb\",\"itemListElement\":[{\"@type\":\"ListItem\",\"position\":1,\"name\":\"Home\",\"item\":\"https:\\\/\\\/jornalbeirario.com.br\\\/portal\"},{\"@type\":\"ListItem\",\"position\":2,\"name\":\"QUEM PENSA? O que acontece no tr\u00e1fego de Resende?\"}]},{\"@type\":\"WebSite\",\"@id\":\"https:\\\/\\\/jornalbeirario.com.br\\\/portal\\\/#website\",\"url\":\"https:\\\/\\\/jornalbeirario.com.br\\\/portal\\\/\",\"name\":\"JORNAL BEIRA RIO\",\"description\":\"\",\"publisher\":{\"@id\":\"https:\\\/\\\/jornalbeirario.com.br\\\/portal\\\/#organization\"},\"potentialAction\":[{\"@type\":\"SearchAction\",\"target\":{\"@type\":\"EntryPoint\",\"urlTemplate\":\"https:\\\/\\\/jornalbeirario.com.br\\\/portal\\\/?s={search_term_string}\"},\"query-input\":{\"@type\":\"PropertyValueSpecification\",\"valueRequired\":true,\"valueName\":\"search_term_string\"}}],\"inLanguage\":\"pt-BR\"},{\"@type\":\"Organization\",\"@id\":\"https:\\\/\\\/jornalbeirario.com.br\\\/portal\\\/#organization\",\"name\":\"JORNAL BEIRA RIO\",\"url\":\"https:\\\/\\\/jornalbeirario.com.br\\\/portal\\\/\",\"logo\":{\"@type\":\"ImageObject\",\"inLanguage\":\"pt-BR\",\"@id\":\"https:\\\/\\\/jornalbeirario.com.br\\\/portal\\\/#\\\/schema\\\/logo\\\/image\\\/\",\"url\":\"https:\\\/\\\/jornalbeirario.com.br\\\/portal\\\/wp-content\\\/uploads\\\/2017\\\/09\\\/BEIRA-RIO_logo600.png\",\"contentUrl\":\"https:\\\/\\\/jornalbeirario.com.br\\\/portal\\\/wp-content\\\/uploads\\\/2017\\\/09\\\/BEIRA-RIO_logo600.png\",\"width\":650,\"height\":108,\"caption\":\"JORNAL BEIRA RIO\"},\"image\":{\"@id\":\"https:\\\/\\\/jornalbeirario.com.br\\\/portal\\\/#\\\/schema\\\/logo\\\/image\\\/\"}},{\"@type\":\"Person\",\"@id\":\"https:\\\/\\\/jornalbeirario.com.br\\\/portal\\\/#\\\/schema\\\/person\\\/c6c423e4c2465d2a9233f6539173e7c1\",\"name\":\"Jornal BEIRA-RIO\",\"image\":{\"@type\":\"ImageObject\",\"inLanguage\":\"pt-BR\",\"@id\":\"https:\\\/\\\/jornalbeirario.com.br\\\/portal\\\/wp-content\\\/uploads\\\/2023\\\/10\\\/logojbr1.jpg\",\"url\":\"https:\\\/\\\/jornalbeirario.com.br\\\/portal\\\/wp-content\\\/uploads\\\/2023\\\/10\\\/logojbr1.jpg\",\"contentUrl\":\"https:\\\/\\\/jornalbeirario.com.br\\\/portal\\\/wp-content\\\/uploads\\\/2023\\\/10\\\/logojbr1.jpg\",\"caption\":\"Jornal BEIRA-RIO\"},\"url\":\"https:\\\/\\\/jornalbeirario.com.br\\\/portal\\\/?author=1\"}]}<\/script>\n<!-- \/ Yoast SEO plugin. -->","yoast_head_json":{"title":"QUEM PENSA? O que acontece no tr\u00e1fego de Resende? - JORNAL BEIRA RIO","robots":{"index":"index","follow":"follow","max-snippet":"max-snippet:-1","max-image-preview":"max-image-preview:large","max-video-preview":"max-video-preview:-1"},"canonical":"https:\/\/jornalbeirario.com.br\/portal\/?p=23445","og_locale":"pt_BR","og_type":"article","og_title":"QUEM PENSA? O que acontece no tr\u00e1fego de Resende? - JORNAL BEIRA RIO","og_description":"Desrespeito dos motoristas? Sim! Ciclistas que desconhecem a legisla\u00e7\u00e3o? Sim! Pedestres abusados? Sim! Falta de planejamento do governo municipal? Sim! Infelizmente as respostas d\u00e3o","og_url":"https:\/\/jornalbeirario.com.br\/portal\/?p=23445","og_site_name":"JORNAL BEIRA RIO","article_published_time":"2014-08-08T10:12:33+00:00","author":"Jornal BEIRA-RIO","twitter_card":"summary_large_image","twitter_misc":{"Escrito por":"Jornal BEIRA-RIO","Est. tempo de leitura":"5 minutos"},"schema":{"@context":"https:\/\/schema.org","@graph":[{"@type":"Article","@id":"https:\/\/jornalbeirario.com.br\/portal\/?p=23445#article","isPartOf":{"@id":"https:\/\/jornalbeirario.com.br\/portal\/?p=23445"},"author":{"name":"Jornal BEIRA-RIO","@id":"https:\/\/jornalbeirario.com.br\/portal\/#\/schema\/person\/c6c423e4c2465d2a9233f6539173e7c1"},"headline":"QUEM PENSA? O que acontece no tr\u00e1fego de Resende?","datePublished":"2014-08-08T10:12:33+00:00","mainEntityOfPage":{"@id":"https:\/\/jornalbeirario.com.br\/portal\/?p=23445"},"wordCount":1067,"commentCount":1,"publisher":{"@id":"https:\/\/jornalbeirario.com.br\/portal\/#organization"},"articleSection":["Opini\u00e3o"],"inLanguage":"pt-BR","potentialAction":[{"@type":"CommentAction","name":"Comment","target":["https:\/\/jornalbeirario.com.br\/portal\/?p=23445#respond"]}]},{"@type":"WebPage","@id":"https:\/\/jornalbeirario.com.br\/portal\/?p=23445","url":"https:\/\/jornalbeirario.com.br\/portal\/?p=23445","name":"QUEM PENSA? O que acontece no tr\u00e1fego de Resende? - JORNAL BEIRA RIO","isPartOf":{"@id":"https:\/\/jornalbeirario.com.br\/portal\/#website"},"datePublished":"2014-08-08T10:12:33+00:00","breadcrumb":{"@id":"https:\/\/jornalbeirario.com.br\/portal\/?p=23445#breadcrumb"},"inLanguage":"pt-BR","potentialAction":[{"@type":"ReadAction","target":["https:\/\/jornalbeirario.com.br\/portal\/?p=23445"]}]},{"@type":"BreadcrumbList","@id":"https:\/\/jornalbeirario.com.br\/portal\/?p=23445#breadcrumb","itemListElement":[{"@type":"ListItem","position":1,"name":"Home","item":"https:\/\/jornalbeirario.com.br\/portal"},{"@type":"ListItem","position":2,"name":"QUEM PENSA? O que acontece no tr\u00e1fego de Resende?"}]},{"@type":"WebSite","@id":"https:\/\/jornalbeirario.com.br\/portal\/#website","url":"https:\/\/jornalbeirario.com.br\/portal\/","name":"JORNAL BEIRA RIO","description":"","publisher":{"@id":"https:\/\/jornalbeirario.com.br\/portal\/#organization"},"potentialAction":[{"@type":"SearchAction","target":{"@type":"EntryPoint","urlTemplate":"https:\/\/jornalbeirario.com.br\/portal\/?s={search_term_string}"},"query-input":{"@type":"PropertyValueSpecification","valueRequired":true,"valueName":"search_term_string"}}],"inLanguage":"pt-BR"},{"@type":"Organization","@id":"https:\/\/jornalbeirario.com.br\/portal\/#organization","name":"JORNAL BEIRA RIO","url":"https:\/\/jornalbeirario.com.br\/portal\/","logo":{"@type":"ImageObject","inLanguage":"pt-BR","@id":"https:\/\/jornalbeirario.com.br\/portal\/#\/schema\/logo\/image\/","url":"https:\/\/jornalbeirario.com.br\/portal\/wp-content\/uploads\/2017\/09\/BEIRA-RIO_logo600.png","contentUrl":"https:\/\/jornalbeirario.com.br\/portal\/wp-content\/uploads\/2017\/09\/BEIRA-RIO_logo600.png","width":650,"height":108,"caption":"JORNAL BEIRA RIO"},"image":{"@id":"https:\/\/jornalbeirario.com.br\/portal\/#\/schema\/logo\/image\/"}},{"@type":"Person","@id":"https:\/\/jornalbeirario.com.br\/portal\/#\/schema\/person\/c6c423e4c2465d2a9233f6539173e7c1","name":"Jornal BEIRA-RIO","image":{"@type":"ImageObject","inLanguage":"pt-BR","@id":"https:\/\/jornalbeirario.com.br\/portal\/wp-content\/uploads\/2023\/10\/logojbr1.jpg","url":"https:\/\/jornalbeirario.com.br\/portal\/wp-content\/uploads\/2023\/10\/logojbr1.jpg","contentUrl":"https:\/\/jornalbeirario.com.br\/portal\/wp-content\/uploads\/2023\/10\/logojbr1.jpg","caption":"Jornal BEIRA-RIO"},"url":"https:\/\/jornalbeirario.com.br\/portal\/?author=1"}]}},"_links":{"self":[{"href":"https:\/\/jornalbeirario.com.br\/portal\/index.php?rest_route=\/wp\/v2\/posts\/23445","targetHints":{"allow":["GET"]}}],"collection":[{"href":"https:\/\/jornalbeirario.com.br\/portal\/index.php?rest_route=\/wp\/v2\/posts"}],"about":[{"href":"https:\/\/jornalbeirario.com.br\/portal\/index.php?rest_route=\/wp\/v2\/types\/post"}],"author":[{"embeddable":true,"href":"https:\/\/jornalbeirario.com.br\/portal\/index.php?rest_route=\/wp\/v2\/users\/1"}],"replies":[{"embeddable":true,"href":"https:\/\/jornalbeirario.com.br\/portal\/index.php?rest_route=%2Fwp%2Fv2%2Fcomments&post=23445"}],"version-history":[{"count":2,"href":"https:\/\/jornalbeirario.com.br\/portal\/index.php?rest_route=\/wp\/v2\/posts\/23445\/revisions"}],"predecessor-version":[{"id":23523,"href":"https:\/\/jornalbeirario.com.br\/portal\/index.php?rest_route=\/wp\/v2\/posts\/23445\/revisions\/23523"}],"wp:attachment":[{"href":"https:\/\/jornalbeirario.com.br\/portal\/index.php?rest_route=%2Fwp%2Fv2%2Fmedia&parent=23445"}],"wp:term":[{"taxonomy":"category","embeddable":true,"href":"https:\/\/jornalbeirario.com.br\/portal\/index.php?rest_route=%2Fwp%2Fv2%2Fcategories&post=23445"},{"taxonomy":"post_tag","embeddable":true,"href":"https:\/\/jornalbeirario.com.br\/portal\/index.php?rest_route=%2Fwp%2Fv2%2Ftags&post=23445"}],"curies":[{"name":"wp","href":"https:\/\/api.w.org\/{rel}","templated":true}]}}