
{"id":23243,"date":"2014-08-01T03:06:38","date_gmt":"2014-08-01T03:06:38","guid":{"rendered":"http:\/\/jornalbeirario.com.br\/portal\/portal\/?p=23243"},"modified":"2014-08-01T03:06:38","modified_gmt":"2014-08-01T03:06:38","slug":"lais-amaral-57","status":"publish","type":"post","link":"https:\/\/jornalbeirario.com.br\/portal\/?p=23243","title":{"rendered":"La\u00eds Amaral"},"content":{"rendered":"<p style=\"text-align: justify;\"><strong>Mem\u00f3rias Desordenadas: \u201cA\u201d, de Arlindo Cruz<\/strong><br \/>\nConheci Arlindo Cruz quando ele ainda morava no sub\u00farbio carioca da Piedade. Fui acompanhando o saudoso Luis Carlos Felipe Firmo, que conhecia pouco o Rio. Firmo tinha um programa de samba e pagode na R\u00e1dio Resende, onde tamb\u00e9m trabalhava como t\u00e9cnico. Ousado, cismou de trazer Arlindo para se apresentar aqui. O sambista j\u00e1 era um nome consagrado no meio do samba. Por sua passagem pelo Fundo de Quintal, pelo concorrido \u201cPagode do Arlindo\u201d e pelos muitos sucessos gravados por ele e tanta gente. E Firmo, teimoso, trouxe mesmo o Arlindo que se apresentou no antigo \u2018Varand\u00e3o\u2019 (hoje, Celeiro) numa quarta ou quinta \u00e0 noite, n\u00e3o lembro. Mas recordo que antes de seguir para o Varand\u00e3o, eu e Arlindo tomamos \u201cumas\u201d na \u2018Cantina Portuguesa\u2019 enquanto aguard\u00e1vamos o Firmo. Num dado momento, meu interlocutor foi reconhecido por um suposto f\u00e3. Arlindo fez cara de poucos amigos e tirou a m\u00e3o do sujeito, que, com \u2018intimidades\u2019, foi tocando nas grossas guias que o sambista trazia ornando o pesco\u00e7o. \u201cPor favor, n\u00e3o ponha a m\u00e3o aqui\u201d, disse ele educado, mas s\u00e9rio. Boas lembran\u00e7as. Arlindo voltaria a Resende, ainda pelas m\u00e3os do Firmo para um grande encontro de grupos de samba e pagode no CCRR, num domingo. Hoje o meu compadre Firmo (fui padrinho de casamento dele) e a \u2018Cantina Portuguesa\u2019, s\u00e3o grandes saudades, que por vezes me trazem uma leve sensa\u00e7\u00e3o de nostalgia. Sem tristeza. Arlindo est\u00e1 por a\u00ed, fazendo o que gosta e faz bem. Compondo, cantando. Mora na Barra da Tijuca e n\u00e3o sai da TV Globo. Firmo estaria curtindo tudo isso e j\u00e1 pensado quando traria o sambista de volta a Resende. Cara teimoso, o Firmo.<\/p>\n<p style=\"text-align: justify;\"><strong>Programa \u2018Gente que Brilha\u2019 do Claudionor mudou para as tardes de s\u00e1bado: 14 horas !<\/strong><br \/>\nClaudionor Rosa, o \u201cPreto Velho\u201d \u00e9 figura das mais respeit\u00e1veis e respeitadas que conhe\u00e7o. E daqueles raros que conseguem juntar discurso e pr\u00e1tica com muita naturalidade. Joga nas onze quando o assunto \u00e9 cultura e hist\u00f3ria. N\u00e3o se limita a dirigir o Arquivo Hist\u00f3rico da cidade, setor do qual vem empunhando a bandeira da digitaliza\u00e7\u00e3o. Est\u00e1 sempre a promover alguma exposi\u00e7\u00e3o, alguma encena\u00e7\u00e3o sobre um momento hist\u00f3rico, algum evento cultural. E se n\u00e3o bastasse, ainda \u00e9 radialista. Apresenta h\u00e1 uns bons pares de anos o programa \u201cGente que Brilha\u201d, pelas ondas da R\u00e1dio Resende. O programa est\u00e1 mudando de dia neste final de semana. A partir de agora passa a ser apresentado aos s\u00e1bados, \u00e0s 14 horas. \u00c9 especializado em M\u00fasica Popular Brasileira com \u00eanfase em valores do passado. Al\u00e9m disso, toca m\u00fasica de banda. Certamente um dos poucos do g\u00eanero no pa\u00eds. Viva o essencial Claudionor.<\/p>\n<p style=\"text-align: justify;\"><strong>TRIPA<\/strong><br \/>\n* Come\u00e7a hoje, dia 1\u00ba de agosto, e segue at\u00e9 domingo no Parque de Exposi\u00e7\u00f5es a 5\u00aa Feira Ponta de Estoque de Resende. O objetivo \u00e9 desenvolver o com\u00e9rcio local e incentivar artes\u00e3os e artistas, que ter\u00e3o um espa\u00e7o exclusivo, o \u2018Espa\u00e7o da Arte\u2019, para apresenta\u00e7\u00f5es de dan\u00e7a, capoeira e shows regionais. Hoje as portas ser\u00e3o abertas \u00e0s 14 horas e vai at\u00e9 domingo \u00e0s 20 horas. Vale conferir * Come\u00e7a tamb\u00e9m nesta sexta, dia 1\u00ba, em Penedo, mais um \u2018Encontro Internacional de Motociclistas\u2019, j\u00e1 \u00e9 o quinto. O evento ser\u00e1 realizado na \u00e1rea de esportes e cultura do Clube Finl\u00e2ndia, no Centro, com in\u00edcio \u00e0s 10h de hoje (dia 1\u00ba) e segue at\u00e9 18h de domingo. A organiza\u00e7\u00e3o \u00e9 do Penedo Riders Moto Clube. No happening, shows (doze bandas de rock e blues), DJ, pra\u00e7a de alimenta\u00e7\u00e3o, estande de concession\u00e1rias e lojas com artigos para motociclistas e motos. Um dos mais importantes eventos tur\u00edsticos locais * O Botafogo pode at\u00e9 n\u00e3o estar bem das pernas, mas o botafoguense Z\u00e9 Roberto \u2018Mu\u00e7um\u2019 est\u00e1 muito bem. O homem concluiu a maratona do Rio, domingo passado, em 4 horas e 32 minutos. Seu melhor tempo. Parab\u00e9ns Mu\u00e7um *<\/p>\n<p style=\"text-align: justify;\"><strong>ANIVERS\u00c1RIOS<\/strong><br \/>\nCustodinho da Sanfona mudou idade na quarta, dia 30. Quem sopra velinhas hoje (dia 1\u00ba) \u00e9 a colega de trabalho e m\u00e3e da Antonia, H\u00e9lia Rocha. Na segunda (4), inaugura idade nova o professor Jos\u00e9 Marques. No dia seguinte (5), a K\u00e1tia Kirino fica mais experiente. Na quarta, dia 6, duas damas mudam de idade, a Denise Maia e a diretora do MAM de Resende, Melissa Barretti. Na quinta (7) aniversaria a amiga Denise Kuraiem. E na sexta, dia 8, o M\u00e1rio Martins e a amiga Silvana Herm\u00f3genes. Parab\u00e9ns e todas as felicidades do mundo a eles.<\/p>\n","protected":false},"excerpt":{"rendered":"<p>Mem\u00f3rias Desordenadas: \u201cA\u201d, de Arlindo Cruz Conheci Arlindo Cruz quando ele ainda morava no sub\u00farbio carioca da Piedade. Fui acompanhando o saudoso Luis Carlos<\/p>\n","protected":false},"author":1,"featured_media":0,"comment_status":"open","ping_status":"open","sticky":false,"template":"","format":"standard","meta":{"pmpro_default_level":"","footnotes":""},"categories":[13],"tags":[],"class_list":["post-23243","post","type-post","status-publish","format-standard","hentry","category-social","pmpro-has-access"],"yoast_head":"<!-- This site is optimized with the Yoast SEO plugin v27.4 - https:\/\/yoast.com\/product\/yoast-seo-wordpress\/ -->\n<title>La\u00eds Amaral - JORNAL BEIRA RIO<\/title>\n<meta name=\"robots\" content=\"index, follow, max-snippet:-1, max-image-preview:large, max-video-preview:-1\" \/>\n<link rel=\"canonical\" href=\"https:\/\/jornalbeirario.com.br\/portal\/?p=23243\" \/>\n<meta property=\"og:locale\" content=\"pt_BR\" \/>\n<meta property=\"og:type\" content=\"article\" \/>\n<meta property=\"og:title\" content=\"La\u00eds Amaral - JORNAL BEIRA RIO\" \/>\n<meta property=\"og:description\" content=\"Mem\u00f3rias Desordenadas: \u201cA\u201d, de Arlindo Cruz Conheci Arlindo Cruz quando ele ainda morava no sub\u00farbio carioca da Piedade. Fui acompanhando o saudoso Luis Carlos\" \/>\n<meta property=\"og:url\" content=\"https:\/\/jornalbeirario.com.br\/portal\/?p=23243\" \/>\n<meta property=\"og:site_name\" content=\"JORNAL BEIRA RIO\" \/>\n<meta property=\"article:published_time\" content=\"2014-08-01T03:06:38+00:00\" \/>\n<meta name=\"author\" content=\"Jornal BEIRA-RIO\" \/>\n<meta name=\"twitter:card\" content=\"summary_large_image\" \/>\n<meta name=\"twitter:label1\" content=\"Escrito por\" \/>\n\t<meta name=\"twitter:data1\" content=\"Jornal BEIRA-RIO\" \/>\n\t<meta name=\"twitter:label2\" content=\"Est. tempo de leitura\" \/>\n\t<meta name=\"twitter:data2\" content=\"4 minutos\" \/>\n<script type=\"application\/ld+json\" class=\"yoast-schema-graph\">{\"@context\":\"https:\\\/\\\/schema.org\",\"@graph\":[{\"@type\":\"Article\",\"@id\":\"https:\\\/\\\/jornalbeirario.com.br\\\/portal\\\/?p=23243#article\",\"isPartOf\":{\"@id\":\"https:\\\/\\\/jornalbeirario.com.br\\\/portal\\\/?p=23243\"},\"author\":{\"name\":\"Jornal BEIRA-RIO\",\"@id\":\"https:\\\/\\\/jornalbeirario.com.br\\\/portal\\\/#\\\/schema\\\/person\\\/c6c423e4c2465d2a9233f6539173e7c1\"},\"headline\":\"La\u00eds Amaral\",\"datePublished\":\"2014-08-01T03:06:38+00:00\",\"mainEntityOfPage\":{\"@id\":\"https:\\\/\\\/jornalbeirario.com.br\\\/portal\\\/?p=23243\"},\"wordCount\":778,\"commentCount\":0,\"publisher\":{\"@id\":\"https:\\\/\\\/jornalbeirario.com.br\\\/portal\\\/#organization\"},\"articleSection\":[\"Social\"],\"inLanguage\":\"pt-BR\",\"potentialAction\":[{\"@type\":\"CommentAction\",\"name\":\"Comment\",\"target\":[\"https:\\\/\\\/jornalbeirario.com.br\\\/portal\\\/?p=23243#respond\"]}]},{\"@type\":\"WebPage\",\"@id\":\"https:\\\/\\\/jornalbeirario.com.br\\\/portal\\\/?p=23243\",\"url\":\"https:\\\/\\\/jornalbeirario.com.br\\\/portal\\\/?p=23243\",\"name\":\"La\u00eds Amaral - JORNAL BEIRA RIO\",\"isPartOf\":{\"@id\":\"https:\\\/\\\/jornalbeirario.com.br\\\/portal\\\/#website\"},\"datePublished\":\"2014-08-01T03:06:38+00:00\",\"breadcrumb\":{\"@id\":\"https:\\\/\\\/jornalbeirario.com.br\\\/portal\\\/?p=23243#breadcrumb\"},\"inLanguage\":\"pt-BR\",\"potentialAction\":[{\"@type\":\"ReadAction\",\"target\":[\"https:\\\/\\\/jornalbeirario.com.br\\\/portal\\\/?p=23243\"]}]},{\"@type\":\"BreadcrumbList\",\"@id\":\"https:\\\/\\\/jornalbeirario.com.br\\\/portal\\\/?p=23243#breadcrumb\",\"itemListElement\":[{\"@type\":\"ListItem\",\"position\":1,\"name\":\"Home\",\"item\":\"https:\\\/\\\/jornalbeirario.com.br\\\/portal\"},{\"@type\":\"ListItem\",\"position\":2,\"name\":\"La\u00eds Amaral\"}]},{\"@type\":\"WebSite\",\"@id\":\"https:\\\/\\\/jornalbeirario.com.br\\\/portal\\\/#website\",\"url\":\"https:\\\/\\\/jornalbeirario.com.br\\\/portal\\\/\",\"name\":\"JORNAL BEIRA RIO\",\"description\":\"\",\"publisher\":{\"@id\":\"https:\\\/\\\/jornalbeirario.com.br\\\/portal\\\/#organization\"},\"potentialAction\":[{\"@type\":\"SearchAction\",\"target\":{\"@type\":\"EntryPoint\",\"urlTemplate\":\"https:\\\/\\\/jornalbeirario.com.br\\\/portal\\\/?s={search_term_string}\"},\"query-input\":{\"@type\":\"PropertyValueSpecification\",\"valueRequired\":true,\"valueName\":\"search_term_string\"}}],\"inLanguage\":\"pt-BR\"},{\"@type\":\"Organization\",\"@id\":\"https:\\\/\\\/jornalbeirario.com.br\\\/portal\\\/#organization\",\"name\":\"JORNAL BEIRA RIO\",\"url\":\"https:\\\/\\\/jornalbeirario.com.br\\\/portal\\\/\",\"logo\":{\"@type\":\"ImageObject\",\"inLanguage\":\"pt-BR\",\"@id\":\"https:\\\/\\\/jornalbeirario.com.br\\\/portal\\\/#\\\/schema\\\/logo\\\/image\\\/\",\"url\":\"https:\\\/\\\/jornalbeirario.com.br\\\/portal\\\/wp-content\\\/uploads\\\/2017\\\/09\\\/BEIRA-RIO_logo600.png\",\"contentUrl\":\"https:\\\/\\\/jornalbeirario.com.br\\\/portal\\\/wp-content\\\/uploads\\\/2017\\\/09\\\/BEIRA-RIO_logo600.png\",\"width\":650,\"height\":108,\"caption\":\"JORNAL BEIRA RIO\"},\"image\":{\"@id\":\"https:\\\/\\\/jornalbeirario.com.br\\\/portal\\\/#\\\/schema\\\/logo\\\/image\\\/\"}},{\"@type\":\"Person\",\"@id\":\"https:\\\/\\\/jornalbeirario.com.br\\\/portal\\\/#\\\/schema\\\/person\\\/c6c423e4c2465d2a9233f6539173e7c1\",\"name\":\"Jornal BEIRA-RIO\",\"image\":{\"@type\":\"ImageObject\",\"inLanguage\":\"pt-BR\",\"@id\":\"https:\\\/\\\/jornalbeirario.com.br\\\/portal\\\/wp-content\\\/uploads\\\/2023\\\/10\\\/logojbr1.jpg\",\"url\":\"https:\\\/\\\/jornalbeirario.com.br\\\/portal\\\/wp-content\\\/uploads\\\/2023\\\/10\\\/logojbr1.jpg\",\"contentUrl\":\"https:\\\/\\\/jornalbeirario.com.br\\\/portal\\\/wp-content\\\/uploads\\\/2023\\\/10\\\/logojbr1.jpg\",\"caption\":\"Jornal BEIRA-RIO\"},\"url\":\"https:\\\/\\\/jornalbeirario.com.br\\\/portal\\\/?author=1\"}]}<\/script>\n<!-- \/ Yoast SEO plugin. -->","yoast_head_json":{"title":"La\u00eds Amaral - JORNAL BEIRA RIO","robots":{"index":"index","follow":"follow","max-snippet":"max-snippet:-1","max-image-preview":"max-image-preview:large","max-video-preview":"max-video-preview:-1"},"canonical":"https:\/\/jornalbeirario.com.br\/portal\/?p=23243","og_locale":"pt_BR","og_type":"article","og_title":"La\u00eds Amaral - JORNAL BEIRA RIO","og_description":"Mem\u00f3rias Desordenadas: \u201cA\u201d, de Arlindo Cruz Conheci Arlindo Cruz quando ele ainda morava no sub\u00farbio carioca da Piedade. Fui acompanhando o saudoso Luis Carlos","og_url":"https:\/\/jornalbeirario.com.br\/portal\/?p=23243","og_site_name":"JORNAL BEIRA RIO","article_published_time":"2014-08-01T03:06:38+00:00","author":"Jornal BEIRA-RIO","twitter_card":"summary_large_image","twitter_misc":{"Escrito por":"Jornal BEIRA-RIO","Est. tempo de leitura":"4 minutos"},"schema":{"@context":"https:\/\/schema.org","@graph":[{"@type":"Article","@id":"https:\/\/jornalbeirario.com.br\/portal\/?p=23243#article","isPartOf":{"@id":"https:\/\/jornalbeirario.com.br\/portal\/?p=23243"},"author":{"name":"Jornal BEIRA-RIO","@id":"https:\/\/jornalbeirario.com.br\/portal\/#\/schema\/person\/c6c423e4c2465d2a9233f6539173e7c1"},"headline":"La\u00eds Amaral","datePublished":"2014-08-01T03:06:38+00:00","mainEntityOfPage":{"@id":"https:\/\/jornalbeirario.com.br\/portal\/?p=23243"},"wordCount":778,"commentCount":0,"publisher":{"@id":"https:\/\/jornalbeirario.com.br\/portal\/#organization"},"articleSection":["Social"],"inLanguage":"pt-BR","potentialAction":[{"@type":"CommentAction","name":"Comment","target":["https:\/\/jornalbeirario.com.br\/portal\/?p=23243#respond"]}]},{"@type":"WebPage","@id":"https:\/\/jornalbeirario.com.br\/portal\/?p=23243","url":"https:\/\/jornalbeirario.com.br\/portal\/?p=23243","name":"La\u00eds Amaral - JORNAL BEIRA RIO","isPartOf":{"@id":"https:\/\/jornalbeirario.com.br\/portal\/#website"},"datePublished":"2014-08-01T03:06:38+00:00","breadcrumb":{"@id":"https:\/\/jornalbeirario.com.br\/portal\/?p=23243#breadcrumb"},"inLanguage":"pt-BR","potentialAction":[{"@type":"ReadAction","target":["https:\/\/jornalbeirario.com.br\/portal\/?p=23243"]}]},{"@type":"BreadcrumbList","@id":"https:\/\/jornalbeirario.com.br\/portal\/?p=23243#breadcrumb","itemListElement":[{"@type":"ListItem","position":1,"name":"Home","item":"https:\/\/jornalbeirario.com.br\/portal"},{"@type":"ListItem","position":2,"name":"La\u00eds Amaral"}]},{"@type":"WebSite","@id":"https:\/\/jornalbeirario.com.br\/portal\/#website","url":"https:\/\/jornalbeirario.com.br\/portal\/","name":"JORNAL BEIRA RIO","description":"","publisher":{"@id":"https:\/\/jornalbeirario.com.br\/portal\/#organization"},"potentialAction":[{"@type":"SearchAction","target":{"@type":"EntryPoint","urlTemplate":"https:\/\/jornalbeirario.com.br\/portal\/?s={search_term_string}"},"query-input":{"@type":"PropertyValueSpecification","valueRequired":true,"valueName":"search_term_string"}}],"inLanguage":"pt-BR"},{"@type":"Organization","@id":"https:\/\/jornalbeirario.com.br\/portal\/#organization","name":"JORNAL BEIRA RIO","url":"https:\/\/jornalbeirario.com.br\/portal\/","logo":{"@type":"ImageObject","inLanguage":"pt-BR","@id":"https:\/\/jornalbeirario.com.br\/portal\/#\/schema\/logo\/image\/","url":"https:\/\/jornalbeirario.com.br\/portal\/wp-content\/uploads\/2017\/09\/BEIRA-RIO_logo600.png","contentUrl":"https:\/\/jornalbeirario.com.br\/portal\/wp-content\/uploads\/2017\/09\/BEIRA-RIO_logo600.png","width":650,"height":108,"caption":"JORNAL BEIRA RIO"},"image":{"@id":"https:\/\/jornalbeirario.com.br\/portal\/#\/schema\/logo\/image\/"}},{"@type":"Person","@id":"https:\/\/jornalbeirario.com.br\/portal\/#\/schema\/person\/c6c423e4c2465d2a9233f6539173e7c1","name":"Jornal BEIRA-RIO","image":{"@type":"ImageObject","inLanguage":"pt-BR","@id":"https:\/\/jornalbeirario.com.br\/portal\/wp-content\/uploads\/2023\/10\/logojbr1.jpg","url":"https:\/\/jornalbeirario.com.br\/portal\/wp-content\/uploads\/2023\/10\/logojbr1.jpg","contentUrl":"https:\/\/jornalbeirario.com.br\/portal\/wp-content\/uploads\/2023\/10\/logojbr1.jpg","caption":"Jornal BEIRA-RIO"},"url":"https:\/\/jornalbeirario.com.br\/portal\/?author=1"}]}},"_links":{"self":[{"href":"https:\/\/jornalbeirario.com.br\/portal\/index.php?rest_route=\/wp\/v2\/posts\/23243","targetHints":{"allow":["GET"]}}],"collection":[{"href":"https:\/\/jornalbeirario.com.br\/portal\/index.php?rest_route=\/wp\/v2\/posts"}],"about":[{"href":"https:\/\/jornalbeirario.com.br\/portal\/index.php?rest_route=\/wp\/v2\/types\/post"}],"author":[{"embeddable":true,"href":"https:\/\/jornalbeirario.com.br\/portal\/index.php?rest_route=\/wp\/v2\/users\/1"}],"replies":[{"embeddable":true,"href":"https:\/\/jornalbeirario.com.br\/portal\/index.php?rest_route=%2Fwp%2Fv2%2Fcomments&post=23243"}],"version-history":[{"count":2,"href":"https:\/\/jornalbeirario.com.br\/portal\/index.php?rest_route=\/wp\/v2\/posts\/23243\/revisions"}],"predecessor-version":[{"id":23257,"href":"https:\/\/jornalbeirario.com.br\/portal\/index.php?rest_route=\/wp\/v2\/posts\/23243\/revisions\/23257"}],"wp:attachment":[{"href":"https:\/\/jornalbeirario.com.br\/portal\/index.php?rest_route=%2Fwp%2Fv2%2Fmedia&parent=23243"}],"wp:term":[{"taxonomy":"category","embeddable":true,"href":"https:\/\/jornalbeirario.com.br\/portal\/index.php?rest_route=%2Fwp%2Fv2%2Fcategories&post=23243"},{"taxonomy":"post_tag","embeddable":true,"href":"https:\/\/jornalbeirario.com.br\/portal\/index.php?rest_route=%2Fwp%2Fv2%2Ftags&post=23243"}],"curies":[{"name":"wp","href":"https:\/\/api.w.org\/{rel}","templated":true}]}}