
{"id":23029,"date":"2014-07-25T11:22:39","date_gmt":"2014-07-25T11:22:39","guid":{"rendered":"http:\/\/jornalbeirario.com.br\/portal\/portal\/?p=23029"},"modified":"2014-07-25T11:22:39","modified_gmt":"2014-07-25T11:22:39","slug":"acredite-se-quiser-87","status":"publish","type":"post","link":"https:\/\/jornalbeirario.com.br\/portal\/?p=23029","title":{"rendered":"Acredite se Quiser"},"content":{"rendered":"<p style=\"text-align: justify;\">&#8211; O prefeito de Resende, Jos\u00e9 Rechuan Junior (PP), conseguiu entrar com embargos de declara\u00e7\u00e3o no dia 21, adiando sua sa\u00edda da prefeitura. Ele e o vice, Noel de Oliveira (PDT), foram cassados por uso indevido dos meios de comunica\u00e7\u00e3o na sess\u00e3o realizada pelo Tribunal Regional Eleitoral (TRE-RJ) no dia 14. Os embargos s\u00e3o uma esp\u00e9cie de contesta\u00e7\u00e3o da decis\u00e3o do TRE-RJ, um recurso que precisa ser julgado antes que o prefeito e seu vice sejam obrigados a deixar o cargo. Caso ele n\u00e3o fosse apresentado, Rechuan e Noel poderiam ter sa\u00eddo j\u00e1 nessa semana, j\u00e1 que o procedimento prev\u00ea que eles saiam tr\u00eas dias ap\u00f3s a publica\u00e7\u00e3o do ac\u00f3rd\u00e3o, tornado p\u00fablico no dia 17. No mesmo dia, ali\u00e1s, o processo foi retirado pelos advogados de Rechuan para que fosse analisado e eles encontrassem alguma forma de fazer sua defesa. Os embargos j\u00e1 come\u00e7aram a ser analisados pelo Minist\u00e9rio P\u00fablico Eleitoral (MPE).<\/p>\n<p style=\"text-align: justify;\">&#8211; Com a sa\u00edda de Rechuan e Noel de Oliveira, ainda sem data para acontecer, paira a d\u00favida sobre quem assumiria a prefeitura. Pelo quadro atual seria o presidente Ubirajara Ritton (PP), mas como o BEIRA-RIO noticiou na semana passada, o secret\u00e1rio municipal de Emprego e Renda, Kiko Besouchet, teria voltado a assinar como vereador e&#8230; xiii!<\/p>\n<p style=\"text-align: justify;\">&#8211; Falando nos vereadores de Resende, eles realizaram a sess\u00e3o extraordin\u00e1ria para vota\u00e7\u00e3o da reda\u00e7\u00e3o final do projeto de concess\u00e3o dos res\u00edduos s\u00f3lidos \u201cna surdina\u201d. A sess\u00e3o havia sido marcada para \u00e0s 19h do dia 21, anunciada pelo presidente da Casa, vereador Bira, na \u00faltima sess\u00e3o ordin\u00e1ria, no dia 15, e em release enviado \u00e0 imprensa. Os integrantes do Legislativo, no entanto, realizaram a sess\u00e3o \u00e0s 15h do mesmo dia, sem avisar ningu\u00e9m. Al\u00e9m da reda\u00e7\u00e3o final deste projeto, votaram tamb\u00e9m a reda\u00e7\u00e3o final do projeto de lei 014\/14, que altera a lei 2.750\/10, de cria\u00e7\u00e3o do Conselho Municipal dos Direitos da Mulher (Condim). Mas pera\u00ed: eles desconhecem a Lei de Acesso a Informa\u00e7\u00e3o.? Desconhecem!<\/p>\n<p style=\"text-align: justify;\">&#8211; Ainda sobre a sess\u00e3o extraordin\u00e1ria, votaram a favor da reda\u00e7\u00e3o final do projeto dos res\u00edduos os vereadores Davi, St\u00eanio, Mirim (os tr\u00eas do Solidariedade), Soraia Balieiro (PSB), Tisga (PPS), Carlos Santa Rita (PSDB), C\u00e9lio Caloca, Rom\u00e9rio (ambos do PMDB), Tivo e Pedro Paulo Florenzano (os dois, do PP). Acompanhando a vota\u00e7\u00e3o das outras etapas, o \u00fanico voto contr\u00e1rio foi o do vereador Irani \u00c2ngelo (PROS). Os outros vereadores n\u00e3o compareceram \u00e0 sess\u00e3o. O projeto do Condim foi aprovado por unanimidade.<\/p>\n<p style=\"text-align: justify;\">&#8211; Questionada sobre a mudan\u00e7a de hor\u00e1rio da sess\u00e3o, a assessoria de comunica\u00e7\u00e3o da C\u00e2mara Municipal informou, em nota, que \u201ca Mesa Diretora decidiu pela realiza\u00e7\u00e3o do encontro \u00e0s 15 horas. Os vereadores foram convocados, atrav\u00e9s de of\u00edcio protocolado em seus respectivos gabinetes\u201d. Aaa t\u00e1 e o povo que se dane.<\/p>\n<p style=\"text-align: justify;\">&#8211; Depois da vota\u00e7\u00e3o \u201csecreta\u201d \u2013 que acabou sendo descoberta pela equipe do jornal BEIRA-RIO \u2013 os vereadores foram curtir seu recesso parlamentar. Embora os trabalhos administrativos da Casa continuem, os vereadores s\u00f3 voltam ao batente no pr\u00f3ximo dia 5.<\/p>\n<p style=\"text-align: justify;\">&#8211; A Pastoral Carcer\u00e1ria realiza nos pr\u00f3ximos dias 25, 26 e 27 em Arrozal, distrito de Pira\u00ed, sua assembleia nacional diocesana. Estar\u00e3o reunidos bispos de todo o pa\u00eds e coordenadores e integrantes da pastoral nos 12 munic\u00edpios da diocese de Barra do Pira\u00ed-Volta Redonda. Entre os assuntos da pauta est\u00e3o a constru\u00e7\u00e3o da Casa de Cust\u00f3dia de Resende.<\/p>\n<p style=\"text-align: justify;\">&#8211; Em Quatis, j\u00e1 foi marcada a apresenta\u00e7\u00e3o do relat\u00f3rio da Comiss\u00e3o Parlamentar de Inqu\u00e9rito (CPI) que investigou o vereador Edevaldo Jos\u00e9 da Silva, o Edevaldo Silva Radialista (PR). Ele \u00e9 acusado de enriquecimento il\u00edcito por ter assumido cargos na C\u00e2mara Municipal de Quatis apresentando um diploma falso para comprovar sua escolaridade. O relat\u00f3rio ser\u00e1 lido na sess\u00e3o do pr\u00f3ximo dia 5, quando os vereadores voltam de seu recesso.<\/p>\n<p style=\"text-align: justify;\">&#8211; Um dos candidatos a deputado estadual de Resende, Rog\u00e9rio Coutinho (PT), foi visto durante a semana na 89\u00aa DP, a delegacia de Resende. Ele estava no balc\u00e3o em que ficam as pessoas que v\u00e3o ao local para registrar ocorr\u00eancia. Ser\u00e1 que a campanha eleitoral de 2014 j\u00e1 est\u00e1 virando caso de pol\u00edcia?<\/p>\n","protected":false},"excerpt":{"rendered":"<p>&#8211; O prefeito de Resende, Jos\u00e9 Rechuan Junior (PP), conseguiu entrar com embargos de declara\u00e7\u00e3o no dia 21, adiando sua sa\u00edda da prefeitura. Ele<\/p>\n","protected":false},"author":1,"featured_media":0,"comment_status":"open","ping_status":"open","sticky":false,"template":"","format":"standard","meta":{"pmpro_default_level":"","footnotes":"","_members_access_role":[],"_members_access_error":""},"categories":[11],"tags":[],"class_list":["post-23029","post","type-post","status-publish","format-standard","hentry","category-politica","pmpro-has-access"],"yoast_head":"<!-- This site is optimized with the Yoast SEO plugin v28.4 - https:\/\/yoast.com\/product\/yoast-seo-wordpress\/ -->\n<title>Acredite se Quiser - JORNAL BEIRA RIO<\/title>\n<meta name=\"robots\" content=\"index, follow, max-snippet:-1, max-image-preview:large, max-video-preview:-1\" \/>\n<link rel=\"canonical\" href=\"https:\/\/jornalbeirario.com.br\/portal\/?p=23029\" \/>\n<meta property=\"og:locale\" content=\"pt_BR\" \/>\n<meta property=\"og:type\" content=\"article\" \/>\n<meta property=\"og:title\" content=\"Acredite se Quiser - JORNAL BEIRA RIO\" \/>\n<meta property=\"og:description\" content=\"&#8211; O prefeito de Resende, Jos\u00e9 Rechuan Junior (PP), conseguiu entrar com embargos de declara\u00e7\u00e3o no dia 21, adiando sua sa\u00edda da prefeitura. Ele\" \/>\n<meta property=\"og:url\" content=\"https:\/\/jornalbeirario.com.br\/portal\/?p=23029\" \/>\n<meta property=\"og:site_name\" content=\"JORNAL BEIRA RIO\" \/>\n<meta property=\"article:published_time\" content=\"2014-07-25T11:22:39+00:00\" \/>\n<meta name=\"author\" content=\"Jornal BEIRA-RIO\" \/>\n<meta name=\"twitter:card\" content=\"summary_large_image\" \/>\n<meta name=\"twitter:label1\" content=\"Escrito por\" \/>\n\t<meta name=\"twitter:data1\" content=\"Jornal BEIRA-RIO\" \/>\n\t<meta name=\"twitter:label2\" content=\"Est. tempo de leitura\" \/>\n\t<meta name=\"twitter:data2\" content=\"4 minutos\" \/>\n<script type=\"application\/ld+json\" class=\"yoast-schema-graph\">{\"@context\":\"https:\\\/\\\/schema.org\",\"@graph\":[{\"@type\":\"Article\",\"@id\":\"https:\\\/\\\/jornalbeirario.com.br\\\/portal\\\/?p=23029#article\",\"isPartOf\":{\"@id\":\"https:\\\/\\\/jornalbeirario.com.br\\\/portal\\\/?p=23029\"},\"author\":{\"name\":\"Jornal BEIRA-RIO\",\"@id\":\"https:\\\/\\\/jornalbeirario.com.br\\\/portal\\\/#\\\/schema\\\/person\\\/c6c423e4c2465d2a9233f6539173e7c1\"},\"headline\":\"Acredite se Quiser\",\"datePublished\":\"2014-07-25T11:22:39+00:00\",\"mainEntityOfPage\":{\"@id\":\"https:\\\/\\\/jornalbeirario.com.br\\\/portal\\\/?p=23029\"},\"wordCount\":744,\"commentCount\":0,\"publisher\":{\"@id\":\"https:\\\/\\\/jornalbeirario.com.br\\\/portal\\\/#organization\"},\"articleSection\":[\"Pol\u00edtica\"],\"inLanguage\":\"pt-BR\",\"potentialAction\":[{\"@type\":\"CommentAction\",\"name\":\"Comment\",\"target\":[\"https:\\\/\\\/jornalbeirario.com.br\\\/portal\\\/?p=23029#respond\"]}]},{\"@type\":\"WebPage\",\"@id\":\"https:\\\/\\\/jornalbeirario.com.br\\\/portal\\\/?p=23029\",\"url\":\"https:\\\/\\\/jornalbeirario.com.br\\\/portal\\\/?p=23029\",\"name\":\"Acredite se Quiser - JORNAL BEIRA RIO\",\"isPartOf\":{\"@id\":\"https:\\\/\\\/jornalbeirario.com.br\\\/portal\\\/#website\"},\"datePublished\":\"2014-07-25T11:22:39+00:00\",\"breadcrumb\":{\"@id\":\"https:\\\/\\\/jornalbeirario.com.br\\\/portal\\\/?p=23029#breadcrumb\"},\"inLanguage\":\"pt-BR\",\"potentialAction\":[{\"@type\":\"ReadAction\",\"target\":[\"https:\\\/\\\/jornalbeirario.com.br\\\/portal\\\/?p=23029\"]}]},{\"@type\":\"BreadcrumbList\",\"@id\":\"https:\\\/\\\/jornalbeirario.com.br\\\/portal\\\/?p=23029#breadcrumb\",\"itemListElement\":[{\"@type\":\"ListItem\",\"position\":1,\"name\":\"Home\",\"item\":\"https:\\\/\\\/jornalbeirario.com.br\\\/portal\"},{\"@type\":\"ListItem\",\"position\":2,\"name\":\"Acredite se Quiser\"}]},{\"@type\":\"WebSite\",\"@id\":\"https:\\\/\\\/jornalbeirario.com.br\\\/portal\\\/#website\",\"url\":\"https:\\\/\\\/jornalbeirario.com.br\\\/portal\\\/\",\"name\":\"JORNAL BEIRA RIO\",\"description\":\"\",\"publisher\":{\"@id\":\"https:\\\/\\\/jornalbeirario.com.br\\\/portal\\\/#organization\"},\"potentialAction\":[{\"@type\":\"SearchAction\",\"target\":{\"@type\":\"EntryPoint\",\"urlTemplate\":\"https:\\\/\\\/jornalbeirario.com.br\\\/portal\\\/?s={search_term_string}\"},\"query-input\":{\"@type\":\"PropertyValueSpecification\",\"valueRequired\":true,\"valueName\":\"search_term_string\"}}],\"inLanguage\":\"pt-BR\"},{\"@type\":\"Organization\",\"@id\":\"https:\\\/\\\/jornalbeirario.com.br\\\/portal\\\/#organization\",\"name\":\"JORNAL BEIRA RIO\",\"url\":\"https:\\\/\\\/jornalbeirario.com.br\\\/portal\\\/\",\"logo\":{\"@type\":\"ImageObject\",\"inLanguage\":\"pt-BR\",\"@id\":\"https:\\\/\\\/jornalbeirario.com.br\\\/portal\\\/#\\\/schema\\\/logo\\\/image\\\/\",\"url\":\"https:\\\/\\\/jornalbeirario.com.br\\\/portal\\\/wp-content\\\/uploads\\\/2017\\\/09\\\/BEIRA-RIO_logo600.png\",\"contentUrl\":\"https:\\\/\\\/jornalbeirario.com.br\\\/portal\\\/wp-content\\\/uploads\\\/2017\\\/09\\\/BEIRA-RIO_logo600.png\",\"width\":650,\"height\":108,\"caption\":\"JORNAL BEIRA RIO\"},\"image\":{\"@id\":\"https:\\\/\\\/jornalbeirario.com.br\\\/portal\\\/#\\\/schema\\\/logo\\\/image\\\/\"}},{\"@type\":\"Person\",\"@id\":\"https:\\\/\\\/jornalbeirario.com.br\\\/portal\\\/#\\\/schema\\\/person\\\/c6c423e4c2465d2a9233f6539173e7c1\",\"name\":\"Jornal BEIRA-RIO\",\"image\":{\"@type\":\"ImageObject\",\"inLanguage\":\"pt-BR\",\"@id\":\"https:\\\/\\\/jornalbeirario.com.br\\\/portal\\\/wp-content\\\/uploads\\\/2023\\\/10\\\/logojbr1.jpg\",\"url\":\"https:\\\/\\\/jornalbeirario.com.br\\\/portal\\\/wp-content\\\/uploads\\\/2023\\\/10\\\/logojbr1.jpg\",\"contentUrl\":\"https:\\\/\\\/jornalbeirario.com.br\\\/portal\\\/wp-content\\\/uploads\\\/2023\\\/10\\\/logojbr1.jpg\",\"caption\":\"Jornal BEIRA-RIO\"},\"url\":\"https:\\\/\\\/jornalbeirario.com.br\\\/portal\\\/?author=1\"}]}<\/script>\n<!-- \/ Yoast SEO plugin. -->","yoast_head_json":{"title":"Acredite se Quiser - JORNAL BEIRA RIO","robots":{"index":"index","follow":"follow","max-snippet":"max-snippet:-1","max-image-preview":"max-image-preview:large","max-video-preview":"max-video-preview:-1"},"canonical":"https:\/\/jornalbeirario.com.br\/portal\/?p=23029","og_locale":"pt_BR","og_type":"article","og_title":"Acredite se Quiser - JORNAL BEIRA RIO","og_description":"&#8211; O prefeito de Resende, Jos\u00e9 Rechuan Junior (PP), conseguiu entrar com embargos de declara\u00e7\u00e3o no dia 21, adiando sua sa\u00edda da prefeitura. Ele","og_url":"https:\/\/jornalbeirario.com.br\/portal\/?p=23029","og_site_name":"JORNAL BEIRA RIO","article_published_time":"2014-07-25T11:22:39+00:00","author":"Jornal BEIRA-RIO","twitter_card":"summary_large_image","twitter_misc":{"Escrito por":"Jornal BEIRA-RIO","Est. tempo de leitura":"4 minutos"},"schema":{"@context":"https:\/\/schema.org","@graph":[{"@type":"Article","@id":"https:\/\/jornalbeirario.com.br\/portal\/?p=23029#article","isPartOf":{"@id":"https:\/\/jornalbeirario.com.br\/portal\/?p=23029"},"author":{"name":"Jornal BEIRA-RIO","@id":"https:\/\/jornalbeirario.com.br\/portal\/#\/schema\/person\/c6c423e4c2465d2a9233f6539173e7c1"},"headline":"Acredite se Quiser","datePublished":"2014-07-25T11:22:39+00:00","mainEntityOfPage":{"@id":"https:\/\/jornalbeirario.com.br\/portal\/?p=23029"},"wordCount":744,"commentCount":0,"publisher":{"@id":"https:\/\/jornalbeirario.com.br\/portal\/#organization"},"articleSection":["Pol\u00edtica"],"inLanguage":"pt-BR","potentialAction":[{"@type":"CommentAction","name":"Comment","target":["https:\/\/jornalbeirario.com.br\/portal\/?p=23029#respond"]}]},{"@type":"WebPage","@id":"https:\/\/jornalbeirario.com.br\/portal\/?p=23029","url":"https:\/\/jornalbeirario.com.br\/portal\/?p=23029","name":"Acredite se Quiser - JORNAL BEIRA RIO","isPartOf":{"@id":"https:\/\/jornalbeirario.com.br\/portal\/#website"},"datePublished":"2014-07-25T11:22:39+00:00","breadcrumb":{"@id":"https:\/\/jornalbeirario.com.br\/portal\/?p=23029#breadcrumb"},"inLanguage":"pt-BR","potentialAction":[{"@type":"ReadAction","target":["https:\/\/jornalbeirario.com.br\/portal\/?p=23029"]}]},{"@type":"BreadcrumbList","@id":"https:\/\/jornalbeirario.com.br\/portal\/?p=23029#breadcrumb","itemListElement":[{"@type":"ListItem","position":1,"name":"Home","item":"https:\/\/jornalbeirario.com.br\/portal"},{"@type":"ListItem","position":2,"name":"Acredite se Quiser"}]},{"@type":"WebSite","@id":"https:\/\/jornalbeirario.com.br\/portal\/#website","url":"https:\/\/jornalbeirario.com.br\/portal\/","name":"JORNAL BEIRA RIO","description":"","publisher":{"@id":"https:\/\/jornalbeirario.com.br\/portal\/#organization"},"potentialAction":[{"@type":"SearchAction","target":{"@type":"EntryPoint","urlTemplate":"https:\/\/jornalbeirario.com.br\/portal\/?s={search_term_string}"},"query-input":{"@type":"PropertyValueSpecification","valueRequired":true,"valueName":"search_term_string"}}],"inLanguage":"pt-BR"},{"@type":"Organization","@id":"https:\/\/jornalbeirario.com.br\/portal\/#organization","name":"JORNAL BEIRA RIO","url":"https:\/\/jornalbeirario.com.br\/portal\/","logo":{"@type":"ImageObject","inLanguage":"pt-BR","@id":"https:\/\/jornalbeirario.com.br\/portal\/#\/schema\/logo\/image\/","url":"https:\/\/jornalbeirario.com.br\/portal\/wp-content\/uploads\/2017\/09\/BEIRA-RIO_logo600.png","contentUrl":"https:\/\/jornalbeirario.com.br\/portal\/wp-content\/uploads\/2017\/09\/BEIRA-RIO_logo600.png","width":650,"height":108,"caption":"JORNAL BEIRA RIO"},"image":{"@id":"https:\/\/jornalbeirario.com.br\/portal\/#\/schema\/logo\/image\/"}},{"@type":"Person","@id":"https:\/\/jornalbeirario.com.br\/portal\/#\/schema\/person\/c6c423e4c2465d2a9233f6539173e7c1","name":"Jornal BEIRA-RIO","image":{"@type":"ImageObject","inLanguage":"pt-BR","@id":"https:\/\/jornalbeirario.com.br\/portal\/wp-content\/uploads\/2023\/10\/logojbr1.jpg","url":"https:\/\/jornalbeirario.com.br\/portal\/wp-content\/uploads\/2023\/10\/logojbr1.jpg","contentUrl":"https:\/\/jornalbeirario.com.br\/portal\/wp-content\/uploads\/2023\/10\/logojbr1.jpg","caption":"Jornal BEIRA-RIO"},"url":"https:\/\/jornalbeirario.com.br\/portal\/?author=1"}]}},"_links":{"self":[{"href":"https:\/\/jornalbeirario.com.br\/portal\/index.php?rest_route=\/wp\/v2\/posts\/23029","targetHints":{"allow":["GET"]}}],"collection":[{"href":"https:\/\/jornalbeirario.com.br\/portal\/index.php?rest_route=\/wp\/v2\/posts"}],"about":[{"href":"https:\/\/jornalbeirario.com.br\/portal\/index.php?rest_route=\/wp\/v2\/types\/post"}],"author":[{"embeddable":true,"href":"https:\/\/jornalbeirario.com.br\/portal\/index.php?rest_route=\/wp\/v2\/users\/1"}],"replies":[{"embeddable":true,"href":"https:\/\/jornalbeirario.com.br\/portal\/index.php?rest_route=%2Fwp%2Fv2%2Fcomments&post=23029"}],"version-history":[{"count":2,"href":"https:\/\/jornalbeirario.com.br\/portal\/index.php?rest_route=\/wp\/v2\/posts\/23029\/revisions"}],"predecessor-version":[{"id":23100,"href":"https:\/\/jornalbeirario.com.br\/portal\/index.php?rest_route=\/wp\/v2\/posts\/23029\/revisions\/23100"}],"wp:attachment":[{"href":"https:\/\/jornalbeirario.com.br\/portal\/index.php?rest_route=%2Fwp%2Fv2%2Fmedia&parent=23029"}],"wp:term":[{"taxonomy":"category","embeddable":true,"href":"https:\/\/jornalbeirario.com.br\/portal\/index.php?rest_route=%2Fwp%2Fv2%2Fcategories&post=23029"},{"taxonomy":"post_tag","embeddable":true,"href":"https:\/\/jornalbeirario.com.br\/portal\/index.php?rest_route=%2Fwp%2Fv2%2Ftags&post=23029"}],"curies":[{"name":"wp","href":"https:\/\/api.w.org\/{rel}","templated":true}]}}