
{"id":22891,"date":"2014-07-18T09:56:10","date_gmt":"2014-07-18T09:56:10","guid":{"rendered":"http:\/\/jornalbeirario.com.br\/portal\/portal\/?p=22891"},"modified":"2014-07-18T09:56:10","modified_gmt":"2014-07-18T09:56:10","slug":"lais-amaral-55","status":"publish","type":"post","link":"https:\/\/jornalbeirario.com.br\/portal\/?p=22891","title":{"rendered":"La\u00eds Amaral"},"content":{"rendered":"<p style=\"text-align: justify;\"><strong>Vin\u00edcius de Moraes encerra temporada em Penedo<\/strong><br \/>\nAmanh\u00e3, s\u00e1bado 19, o ator Andr\u00e9 Whately encerra a temporada de seis s\u00e1bados consecutivos do seu bel\u00edssimo e divertido espet\u00e1culo \u201cVin\u00edcius de Moraes&#8230;\u00e9 demais\u201d no \u2018Casar\u00e3o Penedo\u2019. Per\u00edodo que praticamente colocou no circuito bo\u00eamio da antiga col\u00f4nia finlandesa esse novo espa\u00e7o de entretenimento cultural. \u201cUm bel\u00edssimo local, ligado \u00e0 vinda dos finlandeses para a nossa regi\u00e3o\u201d, explica Andr\u00e9. E eu completo: um espa\u00e7o que pode iniciar a busca da recupera\u00e7\u00e3o do tra\u00e7o cultural da antiga col\u00f4nia finlandesa, o diferencial desse atrativo tur\u00edstico &#8211; a cereja do bolo &#8211; que vem se desgastando com o tempo. A uni\u00e3o entre hoteleiros e espa\u00e7os culturais, tem tudo para dar certo. Afinal, o turista n\u00e3o vem a Penedo s\u00f3 para comer, n\u00e3o \u00e9 mesmo?! Junto com Andr\u00e9 estar\u00e3o no palco o cantor Augusto Martins, o percussionista Luis Lima e o violonista Thiago Zaidan.<\/p>\n<p style=\"text-align: justify;\"><strong>Interven\u00e7\u00e3o \u2018Arte na Rua\u2019 chega ao Col\u00e9gio Jo\u00e3o Maia<\/strong><br \/>\nA inquieta Vanda Perantoni volta atacar neste domingo, dia 20, a partir das 10 horas com mais uma interven\u00e7\u00e3o da arte da rua. A arte a c\u00e9u aberto. Agora \u00e9 o muro do centen\u00e1rio e tradicional Col\u00e9gio Estadual Jo\u00e3o Maia que ser\u00e1 tocado pelos artistas do grafite. Oito artistas ser\u00e3o respons\u00e1veis pela cria\u00e7\u00e3o de um grande painel em mais de 32 metros de muro. O tema \u00e9 a Natureza. Enquanto os grafiteiros criam a obra de arte coletiva, haver\u00e1 simultaneamente apresenta\u00e7\u00f5es de dan\u00e7a do grupo \u2018Apocalipse Dance\u2019, formado por alunos do Jo\u00e3o Maia. E mais: campeonato de manobras de skate e discotecagem. A interven\u00e7\u00e3o de arte de rua vem propagar a cultura hip-hop e apoiar os artistas do Munic\u00edpio. A diretora do col\u00e9gio, Miriam Gast\u00e3o, acredita que eventos dessa natureza estimulam nos alunos a paix\u00e3o pela arte. Pra quem n\u00e3o sabe, o \u2018Jo\u00e3o Maia\u2019 fica localizado na Pra\u00e7a Oliveira Botelho, ao lado da Igreja Matriz. A primeira dessas empreitadas organizada pela Vanda aconteceu no muro do Condom\u00ednio Residencial Agulhas Negras, no Jardim Jalisco. Vanda Perantoni Schmid, que \u00e9 muse\u00f3loga e faz a curadoria do evento, adianta que as interven\u00e7\u00f5es se multiplicar\u00e3o pela cidade. Beleza!!<\/p>\n<p style=\"text-align: justify;\"><strong>TRIPA<\/strong><br \/>\n* Hoje, dia 18, a partir das 9 horas na Funda\u00e7\u00e3o Casa da Cultura Macedo Miranda, ser\u00e1 comemorada em ato c\u00edvico e cultural, a Eleva\u00e7\u00e3o de Resende da condi\u00e7\u00e3o de Vila \u00e0 Cidade. A data oficial \u00e9 13 de julho. Na ocasi\u00e3o ser\u00e3o entregues os CDs com a nova grava\u00e7\u00e3o do Hino a Resende, que ser\u00e1 executado pela Banda Sinf\u00f4nica da Aman e interpretado pelos corais \u2018Artemo\u00e7\u00e3o\u2019 e \u2018Resencanto\u2019 * Amanh\u00e3, dia 19, acontece o \u20184\u00ba Encontro dos Amigos\u2019, na AABB. Uma noite para rever velhos amigos e fazer novas amizades tamb\u00e9m, por que n\u00e3o? * Tamb\u00e9m neste s\u00e1bado, a tradicional festa julina do Clube da Casa da Lua. Sempre muito bem frequentada e com fins beneficentes * Neste s\u00e1bado tem \u2018Rua da M\u00fasica\u2019 a partir do meio dia na Pra\u00e7a da Bandeira, em Campos El\u00edseos. E no domingo tem m\u00fasica no Domingo no Parque, no Parque das \u00c1guas a partir das 9 horas * Neste domingo tamb\u00e9m acontece a partir das 9 horas, mais uma edi\u00e7\u00e3o da Feira Sertaneja, que ocorre todo terceiro domingo de cada m\u00eas no Parque de Exposi\u00e7\u00f5es. Seresteiros, violeiros e calangueiros animar\u00e3o a festa. Tamb\u00e9m tem op\u00e7\u00e3o para quem deseja adquirir produtos t\u00edpicos da ro\u00e7a, como frutas, legumes, hortali\u00e7as, doces, bebidas e diversos tipos de queijo. O artesanato local tamb\u00e9m marca presen\u00e7a na feira. A partir das 15 horas, a feira se transforma num grande sal\u00e3o de dan\u00e7a. \u00c9 o \u2018Bail\u00e3o\u2019 que levanta a poeira no galp\u00e3o. A anima\u00e7\u00e3o ser\u00e1 por conta do forr\u00f3 de L\u00e9o Carvalho e Banda que promete colocar todo mundo para dan\u00e7ar at\u00e9 \u00e0s 19 horas * O sucesso da Copa em alguns poucos n\u00fameros: um milh\u00e3o de turistas vindos de 202 pa\u00edses que visitaram 278 cidades. 95% est\u00e3o dispostos a voltar e 80% elogiaram nossos aeroportos. Quem disse que o Brasil n\u00e3o ganhou a Copa?<\/p>\n<p style=\"text-align: justify;\"><strong>ANIVERS\u00c1RIOS<\/strong><br \/>\nMuitos aniversariantes: Dia 14 mudaram de idade o professor M\u00e1rio Rodrigues, o M\u00e1rcio R\u00e9gis e o Rodrigo Camargos. No dia 15 foi a vez do Yuri Bruno e do Marcelo Nordskog (Reserva do Nosco). Dia 16 o Andr\u00e9 Amaral mudou de idade. Ontem, dia 17, um trio de amigos aniversariou: Hideo Noguchi, Melzaque Caetanos e Gl\u00eanio Barbosa, meu colega de trabalho. Hoje (18) meu velho amigo Jardel Jr, o Pedro Felizardo, a Lais Cristini e o ator Azeitona comemoram. Amanh\u00e3 (19) a Eliete Lima, a cantora Cl\u00e1udia Martins e a Sonia Nogueira (faz 15 anos) sopram velinhas. No domingo, dia 20, tr\u00eas damas, a Raquel Gama, a Itiana Rochele e a Geni Rufino ficam mais experientes. Na segunda, dia 21, uma turma legal recebe os \u2018parab\u00e9ns\u2019: Carlos Ramos, Ronilda de Souza, Bianca Oliveira, Pedro Lamin e a Concei\u00e7\u00e3o Soares minha grande amiga e av\u00f3 da Isabela. Dia 22 conta mais um ano de vida o Maxi Verri. Dia 23 tamb\u00e9m sopra velinhas a Marlucia Ribeiro. Dia 24, aniversariam, o Wagner Camilo, meu chefe e o Daniel Fortes. E no dia 25 ser\u00e1 a vez do garot\u00e3o Alex Govinda, orgulho da M\u00e1rcia Mendes, inaugurar idade nova. Parab\u00e9ns e todas as felicidades do mundo a eles.<\/p>\n","protected":false},"excerpt":{"rendered":"<p>Vin\u00edcius de Moraes encerra temporada em Penedo Amanh\u00e3, s\u00e1bado 19, o ator Andr\u00e9 Whately encerra a temporada de seis s\u00e1bados consecutivos do seu bel\u00edssimo<\/p>\n","protected":false},"author":1,"featured_media":0,"comment_status":"open","ping_status":"open","sticky":false,"template":"","format":"standard","meta":{"pmpro_default_level":"","footnotes":""},"categories":[13],"tags":[],"class_list":["post-22891","post","type-post","status-publish","format-standard","hentry","category-social","pmpro-has-access"],"yoast_head":"<!-- This site is optimized with the Yoast SEO plugin v27.4 - https:\/\/yoast.com\/product\/yoast-seo-wordpress\/ -->\n<title>La\u00eds Amaral - JORNAL BEIRA RIO<\/title>\n<meta name=\"robots\" content=\"index, follow, max-snippet:-1, max-image-preview:large, max-video-preview:-1\" \/>\n<link rel=\"canonical\" href=\"https:\/\/jornalbeirario.com.br\/portal\/?p=22891\" \/>\n<meta property=\"og:locale\" content=\"pt_BR\" \/>\n<meta property=\"og:type\" content=\"article\" \/>\n<meta property=\"og:title\" content=\"La\u00eds Amaral - JORNAL BEIRA RIO\" \/>\n<meta property=\"og:description\" content=\"Vin\u00edcius de Moraes encerra temporada em Penedo Amanh\u00e3, s\u00e1bado 19, o ator Andr\u00e9 Whately encerra a temporada de seis s\u00e1bados consecutivos do seu bel\u00edssimo\" \/>\n<meta property=\"og:url\" content=\"https:\/\/jornalbeirario.com.br\/portal\/?p=22891\" \/>\n<meta property=\"og:site_name\" content=\"JORNAL BEIRA RIO\" \/>\n<meta property=\"article:published_time\" content=\"2014-07-18T09:56:10+00:00\" \/>\n<meta name=\"author\" content=\"Jornal BEIRA-RIO\" \/>\n<meta name=\"twitter:card\" content=\"summary_large_image\" \/>\n<meta name=\"twitter:label1\" content=\"Escrito por\" \/>\n\t<meta name=\"twitter:data1\" content=\"Jornal BEIRA-RIO\" \/>\n\t<meta name=\"twitter:label2\" content=\"Est. tempo de leitura\" \/>\n\t<meta name=\"twitter:data2\" content=\"5 minutos\" \/>\n<script type=\"application\/ld+json\" class=\"yoast-schema-graph\">{\"@context\":\"https:\\\/\\\/schema.org\",\"@graph\":[{\"@type\":\"Article\",\"@id\":\"https:\\\/\\\/jornalbeirario.com.br\\\/portal\\\/?p=22891#article\",\"isPartOf\":{\"@id\":\"https:\\\/\\\/jornalbeirario.com.br\\\/portal\\\/?p=22891\"},\"author\":{\"name\":\"Jornal BEIRA-RIO\",\"@id\":\"https:\\\/\\\/jornalbeirario.com.br\\\/portal\\\/#\\\/schema\\\/person\\\/c6c423e4c2465d2a9233f6539173e7c1\"},\"headline\":\"La\u00eds Amaral\",\"datePublished\":\"2014-07-18T09:56:10+00:00\",\"mainEntityOfPage\":{\"@id\":\"https:\\\/\\\/jornalbeirario.com.br\\\/portal\\\/?p=22891\"},\"wordCount\":923,\"commentCount\":0,\"publisher\":{\"@id\":\"https:\\\/\\\/jornalbeirario.com.br\\\/portal\\\/#organization\"},\"articleSection\":[\"Social\"],\"inLanguage\":\"pt-BR\",\"potentialAction\":[{\"@type\":\"CommentAction\",\"name\":\"Comment\",\"target\":[\"https:\\\/\\\/jornalbeirario.com.br\\\/portal\\\/?p=22891#respond\"]}]},{\"@type\":\"WebPage\",\"@id\":\"https:\\\/\\\/jornalbeirario.com.br\\\/portal\\\/?p=22891\",\"url\":\"https:\\\/\\\/jornalbeirario.com.br\\\/portal\\\/?p=22891\",\"name\":\"La\u00eds Amaral - JORNAL BEIRA RIO\",\"isPartOf\":{\"@id\":\"https:\\\/\\\/jornalbeirario.com.br\\\/portal\\\/#website\"},\"datePublished\":\"2014-07-18T09:56:10+00:00\",\"breadcrumb\":{\"@id\":\"https:\\\/\\\/jornalbeirario.com.br\\\/portal\\\/?p=22891#breadcrumb\"},\"inLanguage\":\"pt-BR\",\"potentialAction\":[{\"@type\":\"ReadAction\",\"target\":[\"https:\\\/\\\/jornalbeirario.com.br\\\/portal\\\/?p=22891\"]}]},{\"@type\":\"BreadcrumbList\",\"@id\":\"https:\\\/\\\/jornalbeirario.com.br\\\/portal\\\/?p=22891#breadcrumb\",\"itemListElement\":[{\"@type\":\"ListItem\",\"position\":1,\"name\":\"Home\",\"item\":\"https:\\\/\\\/jornalbeirario.com.br\\\/portal\"},{\"@type\":\"ListItem\",\"position\":2,\"name\":\"La\u00eds Amaral\"}]},{\"@type\":\"WebSite\",\"@id\":\"https:\\\/\\\/jornalbeirario.com.br\\\/portal\\\/#website\",\"url\":\"https:\\\/\\\/jornalbeirario.com.br\\\/portal\\\/\",\"name\":\"JORNAL BEIRA RIO\",\"description\":\"\",\"publisher\":{\"@id\":\"https:\\\/\\\/jornalbeirario.com.br\\\/portal\\\/#organization\"},\"potentialAction\":[{\"@type\":\"SearchAction\",\"target\":{\"@type\":\"EntryPoint\",\"urlTemplate\":\"https:\\\/\\\/jornalbeirario.com.br\\\/portal\\\/?s={search_term_string}\"},\"query-input\":{\"@type\":\"PropertyValueSpecification\",\"valueRequired\":true,\"valueName\":\"search_term_string\"}}],\"inLanguage\":\"pt-BR\"},{\"@type\":\"Organization\",\"@id\":\"https:\\\/\\\/jornalbeirario.com.br\\\/portal\\\/#organization\",\"name\":\"JORNAL BEIRA RIO\",\"url\":\"https:\\\/\\\/jornalbeirario.com.br\\\/portal\\\/\",\"logo\":{\"@type\":\"ImageObject\",\"inLanguage\":\"pt-BR\",\"@id\":\"https:\\\/\\\/jornalbeirario.com.br\\\/portal\\\/#\\\/schema\\\/logo\\\/image\\\/\",\"url\":\"https:\\\/\\\/jornalbeirario.com.br\\\/portal\\\/wp-content\\\/uploads\\\/2017\\\/09\\\/BEIRA-RIO_logo600.png\",\"contentUrl\":\"https:\\\/\\\/jornalbeirario.com.br\\\/portal\\\/wp-content\\\/uploads\\\/2017\\\/09\\\/BEIRA-RIO_logo600.png\",\"width\":650,\"height\":108,\"caption\":\"JORNAL BEIRA RIO\"},\"image\":{\"@id\":\"https:\\\/\\\/jornalbeirario.com.br\\\/portal\\\/#\\\/schema\\\/logo\\\/image\\\/\"}},{\"@type\":\"Person\",\"@id\":\"https:\\\/\\\/jornalbeirario.com.br\\\/portal\\\/#\\\/schema\\\/person\\\/c6c423e4c2465d2a9233f6539173e7c1\",\"name\":\"Jornal BEIRA-RIO\",\"image\":{\"@type\":\"ImageObject\",\"inLanguage\":\"pt-BR\",\"@id\":\"https:\\\/\\\/jornalbeirario.com.br\\\/portal\\\/wp-content\\\/uploads\\\/2023\\\/10\\\/logojbr1.jpg\",\"url\":\"https:\\\/\\\/jornalbeirario.com.br\\\/portal\\\/wp-content\\\/uploads\\\/2023\\\/10\\\/logojbr1.jpg\",\"contentUrl\":\"https:\\\/\\\/jornalbeirario.com.br\\\/portal\\\/wp-content\\\/uploads\\\/2023\\\/10\\\/logojbr1.jpg\",\"caption\":\"Jornal BEIRA-RIO\"},\"url\":\"https:\\\/\\\/jornalbeirario.com.br\\\/portal\\\/?author=1\"}]}<\/script>\n<!-- \/ Yoast SEO plugin. -->","yoast_head_json":{"title":"La\u00eds Amaral - JORNAL BEIRA RIO","robots":{"index":"index","follow":"follow","max-snippet":"max-snippet:-1","max-image-preview":"max-image-preview:large","max-video-preview":"max-video-preview:-1"},"canonical":"https:\/\/jornalbeirario.com.br\/portal\/?p=22891","og_locale":"pt_BR","og_type":"article","og_title":"La\u00eds Amaral - JORNAL BEIRA RIO","og_description":"Vin\u00edcius de Moraes encerra temporada em Penedo Amanh\u00e3, s\u00e1bado 19, o ator Andr\u00e9 Whately encerra a temporada de seis s\u00e1bados consecutivos do seu bel\u00edssimo","og_url":"https:\/\/jornalbeirario.com.br\/portal\/?p=22891","og_site_name":"JORNAL BEIRA RIO","article_published_time":"2014-07-18T09:56:10+00:00","author":"Jornal BEIRA-RIO","twitter_card":"summary_large_image","twitter_misc":{"Escrito por":"Jornal BEIRA-RIO","Est. tempo de leitura":"5 minutos"},"schema":{"@context":"https:\/\/schema.org","@graph":[{"@type":"Article","@id":"https:\/\/jornalbeirario.com.br\/portal\/?p=22891#article","isPartOf":{"@id":"https:\/\/jornalbeirario.com.br\/portal\/?p=22891"},"author":{"name":"Jornal BEIRA-RIO","@id":"https:\/\/jornalbeirario.com.br\/portal\/#\/schema\/person\/c6c423e4c2465d2a9233f6539173e7c1"},"headline":"La\u00eds Amaral","datePublished":"2014-07-18T09:56:10+00:00","mainEntityOfPage":{"@id":"https:\/\/jornalbeirario.com.br\/portal\/?p=22891"},"wordCount":923,"commentCount":0,"publisher":{"@id":"https:\/\/jornalbeirario.com.br\/portal\/#organization"},"articleSection":["Social"],"inLanguage":"pt-BR","potentialAction":[{"@type":"CommentAction","name":"Comment","target":["https:\/\/jornalbeirario.com.br\/portal\/?p=22891#respond"]}]},{"@type":"WebPage","@id":"https:\/\/jornalbeirario.com.br\/portal\/?p=22891","url":"https:\/\/jornalbeirario.com.br\/portal\/?p=22891","name":"La\u00eds Amaral - JORNAL BEIRA RIO","isPartOf":{"@id":"https:\/\/jornalbeirario.com.br\/portal\/#website"},"datePublished":"2014-07-18T09:56:10+00:00","breadcrumb":{"@id":"https:\/\/jornalbeirario.com.br\/portal\/?p=22891#breadcrumb"},"inLanguage":"pt-BR","potentialAction":[{"@type":"ReadAction","target":["https:\/\/jornalbeirario.com.br\/portal\/?p=22891"]}]},{"@type":"BreadcrumbList","@id":"https:\/\/jornalbeirario.com.br\/portal\/?p=22891#breadcrumb","itemListElement":[{"@type":"ListItem","position":1,"name":"Home","item":"https:\/\/jornalbeirario.com.br\/portal"},{"@type":"ListItem","position":2,"name":"La\u00eds Amaral"}]},{"@type":"WebSite","@id":"https:\/\/jornalbeirario.com.br\/portal\/#website","url":"https:\/\/jornalbeirario.com.br\/portal\/","name":"JORNAL BEIRA RIO","description":"","publisher":{"@id":"https:\/\/jornalbeirario.com.br\/portal\/#organization"},"potentialAction":[{"@type":"SearchAction","target":{"@type":"EntryPoint","urlTemplate":"https:\/\/jornalbeirario.com.br\/portal\/?s={search_term_string}"},"query-input":{"@type":"PropertyValueSpecification","valueRequired":true,"valueName":"search_term_string"}}],"inLanguage":"pt-BR"},{"@type":"Organization","@id":"https:\/\/jornalbeirario.com.br\/portal\/#organization","name":"JORNAL BEIRA RIO","url":"https:\/\/jornalbeirario.com.br\/portal\/","logo":{"@type":"ImageObject","inLanguage":"pt-BR","@id":"https:\/\/jornalbeirario.com.br\/portal\/#\/schema\/logo\/image\/","url":"https:\/\/jornalbeirario.com.br\/portal\/wp-content\/uploads\/2017\/09\/BEIRA-RIO_logo600.png","contentUrl":"https:\/\/jornalbeirario.com.br\/portal\/wp-content\/uploads\/2017\/09\/BEIRA-RIO_logo600.png","width":650,"height":108,"caption":"JORNAL BEIRA RIO"},"image":{"@id":"https:\/\/jornalbeirario.com.br\/portal\/#\/schema\/logo\/image\/"}},{"@type":"Person","@id":"https:\/\/jornalbeirario.com.br\/portal\/#\/schema\/person\/c6c423e4c2465d2a9233f6539173e7c1","name":"Jornal BEIRA-RIO","image":{"@type":"ImageObject","inLanguage":"pt-BR","@id":"https:\/\/jornalbeirario.com.br\/portal\/wp-content\/uploads\/2023\/10\/logojbr1.jpg","url":"https:\/\/jornalbeirario.com.br\/portal\/wp-content\/uploads\/2023\/10\/logojbr1.jpg","contentUrl":"https:\/\/jornalbeirario.com.br\/portal\/wp-content\/uploads\/2023\/10\/logojbr1.jpg","caption":"Jornal BEIRA-RIO"},"url":"https:\/\/jornalbeirario.com.br\/portal\/?author=1"}]}},"_links":{"self":[{"href":"https:\/\/jornalbeirario.com.br\/portal\/index.php?rest_route=\/wp\/v2\/posts\/22891","targetHints":{"allow":["GET"]}}],"collection":[{"href":"https:\/\/jornalbeirario.com.br\/portal\/index.php?rest_route=\/wp\/v2\/posts"}],"about":[{"href":"https:\/\/jornalbeirario.com.br\/portal\/index.php?rest_route=\/wp\/v2\/types\/post"}],"author":[{"embeddable":true,"href":"https:\/\/jornalbeirario.com.br\/portal\/index.php?rest_route=\/wp\/v2\/users\/1"}],"replies":[{"embeddable":true,"href":"https:\/\/jornalbeirario.com.br\/portal\/index.php?rest_route=%2Fwp%2Fv2%2Fcomments&post=22891"}],"version-history":[{"count":2,"href":"https:\/\/jornalbeirario.com.br\/portal\/index.php?rest_route=\/wp\/v2\/posts\/22891\/revisions"}],"predecessor-version":[{"id":22919,"href":"https:\/\/jornalbeirario.com.br\/portal\/index.php?rest_route=\/wp\/v2\/posts\/22891\/revisions\/22919"}],"wp:attachment":[{"href":"https:\/\/jornalbeirario.com.br\/portal\/index.php?rest_route=%2Fwp%2Fv2%2Fmedia&parent=22891"}],"wp:term":[{"taxonomy":"category","embeddable":true,"href":"https:\/\/jornalbeirario.com.br\/portal\/index.php?rest_route=%2Fwp%2Fv2%2Fcategories&post=22891"},{"taxonomy":"post_tag","embeddable":true,"href":"https:\/\/jornalbeirario.com.br\/portal\/index.php?rest_route=%2Fwp%2Fv2%2Ftags&post=22891"}],"curies":[{"name":"wp","href":"https:\/\/api.w.org\/{rel}","templated":true}]}}