
{"id":2273,"date":"2012-11-23T00:54:44","date_gmt":"2012-11-23T00:54:44","guid":{"rendered":"http:\/\/jornalbeirario.com.br\/portal\/portal\/?p=2273"},"modified":"2012-11-23T01:07:40","modified_gmt":"2012-11-23T01:07:40","slug":"lais-amaral-5","status":"publish","type":"post","link":"https:\/\/jornalbeirario.com.br\/portal\/?p=2273","title":{"rendered":"La\u00eds Amaral"},"content":{"rendered":"<p><strong>Arcanjo Gabriel recebe amigos em coquetel<\/strong><br \/>\nA Associa\u00e7\u00e3o Beneficente Arcanjo Gabriel, promove na pr\u00f3xima ter\u00e7a-feira, dia 27, em sua sede no Jardim Martineli, no Penedo, um coquetel para o qual est\u00e3o convidados amigos da entidade, colaboradores volunt\u00e1rios e empres\u00e1rios \u2013 potenciais colaboradores. A Arcanjo Gabriel \u00e9 um a institui\u00e7\u00e3o de utilidade p\u00fablica, sem fins lucrativos que atende a jovens e adultos que necessitam de cuidados especiais, o que vem fazendo desde 1996, em sua oficina escola onde \u00e9 aplicada a terapia-social. O trabalho incans\u00e1vel de abnegados volunt\u00e1rios e, digno de todos os elogios, sobrevive com pouco apoio oficial e muita solidariedade da sociedade com participa\u00e7\u00e3o direta e por meio de doa\u00e7\u00f5es. O coquetel, que leva a assinatura da Gisele (Caf\u00e9 Paris) est\u00e1 marcado para as 20 horas se estendendo at\u00e9 \u00e0s 23h30. A Arcanjo Gabriel \u00e9 uma entidade realmente comprometida e merece aten\u00e7\u00e3o e apoio.<\/p>\n<p><strong>So\u00e7aite Quarent\u00e3o pega fogo com as semifinais<\/strong><br \/>\nDomingo passado teve in\u00edcio a fase semifinal do So\u00e7aite Quarent\u00e3o da AABB. Foram dois jogos que terminaram empatados: Alambari 2 x 2 S\u00edtio e Casa da Lua 1 x 1 Turma da Pelada. Neste domingo acontecem os jogos de volta desse equilibrad\u00edssimo campeonato. Jogam \u00e0s 9 horas Turma da Pelada x Casa da Lua e \u00e0s 10h30min S\u00edtio x Alambari. Casa da Lua e Alambari jogam por resultados iguais com seus respectivos advers\u00e1rios. Se voltarem a empatar est\u00e3o credenciados para a final por que na fase de classifica\u00e7\u00e3o foram as duas equipes melhor colocadas. N\u00e3o tenham d\u00favida que ser\u00e3o dois grandes jogos. S\u00e3o capazes at\u00e9 de chamar aten\u00e7\u00e3o do meu amigo Rub\u00e3o e sua turma do truco que, concentrados no carteado parecem alheios ao que se desenrola no gramado a menos de 10 metros deles. Assim s\u00e3o os domingos de futebol na AABB. H\u00e1 espa\u00e7o para todos e intera\u00e7\u00e3o e amizade s\u00e3o as mat\u00e9rias-primas para encerrar o fim de semana no maior astral. Vale conferir.<\/p>\n<p><strong>TRIPA<\/strong><br \/>\n* Ser\u00e1 hoje, dia 23, no Centro de Estudos do Samer Hospital a \u00faltima reuni\u00e3o de confraterniza\u00e7\u00e3o do ano dos os membros da diretoria da Sociedade de Hotelaria Hospitalar do Estado do Rio de Janeiro. Das 9h30 \u00e0s 12h * Tamb\u00e9m hoje, acontece a final da 32\u00aa edi\u00e7\u00e3o dos Jogos Florais promovida pelo Gr\u00eamio Liter\u00e1rio de Resende. Na ocasi\u00e3o receber\u00e3o homenagem p\u00f3stuma vinte e uma celebridades da cidade. A festa ser\u00e1 na Casa da amizade com in\u00edcio previsto para as 19h30. Entrada franca * A segunda edi\u00e7\u00e3o do Festival de Arte Urbana de Resende come\u00e7a hoje (sexta, dia 23), segue at\u00e9 domingo e promete ser ainda mais animada que a do ano passado. Uma \u2018trupe\u2019 diversificada estar\u00e1 pelas ruas da cidade com diferentes manifesta\u00e7\u00f5es art\u00edsticas com a proposta da \u201cCultura Livre e Arte Colaborativa\u201d. E em di\u00e1logo direto com o ambiente urbano. A responsabilidade \u00e9 do Observat\u00f3rio da Interroga\u00e7\u00e3o, explica a artista pl\u00e1stica e uma das mentoras e entusiasta assumida do movimento, F\u00e1tima Porto. E \u00e9 tudo por conta dos artistas * Os amigos Joel Pereira e Sonia Pozatto assumem amanh\u00e3, dia 24, as suas cadeiras na Academia Resendense de Hist\u00f3ria. A solenidade de posse est\u00e1 marcada para o sal\u00e3o do plen\u00e1rio da C\u00e2mara Municipal, no centro hist\u00f3rico de Resende, \u00e0s 18 horas *A cantora Paula Lima foi a grande atra\u00e7\u00e3o da festa organizada pela Urbanizadora Alphaville ontem na Aman no lan\u00e7amento da segunda fase do empreendimento \u2018Terras Alphaville Resende\u2019. O p\u00fablico de quatrocentos convidados se constituiu basicamente por gente do meio imobili\u00e1rio, empreendedores e consumidores em potencial. E gostou do que viu e ouviu * No Blog: bocadesiri-lais.blogspot.com : Relat\u00f3rio da CPI do Cachoeira pediu o indiciamento do editor da Revista Veja em Bras\u00edlia, o jornalista Policarpo J\u00fanior, entre outras coisas, por forma\u00e7\u00e3o de quadrilha. E tamb\u00e9m do Procurador Geral da Rep\u00fablica, Roberto Gurgel, por prevarica\u00e7\u00e3o.<\/p>\n<p><strong>ANIVERS\u00c1RIOS<\/strong><br \/>\nDomingo passado, dia 18, inaugurou idade nova a minha amiga Sandrinha Palandi. Na segunda, 19, um trio de amigos: Rosane Fran\u00e7a, J\u00falio Reym\u00e3o (cada vez mais apaixonado pelo filho) e Alexandre Cunha. Na ter\u00e7a, dia 20, mudaram de idade a Cristina Ferreira e a Rosa Moraes, do Parque Embaixador. Na quarta, 21, aniversariaram: a Sonia Pellini, o Luis Antonio Machado, o grande \u201cGuino\u201d, a amiga Fab\u00edola Lima e o boa-pra\u00e7a Nicolai Lamin. Ontem, 22, ficou mais experiente o tricolor, Nelson Scopacasa. Hoje, Sexta (23), mais uma turma legal aniversaria: Isaque Farizel, Willians Sampaio e a Rosa Bia, a \u201cRosinha\u201d. Amanh\u00e3, muda de idade a Marta Menandro e no domingo (25) quem sopra velinhas a minha amiga, T\u00e2nia Rocha. Parab\u00e9ns e todas as felicidades do mundo a eles.<\/p>\n","protected":false},"excerpt":{"rendered":"<p>Arcanjo Gabriel recebe amigos em coquetel A Associa\u00e7\u00e3o Beneficente Arcanjo Gabriel, promove na pr\u00f3xima ter\u00e7a-feira, dia 27, em sua sede no Jardim Martineli, no<\/p>\n","protected":false},"author":1,"featured_media":0,"comment_status":"open","ping_status":"open","sticky":false,"template":"","format":"standard","meta":{"pmpro_default_level":"","footnotes":""},"categories":[13],"tags":[],"class_list":["post-2273","post","type-post","status-publish","format-standard","hentry","category-social","pmpro-has-access"],"yoast_head":"<!-- This site is optimized with the Yoast SEO plugin v27.4 - https:\/\/yoast.com\/product\/yoast-seo-wordpress\/ -->\n<title>La\u00eds Amaral - JORNAL BEIRA RIO<\/title>\n<meta name=\"robots\" content=\"index, follow, max-snippet:-1, max-image-preview:large, max-video-preview:-1\" \/>\n<link rel=\"canonical\" href=\"https:\/\/jornalbeirario.com.br\/portal\/?p=2273\" \/>\n<meta property=\"og:locale\" content=\"pt_BR\" \/>\n<meta property=\"og:type\" content=\"article\" \/>\n<meta property=\"og:title\" content=\"La\u00eds Amaral - JORNAL BEIRA RIO\" \/>\n<meta property=\"og:description\" content=\"Arcanjo Gabriel recebe amigos em coquetel A Associa\u00e7\u00e3o Beneficente Arcanjo Gabriel, promove na pr\u00f3xima ter\u00e7a-feira, dia 27, em sua sede no Jardim Martineli, no\" \/>\n<meta property=\"og:url\" content=\"https:\/\/jornalbeirario.com.br\/portal\/?p=2273\" \/>\n<meta property=\"og:site_name\" content=\"JORNAL BEIRA RIO\" \/>\n<meta property=\"article:published_time\" content=\"2012-11-23T00:54:44+00:00\" \/>\n<meta property=\"article:modified_time\" content=\"2012-11-23T01:07:40+00:00\" \/>\n<meta name=\"author\" content=\"Jornal BEIRA-RIO\" \/>\n<meta name=\"twitter:card\" content=\"summary_large_image\" \/>\n<meta name=\"twitter:label1\" content=\"Escrito por\" \/>\n\t<meta name=\"twitter:data1\" content=\"Jornal BEIRA-RIO\" \/>\n\t<meta name=\"twitter:label2\" content=\"Est. tempo de leitura\" \/>\n\t<meta name=\"twitter:data2\" content=\"4 minutos\" \/>\n<script type=\"application\/ld+json\" class=\"yoast-schema-graph\">{\"@context\":\"https:\\\/\\\/schema.org\",\"@graph\":[{\"@type\":\"Article\",\"@id\":\"https:\\\/\\\/jornalbeirario.com.br\\\/portal\\\/?p=2273#article\",\"isPartOf\":{\"@id\":\"https:\\\/\\\/jornalbeirario.com.br\\\/portal\\\/?p=2273\"},\"author\":{\"name\":\"Jornal BEIRA-RIO\",\"@id\":\"https:\\\/\\\/jornalbeirario.com.br\\\/portal\\\/#\\\/schema\\\/person\\\/c6c423e4c2465d2a9233f6539173e7c1\"},\"headline\":\"La\u00eds Amaral\",\"datePublished\":\"2012-11-23T00:54:44+00:00\",\"dateModified\":\"2012-11-23T01:07:40+00:00\",\"mainEntityOfPage\":{\"@id\":\"https:\\\/\\\/jornalbeirario.com.br\\\/portal\\\/?p=2273\"},\"wordCount\":805,\"commentCount\":0,\"publisher\":{\"@id\":\"https:\\\/\\\/jornalbeirario.com.br\\\/portal\\\/#organization\"},\"articleSection\":[\"Social\"],\"inLanguage\":\"pt-BR\",\"potentialAction\":[{\"@type\":\"CommentAction\",\"name\":\"Comment\",\"target\":[\"https:\\\/\\\/jornalbeirario.com.br\\\/portal\\\/?p=2273#respond\"]}]},{\"@type\":\"WebPage\",\"@id\":\"https:\\\/\\\/jornalbeirario.com.br\\\/portal\\\/?p=2273\",\"url\":\"https:\\\/\\\/jornalbeirario.com.br\\\/portal\\\/?p=2273\",\"name\":\"La\u00eds Amaral - JORNAL BEIRA RIO\",\"isPartOf\":{\"@id\":\"https:\\\/\\\/jornalbeirario.com.br\\\/portal\\\/#website\"},\"datePublished\":\"2012-11-23T00:54:44+00:00\",\"dateModified\":\"2012-11-23T01:07:40+00:00\",\"breadcrumb\":{\"@id\":\"https:\\\/\\\/jornalbeirario.com.br\\\/portal\\\/?p=2273#breadcrumb\"},\"inLanguage\":\"pt-BR\",\"potentialAction\":[{\"@type\":\"ReadAction\",\"target\":[\"https:\\\/\\\/jornalbeirario.com.br\\\/portal\\\/?p=2273\"]}]},{\"@type\":\"BreadcrumbList\",\"@id\":\"https:\\\/\\\/jornalbeirario.com.br\\\/portal\\\/?p=2273#breadcrumb\",\"itemListElement\":[{\"@type\":\"ListItem\",\"position\":1,\"name\":\"Home\",\"item\":\"https:\\\/\\\/jornalbeirario.com.br\\\/portal\"},{\"@type\":\"ListItem\",\"position\":2,\"name\":\"La\u00eds Amaral\"}]},{\"@type\":\"WebSite\",\"@id\":\"https:\\\/\\\/jornalbeirario.com.br\\\/portal\\\/#website\",\"url\":\"https:\\\/\\\/jornalbeirario.com.br\\\/portal\\\/\",\"name\":\"JORNAL BEIRA RIO\",\"description\":\"\",\"publisher\":{\"@id\":\"https:\\\/\\\/jornalbeirario.com.br\\\/portal\\\/#organization\"},\"potentialAction\":[{\"@type\":\"SearchAction\",\"target\":{\"@type\":\"EntryPoint\",\"urlTemplate\":\"https:\\\/\\\/jornalbeirario.com.br\\\/portal\\\/?s={search_term_string}\"},\"query-input\":{\"@type\":\"PropertyValueSpecification\",\"valueRequired\":true,\"valueName\":\"search_term_string\"}}],\"inLanguage\":\"pt-BR\"},{\"@type\":\"Organization\",\"@id\":\"https:\\\/\\\/jornalbeirario.com.br\\\/portal\\\/#organization\",\"name\":\"JORNAL BEIRA RIO\",\"url\":\"https:\\\/\\\/jornalbeirario.com.br\\\/portal\\\/\",\"logo\":{\"@type\":\"ImageObject\",\"inLanguage\":\"pt-BR\",\"@id\":\"https:\\\/\\\/jornalbeirario.com.br\\\/portal\\\/#\\\/schema\\\/logo\\\/image\\\/\",\"url\":\"https:\\\/\\\/jornalbeirario.com.br\\\/portal\\\/wp-content\\\/uploads\\\/2017\\\/09\\\/BEIRA-RIO_logo600.png\",\"contentUrl\":\"https:\\\/\\\/jornalbeirario.com.br\\\/portal\\\/wp-content\\\/uploads\\\/2017\\\/09\\\/BEIRA-RIO_logo600.png\",\"width\":650,\"height\":108,\"caption\":\"JORNAL BEIRA RIO\"},\"image\":{\"@id\":\"https:\\\/\\\/jornalbeirario.com.br\\\/portal\\\/#\\\/schema\\\/logo\\\/image\\\/\"}},{\"@type\":\"Person\",\"@id\":\"https:\\\/\\\/jornalbeirario.com.br\\\/portal\\\/#\\\/schema\\\/person\\\/c6c423e4c2465d2a9233f6539173e7c1\",\"name\":\"Jornal BEIRA-RIO\",\"image\":{\"@type\":\"ImageObject\",\"inLanguage\":\"pt-BR\",\"@id\":\"https:\\\/\\\/jornalbeirario.com.br\\\/portal\\\/wp-content\\\/uploads\\\/2023\\\/10\\\/logojbr1.jpg\",\"url\":\"https:\\\/\\\/jornalbeirario.com.br\\\/portal\\\/wp-content\\\/uploads\\\/2023\\\/10\\\/logojbr1.jpg\",\"contentUrl\":\"https:\\\/\\\/jornalbeirario.com.br\\\/portal\\\/wp-content\\\/uploads\\\/2023\\\/10\\\/logojbr1.jpg\",\"caption\":\"Jornal BEIRA-RIO\"},\"url\":\"https:\\\/\\\/jornalbeirario.com.br\\\/portal\\\/?author=1\"}]}<\/script>\n<!-- \/ Yoast SEO plugin. -->","yoast_head_json":{"title":"La\u00eds Amaral - JORNAL BEIRA RIO","robots":{"index":"index","follow":"follow","max-snippet":"max-snippet:-1","max-image-preview":"max-image-preview:large","max-video-preview":"max-video-preview:-1"},"canonical":"https:\/\/jornalbeirario.com.br\/portal\/?p=2273","og_locale":"pt_BR","og_type":"article","og_title":"La\u00eds Amaral - JORNAL BEIRA RIO","og_description":"Arcanjo Gabriel recebe amigos em coquetel A Associa\u00e7\u00e3o Beneficente Arcanjo Gabriel, promove na pr\u00f3xima ter\u00e7a-feira, dia 27, em sua sede no Jardim Martineli, no","og_url":"https:\/\/jornalbeirario.com.br\/portal\/?p=2273","og_site_name":"JORNAL BEIRA RIO","article_published_time":"2012-11-23T00:54:44+00:00","article_modified_time":"2012-11-23T01:07:40+00:00","author":"Jornal BEIRA-RIO","twitter_card":"summary_large_image","twitter_misc":{"Escrito por":"Jornal BEIRA-RIO","Est. tempo de leitura":"4 minutos"},"schema":{"@context":"https:\/\/schema.org","@graph":[{"@type":"Article","@id":"https:\/\/jornalbeirario.com.br\/portal\/?p=2273#article","isPartOf":{"@id":"https:\/\/jornalbeirario.com.br\/portal\/?p=2273"},"author":{"name":"Jornal BEIRA-RIO","@id":"https:\/\/jornalbeirario.com.br\/portal\/#\/schema\/person\/c6c423e4c2465d2a9233f6539173e7c1"},"headline":"La\u00eds Amaral","datePublished":"2012-11-23T00:54:44+00:00","dateModified":"2012-11-23T01:07:40+00:00","mainEntityOfPage":{"@id":"https:\/\/jornalbeirario.com.br\/portal\/?p=2273"},"wordCount":805,"commentCount":0,"publisher":{"@id":"https:\/\/jornalbeirario.com.br\/portal\/#organization"},"articleSection":["Social"],"inLanguage":"pt-BR","potentialAction":[{"@type":"CommentAction","name":"Comment","target":["https:\/\/jornalbeirario.com.br\/portal\/?p=2273#respond"]}]},{"@type":"WebPage","@id":"https:\/\/jornalbeirario.com.br\/portal\/?p=2273","url":"https:\/\/jornalbeirario.com.br\/portal\/?p=2273","name":"La\u00eds Amaral - JORNAL BEIRA RIO","isPartOf":{"@id":"https:\/\/jornalbeirario.com.br\/portal\/#website"},"datePublished":"2012-11-23T00:54:44+00:00","dateModified":"2012-11-23T01:07:40+00:00","breadcrumb":{"@id":"https:\/\/jornalbeirario.com.br\/portal\/?p=2273#breadcrumb"},"inLanguage":"pt-BR","potentialAction":[{"@type":"ReadAction","target":["https:\/\/jornalbeirario.com.br\/portal\/?p=2273"]}]},{"@type":"BreadcrumbList","@id":"https:\/\/jornalbeirario.com.br\/portal\/?p=2273#breadcrumb","itemListElement":[{"@type":"ListItem","position":1,"name":"Home","item":"https:\/\/jornalbeirario.com.br\/portal"},{"@type":"ListItem","position":2,"name":"La\u00eds Amaral"}]},{"@type":"WebSite","@id":"https:\/\/jornalbeirario.com.br\/portal\/#website","url":"https:\/\/jornalbeirario.com.br\/portal\/","name":"JORNAL BEIRA RIO","description":"","publisher":{"@id":"https:\/\/jornalbeirario.com.br\/portal\/#organization"},"potentialAction":[{"@type":"SearchAction","target":{"@type":"EntryPoint","urlTemplate":"https:\/\/jornalbeirario.com.br\/portal\/?s={search_term_string}"},"query-input":{"@type":"PropertyValueSpecification","valueRequired":true,"valueName":"search_term_string"}}],"inLanguage":"pt-BR"},{"@type":"Organization","@id":"https:\/\/jornalbeirario.com.br\/portal\/#organization","name":"JORNAL BEIRA RIO","url":"https:\/\/jornalbeirario.com.br\/portal\/","logo":{"@type":"ImageObject","inLanguage":"pt-BR","@id":"https:\/\/jornalbeirario.com.br\/portal\/#\/schema\/logo\/image\/","url":"https:\/\/jornalbeirario.com.br\/portal\/wp-content\/uploads\/2017\/09\/BEIRA-RIO_logo600.png","contentUrl":"https:\/\/jornalbeirario.com.br\/portal\/wp-content\/uploads\/2017\/09\/BEIRA-RIO_logo600.png","width":650,"height":108,"caption":"JORNAL BEIRA RIO"},"image":{"@id":"https:\/\/jornalbeirario.com.br\/portal\/#\/schema\/logo\/image\/"}},{"@type":"Person","@id":"https:\/\/jornalbeirario.com.br\/portal\/#\/schema\/person\/c6c423e4c2465d2a9233f6539173e7c1","name":"Jornal BEIRA-RIO","image":{"@type":"ImageObject","inLanguage":"pt-BR","@id":"https:\/\/jornalbeirario.com.br\/portal\/wp-content\/uploads\/2023\/10\/logojbr1.jpg","url":"https:\/\/jornalbeirario.com.br\/portal\/wp-content\/uploads\/2023\/10\/logojbr1.jpg","contentUrl":"https:\/\/jornalbeirario.com.br\/portal\/wp-content\/uploads\/2023\/10\/logojbr1.jpg","caption":"Jornal BEIRA-RIO"},"url":"https:\/\/jornalbeirario.com.br\/portal\/?author=1"}]}},"_links":{"self":[{"href":"https:\/\/jornalbeirario.com.br\/portal\/index.php?rest_route=\/wp\/v2\/posts\/2273","targetHints":{"allow":["GET"]}}],"collection":[{"href":"https:\/\/jornalbeirario.com.br\/portal\/index.php?rest_route=\/wp\/v2\/posts"}],"about":[{"href":"https:\/\/jornalbeirario.com.br\/portal\/index.php?rest_route=\/wp\/v2\/types\/post"}],"author":[{"embeddable":true,"href":"https:\/\/jornalbeirario.com.br\/portal\/index.php?rest_route=\/wp\/v2\/users\/1"}],"replies":[{"embeddable":true,"href":"https:\/\/jornalbeirario.com.br\/portal\/index.php?rest_route=%2Fwp%2Fv2%2Fcomments&post=2273"}],"version-history":[{"count":7,"href":"https:\/\/jornalbeirario.com.br\/portal\/index.php?rest_route=\/wp\/v2\/posts\/2273\/revisions"}],"predecessor-version":[{"id":2277,"href":"https:\/\/jornalbeirario.com.br\/portal\/index.php?rest_route=\/wp\/v2\/posts\/2273\/revisions\/2277"}],"wp:attachment":[{"href":"https:\/\/jornalbeirario.com.br\/portal\/index.php?rest_route=%2Fwp%2Fv2%2Fmedia&parent=2273"}],"wp:term":[{"taxonomy":"category","embeddable":true,"href":"https:\/\/jornalbeirario.com.br\/portal\/index.php?rest_route=%2Fwp%2Fv2%2Fcategories&post=2273"},{"taxonomy":"post_tag","embeddable":true,"href":"https:\/\/jornalbeirario.com.br\/portal\/index.php?rest_route=%2Fwp%2Fv2%2Ftags&post=2273"}],"curies":[{"name":"wp","href":"https:\/\/api.w.org\/{rel}","templated":true}]}}