
{"id":22718,"date":"2014-07-11T11:22:12","date_gmt":"2014-07-11T11:22:12","guid":{"rendered":"http:\/\/jornalbeirario.com.br\/portal\/portal\/?p=22718"},"modified":"2014-07-11T11:22:12","modified_gmt":"2014-07-11T11:22:12","slug":"lais-amaral-54","status":"publish","type":"post","link":"https:\/\/jornalbeirario.com.br\/portal\/?p=22718","title":{"rendered":"La\u00eds Amaral"},"content":{"rendered":"<p style=\"text-align: justify;\"><strong>Escrevendo de cabe\u00e7a inchada<\/strong><br \/>\nQuando voc\u00ea estiver lendo esta nota (escrevo na quarta, antes do jogo), j\u00e1 saberemos quem enfrenta a sele\u00e7\u00e3o brasileira amanh\u00e3, dia 12. E minha cabe\u00e7a j\u00e1 ter\u00e1 retornado \u00e0s suas dimens\u00f5es regulares. N\u00e3o quero a Argentina prefiro disputar com a Holanda. N\u00e3o sou compulsoriamente contra \u2018los hermanos\u2019. Muito pelo contr\u00e1rio. Assim que a \u2018Trag\u00e9dia de Belo Horizonte\u201d foi consumada, decidi torcer por Messi e sua turma. Sentimento sul-americano. Brasil e Argentina seria um cl\u00e1ssico dos sonhos na final da Copa, n\u00e3o, valendo o terceiro lugar. Parece coisa de segunda categoria. E seria um pr\u00eamio de consola\u00e7\u00e3o vencer um europeu. Uma \u201cforra\u201d. Mas se der tudo errado e a Holanda for para final, claro que tor\u00e7o pra ela, como na final de 1974.<\/p>\n<p style=\"text-align: justify;\"><strong>O Copo dos Copos<\/strong><br \/>\nA cacha\u00e7a \u2018Reserva dos Nosco\u2019, do Marcelo Nordskog, conquistou o primeiro lugar no ranking da Revista VIP (edi\u00e7\u00e3o de junho \u2013 Cleo Pires na capa) concorrendo com pingas renomadas de tradicionais \u00e1reas de produ\u00e7\u00e3o. Conhe\u00e7o a branquinha. \u00c9 muito boa mesmo. Minha hist\u00f3ria com pinga boa come\u00e7ou quando cheguei em Resende, h\u00e1 22 anos. Editei um jornal de turismo chamado \u2018Serra e Mar\u2019 que al\u00e9m de falar da atividade tur\u00edstica da serra e do litoral &#8211; as duas pernas do nosso imenso potencial tur\u00edstico \u2013 tamb\u00e9m inclu\u00eda cultura regional e um dos itens obrigat\u00f3rios, a cacha\u00e7a. Visitei muitos alambiques e provei boas cacha\u00e7as na regi\u00e3o, abrangendo os tr\u00eas estados. Hoje sou um apreciador. O Marcelo Nordiskog colocou uma assinatura n\u00f3rdica entre os tradicionais sobrenomes produtores da boa pinga na regi\u00e3o. E acompanho a saga do Marcel\u00e3o em busca da melhor pinga, desde a fase embrion\u00e1ria. Ele estudou, pesquisou. Viu a terra adequada, o tipo ideal de cana. Visitou os mais conceituados produtores pa\u00eds afora. Escolheu equipamentos de primeira. Foi paciente, at\u00e9 que produziu no seu simp\u00e1tico alambique na Fazenda Valpara\u00edso, em Engenheiro Passos, a excelente pinga que j\u00e1 ganhou pr\u00eamios dentro e fora do estado e at\u00e9 de organiza\u00e7\u00f5es internacionais. \u2018Reserva do Nosco\u2019, \u00e9 motivo de orgulho, e motivo pra beber. Mas com modera\u00e7\u00e3o. Apreciando.<\/p>\n<p style=\"text-align: justify;\"><strong>TRIPA<\/strong><br \/>\n* Li numa rede social que o maior legado que a Copa deixou, foi mostrar ao mundo uma gente que valoriza a hospitalidade, a amizade e que \u00e9 poss\u00edvel o conv\u00edvio pac\u00edfico entre os povos * Est\u00e3o abertas at\u00e9 20 de agosto as inscri\u00e7\u00f5es para o Sal\u00e3o da pelo Primavera deste ano. Os interessados devem procurar o Museu de Arte Moderna (3360-6155\/ 3360-4470) ou pelo e-mail: mam.resende@gmail.com * A antrop\u00f3loga e jornalista mineira, Maria Silv\u00e9rio, acaba de chegar de Portugal e est\u00e1 lan\u00e7ando o seu primeiro livro-reportagem. Depois de pesquisar por dois anos o universo da troca de casais, escreveu o livro \u201cSwing: Eu, Tu&#8230; Eles\u201d. Seu trabalho de mestrado realizado no Instituto Universit\u00e1rio de Lisboa. A leitura \u00e9 leve, e como o tema sugere, instigante, mostrando como funcionam casas de swing em Portugal e no Brasil. Publicado pela Chiado Editora, com 284 p\u00e1ginas, o livro ser\u00e1 lan\u00e7ada em algumas capitais brasileiras nos meses de julho a agosto. Dia 22 de julho no Rio de Janeiro, na casa de swing Club Mix Bar e nos dias de 28 a 31 de julho, em S\u00e3o Paulo. Dia 5 de agosto em Natal. O livro tamb\u00e9m ser\u00e1 vendido na vers\u00e3o digital, a partir de agosto * Al\u00f4 Jurema Botafogo, passada a Copa, enfim voltaremos ao nosso delicioso campeonato brasileiro, com nossos craques que andam por a\u00ed a estragar os gramados. \u00c9 a hora dos Neguebas da vida e cong\u00eaneres. J\u00e1 estou com saudade da Copa. Saco !<\/p>\n<p style=\"text-align: justify;\"><strong>ANIVERS\u00c1RIO<\/strong><br \/>\nNa segunda, dia 7, mudaram de idade os amigos Gustavo Fichter, Jorge Cardoso e Milene Santiago. Dia 9, contou mais um ano de vida o Jacson Andrade. Ontem, dia 10, dois amigos inauguraram idade nova, o Ricardinho de Mau\u00e1 e a Juliana Borges. Hoje, dia 11, \u00e9 a vez do Laurens Jr, ficar receber os \u2018parab\u00e9ns\u2019. Amanh\u00e3, dia 12, uma turma legal sopra velinhas. S\u00e3o eles: a Marlene Oliveira, o Marquinhos Botafoguense, a Gilmara Concei\u00e7\u00e3o e a minha amiga Gina Castro. Parab\u00e9ns e todas as felicidades do mundo a eles.<\/p>\n","protected":false},"excerpt":{"rendered":"<p>Escrevendo de cabe\u00e7a inchada Quando voc\u00ea estiver lendo esta nota (escrevo na quarta, antes do jogo), j\u00e1 saberemos quem enfrenta a sele\u00e7\u00e3o brasileira amanh\u00e3,<\/p>\n","protected":false},"author":1,"featured_media":0,"comment_status":"open","ping_status":"open","sticky":false,"template":"","format":"standard","meta":{"pmpro_default_level":"","footnotes":""},"categories":[13],"tags":[],"class_list":["post-22718","post","type-post","status-publish","format-standard","hentry","category-social","pmpro-has-access"],"yoast_head":"<!-- This site is optimized with the Yoast SEO plugin v27.4 - https:\/\/yoast.com\/product\/yoast-seo-wordpress\/ -->\n<title>La\u00eds Amaral - JORNAL BEIRA RIO<\/title>\n<meta name=\"robots\" content=\"index, follow, max-snippet:-1, max-image-preview:large, max-video-preview:-1\" \/>\n<link rel=\"canonical\" href=\"https:\/\/jornalbeirario.com.br\/portal\/?p=22718\" \/>\n<meta property=\"og:locale\" content=\"pt_BR\" \/>\n<meta property=\"og:type\" content=\"article\" \/>\n<meta property=\"og:title\" content=\"La\u00eds Amaral - JORNAL BEIRA RIO\" \/>\n<meta property=\"og:description\" content=\"Escrevendo de cabe\u00e7a inchada Quando voc\u00ea estiver lendo esta nota (escrevo na quarta, antes do jogo), j\u00e1 saberemos quem enfrenta a sele\u00e7\u00e3o brasileira amanh\u00e3,\" \/>\n<meta property=\"og:url\" content=\"https:\/\/jornalbeirario.com.br\/portal\/?p=22718\" \/>\n<meta property=\"og:site_name\" content=\"JORNAL BEIRA RIO\" \/>\n<meta property=\"article:published_time\" content=\"2014-07-11T11:22:12+00:00\" \/>\n<meta name=\"author\" content=\"Jornal BEIRA-RIO\" \/>\n<meta name=\"twitter:card\" content=\"summary_large_image\" \/>\n<meta name=\"twitter:label1\" content=\"Escrito por\" \/>\n\t<meta name=\"twitter:data1\" content=\"Jornal BEIRA-RIO\" \/>\n\t<meta name=\"twitter:label2\" content=\"Est. tempo de leitura\" \/>\n\t<meta name=\"twitter:data2\" content=\"4 minutos\" \/>\n<script type=\"application\/ld+json\" class=\"yoast-schema-graph\">{\"@context\":\"https:\\\/\\\/schema.org\",\"@graph\":[{\"@type\":\"Article\",\"@id\":\"https:\\\/\\\/jornalbeirario.com.br\\\/portal\\\/?p=22718#article\",\"isPartOf\":{\"@id\":\"https:\\\/\\\/jornalbeirario.com.br\\\/portal\\\/?p=22718\"},\"author\":{\"name\":\"Jornal BEIRA-RIO\",\"@id\":\"https:\\\/\\\/jornalbeirario.com.br\\\/portal\\\/#\\\/schema\\\/person\\\/c6c423e4c2465d2a9233f6539173e7c1\"},\"headline\":\"La\u00eds Amaral\",\"datePublished\":\"2014-07-11T11:22:12+00:00\",\"mainEntityOfPage\":{\"@id\":\"https:\\\/\\\/jornalbeirario.com.br\\\/portal\\\/?p=22718\"},\"wordCount\":721,\"commentCount\":0,\"publisher\":{\"@id\":\"https:\\\/\\\/jornalbeirario.com.br\\\/portal\\\/#organization\"},\"articleSection\":[\"Social\"],\"inLanguage\":\"pt-BR\",\"potentialAction\":[{\"@type\":\"CommentAction\",\"name\":\"Comment\",\"target\":[\"https:\\\/\\\/jornalbeirario.com.br\\\/portal\\\/?p=22718#respond\"]}]},{\"@type\":\"WebPage\",\"@id\":\"https:\\\/\\\/jornalbeirario.com.br\\\/portal\\\/?p=22718\",\"url\":\"https:\\\/\\\/jornalbeirario.com.br\\\/portal\\\/?p=22718\",\"name\":\"La\u00eds Amaral - JORNAL BEIRA RIO\",\"isPartOf\":{\"@id\":\"https:\\\/\\\/jornalbeirario.com.br\\\/portal\\\/#website\"},\"datePublished\":\"2014-07-11T11:22:12+00:00\",\"breadcrumb\":{\"@id\":\"https:\\\/\\\/jornalbeirario.com.br\\\/portal\\\/?p=22718#breadcrumb\"},\"inLanguage\":\"pt-BR\",\"potentialAction\":[{\"@type\":\"ReadAction\",\"target\":[\"https:\\\/\\\/jornalbeirario.com.br\\\/portal\\\/?p=22718\"]}]},{\"@type\":\"BreadcrumbList\",\"@id\":\"https:\\\/\\\/jornalbeirario.com.br\\\/portal\\\/?p=22718#breadcrumb\",\"itemListElement\":[{\"@type\":\"ListItem\",\"position\":1,\"name\":\"Home\",\"item\":\"https:\\\/\\\/jornalbeirario.com.br\\\/portal\"},{\"@type\":\"ListItem\",\"position\":2,\"name\":\"La\u00eds Amaral\"}]},{\"@type\":\"WebSite\",\"@id\":\"https:\\\/\\\/jornalbeirario.com.br\\\/portal\\\/#website\",\"url\":\"https:\\\/\\\/jornalbeirario.com.br\\\/portal\\\/\",\"name\":\"JORNAL BEIRA RIO\",\"description\":\"\",\"publisher\":{\"@id\":\"https:\\\/\\\/jornalbeirario.com.br\\\/portal\\\/#organization\"},\"potentialAction\":[{\"@type\":\"SearchAction\",\"target\":{\"@type\":\"EntryPoint\",\"urlTemplate\":\"https:\\\/\\\/jornalbeirario.com.br\\\/portal\\\/?s={search_term_string}\"},\"query-input\":{\"@type\":\"PropertyValueSpecification\",\"valueRequired\":true,\"valueName\":\"search_term_string\"}}],\"inLanguage\":\"pt-BR\"},{\"@type\":\"Organization\",\"@id\":\"https:\\\/\\\/jornalbeirario.com.br\\\/portal\\\/#organization\",\"name\":\"JORNAL BEIRA RIO\",\"url\":\"https:\\\/\\\/jornalbeirario.com.br\\\/portal\\\/\",\"logo\":{\"@type\":\"ImageObject\",\"inLanguage\":\"pt-BR\",\"@id\":\"https:\\\/\\\/jornalbeirario.com.br\\\/portal\\\/#\\\/schema\\\/logo\\\/image\\\/\",\"url\":\"https:\\\/\\\/jornalbeirario.com.br\\\/portal\\\/wp-content\\\/uploads\\\/2017\\\/09\\\/BEIRA-RIO_logo600.png\",\"contentUrl\":\"https:\\\/\\\/jornalbeirario.com.br\\\/portal\\\/wp-content\\\/uploads\\\/2017\\\/09\\\/BEIRA-RIO_logo600.png\",\"width\":650,\"height\":108,\"caption\":\"JORNAL BEIRA RIO\"},\"image\":{\"@id\":\"https:\\\/\\\/jornalbeirario.com.br\\\/portal\\\/#\\\/schema\\\/logo\\\/image\\\/\"}},{\"@type\":\"Person\",\"@id\":\"https:\\\/\\\/jornalbeirario.com.br\\\/portal\\\/#\\\/schema\\\/person\\\/c6c423e4c2465d2a9233f6539173e7c1\",\"name\":\"Jornal BEIRA-RIO\",\"image\":{\"@type\":\"ImageObject\",\"inLanguage\":\"pt-BR\",\"@id\":\"https:\\\/\\\/jornalbeirario.com.br\\\/portal\\\/wp-content\\\/uploads\\\/2023\\\/10\\\/logojbr1.jpg\",\"url\":\"https:\\\/\\\/jornalbeirario.com.br\\\/portal\\\/wp-content\\\/uploads\\\/2023\\\/10\\\/logojbr1.jpg\",\"contentUrl\":\"https:\\\/\\\/jornalbeirario.com.br\\\/portal\\\/wp-content\\\/uploads\\\/2023\\\/10\\\/logojbr1.jpg\",\"caption\":\"Jornal BEIRA-RIO\"},\"url\":\"https:\\\/\\\/jornalbeirario.com.br\\\/portal\\\/?author=1\"}]}<\/script>\n<!-- \/ Yoast SEO plugin. -->","yoast_head_json":{"title":"La\u00eds Amaral - JORNAL BEIRA RIO","robots":{"index":"index","follow":"follow","max-snippet":"max-snippet:-1","max-image-preview":"max-image-preview:large","max-video-preview":"max-video-preview:-1"},"canonical":"https:\/\/jornalbeirario.com.br\/portal\/?p=22718","og_locale":"pt_BR","og_type":"article","og_title":"La\u00eds Amaral - JORNAL BEIRA RIO","og_description":"Escrevendo de cabe\u00e7a inchada Quando voc\u00ea estiver lendo esta nota (escrevo na quarta, antes do jogo), j\u00e1 saberemos quem enfrenta a sele\u00e7\u00e3o brasileira amanh\u00e3,","og_url":"https:\/\/jornalbeirario.com.br\/portal\/?p=22718","og_site_name":"JORNAL BEIRA RIO","article_published_time":"2014-07-11T11:22:12+00:00","author":"Jornal BEIRA-RIO","twitter_card":"summary_large_image","twitter_misc":{"Escrito por":"Jornal BEIRA-RIO","Est. tempo de leitura":"4 minutos"},"schema":{"@context":"https:\/\/schema.org","@graph":[{"@type":"Article","@id":"https:\/\/jornalbeirario.com.br\/portal\/?p=22718#article","isPartOf":{"@id":"https:\/\/jornalbeirario.com.br\/portal\/?p=22718"},"author":{"name":"Jornal BEIRA-RIO","@id":"https:\/\/jornalbeirario.com.br\/portal\/#\/schema\/person\/c6c423e4c2465d2a9233f6539173e7c1"},"headline":"La\u00eds Amaral","datePublished":"2014-07-11T11:22:12+00:00","mainEntityOfPage":{"@id":"https:\/\/jornalbeirario.com.br\/portal\/?p=22718"},"wordCount":721,"commentCount":0,"publisher":{"@id":"https:\/\/jornalbeirario.com.br\/portal\/#organization"},"articleSection":["Social"],"inLanguage":"pt-BR","potentialAction":[{"@type":"CommentAction","name":"Comment","target":["https:\/\/jornalbeirario.com.br\/portal\/?p=22718#respond"]}]},{"@type":"WebPage","@id":"https:\/\/jornalbeirario.com.br\/portal\/?p=22718","url":"https:\/\/jornalbeirario.com.br\/portal\/?p=22718","name":"La\u00eds Amaral - JORNAL BEIRA RIO","isPartOf":{"@id":"https:\/\/jornalbeirario.com.br\/portal\/#website"},"datePublished":"2014-07-11T11:22:12+00:00","breadcrumb":{"@id":"https:\/\/jornalbeirario.com.br\/portal\/?p=22718#breadcrumb"},"inLanguage":"pt-BR","potentialAction":[{"@type":"ReadAction","target":["https:\/\/jornalbeirario.com.br\/portal\/?p=22718"]}]},{"@type":"BreadcrumbList","@id":"https:\/\/jornalbeirario.com.br\/portal\/?p=22718#breadcrumb","itemListElement":[{"@type":"ListItem","position":1,"name":"Home","item":"https:\/\/jornalbeirario.com.br\/portal"},{"@type":"ListItem","position":2,"name":"La\u00eds Amaral"}]},{"@type":"WebSite","@id":"https:\/\/jornalbeirario.com.br\/portal\/#website","url":"https:\/\/jornalbeirario.com.br\/portal\/","name":"JORNAL BEIRA RIO","description":"","publisher":{"@id":"https:\/\/jornalbeirario.com.br\/portal\/#organization"},"potentialAction":[{"@type":"SearchAction","target":{"@type":"EntryPoint","urlTemplate":"https:\/\/jornalbeirario.com.br\/portal\/?s={search_term_string}"},"query-input":{"@type":"PropertyValueSpecification","valueRequired":true,"valueName":"search_term_string"}}],"inLanguage":"pt-BR"},{"@type":"Organization","@id":"https:\/\/jornalbeirario.com.br\/portal\/#organization","name":"JORNAL BEIRA RIO","url":"https:\/\/jornalbeirario.com.br\/portal\/","logo":{"@type":"ImageObject","inLanguage":"pt-BR","@id":"https:\/\/jornalbeirario.com.br\/portal\/#\/schema\/logo\/image\/","url":"https:\/\/jornalbeirario.com.br\/portal\/wp-content\/uploads\/2017\/09\/BEIRA-RIO_logo600.png","contentUrl":"https:\/\/jornalbeirario.com.br\/portal\/wp-content\/uploads\/2017\/09\/BEIRA-RIO_logo600.png","width":650,"height":108,"caption":"JORNAL BEIRA RIO"},"image":{"@id":"https:\/\/jornalbeirario.com.br\/portal\/#\/schema\/logo\/image\/"}},{"@type":"Person","@id":"https:\/\/jornalbeirario.com.br\/portal\/#\/schema\/person\/c6c423e4c2465d2a9233f6539173e7c1","name":"Jornal BEIRA-RIO","image":{"@type":"ImageObject","inLanguage":"pt-BR","@id":"https:\/\/jornalbeirario.com.br\/portal\/wp-content\/uploads\/2023\/10\/logojbr1.jpg","url":"https:\/\/jornalbeirario.com.br\/portal\/wp-content\/uploads\/2023\/10\/logojbr1.jpg","contentUrl":"https:\/\/jornalbeirario.com.br\/portal\/wp-content\/uploads\/2023\/10\/logojbr1.jpg","caption":"Jornal BEIRA-RIO"},"url":"https:\/\/jornalbeirario.com.br\/portal\/?author=1"}]}},"_links":{"self":[{"href":"https:\/\/jornalbeirario.com.br\/portal\/index.php?rest_route=\/wp\/v2\/posts\/22718","targetHints":{"allow":["GET"]}}],"collection":[{"href":"https:\/\/jornalbeirario.com.br\/portal\/index.php?rest_route=\/wp\/v2\/posts"}],"about":[{"href":"https:\/\/jornalbeirario.com.br\/portal\/index.php?rest_route=\/wp\/v2\/types\/post"}],"author":[{"embeddable":true,"href":"https:\/\/jornalbeirario.com.br\/portal\/index.php?rest_route=\/wp\/v2\/users\/1"}],"replies":[{"embeddable":true,"href":"https:\/\/jornalbeirario.com.br\/portal\/index.php?rest_route=%2Fwp%2Fv2%2Fcomments&post=22718"}],"version-history":[{"count":3,"href":"https:\/\/jornalbeirario.com.br\/portal\/index.php?rest_route=\/wp\/v2\/posts\/22718\/revisions"}],"predecessor-version":[{"id":22770,"href":"https:\/\/jornalbeirario.com.br\/portal\/index.php?rest_route=\/wp\/v2\/posts\/22718\/revisions\/22770"}],"wp:attachment":[{"href":"https:\/\/jornalbeirario.com.br\/portal\/index.php?rest_route=%2Fwp%2Fv2%2Fmedia&parent=22718"}],"wp:term":[{"taxonomy":"category","embeddable":true,"href":"https:\/\/jornalbeirario.com.br\/portal\/index.php?rest_route=%2Fwp%2Fv2%2Fcategories&post=22718"},{"taxonomy":"post_tag","embeddable":true,"href":"https:\/\/jornalbeirario.com.br\/portal\/index.php?rest_route=%2Fwp%2Fv2%2Ftags&post=22718"}],"curies":[{"name":"wp","href":"https:\/\/api.w.org\/{rel}","templated":true}]}}