
{"id":22485,"date":"2014-06-27T12:59:50","date_gmt":"2014-06-27T12:59:50","guid":{"rendered":"http:\/\/jornalbeirario.com.br\/portal\/portal\/?p=22485"},"modified":"2014-06-27T12:59:50","modified_gmt":"2014-06-27T12:59:50","slug":"lais-amaral-52","status":"publish","type":"post","link":"https:\/\/jornalbeirario.com.br\/portal\/?p=22485","title":{"rendered":"La\u00eds Amaral"},"content":{"rendered":"<p style=\"text-align: justify;\"><strong>Que Copa \u00e9 essa?!!<\/strong><br \/>\nUma das muitas coisas legais dessa Copa s\u00e3o os filmes de propaganda de cerveja. Alguns s\u00e3o melhores que as pr\u00f3prias cervejas. Tem uma s\u00e9rie de comerciais brincando com italianos, ingleses, franceses e argentinos que \u00e9 sensacional. Acho que os pr\u00f3prios gringos aplaudiriam a brincadeira. Em outro filme, um sujeito, autorizado pela mulher, recebe um grupo de amigos para assistir a uma partida de futebol em casa, \u2018desde que n\u00e3o falem palavr\u00e3o\u2019. \u00c9 hil\u00e1rio. E o universo da Copa \u00e9 assim, rico e diversificado. Independente de ser dos melhores torneios de todos os tempos, afian\u00e7am jornalistas, cr\u00edticos e observadores de todo o mundo, \u00e9 uma grande festa de congra\u00e7amento dos povos. As sele\u00e7\u00f5es do continente se sentem em casa, tal a quantidades de compatriotas que aqui chegaram para torcer como pela pr\u00f3pria recep\u00e7\u00e3o do povo brasileiro. Europeus e africanos tamb\u00e9m s\u00e3o super bem recebidos O mundo est\u00e1 encantado com o Brasil, com sua gente. O Brasil \u00e9 o pa\u00eds de todos. Mais de 60% dos milhares de turistas que chegaram est\u00e3o vindo pela primeira vez. Voltar\u00e3o com certeza. Seguran\u00e7a, estrutura e servi\u00e7os s\u00e3o itens elogiados na Imprensa internacional. Os aeroportos est\u00e3o dando show, os atrasos ficam bem abaixo da m\u00e9dia de Europa e USA. Os est\u00e1dios, edificados em respeito aos conceitos de sustentabilidade, foram elogiados por engenheiros e arquitetos alem\u00e3es: \u2018s\u00e3o top\u2019. Hot\u00e9is e restaurantes est\u00e3o recebendo 45% a mais do p\u00fablico que era esperado. Autoestima e orgulho s\u00e3o os craques que fazem dos brasileiros (a maioria pelo menos), uma torcida feliz, como os personagens daqueles filmes publicit\u00e1rios. Mas bebam com modera\u00e7\u00e3o.<\/p>\n<p style=\"text-align: justify;\"><strong>Elymar na Festa do Fogueir\u00e3o<\/strong><br \/>\nCome\u00e7ou ontem, dia 26, a tradicional \u2018Festa do Fogueir\u00e3o\u2019, no bairro Para\u00edso. \u00c9 a primeira sem a presen\u00e7a do \u2018seu\u2019 Victorino Tavares, o principal respons\u00e1vel pela tradi\u00e7\u00e3o. Al\u00e9m das atra\u00e7\u00f5es tradicionais de barracas, quadrilha e casamento caipira, os shows musicais que no tempo ganharam destaque: ontem cantou o \u00cdndio Sertanejo; hoje (27), a dupla J\u00f4 e Samuel; amanh\u00e3 (28), Brasil x Chile no \u2018tel\u00e3o digital\u2019, encontro de violeiros, Kaio e Willian e Elimar Santos. No domingo (29), \u2018T\u00e1 na Mente\u2019, e mais: show Pirot\u00e9cnico e a queima da fogueira. E Viva S\u00e3o Pedro!!<\/p>\n<p style=\"text-align: justify;\"><strong>TRIPA<\/strong><br \/>\n* No dia 23 de abril deste ano a Presidenta Dilma Roussef sancionou a Lei que regulamenta o uso da Internet no pa\u00eds. Naquela data ficou definido que a nova Lei entraria em vigor em 60 dias. Nessa segunda-feira, dia 23, ela passou a valer. Muita gente ainda n\u00e3o sabe o que quer dizer esse marco regulat\u00f3rio. Hoje, dia 27, \u00e0s 19 horas, o relator do projeto de lei, deputado Alessandro Molon (PT) estar\u00e1 no plen\u00e1rio da C\u00e2mara de Vereadores de Resende para falar a respeito. Uma excelente oportunidade para tirar d\u00favidas sobre essa nova legisla\u00e7\u00e3o * O Centro Cultural Visconde de Mau\u00e1 apresenta neste domingo, dia 29, o espet\u00e1culo de dan\u00e7a-teatro Afro-Butoh, \u201cOri: princ\u00edpio-fim-princ\u00edpio\u201d, com o ator e dan\u00e7arino Cal\u00e9 Miranda. \u201cA arte Butoh, criada no Jap\u00e3o do p\u00f3s-guerra transcende para a filosofia e prop\u00f5e, tanto para o dan\u00e7arino como para o p\u00fablico, a busca do seu verdadeiro eu\u201d. Nesse espet\u00e1culo solo, Cal\u00e9 apresenta um Butoh oriental com sotaque africano. Vale a pena conferir! \u00c0s 11 horas l\u00e1 mesmo no Centro Cultural Visconde de Mau\u00e1 com entrada franca * Parab\u00e9ns aos amigos Gina e ao Cassiano, pelas Bodas de Prata comemoradas nessa ter\u00e7a-feira, dia 24. Todas as felicidades ao casal * Neste domingo, dia 29, o tradicional \u2018Ponto 107\u2019 inaugura seu novo espa\u00e7o. O novo restaurante, agora com muito mais espa\u00e7o, fica na Rua Coronel Braziel. E os amigos Odylo Franco e Maria Carmem abrem o novo \u2018Ponto 107\u2019 com o tradicional e delicioso \u2018Inhoque da Fortuna\u2019. Parab\u00e9ns e Boa Sorte!<\/p>\n<p style=\"text-align: justify;\"><strong>ANIVERS\u00c1RIOS<\/strong><br \/>\nA semana come\u00e7ou com a Priscila Jara, filha do meu amigo Luis Henrique Jara comemorando mais um ano de vida. Tr\u00eas amigos mudaram de idade na segunda-feira, dia 23: Luciano Arcanjo, Neiva Ritter e Conrado Rabello. Na ter\u00e7a, dia 24, a Dalrea Maria soprou velinhas. Na quarta, dia 25, minha amiga, a poeta Anielle Carrasco e o Yuri, filho do Eduardo e da Gracinha tamb\u00e9m sopraram velinhas. Ontem, dia 26, foi a vez do vereador Jos\u00e9 Ol\u00edmpio e do publicit\u00e1rio Ricardo Moraes inaugurarem idade nova. Hoje, dia 27, fica mais experiente o Carlos Henrique Corr\u00eaa (Carl Lewis). Amanh\u00e3, dia 28, o botafoguense roxo, H\u00e9rcules Nogueira, o Jos\u00e9 Luiz Moraes (Carioca) e o Fernando Rosadas recebem os \u2018parab\u00e9ns\u2019. No domingo, dia 29, uma turma grande aniversaria, s\u00e3o eles: dona B\u00e1rbara Regina (m\u00e3e da Fabi), o vasca\u00edno Peterson, o Leandro Rodrigues, a Karla Takayama e o meu sobrinho Felipe F\u00e1varo. Parab\u00e9ns e todas as felicidades do mundo a eles.<\/p>\n","protected":false},"excerpt":{"rendered":"<p>Que Copa \u00e9 essa?!! Uma das muitas coisas legais dessa Copa s\u00e3o os filmes de propaganda de cerveja. Alguns s\u00e3o melhores que as pr\u00f3prias<\/p>\n","protected":false},"author":1,"featured_media":0,"comment_status":"open","ping_status":"open","sticky":false,"template":"","format":"standard","meta":{"pmpro_default_level":"","footnotes":"","_members_access_role":[],"_members_access_error":""},"categories":[13],"tags":[],"class_list":["post-22485","post","type-post","status-publish","format-standard","hentry","category-social","pmpro-has-access"],"yoast_head":"<!-- This site is optimized with the Yoast SEO plugin v28.4 - https:\/\/yoast.com\/product\/yoast-seo-wordpress\/ -->\n<title>La\u00eds Amaral - JORNAL BEIRA RIO<\/title>\n<meta name=\"robots\" content=\"index, follow, max-snippet:-1, max-image-preview:large, max-video-preview:-1\" \/>\n<link rel=\"canonical\" href=\"https:\/\/jornalbeirario.com.br\/portal\/?p=22485\" \/>\n<meta property=\"og:locale\" content=\"pt_BR\" \/>\n<meta property=\"og:type\" content=\"article\" \/>\n<meta property=\"og:title\" content=\"La\u00eds Amaral - JORNAL BEIRA RIO\" \/>\n<meta property=\"og:description\" content=\"Que Copa \u00e9 essa?!! Uma das muitas coisas legais dessa Copa s\u00e3o os filmes de propaganda de cerveja. Alguns s\u00e3o melhores que as pr\u00f3prias\" \/>\n<meta property=\"og:url\" content=\"https:\/\/jornalbeirario.com.br\/portal\/?p=22485\" \/>\n<meta property=\"og:site_name\" content=\"JORNAL BEIRA RIO\" \/>\n<meta property=\"article:published_time\" content=\"2014-06-27T12:59:50+00:00\" \/>\n<meta name=\"author\" content=\"Jornal BEIRA-RIO\" \/>\n<meta name=\"twitter:card\" content=\"summary_large_image\" \/>\n<meta name=\"twitter:label1\" content=\"Escrito por\" \/>\n\t<meta name=\"twitter:data1\" content=\"Jornal BEIRA-RIO\" \/>\n\t<meta name=\"twitter:label2\" content=\"Est. tempo de leitura\" \/>\n\t<meta name=\"twitter:data2\" content=\"4 minutos\" \/>\n<script type=\"application\/ld+json\" class=\"yoast-schema-graph\">{\"@context\":\"https:\\\/\\\/schema.org\",\"@graph\":[{\"@type\":\"Article\",\"@id\":\"https:\\\/\\\/jornalbeirario.com.br\\\/portal\\\/?p=22485#article\",\"isPartOf\":{\"@id\":\"https:\\\/\\\/jornalbeirario.com.br\\\/portal\\\/?p=22485\"},\"author\":{\"name\":\"Jornal BEIRA-RIO\",\"@id\":\"https:\\\/\\\/jornalbeirario.com.br\\\/portal\\\/#\\\/schema\\\/person\\\/c6c423e4c2465d2a9233f6539173e7c1\"},\"headline\":\"La\u00eds Amaral\",\"datePublished\":\"2014-06-27T12:59:50+00:00\",\"mainEntityOfPage\":{\"@id\":\"https:\\\/\\\/jornalbeirario.com.br\\\/portal\\\/?p=22485\"},\"wordCount\":826,\"commentCount\":0,\"publisher\":{\"@id\":\"https:\\\/\\\/jornalbeirario.com.br\\\/portal\\\/#organization\"},\"articleSection\":[\"Social\"],\"inLanguage\":\"pt-BR\",\"potentialAction\":[{\"@type\":\"CommentAction\",\"name\":\"Comment\",\"target\":[\"https:\\\/\\\/jornalbeirario.com.br\\\/portal\\\/?p=22485#respond\"]}]},{\"@type\":\"WebPage\",\"@id\":\"https:\\\/\\\/jornalbeirario.com.br\\\/portal\\\/?p=22485\",\"url\":\"https:\\\/\\\/jornalbeirario.com.br\\\/portal\\\/?p=22485\",\"name\":\"La\u00eds Amaral - JORNAL BEIRA RIO\",\"isPartOf\":{\"@id\":\"https:\\\/\\\/jornalbeirario.com.br\\\/portal\\\/#website\"},\"datePublished\":\"2014-06-27T12:59:50+00:00\",\"breadcrumb\":{\"@id\":\"https:\\\/\\\/jornalbeirario.com.br\\\/portal\\\/?p=22485#breadcrumb\"},\"inLanguage\":\"pt-BR\",\"potentialAction\":[{\"@type\":\"ReadAction\",\"target\":[\"https:\\\/\\\/jornalbeirario.com.br\\\/portal\\\/?p=22485\"]}]},{\"@type\":\"BreadcrumbList\",\"@id\":\"https:\\\/\\\/jornalbeirario.com.br\\\/portal\\\/?p=22485#breadcrumb\",\"itemListElement\":[{\"@type\":\"ListItem\",\"position\":1,\"name\":\"Home\",\"item\":\"https:\\\/\\\/jornalbeirario.com.br\\\/portal\"},{\"@type\":\"ListItem\",\"position\":2,\"name\":\"La\u00eds Amaral\"}]},{\"@type\":\"WebSite\",\"@id\":\"https:\\\/\\\/jornalbeirario.com.br\\\/portal\\\/#website\",\"url\":\"https:\\\/\\\/jornalbeirario.com.br\\\/portal\\\/\",\"name\":\"JORNAL BEIRA RIO\",\"description\":\"\",\"publisher\":{\"@id\":\"https:\\\/\\\/jornalbeirario.com.br\\\/portal\\\/#organization\"},\"potentialAction\":[{\"@type\":\"SearchAction\",\"target\":{\"@type\":\"EntryPoint\",\"urlTemplate\":\"https:\\\/\\\/jornalbeirario.com.br\\\/portal\\\/?s={search_term_string}\"},\"query-input\":{\"@type\":\"PropertyValueSpecification\",\"valueRequired\":true,\"valueName\":\"search_term_string\"}}],\"inLanguage\":\"pt-BR\"},{\"@type\":\"Organization\",\"@id\":\"https:\\\/\\\/jornalbeirario.com.br\\\/portal\\\/#organization\",\"name\":\"JORNAL BEIRA RIO\",\"url\":\"https:\\\/\\\/jornalbeirario.com.br\\\/portal\\\/\",\"logo\":{\"@type\":\"ImageObject\",\"inLanguage\":\"pt-BR\",\"@id\":\"https:\\\/\\\/jornalbeirario.com.br\\\/portal\\\/#\\\/schema\\\/logo\\\/image\\\/\",\"url\":\"https:\\\/\\\/jornalbeirario.com.br\\\/portal\\\/wp-content\\\/uploads\\\/2017\\\/09\\\/BEIRA-RIO_logo600.png\",\"contentUrl\":\"https:\\\/\\\/jornalbeirario.com.br\\\/portal\\\/wp-content\\\/uploads\\\/2017\\\/09\\\/BEIRA-RIO_logo600.png\",\"width\":650,\"height\":108,\"caption\":\"JORNAL BEIRA RIO\"},\"image\":{\"@id\":\"https:\\\/\\\/jornalbeirario.com.br\\\/portal\\\/#\\\/schema\\\/logo\\\/image\\\/\"}},{\"@type\":\"Person\",\"@id\":\"https:\\\/\\\/jornalbeirario.com.br\\\/portal\\\/#\\\/schema\\\/person\\\/c6c423e4c2465d2a9233f6539173e7c1\",\"name\":\"Jornal BEIRA-RIO\",\"image\":{\"@type\":\"ImageObject\",\"inLanguage\":\"pt-BR\",\"@id\":\"https:\\\/\\\/jornalbeirario.com.br\\\/portal\\\/wp-content\\\/uploads\\\/2023\\\/10\\\/logojbr1.jpg\",\"url\":\"https:\\\/\\\/jornalbeirario.com.br\\\/portal\\\/wp-content\\\/uploads\\\/2023\\\/10\\\/logojbr1.jpg\",\"contentUrl\":\"https:\\\/\\\/jornalbeirario.com.br\\\/portal\\\/wp-content\\\/uploads\\\/2023\\\/10\\\/logojbr1.jpg\",\"caption\":\"Jornal BEIRA-RIO\"},\"url\":\"https:\\\/\\\/jornalbeirario.com.br\\\/portal\\\/?author=1\"}]}<\/script>\n<!-- \/ Yoast SEO plugin. -->","yoast_head_json":{"title":"La\u00eds Amaral - JORNAL BEIRA RIO","robots":{"index":"index","follow":"follow","max-snippet":"max-snippet:-1","max-image-preview":"max-image-preview:large","max-video-preview":"max-video-preview:-1"},"canonical":"https:\/\/jornalbeirario.com.br\/portal\/?p=22485","og_locale":"pt_BR","og_type":"article","og_title":"La\u00eds Amaral - JORNAL BEIRA RIO","og_description":"Que Copa \u00e9 essa?!! Uma das muitas coisas legais dessa Copa s\u00e3o os filmes de propaganda de cerveja. Alguns s\u00e3o melhores que as pr\u00f3prias","og_url":"https:\/\/jornalbeirario.com.br\/portal\/?p=22485","og_site_name":"JORNAL BEIRA RIO","article_published_time":"2014-06-27T12:59:50+00:00","author":"Jornal BEIRA-RIO","twitter_card":"summary_large_image","twitter_misc":{"Escrito por":"Jornal BEIRA-RIO","Est. tempo de leitura":"4 minutos"},"schema":{"@context":"https:\/\/schema.org","@graph":[{"@type":"Article","@id":"https:\/\/jornalbeirario.com.br\/portal\/?p=22485#article","isPartOf":{"@id":"https:\/\/jornalbeirario.com.br\/portal\/?p=22485"},"author":{"name":"Jornal BEIRA-RIO","@id":"https:\/\/jornalbeirario.com.br\/portal\/#\/schema\/person\/c6c423e4c2465d2a9233f6539173e7c1"},"headline":"La\u00eds Amaral","datePublished":"2014-06-27T12:59:50+00:00","mainEntityOfPage":{"@id":"https:\/\/jornalbeirario.com.br\/portal\/?p=22485"},"wordCount":826,"commentCount":0,"publisher":{"@id":"https:\/\/jornalbeirario.com.br\/portal\/#organization"},"articleSection":["Social"],"inLanguage":"pt-BR","potentialAction":[{"@type":"CommentAction","name":"Comment","target":["https:\/\/jornalbeirario.com.br\/portal\/?p=22485#respond"]}]},{"@type":"WebPage","@id":"https:\/\/jornalbeirario.com.br\/portal\/?p=22485","url":"https:\/\/jornalbeirario.com.br\/portal\/?p=22485","name":"La\u00eds Amaral - JORNAL BEIRA RIO","isPartOf":{"@id":"https:\/\/jornalbeirario.com.br\/portal\/#website"},"datePublished":"2014-06-27T12:59:50+00:00","breadcrumb":{"@id":"https:\/\/jornalbeirario.com.br\/portal\/?p=22485#breadcrumb"},"inLanguage":"pt-BR","potentialAction":[{"@type":"ReadAction","target":["https:\/\/jornalbeirario.com.br\/portal\/?p=22485"]}]},{"@type":"BreadcrumbList","@id":"https:\/\/jornalbeirario.com.br\/portal\/?p=22485#breadcrumb","itemListElement":[{"@type":"ListItem","position":1,"name":"Home","item":"https:\/\/jornalbeirario.com.br\/portal"},{"@type":"ListItem","position":2,"name":"La\u00eds Amaral"}]},{"@type":"WebSite","@id":"https:\/\/jornalbeirario.com.br\/portal\/#website","url":"https:\/\/jornalbeirario.com.br\/portal\/","name":"JORNAL BEIRA RIO","description":"","publisher":{"@id":"https:\/\/jornalbeirario.com.br\/portal\/#organization"},"potentialAction":[{"@type":"SearchAction","target":{"@type":"EntryPoint","urlTemplate":"https:\/\/jornalbeirario.com.br\/portal\/?s={search_term_string}"},"query-input":{"@type":"PropertyValueSpecification","valueRequired":true,"valueName":"search_term_string"}}],"inLanguage":"pt-BR"},{"@type":"Organization","@id":"https:\/\/jornalbeirario.com.br\/portal\/#organization","name":"JORNAL BEIRA RIO","url":"https:\/\/jornalbeirario.com.br\/portal\/","logo":{"@type":"ImageObject","inLanguage":"pt-BR","@id":"https:\/\/jornalbeirario.com.br\/portal\/#\/schema\/logo\/image\/","url":"https:\/\/jornalbeirario.com.br\/portal\/wp-content\/uploads\/2017\/09\/BEIRA-RIO_logo600.png","contentUrl":"https:\/\/jornalbeirario.com.br\/portal\/wp-content\/uploads\/2017\/09\/BEIRA-RIO_logo600.png","width":650,"height":108,"caption":"JORNAL BEIRA RIO"},"image":{"@id":"https:\/\/jornalbeirario.com.br\/portal\/#\/schema\/logo\/image\/"}},{"@type":"Person","@id":"https:\/\/jornalbeirario.com.br\/portal\/#\/schema\/person\/c6c423e4c2465d2a9233f6539173e7c1","name":"Jornal BEIRA-RIO","image":{"@type":"ImageObject","inLanguage":"pt-BR","@id":"https:\/\/jornalbeirario.com.br\/portal\/wp-content\/uploads\/2023\/10\/logojbr1.jpg","url":"https:\/\/jornalbeirario.com.br\/portal\/wp-content\/uploads\/2023\/10\/logojbr1.jpg","contentUrl":"https:\/\/jornalbeirario.com.br\/portal\/wp-content\/uploads\/2023\/10\/logojbr1.jpg","caption":"Jornal BEIRA-RIO"},"url":"https:\/\/jornalbeirario.com.br\/portal\/?author=1"}]}},"_links":{"self":[{"href":"https:\/\/jornalbeirario.com.br\/portal\/index.php?rest_route=\/wp\/v2\/posts\/22485","targetHints":{"allow":["GET"]}}],"collection":[{"href":"https:\/\/jornalbeirario.com.br\/portal\/index.php?rest_route=\/wp\/v2\/posts"}],"about":[{"href":"https:\/\/jornalbeirario.com.br\/portal\/index.php?rest_route=\/wp\/v2\/types\/post"}],"author":[{"embeddable":true,"href":"https:\/\/jornalbeirario.com.br\/portal\/index.php?rest_route=\/wp\/v2\/users\/1"}],"replies":[{"embeddable":true,"href":"https:\/\/jornalbeirario.com.br\/portal\/index.php?rest_route=%2Fwp%2Fv2%2Fcomments&post=22485"}],"version-history":[{"count":4,"href":"https:\/\/jornalbeirario.com.br\/portal\/index.php?rest_route=\/wp\/v2\/posts\/22485\/revisions"}],"predecessor-version":[{"id":22527,"href":"https:\/\/jornalbeirario.com.br\/portal\/index.php?rest_route=\/wp\/v2\/posts\/22485\/revisions\/22527"}],"wp:attachment":[{"href":"https:\/\/jornalbeirario.com.br\/portal\/index.php?rest_route=%2Fwp%2Fv2%2Fmedia&parent=22485"}],"wp:term":[{"taxonomy":"category","embeddable":true,"href":"https:\/\/jornalbeirario.com.br\/portal\/index.php?rest_route=%2Fwp%2Fv2%2Fcategories&post=22485"},{"taxonomy":"post_tag","embeddable":true,"href":"https:\/\/jornalbeirario.com.br\/portal\/index.php?rest_route=%2Fwp%2Fv2%2Ftags&post=22485"}],"curies":[{"name":"wp","href":"https:\/\/api.w.org\/{rel}","templated":true}]}}