
{"id":22299,"date":"2014-06-20T06:56:57","date_gmt":"2014-06-20T06:56:57","guid":{"rendered":"http:\/\/jornalbeirario.com.br\/portal\/portal\/?p=22299"},"modified":"2014-06-20T06:56:57","modified_gmt":"2014-06-20T06:56:57","slug":"caso-de-policia-81","status":"publish","type":"post","link":"https:\/\/jornalbeirario.com.br\/portal\/?p=22299","title":{"rendered":"Caso de Pol\u00edcia"},"content":{"rendered":"<p style=\"text-align: justify;\">HOMIC\u00cdDIO. Orlando Pedro da Silva, de 41 anos, foi morto a tiros na Rua Sessenta e Um, no bairro Morada da Barra, no final da tarde do dia 15. Ao chegarem ao local, os policiais militares encontraram o corpo de Orlando, j\u00e1 sem vida, de bru\u00e7os. Segundo testemunhas, o autor do crime teria fugido em um Volkswagen Gol branco de quatro portas com uma mulher. A pol\u00edcia tamb\u00e9m apreendeu uma espingarda Rossi, calibre 16, na casa de um suspeito. O caso est\u00e1 sendo investigado na 89\u00aa DP.<\/p>\n<p style=\"text-align: justify;\">MORTE ap\u00f3s queda. A banc\u00e1ria Mariana Arb Gaus Pimenta, de 24 anos, morreu ap\u00f3s cair de uma ponte com o carro que dirigia no rio Sesmaria, no Jardim Bras\u00edlia, na noite do dia 12. Ela chegou a ser encaminhada ao Hospital de Emerg\u00eancia de Resende, mas n\u00e3o resistiu.<\/p>\n<p style=\"text-align: justify;\">BALEADO. O pedreiro Jos\u00e9 Wellington de Oliveira, de 24 anos, foi baleado perto de sua casa, na Vila Odete, em Itatiaia, na noite do dia 16. Ele foi atendido no Hospital de Emerg\u00eancia de Resende.<\/p>\n<p style=\"text-align: justify;\">CRACK. Andrea Maia Nunes, de 38 anos, e Gl\u00e1ucio Vin\u00edcius da Silva Nunes, de 25 anos, foram presos em flagrante com crack, acusados de tr\u00e1fico de drogas, na noite do dia 14, na Pra\u00e7a da Ilha, no bairro Surubi Velho, em Resende. Com eles foram encontradas 11 pedras pequenas de crack, uma pedra de crack maior e R$ 127,70 em esp\u00e9cie. O material foi apreendido e levado junto com o casal para a 89\u00aa DP.<\/p>\n<p style=\"text-align: justify;\">DROGAS. O serralheiro R\u00f4mulo Nascimento de M\u00e2ncio, conhecido como Ti\u00e3o, de 19 anos, foi preso em flagrante acusado de tr\u00e1fico de drogas, associa\u00e7\u00e3o para o tr\u00e1fico e corrup\u00e7\u00e3o de menores na tarde do dia 14, no bairro Jardim Alian\u00e7a I, em Resende. Ele estava com 28 trouxinhas de maconha totalizando 46,2 gramas, seis sacol\u00e9s de coca\u00edna que juntos correspondiam a dez gramas, material para embalagem, um telefone celular da marca Samsung e operadora Vivo e ainda uma pistola de brinquedo e R$ 49. Ap\u00f3s receberem den\u00fancias de tr\u00e1fico no bairro, os policiais militares se encaminharam \u00e0 Rua Oito, encontrando R\u00f4mulo, um adolescente de 17 anos que tamb\u00e9m teria liga\u00e7\u00e3o com o tr\u00e1fico e todo o material apreendido. Ambos foram encaminhados \u00e0 89\u00aa DP.<\/p>\n<p style=\"text-align: justify;\">COLIS\u00c3O. A dona de casa Alice Aparecida da Silva, de 19 anos, o estudante Rodrigo Martins do Valle, de 25 anos, e a estudante Lizandia Karoline Matias, de 21 anos, se feriram na batida entre dois carros, na noite do dia 12, no bairro Liberdade. O operador de log\u00edstica Rafael da Silva Nogueira, de 28 anos, bateu de carro em um poste, na sa\u00edda da Fazenda da Barra III, sentido Rodovia Presidente Dutra, na tarde do dia 14. O motorista Luciano Silva de Paula, de 37 anos, bateu em um anteparo n\u00e3o especificado na sa\u00edda 297 da Rodovia Presidente Dutra, pr\u00f3ximo \u00e0 Fazenda da Barra, na noite do dia 14. O montador Alessandro Nunes da Costa, de 28 anos, a estudante Samyra Luiza Ribeiro, de 26 anos, o ajudante de padeiro Gabriel da Silva Teixeira, de 19 anos e o mec\u00e2nico Alisson Bruno de Souza Coelho, de 20 anos, se feriram na batida entre um carro e uma moto, pr\u00f3ximo a uma r\u00e1dio, no bairro Para\u00edso, na noite do dia 14. O chaveiro Tassio Duarte Lima, de 23 anos, se feriu na batida entre um carro e uma moto em frente a uma autoescola na Grande Alegria, na noite do dia 16. O latoeiro Jos\u00e9 Aur\u00e9lio Segalotto, de 44 anos, se feriu na colis\u00e3o entre dois carros, na Serra do M da Estrada Bocaina, na noite do dia 17. A copeira Val\u00e9ria Ferreira, de 46 anos, se feriu na batida entre um carro e um \u00f4nibus, na noite do dia 17, na Cidade Alegria, sendo encaminhada ao hospital por uma ambul\u00e2ncia do Samu. Todos foram atendidos no Hospital de Emerg\u00eancia de Resende.<\/p>\n<p style=\"text-align: justify;\">CAPOTAMENTO. Uma estudante de 17 anos capotou com o carro que dirigia no bairro Manejo, pr\u00f3ximo a um hortifruti, na madrugada do dia 13. Ela foi levada para o Hospital de Emerg\u00eancia de Resende, onde ficou internada.<\/p>\n<p style=\"text-align: justify;\">CONFUS\u00c3O. Duas pessoas de uma mesma fam\u00edlia ficaram gravemente feridas ap\u00f3s terem sido atropeladas em uma festa em Porto Real, na madrugada do dia 14. Um estudante de 13 anos e a dona de casa Michele Canuto de Souza Silva, de 31 anos, foram atendidos no Hospital de Emerg\u00eancia de Resende. A dona de casa quebrou os dois bra\u00e7os e j\u00e1 foi liberada, mas o estudante ainda estava internado em estado grave. A confus\u00e3o estaria relacionada com um briga realizada uma hora antes na mesma festa, na qual o estudante Julio C\u00e9sar Alves da Silva, de 19 anos, tamb\u00e9m ficou ferido e precisou ser atendido no mesmo hospital. A delegacia de Porto Real, contudo, n\u00e3o divulgou informa\u00e7\u00f5es sobre o caso.<\/p>\n<p style=\"text-align: justify;\">ATROPELAMENTO. O balconista Paulo C\u00e9sar Barros, de 53 anos, foi atropelado no bairro Jardim Jalisco, na noite do dia 17, e, ap\u00f3s ser atendido pelos bombeiros, encaminhado ao Hospital de Emerg\u00eancia de Resende.<\/p>\n<p style=\"text-align: justify;\">AGRESS\u00c3O. O operador de log\u00edstica Andr\u00e9 Lucas da Silva Laurindo, de 28 anos, foi agredido na madrugada do dia 13, no bairro Manejo, em Resende. O cabeleireiro Andrews Fabiano Rodrigues, de 26 anos, foi agredido no bairro Morada da Colina, na manh\u00e3 do dia 13. Na mesma manh\u00e3, o vigilante Marcos Teodoro, de 44 anos, foi agredido com uma pedrada na Graal. Um estudante de 17 anos foi agredido em uma rua do bairro Santo Amaro, na noite do dia13. O motorista Elcio da Silva Tavares, de 38 anos, levou uma facada na madrugada do dia 14, na Rodovi\u00e1ria Velha, no Centro de Resende. O motorista Cezar Barbosa, de 46 anos, foi agredido em sua casa, no Surubi Novo, na tarde do dia 14. O ajudante Romeu Jos\u00e9 Diniz, de 35 anos, foi agredido perto de sua casa, no bairro Itapuca, na tarde do dia 15. O comerciante Maur\u00edcio Gon\u00e7alves Dias, de 55 anos, foi agredido dentro de sua casa, em Itatiaia, na noite do dia 15. Os repositores Jhonatan Nicolas Rodrigues da Silva, de 18 anos, e Luiz Guilherme Costa de Jesus, de 19 anos, foram agredidos no Manejo, na noite do dia 15. O eletricista Ednir Oliveira da Silva, de 39 anos, que mora no Novo Surubi, foi agredido em um bar em local n\u00e3o divulgado, na noite do dia 15. O comerciante Donizette Diniz de Oliveira, de 49 anos, foi agredido no Jardim do Sol, na mesma noite. O auxiliar de produ\u00e7\u00e3o Jonas Gomes Pereira, de 22 anos, foi agredido em sua casa, no bairro Jardim Jalisco, na manh\u00e3 do dia 16. Edson Vanderson Greg\u00f3rio, de 34 anos, que mora na Itapuca, foi agredido na noite do dia 14, em local n\u00e3o divulgado por ele. O carpinteiro M\u00e1rio S\u00e9rgio de Carvalho, de 41 anos, foi agredido em casa, no Jardim Primavera III, na noite do dia 17. O operador de empilhadeira Rafael Soares da Fonseca, de 30 anos, que mora na Casa da Lua, foi agredido em um campo de futebol na noite do dia 17. O operador de carga e descarga Elvis de Oliveira Viana, de 21 anos, foi agredido no Centro de Resende, na noite do dia 17. Eles foram atendidos no Hospital de Emerg\u00eancia de Resende.<\/p>\n<p style=\"text-align: justify;\">MARIA DA PENHA e agress\u00f5es. Uma dona de casa de 15 anos foi agredida na tarde do dia 13, em sua casa, na Alegria Velha, em Resende. Uma outra dona de casa, de 48 anos, foi agredida em casa, no in\u00edcio da noite do dia 13, na Fazenda da Barra I. Uma estudante de 14 anos foi agredida em uma rua do bairro Santo Amaro, na noite do dia 13. Uma bab\u00e1 de 18 anos foi agredida na mesma noite, mas em casa, na Fazenda da Barra III. Uma monitora escolar de 26 anos foi agredida em casa, no bairro Monte Castelo, na manh\u00e3 do dia 14. Uma t\u00e9cnica de enfermagem de 21 anos, que mora no Rancho Grande Bananal, foi agredida com chutes no rosto no local em que trabalha, n\u00e3o especificado por ela, na tarde do dia 14. Uma dom\u00e9stica de 38 anos foi agredida em um sal\u00e3o de cabeleireiros no bairro Campos El\u00edseos, na noite do dia 14. Uma auxiliar de servi\u00e7os gerais de 27 anos, que mora na Vicentina II, foi agredida na casa do ex-marido, em bairro n\u00e3o esclarecido por ela, na tarde do dia 15. Uma aposentada de 65 anos foi agredida na tarde do dia 16, em local n\u00e3o revelado por ela. Uma dom\u00e9stica de 45 anos foi agredida na mesma tarde, em sua casa, no bairro Jardim Alian\u00e7a II. Uma assistente administrativa de 23 anos foi agredida no Jardim Alian\u00e7a II, na noite do dia 16. Todas foram atendidas no Hospital de Emerg\u00eancia de Resende.<\/p>\n<p style=\"text-align: justify;\">QUEDA DE MURO. O pedreiro Jo\u00e3o Martins Fel\u00edcio, de 47 anos, se feriu quando um muro caiu em cima dele, na tarde do dia 17, em sua casa, na Fazenda da Barra III. Ele foi atendido no Hospital de Emerg\u00eancia de Resende.<\/p>\n<p style=\"text-align: justify;\">QUEDA. A dona de casa J\u00e9ssica Aparecida de Aguiar, de 23 anos, e o estudante Diogo Gomes Fernandes de Barros, de 31 anos, ca\u00edram de moto na tarde do dia 14, na Serrinha. O lavrador Sebasti\u00e3o Carlos dos Santos, de 50 anos, teve uma queda a esclarecer na escada de sua casa, no bairro Para\u00edso, na tarde do dia 14. Uma estudante de nove anos caiu do segundo andar de sua casa, tamb\u00e9m no bairro Para\u00edso, na tarde do dia 14. O pedreiro aut\u00f4nomo David da Rocha Gon\u00e7alves, de 58 anos, que mora em Porto Real, caiu de um andaime no servi\u00e7o, que ele n\u00e3o declarou onde \u00e9, na tarde do dia 16. Eles foram atendidos no Hospital de Emerg\u00eancia de Resende.<\/p>\n<p style=\"text-align: justify;\">ATAQUE CANINO. Um estudante de 12 anos foi mordido por um cachorro em sua casa, na Vila Isabel, na noite do dia 14. Ele foi atendido no Hospital de Emerg\u00eancia de Resende.<\/p>\n","protected":false},"excerpt":{"rendered":"<p>HOMIC\u00cdDIO. Orlando Pedro da Silva, de 41 anos, foi morto a tiros na Rua Sessenta e Um, no bairro Morada da Barra, no final<\/p>\n","protected":false},"author":1,"featured_media":0,"comment_status":"open","ping_status":"open","sticky":false,"template":"","format":"standard","meta":{"pmpro_default_level":"","footnotes":""},"categories":[10],"tags":[],"class_list":["post-22299","post","type-post","status-publish","format-standard","hentry","category-policia","pmpro-has-access"],"yoast_head":"<!-- This site is optimized with the Yoast SEO plugin v27.4 - https:\/\/yoast.com\/product\/yoast-seo-wordpress\/ -->\n<title>Caso de Pol\u00edcia - JORNAL BEIRA RIO<\/title>\n<meta name=\"robots\" content=\"index, follow, max-snippet:-1, max-image-preview:large, max-video-preview:-1\" \/>\n<link rel=\"canonical\" href=\"https:\/\/jornalbeirario.com.br\/portal\/?p=22299\" \/>\n<meta property=\"og:locale\" content=\"pt_BR\" \/>\n<meta property=\"og:type\" content=\"article\" \/>\n<meta property=\"og:title\" content=\"Caso de Pol\u00edcia - JORNAL BEIRA RIO\" \/>\n<meta property=\"og:description\" content=\"HOMIC\u00cdDIO. Orlando Pedro da Silva, de 41 anos, foi morto a tiros na Rua Sessenta e Um, no bairro Morada da Barra, no final\" \/>\n<meta property=\"og:url\" content=\"https:\/\/jornalbeirario.com.br\/portal\/?p=22299\" \/>\n<meta property=\"og:site_name\" content=\"JORNAL BEIRA RIO\" \/>\n<meta property=\"article:published_time\" content=\"2014-06-20T06:56:57+00:00\" \/>\n<meta name=\"author\" content=\"Jornal BEIRA-RIO\" \/>\n<meta name=\"twitter:card\" content=\"summary_large_image\" \/>\n<meta name=\"twitter:label1\" content=\"Escrito por\" \/>\n\t<meta name=\"twitter:data1\" content=\"Jornal BEIRA-RIO\" \/>\n\t<meta name=\"twitter:label2\" content=\"Est. tempo de leitura\" \/>\n\t<meta name=\"twitter:data2\" content=\"8 minutos\" \/>\n<script type=\"application\/ld+json\" class=\"yoast-schema-graph\">{\"@context\":\"https:\\\/\\\/schema.org\",\"@graph\":[{\"@type\":\"Article\",\"@id\":\"https:\\\/\\\/jornalbeirario.com.br\\\/portal\\\/?p=22299#article\",\"isPartOf\":{\"@id\":\"https:\\\/\\\/jornalbeirario.com.br\\\/portal\\\/?p=22299\"},\"author\":{\"name\":\"Jornal BEIRA-RIO\",\"@id\":\"https:\\\/\\\/jornalbeirario.com.br\\\/portal\\\/#\\\/schema\\\/person\\\/c6c423e4c2465d2a9233f6539173e7c1\"},\"headline\":\"Caso de Pol\u00edcia\",\"datePublished\":\"2014-06-20T06:56:57+00:00\",\"mainEntityOfPage\":{\"@id\":\"https:\\\/\\\/jornalbeirario.com.br\\\/portal\\\/?p=22299\"},\"wordCount\":1644,\"commentCount\":0,\"publisher\":{\"@id\":\"https:\\\/\\\/jornalbeirario.com.br\\\/portal\\\/#organization\"},\"articleSection\":[\"Pol\u00edcia\"],\"inLanguage\":\"pt-BR\",\"potentialAction\":[{\"@type\":\"CommentAction\",\"name\":\"Comment\",\"target\":[\"https:\\\/\\\/jornalbeirario.com.br\\\/portal\\\/?p=22299#respond\"]}]},{\"@type\":\"WebPage\",\"@id\":\"https:\\\/\\\/jornalbeirario.com.br\\\/portal\\\/?p=22299\",\"url\":\"https:\\\/\\\/jornalbeirario.com.br\\\/portal\\\/?p=22299\",\"name\":\"Caso de Pol\u00edcia - JORNAL BEIRA RIO\",\"isPartOf\":{\"@id\":\"https:\\\/\\\/jornalbeirario.com.br\\\/portal\\\/#website\"},\"datePublished\":\"2014-06-20T06:56:57+00:00\",\"breadcrumb\":{\"@id\":\"https:\\\/\\\/jornalbeirario.com.br\\\/portal\\\/?p=22299#breadcrumb\"},\"inLanguage\":\"pt-BR\",\"potentialAction\":[{\"@type\":\"ReadAction\",\"target\":[\"https:\\\/\\\/jornalbeirario.com.br\\\/portal\\\/?p=22299\"]}]},{\"@type\":\"BreadcrumbList\",\"@id\":\"https:\\\/\\\/jornalbeirario.com.br\\\/portal\\\/?p=22299#breadcrumb\",\"itemListElement\":[{\"@type\":\"ListItem\",\"position\":1,\"name\":\"Home\",\"item\":\"https:\\\/\\\/jornalbeirario.com.br\\\/portal\"},{\"@type\":\"ListItem\",\"position\":2,\"name\":\"Caso de Pol\u00edcia\"}]},{\"@type\":\"WebSite\",\"@id\":\"https:\\\/\\\/jornalbeirario.com.br\\\/portal\\\/#website\",\"url\":\"https:\\\/\\\/jornalbeirario.com.br\\\/portal\\\/\",\"name\":\"JORNAL BEIRA RIO\",\"description\":\"\",\"publisher\":{\"@id\":\"https:\\\/\\\/jornalbeirario.com.br\\\/portal\\\/#organization\"},\"potentialAction\":[{\"@type\":\"SearchAction\",\"target\":{\"@type\":\"EntryPoint\",\"urlTemplate\":\"https:\\\/\\\/jornalbeirario.com.br\\\/portal\\\/?s={search_term_string}\"},\"query-input\":{\"@type\":\"PropertyValueSpecification\",\"valueRequired\":true,\"valueName\":\"search_term_string\"}}],\"inLanguage\":\"pt-BR\"},{\"@type\":\"Organization\",\"@id\":\"https:\\\/\\\/jornalbeirario.com.br\\\/portal\\\/#organization\",\"name\":\"JORNAL BEIRA RIO\",\"url\":\"https:\\\/\\\/jornalbeirario.com.br\\\/portal\\\/\",\"logo\":{\"@type\":\"ImageObject\",\"inLanguage\":\"pt-BR\",\"@id\":\"https:\\\/\\\/jornalbeirario.com.br\\\/portal\\\/#\\\/schema\\\/logo\\\/image\\\/\",\"url\":\"https:\\\/\\\/jornalbeirario.com.br\\\/portal\\\/wp-content\\\/uploads\\\/2017\\\/09\\\/BEIRA-RIO_logo600.png\",\"contentUrl\":\"https:\\\/\\\/jornalbeirario.com.br\\\/portal\\\/wp-content\\\/uploads\\\/2017\\\/09\\\/BEIRA-RIO_logo600.png\",\"width\":650,\"height\":108,\"caption\":\"JORNAL BEIRA RIO\"},\"image\":{\"@id\":\"https:\\\/\\\/jornalbeirario.com.br\\\/portal\\\/#\\\/schema\\\/logo\\\/image\\\/\"}},{\"@type\":\"Person\",\"@id\":\"https:\\\/\\\/jornalbeirario.com.br\\\/portal\\\/#\\\/schema\\\/person\\\/c6c423e4c2465d2a9233f6539173e7c1\",\"name\":\"Jornal BEIRA-RIO\",\"image\":{\"@type\":\"ImageObject\",\"inLanguage\":\"pt-BR\",\"@id\":\"https:\\\/\\\/jornalbeirario.com.br\\\/portal\\\/wp-content\\\/uploads\\\/2023\\\/10\\\/logojbr1.jpg\",\"url\":\"https:\\\/\\\/jornalbeirario.com.br\\\/portal\\\/wp-content\\\/uploads\\\/2023\\\/10\\\/logojbr1.jpg\",\"contentUrl\":\"https:\\\/\\\/jornalbeirario.com.br\\\/portal\\\/wp-content\\\/uploads\\\/2023\\\/10\\\/logojbr1.jpg\",\"caption\":\"Jornal BEIRA-RIO\"},\"url\":\"https:\\\/\\\/jornalbeirario.com.br\\\/portal\\\/?author=1\"}]}<\/script>\n<!-- \/ Yoast SEO plugin. -->","yoast_head_json":{"title":"Caso de Pol\u00edcia - JORNAL BEIRA RIO","robots":{"index":"index","follow":"follow","max-snippet":"max-snippet:-1","max-image-preview":"max-image-preview:large","max-video-preview":"max-video-preview:-1"},"canonical":"https:\/\/jornalbeirario.com.br\/portal\/?p=22299","og_locale":"pt_BR","og_type":"article","og_title":"Caso de Pol\u00edcia - JORNAL BEIRA RIO","og_description":"HOMIC\u00cdDIO. Orlando Pedro da Silva, de 41 anos, foi morto a tiros na Rua Sessenta e Um, no bairro Morada da Barra, no final","og_url":"https:\/\/jornalbeirario.com.br\/portal\/?p=22299","og_site_name":"JORNAL BEIRA RIO","article_published_time":"2014-06-20T06:56:57+00:00","author":"Jornal BEIRA-RIO","twitter_card":"summary_large_image","twitter_misc":{"Escrito por":"Jornal BEIRA-RIO","Est. tempo de leitura":"8 minutos"},"schema":{"@context":"https:\/\/schema.org","@graph":[{"@type":"Article","@id":"https:\/\/jornalbeirario.com.br\/portal\/?p=22299#article","isPartOf":{"@id":"https:\/\/jornalbeirario.com.br\/portal\/?p=22299"},"author":{"name":"Jornal BEIRA-RIO","@id":"https:\/\/jornalbeirario.com.br\/portal\/#\/schema\/person\/c6c423e4c2465d2a9233f6539173e7c1"},"headline":"Caso de Pol\u00edcia","datePublished":"2014-06-20T06:56:57+00:00","mainEntityOfPage":{"@id":"https:\/\/jornalbeirario.com.br\/portal\/?p=22299"},"wordCount":1644,"commentCount":0,"publisher":{"@id":"https:\/\/jornalbeirario.com.br\/portal\/#organization"},"articleSection":["Pol\u00edcia"],"inLanguage":"pt-BR","potentialAction":[{"@type":"CommentAction","name":"Comment","target":["https:\/\/jornalbeirario.com.br\/portal\/?p=22299#respond"]}]},{"@type":"WebPage","@id":"https:\/\/jornalbeirario.com.br\/portal\/?p=22299","url":"https:\/\/jornalbeirario.com.br\/portal\/?p=22299","name":"Caso de Pol\u00edcia - JORNAL BEIRA RIO","isPartOf":{"@id":"https:\/\/jornalbeirario.com.br\/portal\/#website"},"datePublished":"2014-06-20T06:56:57+00:00","breadcrumb":{"@id":"https:\/\/jornalbeirario.com.br\/portal\/?p=22299#breadcrumb"},"inLanguage":"pt-BR","potentialAction":[{"@type":"ReadAction","target":["https:\/\/jornalbeirario.com.br\/portal\/?p=22299"]}]},{"@type":"BreadcrumbList","@id":"https:\/\/jornalbeirario.com.br\/portal\/?p=22299#breadcrumb","itemListElement":[{"@type":"ListItem","position":1,"name":"Home","item":"https:\/\/jornalbeirario.com.br\/portal"},{"@type":"ListItem","position":2,"name":"Caso de Pol\u00edcia"}]},{"@type":"WebSite","@id":"https:\/\/jornalbeirario.com.br\/portal\/#website","url":"https:\/\/jornalbeirario.com.br\/portal\/","name":"JORNAL BEIRA RIO","description":"","publisher":{"@id":"https:\/\/jornalbeirario.com.br\/portal\/#organization"},"potentialAction":[{"@type":"SearchAction","target":{"@type":"EntryPoint","urlTemplate":"https:\/\/jornalbeirario.com.br\/portal\/?s={search_term_string}"},"query-input":{"@type":"PropertyValueSpecification","valueRequired":true,"valueName":"search_term_string"}}],"inLanguage":"pt-BR"},{"@type":"Organization","@id":"https:\/\/jornalbeirario.com.br\/portal\/#organization","name":"JORNAL BEIRA RIO","url":"https:\/\/jornalbeirario.com.br\/portal\/","logo":{"@type":"ImageObject","inLanguage":"pt-BR","@id":"https:\/\/jornalbeirario.com.br\/portal\/#\/schema\/logo\/image\/","url":"https:\/\/jornalbeirario.com.br\/portal\/wp-content\/uploads\/2017\/09\/BEIRA-RIO_logo600.png","contentUrl":"https:\/\/jornalbeirario.com.br\/portal\/wp-content\/uploads\/2017\/09\/BEIRA-RIO_logo600.png","width":650,"height":108,"caption":"JORNAL BEIRA RIO"},"image":{"@id":"https:\/\/jornalbeirario.com.br\/portal\/#\/schema\/logo\/image\/"}},{"@type":"Person","@id":"https:\/\/jornalbeirario.com.br\/portal\/#\/schema\/person\/c6c423e4c2465d2a9233f6539173e7c1","name":"Jornal BEIRA-RIO","image":{"@type":"ImageObject","inLanguage":"pt-BR","@id":"https:\/\/jornalbeirario.com.br\/portal\/wp-content\/uploads\/2023\/10\/logojbr1.jpg","url":"https:\/\/jornalbeirario.com.br\/portal\/wp-content\/uploads\/2023\/10\/logojbr1.jpg","contentUrl":"https:\/\/jornalbeirario.com.br\/portal\/wp-content\/uploads\/2023\/10\/logojbr1.jpg","caption":"Jornal BEIRA-RIO"},"url":"https:\/\/jornalbeirario.com.br\/portal\/?author=1"}]}},"_links":{"self":[{"href":"https:\/\/jornalbeirario.com.br\/portal\/index.php?rest_route=\/wp\/v2\/posts\/22299","targetHints":{"allow":["GET"]}}],"collection":[{"href":"https:\/\/jornalbeirario.com.br\/portal\/index.php?rest_route=\/wp\/v2\/posts"}],"about":[{"href":"https:\/\/jornalbeirario.com.br\/portal\/index.php?rest_route=\/wp\/v2\/types\/post"}],"author":[{"embeddable":true,"href":"https:\/\/jornalbeirario.com.br\/portal\/index.php?rest_route=\/wp\/v2\/users\/1"}],"replies":[{"embeddable":true,"href":"https:\/\/jornalbeirario.com.br\/portal\/index.php?rest_route=%2Fwp%2Fv2%2Fcomments&post=22299"}],"version-history":[{"count":2,"href":"https:\/\/jornalbeirario.com.br\/portal\/index.php?rest_route=\/wp\/v2\/posts\/22299\/revisions"}],"predecessor-version":[{"id":22354,"href":"https:\/\/jornalbeirario.com.br\/portal\/index.php?rest_route=\/wp\/v2\/posts\/22299\/revisions\/22354"}],"wp:attachment":[{"href":"https:\/\/jornalbeirario.com.br\/portal\/index.php?rest_route=%2Fwp%2Fv2%2Fmedia&parent=22299"}],"wp:term":[{"taxonomy":"category","embeddable":true,"href":"https:\/\/jornalbeirario.com.br\/portal\/index.php?rest_route=%2Fwp%2Fv2%2Fcategories&post=22299"},{"taxonomy":"post_tag","embeddable":true,"href":"https:\/\/jornalbeirario.com.br\/portal\/index.php?rest_route=%2Fwp%2Fv2%2Ftags&post=22299"}],"curies":[{"name":"wp","href":"https:\/\/api.w.org\/{rel}","templated":true}]}}