
{"id":22293,"date":"2014-06-20T06:59:23","date_gmt":"2014-06-20T06:59:23","guid":{"rendered":"http:\/\/jornalbeirario.com.br\/portal\/portal\/?p=22293"},"modified":"2014-06-20T06:59:23","modified_gmt":"2014-06-20T06:59:23","slug":"lais-amaral-51","status":"publish","type":"post","link":"https:\/\/jornalbeirario.com.br\/portal\/?p=22293","title":{"rendered":"La\u00eds Amaral"},"content":{"rendered":"<p style=\"text-align: justify;\"><strong>Mem\u00f3rias Desordenadas. Letra \u2018A\u2019: <em>Adriano Hip\u00f3lito, bispo progressista<\/em><\/strong><br \/>\nIniciei as \u2018Mem\u00f3rias Desordenadas\u2019 tempos atr\u00e1s pelo \u201cQ\u201d, de Quintana, homenagem ao poeta que fez 20 anos de morto. Reinicio em ordem alfab\u00e9tica. Letra \u201cA\u201d: Era um final de tarde nublado, fim de inverno, creio, e meu peito ainda do\u00eda do soco que o agente da Pol\u00edcia Federal me acertara na v\u00e9spera. Fomos levados \u00e0 sala do delegado agora para saber que est\u00e1vamos sendo libertados e que dever\u00edamos agradecer ao deputado fulano de tal por isso. Na mesma sala, pela manh\u00e3, uma equipe da Globo gravara nossas imagens que correriam o pa\u00eds naquela noite, via JN. Um grupo de oito pessoas preso em flagrante fazendo picha\u00e7\u00e3o (\u2018abaixo a ditadura\u2019), ato que estava proibido nas elei\u00e7\u00f5es daquele distante 1982. Fomos os primeiros presos (e processados) sob a nova lei. Muito tempo depois soubemos que a Igreja Cat\u00f3lica \u00e9 que pagara a fian\u00e7a. Na verdade, o Bispo Diocesano, Dom Adriano. Dom Adriano Mandarino Hip\u00f3lito, comandou a Diocese de Nova Igua\u00e7u dos anos 60 at\u00e9 a metade dos \u201880\u2019. Era dos chamados bispos progressistas que professavam a \u2018Igreja dos Pobres\u2019, inspirado no Conc\u00edlio Vaticano II, na \u00e9poca, em harmonia com Roma. Uma lideran\u00e7a do naipe de Dom Mauro Morelli, Don Waldir Calheiros, Don Tom\u00e1s Baldu\u00edno e outros. Colaborou com um dos mais encorpados e ricos movimentos populares surgidos no estado, o MAB &#8211; Movimento de Amigos de Bairro que em 76, 77 e 78 viveu o auge da sua efervesc\u00eancia servindo de ber\u00e7\u00e1rio pol\u00edtico para muita gente na Baixada Fluminense. Em 76, Don Adriano foi sequestrado e torturado por paramilitares. Em 79 uma bomba explodiu no altar da catedral de Nova Igua\u00e7u. Eram tempos dif\u00edceis, mas a presen\u00e7a desse grande franciscano inspirava coragem e esperan\u00e7a. Morreu em 1996. O Brasil e a Igreja j\u00e1 eram outros.<\/p>\n<p style=\"text-align: justify;\"><strong>Turma da Pelada ganha o \u2018Cinquent\u00e3o\u2019<\/strong><br \/>\nA Turma da Pelada conquistou o t\u00edtulo do Futebol So\u00e7aite Cinquent\u00e3o da AABB domingo passado ao derrotar o time dos Brameiros na cobran\u00e7a de p\u00eanaltis, depois do empate em 1 x 1 no tempo normal. Bispo para a Turma da Pelada e Mauro para os Brameiros marcaram no tempo normal, numa das finais mais disputadas dos \u00faltimos anos. Um joga\u00e7o. Pelada e Brameiros foram as duas melhores equipes durante toda a competi\u00e7\u00e3o e a Turma da Pelada conseguiu os melhores n\u00fameros terminando o campeonato invicto, com o melhor ataque, a defesa menos vazada e o artilheiro da competi\u00e7\u00e3o, Kid com 10 gols. O Brameiros al\u00e9m da ta\u00e7a de vice levou o t\u00edtulo de melhor torcida. O Itatiaia conquistou o 3\u00ba lugar ao vencer o Ipiranga por 3 a 1, gols de Neizinho, Peixe e Zez\u00e9, descontou Kak\u00e1 para o Ipiranga. Itatiaia levou tamb\u00e9m a ta\u00e7a disciplina. Valeu Paulinho da Farm\u00e1cia pela organiza\u00e7\u00e3o padr\u00e3o Fifa.<\/p>\n<p style=\"text-align: justify;\"><strong>TRIPA<\/strong><br \/>\n* O \u2018Casar\u00e3o Penedo\u2019 agradou em cheio a quem compareceu s\u00e1bado passado para assistir e se deliciar com o espet\u00e1culo \u201cVin\u00edcius de Moraes \u00e9&#8230; demais\u201d com Andr\u00e9 Whately e Cia. A dire\u00e7\u00e3o agilizar o servi\u00e7o de cart\u00f5es. A temporada do espet\u00e1culo segue at\u00e9 19 de julho, sempre aos s\u00e1bados \u00e0s 20h30min. A cantora deste s\u00e1bado ser\u00e1 a grata revela\u00e7\u00e3o Ive Seixas, que dividir\u00e1 o palco com os craques Luis Lima (Jap\u00e3o) na percuss\u00e3o e Thiago Zaidan (viol\u00e3o). E claro, Andr\u00e9 Whately nos poemas e papos * Passou a primeira rodada da Copa, e embora a sele\u00e7\u00e3o brasileira tenha me empolgado pelo poder de rea\u00e7\u00e3o e tranquilidade diante de um placar adverso (at\u00e9 ent\u00e3o n\u00e3o conhecia essa realidade) que impressionou foram Holanda e Alemanha. Espanha caiu (time cansado e previs\u00edvel), Argentina teve muitos erros, mas deve melhorar e a It\u00e1lia surge mais uma vez como um fantasma. Grande Copa * A estrutura com o super tel\u00e3o, barracas e m\u00fasica, que nos dois primeiros jogos da sele\u00e7\u00e3o ficou na Avenida Rita Ferreira da Rocha, atendendo \u00e0 pedidos, da ser\u00e1 transferida para a esquina de Perimetral Norte com Avenida das Amendoeiras, na Cidade Alegria, para o jogo Brasil e Camar\u00f5es, segunda-feira, \u00e0s 17 horas. A estrutura \u00e9 itinerante * Tem uma cervejaria e choperia nova na cidade. Fica na Street Shopping (Cer\u00e2mica). \u00c9 pequena, simp\u00e1tica e tem uma oferta bem variada do produto (nacionais e estrangeiras) * Escrevo a coluna antes do jogo: vamos l\u00e1 Brasil !!<\/p>\n<p style=\"text-align: justify;\"><strong>ANIVERS\u00c1RIOS<\/strong><br \/>\nA semana come\u00e7ou com quatro amigos mudando de idade, dia 15: Mauri Lopes, Francisneia de Carvalho, Moniquinha de Moraes e Carla Duizit. Na segunda, dia 16, foi a vez do amigo radialista Vin\u00edcius Lima. Na ter\u00e7a, 17, outra turma legal inaugurou idade nova, foram eles o Tadeu Rachid, a Karina Florenzano, a Ge\u00edza Monteiro e a Dirce Tavares (Fogueir\u00e3o). No dia 18, ficaram mais experientes a Jaqueline Nascimento, a Adriana Flores, o secret\u00e1rio de fazenda do munic\u00edpio, Renato Viegas e a Maria Alzira Lamin, meu primo Luciano Ramalho e Paul McCartney. Nessa quinta, dia 19 recebeu os \u2018parab\u00e9ns\u2019 o Miguel Veiga (Maiss). Na sexta quem aniversaria \u00e9 a Beth Bessa e a Marineia Monteiro. S\u00e1bado, dia 21, meus amigos Janilson Teixeira e Isabel Siqueira contam mais um ano de vida e no domingo, dia 22, o Yero Augusto sopra mais algumas velinhas. Parab\u00e9ns e todas as felicidades do mundo a eles.<\/p>\n","protected":false},"excerpt":{"rendered":"<p>Mem\u00f3rias Desordenadas. Letra \u2018A\u2019: Adriano Hip\u00f3lito, bispo progressista Iniciei as \u2018Mem\u00f3rias Desordenadas\u2019 tempos atr\u00e1s pelo \u201cQ\u201d, de Quintana, homenagem ao poeta que fez 20<\/p>\n","protected":false},"author":1,"featured_media":0,"comment_status":"open","ping_status":"open","sticky":false,"template":"","format":"standard","meta":{"pmpro_default_level":"","footnotes":""},"categories":[13],"tags":[],"class_list":["post-22293","post","type-post","status-publish","format-standard","hentry","category-social","pmpro-has-access"],"yoast_head":"<!-- This site is optimized with the Yoast SEO plugin v27.4 - https:\/\/yoast.com\/product\/yoast-seo-wordpress\/ -->\n<title>La\u00eds Amaral - JORNAL BEIRA RIO<\/title>\n<meta name=\"robots\" content=\"index, follow, max-snippet:-1, max-image-preview:large, max-video-preview:-1\" \/>\n<link rel=\"canonical\" href=\"https:\/\/jornalbeirario.com.br\/portal\/?p=22293\" \/>\n<meta property=\"og:locale\" content=\"pt_BR\" \/>\n<meta property=\"og:type\" content=\"article\" \/>\n<meta property=\"og:title\" content=\"La\u00eds Amaral - JORNAL BEIRA RIO\" \/>\n<meta property=\"og:description\" content=\"Mem\u00f3rias Desordenadas. Letra \u2018A\u2019: Adriano Hip\u00f3lito, bispo progressista Iniciei as \u2018Mem\u00f3rias Desordenadas\u2019 tempos atr\u00e1s pelo \u201cQ\u201d, de Quintana, homenagem ao poeta que fez 20\" \/>\n<meta property=\"og:url\" content=\"https:\/\/jornalbeirario.com.br\/portal\/?p=22293\" \/>\n<meta property=\"og:site_name\" content=\"JORNAL BEIRA RIO\" \/>\n<meta property=\"article:published_time\" content=\"2014-06-20T06:59:23+00:00\" \/>\n<meta name=\"author\" content=\"Jornal BEIRA-RIO\" \/>\n<meta name=\"twitter:card\" content=\"summary_large_image\" \/>\n<meta name=\"twitter:label1\" content=\"Escrito por\" \/>\n\t<meta name=\"twitter:data1\" content=\"Jornal BEIRA-RIO\" \/>\n\t<meta name=\"twitter:label2\" content=\"Est. tempo de leitura\" \/>\n\t<meta name=\"twitter:data2\" content=\"5 minutos\" \/>\n<script type=\"application\/ld+json\" class=\"yoast-schema-graph\">{\"@context\":\"https:\\\/\\\/schema.org\",\"@graph\":[{\"@type\":\"Article\",\"@id\":\"https:\\\/\\\/jornalbeirario.com.br\\\/portal\\\/?p=22293#article\",\"isPartOf\":{\"@id\":\"https:\\\/\\\/jornalbeirario.com.br\\\/portal\\\/?p=22293\"},\"author\":{\"name\":\"Jornal BEIRA-RIO\",\"@id\":\"https:\\\/\\\/jornalbeirario.com.br\\\/portal\\\/#\\\/schema\\\/person\\\/c6c423e4c2465d2a9233f6539173e7c1\"},\"headline\":\"La\u00eds Amaral\",\"datePublished\":\"2014-06-20T06:59:23+00:00\",\"mainEntityOfPage\":{\"@id\":\"https:\\\/\\\/jornalbeirario.com.br\\\/portal\\\/?p=22293\"},\"wordCount\":907,\"commentCount\":0,\"publisher\":{\"@id\":\"https:\\\/\\\/jornalbeirario.com.br\\\/portal\\\/#organization\"},\"articleSection\":[\"Social\"],\"inLanguage\":\"pt-BR\",\"potentialAction\":[{\"@type\":\"CommentAction\",\"name\":\"Comment\",\"target\":[\"https:\\\/\\\/jornalbeirario.com.br\\\/portal\\\/?p=22293#respond\"]}]},{\"@type\":\"WebPage\",\"@id\":\"https:\\\/\\\/jornalbeirario.com.br\\\/portal\\\/?p=22293\",\"url\":\"https:\\\/\\\/jornalbeirario.com.br\\\/portal\\\/?p=22293\",\"name\":\"La\u00eds Amaral - JORNAL BEIRA RIO\",\"isPartOf\":{\"@id\":\"https:\\\/\\\/jornalbeirario.com.br\\\/portal\\\/#website\"},\"datePublished\":\"2014-06-20T06:59:23+00:00\",\"breadcrumb\":{\"@id\":\"https:\\\/\\\/jornalbeirario.com.br\\\/portal\\\/?p=22293#breadcrumb\"},\"inLanguage\":\"pt-BR\",\"potentialAction\":[{\"@type\":\"ReadAction\",\"target\":[\"https:\\\/\\\/jornalbeirario.com.br\\\/portal\\\/?p=22293\"]}]},{\"@type\":\"BreadcrumbList\",\"@id\":\"https:\\\/\\\/jornalbeirario.com.br\\\/portal\\\/?p=22293#breadcrumb\",\"itemListElement\":[{\"@type\":\"ListItem\",\"position\":1,\"name\":\"Home\",\"item\":\"https:\\\/\\\/jornalbeirario.com.br\\\/portal\"},{\"@type\":\"ListItem\",\"position\":2,\"name\":\"La\u00eds Amaral\"}]},{\"@type\":\"WebSite\",\"@id\":\"https:\\\/\\\/jornalbeirario.com.br\\\/portal\\\/#website\",\"url\":\"https:\\\/\\\/jornalbeirario.com.br\\\/portal\\\/\",\"name\":\"JORNAL BEIRA RIO\",\"description\":\"\",\"publisher\":{\"@id\":\"https:\\\/\\\/jornalbeirario.com.br\\\/portal\\\/#organization\"},\"potentialAction\":[{\"@type\":\"SearchAction\",\"target\":{\"@type\":\"EntryPoint\",\"urlTemplate\":\"https:\\\/\\\/jornalbeirario.com.br\\\/portal\\\/?s={search_term_string}\"},\"query-input\":{\"@type\":\"PropertyValueSpecification\",\"valueRequired\":true,\"valueName\":\"search_term_string\"}}],\"inLanguage\":\"pt-BR\"},{\"@type\":\"Organization\",\"@id\":\"https:\\\/\\\/jornalbeirario.com.br\\\/portal\\\/#organization\",\"name\":\"JORNAL BEIRA RIO\",\"url\":\"https:\\\/\\\/jornalbeirario.com.br\\\/portal\\\/\",\"logo\":{\"@type\":\"ImageObject\",\"inLanguage\":\"pt-BR\",\"@id\":\"https:\\\/\\\/jornalbeirario.com.br\\\/portal\\\/#\\\/schema\\\/logo\\\/image\\\/\",\"url\":\"https:\\\/\\\/jornalbeirario.com.br\\\/portal\\\/wp-content\\\/uploads\\\/2017\\\/09\\\/BEIRA-RIO_logo600.png\",\"contentUrl\":\"https:\\\/\\\/jornalbeirario.com.br\\\/portal\\\/wp-content\\\/uploads\\\/2017\\\/09\\\/BEIRA-RIO_logo600.png\",\"width\":650,\"height\":108,\"caption\":\"JORNAL BEIRA RIO\"},\"image\":{\"@id\":\"https:\\\/\\\/jornalbeirario.com.br\\\/portal\\\/#\\\/schema\\\/logo\\\/image\\\/\"}},{\"@type\":\"Person\",\"@id\":\"https:\\\/\\\/jornalbeirario.com.br\\\/portal\\\/#\\\/schema\\\/person\\\/c6c423e4c2465d2a9233f6539173e7c1\",\"name\":\"Jornal BEIRA-RIO\",\"image\":{\"@type\":\"ImageObject\",\"inLanguage\":\"pt-BR\",\"@id\":\"https:\\\/\\\/jornalbeirario.com.br\\\/portal\\\/wp-content\\\/uploads\\\/2023\\\/10\\\/logojbr1.jpg\",\"url\":\"https:\\\/\\\/jornalbeirario.com.br\\\/portal\\\/wp-content\\\/uploads\\\/2023\\\/10\\\/logojbr1.jpg\",\"contentUrl\":\"https:\\\/\\\/jornalbeirario.com.br\\\/portal\\\/wp-content\\\/uploads\\\/2023\\\/10\\\/logojbr1.jpg\",\"caption\":\"Jornal BEIRA-RIO\"},\"url\":\"https:\\\/\\\/jornalbeirario.com.br\\\/portal\\\/?author=1\"}]}<\/script>\n<!-- \/ Yoast SEO plugin. -->","yoast_head_json":{"title":"La\u00eds Amaral - JORNAL BEIRA RIO","robots":{"index":"index","follow":"follow","max-snippet":"max-snippet:-1","max-image-preview":"max-image-preview:large","max-video-preview":"max-video-preview:-1"},"canonical":"https:\/\/jornalbeirario.com.br\/portal\/?p=22293","og_locale":"pt_BR","og_type":"article","og_title":"La\u00eds Amaral - JORNAL BEIRA RIO","og_description":"Mem\u00f3rias Desordenadas. Letra \u2018A\u2019: Adriano Hip\u00f3lito, bispo progressista Iniciei as \u2018Mem\u00f3rias Desordenadas\u2019 tempos atr\u00e1s pelo \u201cQ\u201d, de Quintana, homenagem ao poeta que fez 20","og_url":"https:\/\/jornalbeirario.com.br\/portal\/?p=22293","og_site_name":"JORNAL BEIRA RIO","article_published_time":"2014-06-20T06:59:23+00:00","author":"Jornal BEIRA-RIO","twitter_card":"summary_large_image","twitter_misc":{"Escrito por":"Jornal BEIRA-RIO","Est. tempo de leitura":"5 minutos"},"schema":{"@context":"https:\/\/schema.org","@graph":[{"@type":"Article","@id":"https:\/\/jornalbeirario.com.br\/portal\/?p=22293#article","isPartOf":{"@id":"https:\/\/jornalbeirario.com.br\/portal\/?p=22293"},"author":{"name":"Jornal BEIRA-RIO","@id":"https:\/\/jornalbeirario.com.br\/portal\/#\/schema\/person\/c6c423e4c2465d2a9233f6539173e7c1"},"headline":"La\u00eds Amaral","datePublished":"2014-06-20T06:59:23+00:00","mainEntityOfPage":{"@id":"https:\/\/jornalbeirario.com.br\/portal\/?p=22293"},"wordCount":907,"commentCount":0,"publisher":{"@id":"https:\/\/jornalbeirario.com.br\/portal\/#organization"},"articleSection":["Social"],"inLanguage":"pt-BR","potentialAction":[{"@type":"CommentAction","name":"Comment","target":["https:\/\/jornalbeirario.com.br\/portal\/?p=22293#respond"]}]},{"@type":"WebPage","@id":"https:\/\/jornalbeirario.com.br\/portal\/?p=22293","url":"https:\/\/jornalbeirario.com.br\/portal\/?p=22293","name":"La\u00eds Amaral - JORNAL BEIRA RIO","isPartOf":{"@id":"https:\/\/jornalbeirario.com.br\/portal\/#website"},"datePublished":"2014-06-20T06:59:23+00:00","breadcrumb":{"@id":"https:\/\/jornalbeirario.com.br\/portal\/?p=22293#breadcrumb"},"inLanguage":"pt-BR","potentialAction":[{"@type":"ReadAction","target":["https:\/\/jornalbeirario.com.br\/portal\/?p=22293"]}]},{"@type":"BreadcrumbList","@id":"https:\/\/jornalbeirario.com.br\/portal\/?p=22293#breadcrumb","itemListElement":[{"@type":"ListItem","position":1,"name":"Home","item":"https:\/\/jornalbeirario.com.br\/portal"},{"@type":"ListItem","position":2,"name":"La\u00eds Amaral"}]},{"@type":"WebSite","@id":"https:\/\/jornalbeirario.com.br\/portal\/#website","url":"https:\/\/jornalbeirario.com.br\/portal\/","name":"JORNAL BEIRA RIO","description":"","publisher":{"@id":"https:\/\/jornalbeirario.com.br\/portal\/#organization"},"potentialAction":[{"@type":"SearchAction","target":{"@type":"EntryPoint","urlTemplate":"https:\/\/jornalbeirario.com.br\/portal\/?s={search_term_string}"},"query-input":{"@type":"PropertyValueSpecification","valueRequired":true,"valueName":"search_term_string"}}],"inLanguage":"pt-BR"},{"@type":"Organization","@id":"https:\/\/jornalbeirario.com.br\/portal\/#organization","name":"JORNAL BEIRA RIO","url":"https:\/\/jornalbeirario.com.br\/portal\/","logo":{"@type":"ImageObject","inLanguage":"pt-BR","@id":"https:\/\/jornalbeirario.com.br\/portal\/#\/schema\/logo\/image\/","url":"https:\/\/jornalbeirario.com.br\/portal\/wp-content\/uploads\/2017\/09\/BEIRA-RIO_logo600.png","contentUrl":"https:\/\/jornalbeirario.com.br\/portal\/wp-content\/uploads\/2017\/09\/BEIRA-RIO_logo600.png","width":650,"height":108,"caption":"JORNAL BEIRA RIO"},"image":{"@id":"https:\/\/jornalbeirario.com.br\/portal\/#\/schema\/logo\/image\/"}},{"@type":"Person","@id":"https:\/\/jornalbeirario.com.br\/portal\/#\/schema\/person\/c6c423e4c2465d2a9233f6539173e7c1","name":"Jornal BEIRA-RIO","image":{"@type":"ImageObject","inLanguage":"pt-BR","@id":"https:\/\/jornalbeirario.com.br\/portal\/wp-content\/uploads\/2023\/10\/logojbr1.jpg","url":"https:\/\/jornalbeirario.com.br\/portal\/wp-content\/uploads\/2023\/10\/logojbr1.jpg","contentUrl":"https:\/\/jornalbeirario.com.br\/portal\/wp-content\/uploads\/2023\/10\/logojbr1.jpg","caption":"Jornal BEIRA-RIO"},"url":"https:\/\/jornalbeirario.com.br\/portal\/?author=1"}]}},"_links":{"self":[{"href":"https:\/\/jornalbeirario.com.br\/portal\/index.php?rest_route=\/wp\/v2\/posts\/22293","targetHints":{"allow":["GET"]}}],"collection":[{"href":"https:\/\/jornalbeirario.com.br\/portal\/index.php?rest_route=\/wp\/v2\/posts"}],"about":[{"href":"https:\/\/jornalbeirario.com.br\/portal\/index.php?rest_route=\/wp\/v2\/types\/post"}],"author":[{"embeddable":true,"href":"https:\/\/jornalbeirario.com.br\/portal\/index.php?rest_route=\/wp\/v2\/users\/1"}],"replies":[{"embeddable":true,"href":"https:\/\/jornalbeirario.com.br\/portal\/index.php?rest_route=%2Fwp%2Fv2%2Fcomments&post=22293"}],"version-history":[{"count":2,"href":"https:\/\/jornalbeirario.com.br\/portal\/index.php?rest_route=\/wp\/v2\/posts\/22293\/revisions"}],"predecessor-version":[{"id":22357,"href":"https:\/\/jornalbeirario.com.br\/portal\/index.php?rest_route=\/wp\/v2\/posts\/22293\/revisions\/22357"}],"wp:attachment":[{"href":"https:\/\/jornalbeirario.com.br\/portal\/index.php?rest_route=%2Fwp%2Fv2%2Fmedia&parent=22293"}],"wp:term":[{"taxonomy":"category","embeddable":true,"href":"https:\/\/jornalbeirario.com.br\/portal\/index.php?rest_route=%2Fwp%2Fv2%2Fcategories&post=22293"},{"taxonomy":"post_tag","embeddable":true,"href":"https:\/\/jornalbeirario.com.br\/portal\/index.php?rest_route=%2Fwp%2Fv2%2Ftags&post=22293"}],"curies":[{"name":"wp","href":"https:\/\/api.w.org\/{rel}","templated":true}]}}