
{"id":22185,"date":"2014-06-13T13:12:30","date_gmt":"2014-06-13T13:12:30","guid":{"rendered":"http:\/\/jornalbeirario.com.br\/portal\/portal\/?p=22185"},"modified":"2014-06-13T13:12:30","modified_gmt":"2014-06-13T13:12:30","slug":"lais-amaral-50","status":"publish","type":"post","link":"https:\/\/jornalbeirario.com.br\/portal\/?p=22185","title":{"rendered":"La\u00eds Amaral"},"content":{"rendered":"<p style=\"text-align: justify;\"><strong>Andr\u00e9 Whately leva Vin\u00edcius ao Casar\u00e3o Penedo, um novo \u2018espa\u00e7o\u2019<\/strong><br \/>\nAmanh\u00e3, dia 14, o ator Andr\u00e9 Whately inicia em Penedo uma nova temporada do prestigiad\u00edssimo espet\u00e1culo de poesia, m\u00fasica e teatro \u201cVin\u00edcius de Moraes&#8230; \u00e9 demais\u201d. Ser\u00e3o seis s\u00e1bados consecutivos, at\u00e9 19 de julho. E agora inaugurando um novo espa\u00e7o cultural na ex-col\u00f4nia finlandesa. Certamente um novo referencial para a noite bo\u00eamia da regi\u00e3o. Juntamente com Thiago Zaidan (viol\u00e3o), Luis Lima (percuss\u00e3o) e Cl\u00e1udia Martins (classificada no programa do Raul Gil), Andr\u00e9 vai abrir as portas do \u2018Casar\u00e3o Penedo\u2019, uma bel\u00edssima constru\u00e7\u00e3o em estilo colonial, que pertenceu \u00e0 dona Maria Benedita, a \u2018Rainha do Caf\u00e9\u2019. O im\u00f3vel que tamb\u00e9m foi sede da col\u00f4nia finlandesa, hoje pertence ao casal Mika e Soile, que a exemplo da festeira Maria Benedita, tamb\u00e9m \u00e9 apaixonado por m\u00fasica e adora uma festa. O Andr\u00e9 \u00e9 p\u00e9-quente, inaugurou o vitorioso Jazz Village e o \u2018Casar\u00e3o\u2019 tem tudo para ser sucesso tamb\u00e9m. O espet\u00e1culo est\u00e1 marcado \u00e0s 21h30min e o \u2018Casar\u00e3o Penedo\u2019 fica \u00e0 Rua as Palmeiras, n\u00ba 10.<\/p>\n<p style=\"text-align: justify;\"><strong>Tradi\u00e7\u00e3o x Garra decidem o \u2018Cinquent\u00e3o\u2019 da AABB<\/strong><br \/>\nA tradi\u00e7\u00e3o e o conjunto da \u2018Turma da Pelada\u2019 e a garra e empolga\u00e7\u00e3o dos \u2018Brameiros\u2019 estar\u00e3o em campo na manh\u00e3 deste domingo, dia 15, para decidir o t\u00edtulo do So\u00e7aite Cinquent\u00e3o da AABB. As equipes chegaram \u00e0 grande final depois de passar por seus advers\u00e1rios nas semifinais. Na segunda semifinal, domingo passado, o time dos Brameiros, que perdera uma semana antes por 2 a 0 para o Ipiranga, precisava vencer pela mesma diferen\u00e7a de gols para chegar \u00e0 final, j\u00e1 que tinha a vantagem do empate. Venceu por 3 x 1, com dois gols de Mauro e um de Rodolfo, que surpreendeu com a tocante homenagem ao seu tio, falecido na semana passada. No jogo de fundo a Turma da Pelada, que podia perder at\u00e9 por tr\u00eas gols de diferen\u00e7a, suou para derrotar o Itatiaia (que jogou a maior parte do tempo com menos um jogador), por 1 a 0, gol de \u2018Ratomim\u2019, no final do segundo tempo. Na preliminar de domingo, Ipiranga e Itatiaia decidem o terceiro lugar. A final entre Turma da Pelada e Brameiros \u00e9 em jogo \u00fanico, sem vantagens. O empate leva aos p\u00eanaltis. A Turma da Pelada venceu os Brameiros por 2 x 1 na fase de classifica\u00e7\u00e3o.<\/p>\n<p style=\"text-align: justify;\"><strong>TRIPA<\/strong><br \/>\n* Quando a gente v\u00ea a loucura do troca-troca de figurinhas do \u00e1lbum da Copa em todo o pa\u00eds e aqui em Resende nas bancas do Salvador, do Cataldo, na esquina de Riachuelo com Cel. Mendes, na Pra\u00e7a Oliveira Botelho etc); quando a gente v\u00ea a recep\u00e7\u00e3o calorosa \u00e0s sele\u00e7\u00f5es estrangeiras; quando a gente v\u00ea os elogios de ingleses, americanos e alem\u00e3es aos aeroportos brasileiros a gente chega \u00e0 conclus\u00e3o que a Copa j\u00e1 \u00e9 um sucesso, vencendo ou n\u00e3o a sele\u00e7\u00e3o brasileira. Outra conclus\u00e3o \u00e9 que a maioria dos \u2018malas\u2019 est\u00e1 na Internet e nos partidos de Oposi\u00e7\u00e3o que torcem contra pra desgastar a Presidente Dilma de olho em outubro. Um solene equ\u00edvoco * O Centro Cultural Visconde de Mau\u00e1 divulga o resultado do 9\u00ba Sal\u00e3o do Pinh\u00e3o. Pintura: 1\u00ba lugar \u2013 \u201cPinho da Paz\u201d &#8211; Roman (Paco) (Cachoeira do Escorrega \u2013 Mau\u00e1, 2\u00ba lugar \u2013 \u201cA Gralha\u201d \u2013 Jo\u00e3o Pedro Vilhena (Penedo \u2013 RJ) &#8211; 3\u00ba lugar \u2013 \u201cA Gralha Azul\u201d \u2013 N\u00edvea Leite (Vale das Flores \u2013 Mau\u00e1 \u2013 MG). Fotografia: 1\u00ba lugar \u2013 \u201cBem-aventuran\u00e7a\u201d \u2013 Juliana Mello (Vale da Santa Clara \u2013 Mau\u00e1 \u2013 MG), 2\u00ba lugar \u2013 \u201csem t\u00edtulo\u201d \u2013 Sandra castro Alves (Lote 10 &#8211; Mau\u00e1 \u2013 RJ), 3\u00ba lugar \u2013 \u201cAmanhecer\u201d \u2013 Darshana (Alto da Maromba \u2013 Mau\u00e1, RJ). V\u00eddeo: 1\u00ba lugar \u2013 \u201cA Lenda da Gralha Azul \u2013 Gilberto Lopes (Rio de Janeiro), 2\u00ba lugar \u2013 \u201cTei\u00fa Arauc\u00e1ria\u201d, Helena Lavigne (Vale da G\u00e1vea \u2013 Mau\u00e1 \u2013 MG), 3\u00ba lugar \u2013 \u201cPinh\u00e3o\u201d \u2013 Julia Loyola (S\u00e3o Paulo \u2013 SP) * Ive Seixas cantou quarta, dia 11, na Livraria Gregos &amp; Troianos. Amanh\u00e3 (s\u00e1bado) ela se apresenta em Volta Redonda, no Piano\u2019s Bar Embaixador * Claudionor Rosa avisa que a Casa da Cultura est\u00e1 aceitando doa\u00e7\u00f5es de casca de ovos, serragem, folhagem, p\u00f3 de caf\u00e9 usado para a confec\u00e7\u00e3o do tapete de Corpus Christ<\/p>\n<p style=\"text-align: justify;\"><strong>ANIVERS\u00c1RIOS<\/strong><br \/>\nMuitos aniversariantes nessa semana: dia 8 mudaram de idade o Serginho Garloppa, a Fernandinha Leal, a Georgina Martins e o Jos\u00e9 Cezano. Na segunda, dia 9, o Cezinha Clovis e a M\u00e1rcia Thomaz. No dia 10, soprou velinhas a Leny Cerqueira. Dia 11, receberam os \u2018parab\u00e9ns\u2019 o Rony Frias, a M\u00f4nica Izidoro e o Junior Ara\u00fajo. Ontem, abertura da Copa, dia 12, um time bem legal ficou mais experiente: a Nina Vieira, o Fernando Besouchet, o Serginho \u2018Bighead\u2019 e a Neide Cypriano. Nesta sexta-feira 13, os sortudos do dia de Santo Antonio, s\u00e3o: Nahilson Pereira, M\u00e1rcio Xavier, Dani F\u00e9o e Fatinha Juli\u00e3o. E neste s\u00e1bado, dia 14, inauguram idade nova o Bruno Ferreira, o Robinho Rabelo, o Z\u00e9 Leon, a Isabela \u2018Bela\u2019 Lage e o velho La\u00eds que foi antes do combinado. Parab\u00e9ns e todas as felicidades do mundo a eles.<\/p>\n","protected":false},"excerpt":{"rendered":"<p>Andr\u00e9 Whately leva Vin\u00edcius ao Casar\u00e3o Penedo, um novo \u2018espa\u00e7o\u2019 Amanh\u00e3, dia 14, o ator Andr\u00e9 Whately inicia em Penedo uma nova temporada do<\/p>\n","protected":false},"author":1,"featured_media":0,"comment_status":"open","ping_status":"open","sticky":false,"template":"","format":"standard","meta":{"pmpro_default_level":"","footnotes":""},"categories":[13],"tags":[],"class_list":["post-22185","post","type-post","status-publish","format-standard","hentry","category-social","pmpro-has-access"],"yoast_head":"<!-- This site is optimized with the Yoast SEO plugin v27.4 - https:\/\/yoast.com\/product\/yoast-seo-wordpress\/ -->\n<title>La\u00eds Amaral - JORNAL BEIRA RIO<\/title>\n<meta name=\"robots\" content=\"index, follow, max-snippet:-1, max-image-preview:large, max-video-preview:-1\" \/>\n<link rel=\"canonical\" href=\"https:\/\/jornalbeirario.com.br\/portal\/?p=22185\" \/>\n<meta property=\"og:locale\" content=\"pt_BR\" \/>\n<meta property=\"og:type\" content=\"article\" \/>\n<meta property=\"og:title\" content=\"La\u00eds Amaral - JORNAL BEIRA RIO\" \/>\n<meta property=\"og:description\" content=\"Andr\u00e9 Whately leva Vin\u00edcius ao Casar\u00e3o Penedo, um novo \u2018espa\u00e7o\u2019 Amanh\u00e3, dia 14, o ator Andr\u00e9 Whately inicia em Penedo uma nova temporada do\" \/>\n<meta property=\"og:url\" content=\"https:\/\/jornalbeirario.com.br\/portal\/?p=22185\" \/>\n<meta property=\"og:site_name\" content=\"JORNAL BEIRA RIO\" \/>\n<meta property=\"article:published_time\" content=\"2014-06-13T13:12:30+00:00\" \/>\n<meta name=\"author\" content=\"Jornal BEIRA-RIO\" \/>\n<meta name=\"twitter:card\" content=\"summary_large_image\" \/>\n<meta name=\"twitter:label1\" content=\"Escrito por\" \/>\n\t<meta name=\"twitter:data1\" content=\"Jornal BEIRA-RIO\" \/>\n\t<meta name=\"twitter:label2\" content=\"Est. tempo de leitura\" \/>\n\t<meta name=\"twitter:data2\" content=\"4 minutos\" \/>\n<script type=\"application\/ld+json\" class=\"yoast-schema-graph\">{\"@context\":\"https:\\\/\\\/schema.org\",\"@graph\":[{\"@type\":\"Article\",\"@id\":\"https:\\\/\\\/jornalbeirario.com.br\\\/portal\\\/?p=22185#article\",\"isPartOf\":{\"@id\":\"https:\\\/\\\/jornalbeirario.com.br\\\/portal\\\/?p=22185\"},\"author\":{\"name\":\"Jornal BEIRA-RIO\",\"@id\":\"https:\\\/\\\/jornalbeirario.com.br\\\/portal\\\/#\\\/schema\\\/person\\\/c6c423e4c2465d2a9233f6539173e7c1\"},\"headline\":\"La\u00eds Amaral\",\"datePublished\":\"2014-06-13T13:12:30+00:00\",\"mainEntityOfPage\":{\"@id\":\"https:\\\/\\\/jornalbeirario.com.br\\\/portal\\\/?p=22185\"},\"wordCount\":849,\"commentCount\":1,\"publisher\":{\"@id\":\"https:\\\/\\\/jornalbeirario.com.br\\\/portal\\\/#organization\"},\"articleSection\":[\"Social\"],\"inLanguage\":\"pt-BR\",\"potentialAction\":[{\"@type\":\"CommentAction\",\"name\":\"Comment\",\"target\":[\"https:\\\/\\\/jornalbeirario.com.br\\\/portal\\\/?p=22185#respond\"]}]},{\"@type\":\"WebPage\",\"@id\":\"https:\\\/\\\/jornalbeirario.com.br\\\/portal\\\/?p=22185\",\"url\":\"https:\\\/\\\/jornalbeirario.com.br\\\/portal\\\/?p=22185\",\"name\":\"La\u00eds Amaral - JORNAL BEIRA RIO\",\"isPartOf\":{\"@id\":\"https:\\\/\\\/jornalbeirario.com.br\\\/portal\\\/#website\"},\"datePublished\":\"2014-06-13T13:12:30+00:00\",\"breadcrumb\":{\"@id\":\"https:\\\/\\\/jornalbeirario.com.br\\\/portal\\\/?p=22185#breadcrumb\"},\"inLanguage\":\"pt-BR\",\"potentialAction\":[{\"@type\":\"ReadAction\",\"target\":[\"https:\\\/\\\/jornalbeirario.com.br\\\/portal\\\/?p=22185\"]}]},{\"@type\":\"BreadcrumbList\",\"@id\":\"https:\\\/\\\/jornalbeirario.com.br\\\/portal\\\/?p=22185#breadcrumb\",\"itemListElement\":[{\"@type\":\"ListItem\",\"position\":1,\"name\":\"Home\",\"item\":\"https:\\\/\\\/jornalbeirario.com.br\\\/portal\"},{\"@type\":\"ListItem\",\"position\":2,\"name\":\"La\u00eds Amaral\"}]},{\"@type\":\"WebSite\",\"@id\":\"https:\\\/\\\/jornalbeirario.com.br\\\/portal\\\/#website\",\"url\":\"https:\\\/\\\/jornalbeirario.com.br\\\/portal\\\/\",\"name\":\"JORNAL BEIRA RIO\",\"description\":\"\",\"publisher\":{\"@id\":\"https:\\\/\\\/jornalbeirario.com.br\\\/portal\\\/#organization\"},\"potentialAction\":[{\"@type\":\"SearchAction\",\"target\":{\"@type\":\"EntryPoint\",\"urlTemplate\":\"https:\\\/\\\/jornalbeirario.com.br\\\/portal\\\/?s={search_term_string}\"},\"query-input\":{\"@type\":\"PropertyValueSpecification\",\"valueRequired\":true,\"valueName\":\"search_term_string\"}}],\"inLanguage\":\"pt-BR\"},{\"@type\":\"Organization\",\"@id\":\"https:\\\/\\\/jornalbeirario.com.br\\\/portal\\\/#organization\",\"name\":\"JORNAL BEIRA RIO\",\"url\":\"https:\\\/\\\/jornalbeirario.com.br\\\/portal\\\/\",\"logo\":{\"@type\":\"ImageObject\",\"inLanguage\":\"pt-BR\",\"@id\":\"https:\\\/\\\/jornalbeirario.com.br\\\/portal\\\/#\\\/schema\\\/logo\\\/image\\\/\",\"url\":\"https:\\\/\\\/jornalbeirario.com.br\\\/portal\\\/wp-content\\\/uploads\\\/2017\\\/09\\\/BEIRA-RIO_logo600.png\",\"contentUrl\":\"https:\\\/\\\/jornalbeirario.com.br\\\/portal\\\/wp-content\\\/uploads\\\/2017\\\/09\\\/BEIRA-RIO_logo600.png\",\"width\":650,\"height\":108,\"caption\":\"JORNAL BEIRA RIO\"},\"image\":{\"@id\":\"https:\\\/\\\/jornalbeirario.com.br\\\/portal\\\/#\\\/schema\\\/logo\\\/image\\\/\"}},{\"@type\":\"Person\",\"@id\":\"https:\\\/\\\/jornalbeirario.com.br\\\/portal\\\/#\\\/schema\\\/person\\\/c6c423e4c2465d2a9233f6539173e7c1\",\"name\":\"Jornal BEIRA-RIO\",\"image\":{\"@type\":\"ImageObject\",\"inLanguage\":\"pt-BR\",\"@id\":\"https:\\\/\\\/jornalbeirario.com.br\\\/portal\\\/wp-content\\\/uploads\\\/2023\\\/10\\\/logojbr1.jpg\",\"url\":\"https:\\\/\\\/jornalbeirario.com.br\\\/portal\\\/wp-content\\\/uploads\\\/2023\\\/10\\\/logojbr1.jpg\",\"contentUrl\":\"https:\\\/\\\/jornalbeirario.com.br\\\/portal\\\/wp-content\\\/uploads\\\/2023\\\/10\\\/logojbr1.jpg\",\"caption\":\"Jornal BEIRA-RIO\"},\"url\":\"https:\\\/\\\/jornalbeirario.com.br\\\/portal\\\/?author=1\"}]}<\/script>\n<!-- \/ Yoast SEO plugin. -->","yoast_head_json":{"title":"La\u00eds Amaral - JORNAL BEIRA RIO","robots":{"index":"index","follow":"follow","max-snippet":"max-snippet:-1","max-image-preview":"max-image-preview:large","max-video-preview":"max-video-preview:-1"},"canonical":"https:\/\/jornalbeirario.com.br\/portal\/?p=22185","og_locale":"pt_BR","og_type":"article","og_title":"La\u00eds Amaral - JORNAL BEIRA RIO","og_description":"Andr\u00e9 Whately leva Vin\u00edcius ao Casar\u00e3o Penedo, um novo \u2018espa\u00e7o\u2019 Amanh\u00e3, dia 14, o ator Andr\u00e9 Whately inicia em Penedo uma nova temporada do","og_url":"https:\/\/jornalbeirario.com.br\/portal\/?p=22185","og_site_name":"JORNAL BEIRA RIO","article_published_time":"2014-06-13T13:12:30+00:00","author":"Jornal BEIRA-RIO","twitter_card":"summary_large_image","twitter_misc":{"Escrito por":"Jornal BEIRA-RIO","Est. tempo de leitura":"4 minutos"},"schema":{"@context":"https:\/\/schema.org","@graph":[{"@type":"Article","@id":"https:\/\/jornalbeirario.com.br\/portal\/?p=22185#article","isPartOf":{"@id":"https:\/\/jornalbeirario.com.br\/portal\/?p=22185"},"author":{"name":"Jornal BEIRA-RIO","@id":"https:\/\/jornalbeirario.com.br\/portal\/#\/schema\/person\/c6c423e4c2465d2a9233f6539173e7c1"},"headline":"La\u00eds Amaral","datePublished":"2014-06-13T13:12:30+00:00","mainEntityOfPage":{"@id":"https:\/\/jornalbeirario.com.br\/portal\/?p=22185"},"wordCount":849,"commentCount":1,"publisher":{"@id":"https:\/\/jornalbeirario.com.br\/portal\/#organization"},"articleSection":["Social"],"inLanguage":"pt-BR","potentialAction":[{"@type":"CommentAction","name":"Comment","target":["https:\/\/jornalbeirario.com.br\/portal\/?p=22185#respond"]}]},{"@type":"WebPage","@id":"https:\/\/jornalbeirario.com.br\/portal\/?p=22185","url":"https:\/\/jornalbeirario.com.br\/portal\/?p=22185","name":"La\u00eds Amaral - JORNAL BEIRA RIO","isPartOf":{"@id":"https:\/\/jornalbeirario.com.br\/portal\/#website"},"datePublished":"2014-06-13T13:12:30+00:00","breadcrumb":{"@id":"https:\/\/jornalbeirario.com.br\/portal\/?p=22185#breadcrumb"},"inLanguage":"pt-BR","potentialAction":[{"@type":"ReadAction","target":["https:\/\/jornalbeirario.com.br\/portal\/?p=22185"]}]},{"@type":"BreadcrumbList","@id":"https:\/\/jornalbeirario.com.br\/portal\/?p=22185#breadcrumb","itemListElement":[{"@type":"ListItem","position":1,"name":"Home","item":"https:\/\/jornalbeirario.com.br\/portal"},{"@type":"ListItem","position":2,"name":"La\u00eds Amaral"}]},{"@type":"WebSite","@id":"https:\/\/jornalbeirario.com.br\/portal\/#website","url":"https:\/\/jornalbeirario.com.br\/portal\/","name":"JORNAL BEIRA RIO","description":"","publisher":{"@id":"https:\/\/jornalbeirario.com.br\/portal\/#organization"},"potentialAction":[{"@type":"SearchAction","target":{"@type":"EntryPoint","urlTemplate":"https:\/\/jornalbeirario.com.br\/portal\/?s={search_term_string}"},"query-input":{"@type":"PropertyValueSpecification","valueRequired":true,"valueName":"search_term_string"}}],"inLanguage":"pt-BR"},{"@type":"Organization","@id":"https:\/\/jornalbeirario.com.br\/portal\/#organization","name":"JORNAL BEIRA RIO","url":"https:\/\/jornalbeirario.com.br\/portal\/","logo":{"@type":"ImageObject","inLanguage":"pt-BR","@id":"https:\/\/jornalbeirario.com.br\/portal\/#\/schema\/logo\/image\/","url":"https:\/\/jornalbeirario.com.br\/portal\/wp-content\/uploads\/2017\/09\/BEIRA-RIO_logo600.png","contentUrl":"https:\/\/jornalbeirario.com.br\/portal\/wp-content\/uploads\/2017\/09\/BEIRA-RIO_logo600.png","width":650,"height":108,"caption":"JORNAL BEIRA RIO"},"image":{"@id":"https:\/\/jornalbeirario.com.br\/portal\/#\/schema\/logo\/image\/"}},{"@type":"Person","@id":"https:\/\/jornalbeirario.com.br\/portal\/#\/schema\/person\/c6c423e4c2465d2a9233f6539173e7c1","name":"Jornal BEIRA-RIO","image":{"@type":"ImageObject","inLanguage":"pt-BR","@id":"https:\/\/jornalbeirario.com.br\/portal\/wp-content\/uploads\/2023\/10\/logojbr1.jpg","url":"https:\/\/jornalbeirario.com.br\/portal\/wp-content\/uploads\/2023\/10\/logojbr1.jpg","contentUrl":"https:\/\/jornalbeirario.com.br\/portal\/wp-content\/uploads\/2023\/10\/logojbr1.jpg","caption":"Jornal BEIRA-RIO"},"url":"https:\/\/jornalbeirario.com.br\/portal\/?author=1"}]}},"_links":{"self":[{"href":"https:\/\/jornalbeirario.com.br\/portal\/index.php?rest_route=\/wp\/v2\/posts\/22185","targetHints":{"allow":["GET"]}}],"collection":[{"href":"https:\/\/jornalbeirario.com.br\/portal\/index.php?rest_route=\/wp\/v2\/posts"}],"about":[{"href":"https:\/\/jornalbeirario.com.br\/portal\/index.php?rest_route=\/wp\/v2\/types\/post"}],"author":[{"embeddable":true,"href":"https:\/\/jornalbeirario.com.br\/portal\/index.php?rest_route=\/wp\/v2\/users\/1"}],"replies":[{"embeddable":true,"href":"https:\/\/jornalbeirario.com.br\/portal\/index.php?rest_route=%2Fwp%2Fv2%2Fcomments&post=22185"}],"version-history":[{"count":2,"href":"https:\/\/jornalbeirario.com.br\/portal\/index.php?rest_route=\/wp\/v2\/posts\/22185\/revisions"}],"predecessor-version":[{"id":22195,"href":"https:\/\/jornalbeirario.com.br\/portal\/index.php?rest_route=\/wp\/v2\/posts\/22185\/revisions\/22195"}],"wp:attachment":[{"href":"https:\/\/jornalbeirario.com.br\/portal\/index.php?rest_route=%2Fwp%2Fv2%2Fmedia&parent=22185"}],"wp:term":[{"taxonomy":"category","embeddable":true,"href":"https:\/\/jornalbeirario.com.br\/portal\/index.php?rest_route=%2Fwp%2Fv2%2Fcategories&post=22185"},{"taxonomy":"post_tag","embeddable":true,"href":"https:\/\/jornalbeirario.com.br\/portal\/index.php?rest_route=%2Fwp%2Fv2%2Ftags&post=22185"}],"curies":[{"name":"wp","href":"https:\/\/api.w.org\/{rel}","templated":true}]}}