
{"id":22117,"date":"2014-06-10T15:08:40","date_gmt":"2014-06-10T15:08:40","guid":{"rendered":"http:\/\/jornalbeirario.com.br\/portal\/portal\/?p=22117"},"modified":"2014-06-10T17:36:56","modified_gmt":"2014-06-10T17:36:56","slug":"colegio-joao-maia-realiza-ix-jornada-de-educacao-ambiental-na-camara-de-resende","status":"publish","type":"post","link":"https:\/\/jornalbeirario.com.br\/portal\/?p=22117","title":{"rendered":"Col\u00e9gio Jo\u00e3o Maia realiza IX Jornada de Educa\u00e7\u00e3o Ambiental na C\u00e2mara de Resende"},"content":{"rendered":"<p><a href=\"https:\/\/jornalbeirario.com.br\/portal\/wp-content\/uploads\/2014\/06\/ambiental.jpg\"><img loading=\"lazy\" decoding=\"async\" class=\"alignleft size-medium wp-image-22126\" title=\"ambiental\" src=\"https:\/\/jornalbeirario.com.br\/portal\/wp-content\/uploads\/2014\/06\/ambiental-300x300.jpg\" alt=\"\" width=\"300\" height=\"300\" srcset=\"https:\/\/jornalbeirario.com.br\/portal\/wp-content\/uploads\/2014\/06\/ambiental-300x300.jpg 300w, https:\/\/jornalbeirario.com.br\/portal\/wp-content\/uploads\/2014\/06\/ambiental-150x150.jpg 150w, https:\/\/jornalbeirario.com.br\/portal\/wp-content\/uploads\/2014\/06\/ambiental-90x90.jpg 90w, https:\/\/jornalbeirario.com.br\/portal\/wp-content\/uploads\/2014\/06\/ambiental-100x100.jpg 100w, https:\/\/jornalbeirario.com.br\/portal\/wp-content\/uploads\/2014\/06\/ambiental-42x42.jpg 42w, https:\/\/jornalbeirario.com.br\/portal\/wp-content\/uploads\/2014\/06\/ambiental.jpg 480w\" sizes=\"auto, (max-width: 300px) 100vw, 300px\" \/><\/a>A IX Jornada de Educa\u00e7\u00e3o Ambiental, promovida pelo Col\u00e9gio Estadual Doutor Jo\u00e3o Maia e organizada pela professora de Biologia Genise Ferreira, teve sua primeira etapa conclu\u00edda na manh\u00e3 do dia 10, na C\u00e2mara Municipal de Resende. Foram 11 palestras realizadas nos dias 6, 9 e 10, que embasar\u00e3o um trabalho pr\u00e1tico que ser\u00e1 realizado com 25 alunos a partir do m\u00eas de agosto.<\/p>\n<p>&#8211; O projeto existe desde 2006 e trabalha o Meio Ambiente de forma interdisciplinar nos ensinos fundamental e m\u00e9dio. A primeira etapa esse ano \u00e9 na C\u00e2mara, mas j\u00e1 foi no Sindicato Rural, Senac. S\u00e3o palestras abertas ao p\u00fablico. Na segunda etapa,25 alunos por ano participam. Vamos trabalhar com o Parque Nacional do Itatiaia e a Serra da Bocaina. No dia 5 de agosto vamos para a parte alta do parque com o Gean (Grupo Excursionista das Agulhas Negras) &#8211; explicou a professora Genise.<\/p>\n<p>Ela lembrou que a ideia da jornada foi do jornalista Andr\u00e9 Trigueiro, que \u00e9 p\u00f3s graduado em Gest\u00e3o Ambiental, e foi o palestrante principal do primeiro evento.<\/p>\n<p>&#8211; Foi ideia dele. O convidei para uma palestra e ele perguntou por que n\u00e3o far\u00edamos uma jornada e assim fizemos. No ano que vem \u00e9 a 10\u00aa jornada. Fechamos o ciclo de Educa\u00e7\u00e3o Ambiental e come\u00e7amos o de Educa\u00e7\u00e3o e Sa\u00fade, ent\u00e3o vamos fechar com o Andr\u00e9 Trigueiro &#8211; antecipou a professora de biologia.<\/p>\n<p>Para ela, que j\u00e1 leciona h\u00e1 20 anos, o trabalho realizado na \u00faltima d\u00e9cada mudou completamente a vis\u00e3o dos alunos do Col\u00e9gio Jo\u00e3o Maia, e muitos optaram at\u00e9 mesmo por seguir carreira na \u00e1rea.<\/p>\n<p>&#8211; Aula no campo \u00e9 uma oportunidade que eu s\u00f3 tive na faculdade e eles t\u00eam a partir do nono ano, esse contato com a fauna, a flora. O envolvimento dos alunos com a escola muda, os que participam s\u00e3o sensibilizados, n\u00e3o jogam lixo da mesma forma, cinco ou seis fizeram Biologia. A gente ajuda a estimular carreiras para o Meio Ambiente, \u00e9 o que estimula ser professor &#8211; avaliou Genise.<\/p>\n<p>&nbsp;<\/p>\n<p>&nbsp;<\/p>\n","protected":false},"excerpt":{"rendered":"<p>A IX Jornada de Educa\u00e7\u00e3o Ambiental, promovida pelo Col\u00e9gio Estadual Doutor Jo\u00e3o Maia e organizada pela professora de Biologia Genise Ferreira, teve sua primeira<\/p>\n","protected":false},"author":1,"featured_media":22127,"comment_status":"open","ping_status":"open","sticky":false,"template":"","format":"standard","meta":{"pmpro_default_level":"","footnotes":""},"categories":[28,27],"tags":[155],"class_list":["post-22117","post","type-post","status-publish","format-standard","has-post-thumbnail","hentry","category-educacao","category-meioambiente","tag-dehoraemhora","pmpro-has-access"],"yoast_head":"<!-- This site is optimized with the Yoast SEO plugin v27.4 - https:\/\/yoast.com\/product\/yoast-seo-wordpress\/ -->\n<title>Col\u00e9gio Jo\u00e3o Maia realiza IX Jornada de Educa\u00e7\u00e3o Ambiental na C\u00e2mara de Resende - JORNAL BEIRA RIO<\/title>\n<meta name=\"robots\" content=\"index, follow, max-snippet:-1, max-image-preview:large, max-video-preview:-1\" \/>\n<link rel=\"canonical\" href=\"https:\/\/jornalbeirario.com.br\/portal\/?p=22117\" \/>\n<meta property=\"og:locale\" content=\"pt_BR\" \/>\n<meta property=\"og:type\" content=\"article\" \/>\n<meta property=\"og:title\" content=\"Col\u00e9gio Jo\u00e3o Maia realiza IX Jornada de Educa\u00e7\u00e3o Ambiental na C\u00e2mara de Resende - JORNAL BEIRA RIO\" \/>\n<meta property=\"og:description\" content=\"A IX Jornada de Educa\u00e7\u00e3o Ambiental, promovida pelo Col\u00e9gio Estadual Doutor Jo\u00e3o Maia e organizada pela professora de Biologia Genise Ferreira, teve sua primeira\" \/>\n<meta property=\"og:url\" content=\"https:\/\/jornalbeirario.com.br\/portal\/?p=22117\" \/>\n<meta property=\"og:site_name\" content=\"JORNAL BEIRA RIO\" \/>\n<meta property=\"article:published_time\" content=\"2014-06-10T15:08:40+00:00\" \/>\n<meta property=\"article:modified_time\" content=\"2014-06-10T17:36:56+00:00\" \/>\n<meta property=\"og:image\" content=\"https:\/\/jornalbeirario.com.br\/portal\/wp-content\/uploads\/2014\/06\/palestra.jpg\" \/>\n\t<meta property=\"og:image:width\" content=\"640\" \/>\n\t<meta property=\"og:image:height\" content=\"480\" \/>\n\t<meta property=\"og:image:type\" content=\"image\/jpeg\" \/>\n<meta name=\"author\" content=\"Jornal BEIRA-RIO\" \/>\n<meta name=\"twitter:card\" content=\"summary_large_image\" \/>\n<meta name=\"twitter:label1\" content=\"Escrito por\" \/>\n\t<meta name=\"twitter:data1\" content=\"Jornal BEIRA-RIO\" \/>\n\t<meta name=\"twitter:label2\" content=\"Est. tempo de leitura\" \/>\n\t<meta name=\"twitter:data2\" content=\"2 minutos\" \/>\n<script type=\"application\/ld+json\" class=\"yoast-schema-graph\">{\"@context\":\"https:\\\/\\\/schema.org\",\"@graph\":[{\"@type\":\"Article\",\"@id\":\"https:\\\/\\\/jornalbeirario.com.br\\\/portal\\\/?p=22117#article\",\"isPartOf\":{\"@id\":\"https:\\\/\\\/jornalbeirario.com.br\\\/portal\\\/?p=22117\"},\"author\":{\"name\":\"Jornal BEIRA-RIO\",\"@id\":\"https:\\\/\\\/jornalbeirario.com.br\\\/portal\\\/#\\\/schema\\\/person\\\/c6c423e4c2465d2a9233f6539173e7c1\"},\"headline\":\"Col\u00e9gio Jo\u00e3o Maia realiza IX Jornada de Educa\u00e7\u00e3o Ambiental na C\u00e2mara de Resende\",\"datePublished\":\"2014-06-10T15:08:40+00:00\",\"dateModified\":\"2014-06-10T17:36:56+00:00\",\"mainEntityOfPage\":{\"@id\":\"https:\\\/\\\/jornalbeirario.com.br\\\/portal\\\/?p=22117\"},\"wordCount\":366,\"commentCount\":0,\"publisher\":{\"@id\":\"https:\\\/\\\/jornalbeirario.com.br\\\/portal\\\/#organization\"},\"image\":{\"@id\":\"https:\\\/\\\/jornalbeirario.com.br\\\/portal\\\/?p=22117#primaryimage\"},\"thumbnailUrl\":\"https:\\\/\\\/jornalbeirario.com.br\\\/portal\\\/wp-content\\\/uploads\\\/2014\\\/06\\\/palestra.jpg\",\"keywords\":[\"dehoraemhora\"],\"articleSection\":[\"Educa\u00e7\u00e3o\",\"Meio Ambiente\"],\"inLanguage\":\"pt-BR\",\"potentialAction\":[{\"@type\":\"CommentAction\",\"name\":\"Comment\",\"target\":[\"https:\\\/\\\/jornalbeirario.com.br\\\/portal\\\/?p=22117#respond\"]}]},{\"@type\":\"WebPage\",\"@id\":\"https:\\\/\\\/jornalbeirario.com.br\\\/portal\\\/?p=22117\",\"url\":\"https:\\\/\\\/jornalbeirario.com.br\\\/portal\\\/?p=22117\",\"name\":\"Col\u00e9gio Jo\u00e3o Maia realiza IX Jornada de Educa\u00e7\u00e3o Ambiental na C\u00e2mara de Resende - JORNAL BEIRA RIO\",\"isPartOf\":{\"@id\":\"https:\\\/\\\/jornalbeirario.com.br\\\/portal\\\/#website\"},\"primaryImageOfPage\":{\"@id\":\"https:\\\/\\\/jornalbeirario.com.br\\\/portal\\\/?p=22117#primaryimage\"},\"image\":{\"@id\":\"https:\\\/\\\/jornalbeirario.com.br\\\/portal\\\/?p=22117#primaryimage\"},\"thumbnailUrl\":\"https:\\\/\\\/jornalbeirario.com.br\\\/portal\\\/wp-content\\\/uploads\\\/2014\\\/06\\\/palestra.jpg\",\"datePublished\":\"2014-06-10T15:08:40+00:00\",\"dateModified\":\"2014-06-10T17:36:56+00:00\",\"breadcrumb\":{\"@id\":\"https:\\\/\\\/jornalbeirario.com.br\\\/portal\\\/?p=22117#breadcrumb\"},\"inLanguage\":\"pt-BR\",\"potentialAction\":[{\"@type\":\"ReadAction\",\"target\":[\"https:\\\/\\\/jornalbeirario.com.br\\\/portal\\\/?p=22117\"]}]},{\"@type\":\"ImageObject\",\"inLanguage\":\"pt-BR\",\"@id\":\"https:\\\/\\\/jornalbeirario.com.br\\\/portal\\\/?p=22117#primaryimage\",\"url\":\"https:\\\/\\\/jornalbeirario.com.br\\\/portal\\\/wp-content\\\/uploads\\\/2014\\\/06\\\/palestra.jpg\",\"contentUrl\":\"https:\\\/\\\/jornalbeirario.com.br\\\/portal\\\/wp-content\\\/uploads\\\/2014\\\/06\\\/palestra.jpg\",\"width\":\"640\",\"height\":\"480\"},{\"@type\":\"BreadcrumbList\",\"@id\":\"https:\\\/\\\/jornalbeirario.com.br\\\/portal\\\/?p=22117#breadcrumb\",\"itemListElement\":[{\"@type\":\"ListItem\",\"position\":1,\"name\":\"Home\",\"item\":\"https:\\\/\\\/jornalbeirario.com.br\\\/portal\"},{\"@type\":\"ListItem\",\"position\":2,\"name\":\"Col\u00e9gio Jo\u00e3o Maia realiza IX Jornada de Educa\u00e7\u00e3o Ambiental na C\u00e2mara de Resende\"}]},{\"@type\":\"WebSite\",\"@id\":\"https:\\\/\\\/jornalbeirario.com.br\\\/portal\\\/#website\",\"url\":\"https:\\\/\\\/jornalbeirario.com.br\\\/portal\\\/\",\"name\":\"JORNAL BEIRA RIO\",\"description\":\"\",\"publisher\":{\"@id\":\"https:\\\/\\\/jornalbeirario.com.br\\\/portal\\\/#organization\"},\"potentialAction\":[{\"@type\":\"SearchAction\",\"target\":{\"@type\":\"EntryPoint\",\"urlTemplate\":\"https:\\\/\\\/jornalbeirario.com.br\\\/portal\\\/?s={search_term_string}\"},\"query-input\":{\"@type\":\"PropertyValueSpecification\",\"valueRequired\":true,\"valueName\":\"search_term_string\"}}],\"inLanguage\":\"pt-BR\"},{\"@type\":\"Organization\",\"@id\":\"https:\\\/\\\/jornalbeirario.com.br\\\/portal\\\/#organization\",\"name\":\"JORNAL BEIRA RIO\",\"url\":\"https:\\\/\\\/jornalbeirario.com.br\\\/portal\\\/\",\"logo\":{\"@type\":\"ImageObject\",\"inLanguage\":\"pt-BR\",\"@id\":\"https:\\\/\\\/jornalbeirario.com.br\\\/portal\\\/#\\\/schema\\\/logo\\\/image\\\/\",\"url\":\"https:\\\/\\\/jornalbeirario.com.br\\\/portal\\\/wp-content\\\/uploads\\\/2017\\\/09\\\/BEIRA-RIO_logo600.png\",\"contentUrl\":\"https:\\\/\\\/jornalbeirario.com.br\\\/portal\\\/wp-content\\\/uploads\\\/2017\\\/09\\\/BEIRA-RIO_logo600.png\",\"width\":650,\"height\":108,\"caption\":\"JORNAL BEIRA RIO\"},\"image\":{\"@id\":\"https:\\\/\\\/jornalbeirario.com.br\\\/portal\\\/#\\\/schema\\\/logo\\\/image\\\/\"}},{\"@type\":\"Person\",\"@id\":\"https:\\\/\\\/jornalbeirario.com.br\\\/portal\\\/#\\\/schema\\\/person\\\/c6c423e4c2465d2a9233f6539173e7c1\",\"name\":\"Jornal BEIRA-RIO\",\"image\":{\"@type\":\"ImageObject\",\"inLanguage\":\"pt-BR\",\"@id\":\"https:\\\/\\\/jornalbeirario.com.br\\\/portal\\\/wp-content\\\/uploads\\\/2023\\\/10\\\/logojbr1.jpg\",\"url\":\"https:\\\/\\\/jornalbeirario.com.br\\\/portal\\\/wp-content\\\/uploads\\\/2023\\\/10\\\/logojbr1.jpg\",\"contentUrl\":\"https:\\\/\\\/jornalbeirario.com.br\\\/portal\\\/wp-content\\\/uploads\\\/2023\\\/10\\\/logojbr1.jpg\",\"caption\":\"Jornal BEIRA-RIO\"},\"url\":\"https:\\\/\\\/jornalbeirario.com.br\\\/portal\\\/?author=1\"}]}<\/script>\n<!-- \/ Yoast SEO plugin. -->","yoast_head_json":{"title":"Col\u00e9gio Jo\u00e3o Maia realiza IX Jornada de Educa\u00e7\u00e3o Ambiental na C\u00e2mara de Resende - JORNAL BEIRA RIO","robots":{"index":"index","follow":"follow","max-snippet":"max-snippet:-1","max-image-preview":"max-image-preview:large","max-video-preview":"max-video-preview:-1"},"canonical":"https:\/\/jornalbeirario.com.br\/portal\/?p=22117","og_locale":"pt_BR","og_type":"article","og_title":"Col\u00e9gio Jo\u00e3o Maia realiza IX Jornada de Educa\u00e7\u00e3o Ambiental na C\u00e2mara de Resende - JORNAL BEIRA RIO","og_description":"A IX Jornada de Educa\u00e7\u00e3o Ambiental, promovida pelo Col\u00e9gio Estadual Doutor Jo\u00e3o Maia e organizada pela professora de Biologia Genise Ferreira, teve sua primeira","og_url":"https:\/\/jornalbeirario.com.br\/portal\/?p=22117","og_site_name":"JORNAL BEIRA RIO","article_published_time":"2014-06-10T15:08:40+00:00","article_modified_time":"2014-06-10T17:36:56+00:00","og_image":[{"width":640,"height":480,"url":"https:\/\/jornalbeirario.com.br\/portal\/wp-content\/uploads\/2014\/06\/palestra.jpg","type":"image\/jpeg"}],"author":"Jornal BEIRA-RIO","twitter_card":"summary_large_image","twitter_misc":{"Escrito por":"Jornal BEIRA-RIO","Est. tempo de leitura":"2 minutos"},"schema":{"@context":"https:\/\/schema.org","@graph":[{"@type":"Article","@id":"https:\/\/jornalbeirario.com.br\/portal\/?p=22117#article","isPartOf":{"@id":"https:\/\/jornalbeirario.com.br\/portal\/?p=22117"},"author":{"name":"Jornal BEIRA-RIO","@id":"https:\/\/jornalbeirario.com.br\/portal\/#\/schema\/person\/c6c423e4c2465d2a9233f6539173e7c1"},"headline":"Col\u00e9gio Jo\u00e3o Maia realiza IX Jornada de Educa\u00e7\u00e3o Ambiental na C\u00e2mara de Resende","datePublished":"2014-06-10T15:08:40+00:00","dateModified":"2014-06-10T17:36:56+00:00","mainEntityOfPage":{"@id":"https:\/\/jornalbeirario.com.br\/portal\/?p=22117"},"wordCount":366,"commentCount":0,"publisher":{"@id":"https:\/\/jornalbeirario.com.br\/portal\/#organization"},"image":{"@id":"https:\/\/jornalbeirario.com.br\/portal\/?p=22117#primaryimage"},"thumbnailUrl":"https:\/\/jornalbeirario.com.br\/portal\/wp-content\/uploads\/2014\/06\/palestra.jpg","keywords":["dehoraemhora"],"articleSection":["Educa\u00e7\u00e3o","Meio Ambiente"],"inLanguage":"pt-BR","potentialAction":[{"@type":"CommentAction","name":"Comment","target":["https:\/\/jornalbeirario.com.br\/portal\/?p=22117#respond"]}]},{"@type":"WebPage","@id":"https:\/\/jornalbeirario.com.br\/portal\/?p=22117","url":"https:\/\/jornalbeirario.com.br\/portal\/?p=22117","name":"Col\u00e9gio Jo\u00e3o Maia realiza IX Jornada de Educa\u00e7\u00e3o Ambiental na C\u00e2mara de Resende - JORNAL BEIRA RIO","isPartOf":{"@id":"https:\/\/jornalbeirario.com.br\/portal\/#website"},"primaryImageOfPage":{"@id":"https:\/\/jornalbeirario.com.br\/portal\/?p=22117#primaryimage"},"image":{"@id":"https:\/\/jornalbeirario.com.br\/portal\/?p=22117#primaryimage"},"thumbnailUrl":"https:\/\/jornalbeirario.com.br\/portal\/wp-content\/uploads\/2014\/06\/palestra.jpg","datePublished":"2014-06-10T15:08:40+00:00","dateModified":"2014-06-10T17:36:56+00:00","breadcrumb":{"@id":"https:\/\/jornalbeirario.com.br\/portal\/?p=22117#breadcrumb"},"inLanguage":"pt-BR","potentialAction":[{"@type":"ReadAction","target":["https:\/\/jornalbeirario.com.br\/portal\/?p=22117"]}]},{"@type":"ImageObject","inLanguage":"pt-BR","@id":"https:\/\/jornalbeirario.com.br\/portal\/?p=22117#primaryimage","url":"https:\/\/jornalbeirario.com.br\/portal\/wp-content\/uploads\/2014\/06\/palestra.jpg","contentUrl":"https:\/\/jornalbeirario.com.br\/portal\/wp-content\/uploads\/2014\/06\/palestra.jpg","width":"640","height":"480"},{"@type":"BreadcrumbList","@id":"https:\/\/jornalbeirario.com.br\/portal\/?p=22117#breadcrumb","itemListElement":[{"@type":"ListItem","position":1,"name":"Home","item":"https:\/\/jornalbeirario.com.br\/portal"},{"@type":"ListItem","position":2,"name":"Col\u00e9gio Jo\u00e3o Maia realiza IX Jornada de Educa\u00e7\u00e3o Ambiental na C\u00e2mara de Resende"}]},{"@type":"WebSite","@id":"https:\/\/jornalbeirario.com.br\/portal\/#website","url":"https:\/\/jornalbeirario.com.br\/portal\/","name":"JORNAL BEIRA RIO","description":"","publisher":{"@id":"https:\/\/jornalbeirario.com.br\/portal\/#organization"},"potentialAction":[{"@type":"SearchAction","target":{"@type":"EntryPoint","urlTemplate":"https:\/\/jornalbeirario.com.br\/portal\/?s={search_term_string}"},"query-input":{"@type":"PropertyValueSpecification","valueRequired":true,"valueName":"search_term_string"}}],"inLanguage":"pt-BR"},{"@type":"Organization","@id":"https:\/\/jornalbeirario.com.br\/portal\/#organization","name":"JORNAL BEIRA RIO","url":"https:\/\/jornalbeirario.com.br\/portal\/","logo":{"@type":"ImageObject","inLanguage":"pt-BR","@id":"https:\/\/jornalbeirario.com.br\/portal\/#\/schema\/logo\/image\/","url":"https:\/\/jornalbeirario.com.br\/portal\/wp-content\/uploads\/2017\/09\/BEIRA-RIO_logo600.png","contentUrl":"https:\/\/jornalbeirario.com.br\/portal\/wp-content\/uploads\/2017\/09\/BEIRA-RIO_logo600.png","width":650,"height":108,"caption":"JORNAL BEIRA RIO"},"image":{"@id":"https:\/\/jornalbeirario.com.br\/portal\/#\/schema\/logo\/image\/"}},{"@type":"Person","@id":"https:\/\/jornalbeirario.com.br\/portal\/#\/schema\/person\/c6c423e4c2465d2a9233f6539173e7c1","name":"Jornal BEIRA-RIO","image":{"@type":"ImageObject","inLanguage":"pt-BR","@id":"https:\/\/jornalbeirario.com.br\/portal\/wp-content\/uploads\/2023\/10\/logojbr1.jpg","url":"https:\/\/jornalbeirario.com.br\/portal\/wp-content\/uploads\/2023\/10\/logojbr1.jpg","contentUrl":"https:\/\/jornalbeirario.com.br\/portal\/wp-content\/uploads\/2023\/10\/logojbr1.jpg","caption":"Jornal BEIRA-RIO"},"url":"https:\/\/jornalbeirario.com.br\/portal\/?author=1"}]}},"_links":{"self":[{"href":"https:\/\/jornalbeirario.com.br\/portal\/index.php?rest_route=\/wp\/v2\/posts\/22117","targetHints":{"allow":["GET"]}}],"collection":[{"href":"https:\/\/jornalbeirario.com.br\/portal\/index.php?rest_route=\/wp\/v2\/posts"}],"about":[{"href":"https:\/\/jornalbeirario.com.br\/portal\/index.php?rest_route=\/wp\/v2\/types\/post"}],"author":[{"embeddable":true,"href":"https:\/\/jornalbeirario.com.br\/portal\/index.php?rest_route=\/wp\/v2\/users\/1"}],"replies":[{"embeddable":true,"href":"https:\/\/jornalbeirario.com.br\/portal\/index.php?rest_route=%2Fwp%2Fv2%2Fcomments&post=22117"}],"version-history":[{"count":3,"href":"https:\/\/jornalbeirario.com.br\/portal\/index.php?rest_route=\/wp\/v2\/posts\/22117\/revisions"}],"predecessor-version":[{"id":22129,"href":"https:\/\/jornalbeirario.com.br\/portal\/index.php?rest_route=\/wp\/v2\/posts\/22117\/revisions\/22129"}],"wp:featuredmedia":[{"embeddable":true,"href":"https:\/\/jornalbeirario.com.br\/portal\/index.php?rest_route=\/wp\/v2\/media\/22127"}],"wp:attachment":[{"href":"https:\/\/jornalbeirario.com.br\/portal\/index.php?rest_route=%2Fwp%2Fv2%2Fmedia&parent=22117"}],"wp:term":[{"taxonomy":"category","embeddable":true,"href":"https:\/\/jornalbeirario.com.br\/portal\/index.php?rest_route=%2Fwp%2Fv2%2Fcategories&post=22117"},{"taxonomy":"post_tag","embeddable":true,"href":"https:\/\/jornalbeirario.com.br\/portal\/index.php?rest_route=%2Fwp%2Fv2%2Ftags&post=22117"}],"curies":[{"name":"wp","href":"https:\/\/api.w.org\/{rel}","templated":true}]}}