
{"id":22024,"date":"2014-06-06T12:10:52","date_gmt":"2014-06-06T12:10:52","guid":{"rendered":"http:\/\/jornalbeirario.com.br\/portal\/portal\/?p=22024"},"modified":"2014-06-06T12:10:52","modified_gmt":"2014-06-06T12:10:52","slug":"lais-amaral-49","status":"publish","type":"post","link":"https:\/\/jornalbeirario.com.br\/portal\/?p=22024","title":{"rendered":"La\u00eds Amaral"},"content":{"rendered":"<p style=\"text-align: justify;\"><strong>Copa das Copas (1)<\/strong><br \/>\nVai come\u00e7ar a mais importante Copa do Mundo, evento \u00fanico para muitas gera\u00e7\u00f5es de brasileiros. Por mais que uma parte importante da M\u00eddia, que tem l\u00e1 suas prefer\u00eancias pol\u00edtico-partid\u00e1rias, tente esvaziar o maior evento popular do ano no mundo, a Copa est\u00e1 na veia do brasileiro, e n\u00e3o \u00e9 o medo de black blocs e outras amea\u00e7as divulgadas diariamente que vai estragar a festa. Foi massacrante e diuturna a divulga\u00e7\u00e3o de desinforma\u00e7\u00f5es induzindo a conclus\u00f5es equivocadas como a diferen\u00e7a entre gastos e investimentos (incluindo o n\u00e3o esclarecimento do que \u00e9 dinheiro investido pelo BNDES que retorna aos cofres p\u00fablicos e o que \u00e9 verba or\u00e7ament\u00e1ria, da qual n\u00e3o saiu um centavo). Mas quando o juiz apitar o in\u00edcio do jogo Brasil e Cro\u00e1cia, dia 12, o brasileiro estar\u00e1 com a sele\u00e7\u00e3o, estar\u00e1 envolvido, emocionado. Apesar das crian\u00e7as do bairro Higien\u00f3polis, em S\u00e3o Paulo que decidiram torcer por USA e Espanha. Fazer o qu\u00ea ? Conseguiram contaminar uma parcela de p\u00fablico com vergonha de ser brasileiro. Mas a maioria vai se orgulhar em receber em \u2018casa\u2019 mais 850 mil turistas de todo o mundo, de mostrar ao mundo um modelo de sociedade que pode ser um novo referencial de conv\u00edvio entre as na\u00e7\u00f5es. Obs: na Tripa tem uma fala do Papa sobre a M\u00eddia.<\/p>\n<p style=\"text-align: justify;\"><strong>Copa das Copas (2)<\/strong><br \/>\nE \u00e9 uma oportunidade impar. Nenhuma Copa do Mundo reuniu um n\u00famero t\u00e3o expressivo de craques: Neymar, Messi, Cristiano Ronaldo (o melhor do mundo), Robem, Iniesta, Et\u00f4, Baloteli, Riberry, Rooney, Lahn, Di Maria e tantos outros. (Lamento a aus\u00eancia do Ibraimovic). Vai ser a Copa mais disputada. S\u00e3o muitos os favoritos: Brasil, Argentina, Alemanha, It\u00e1lia, Espanha, al\u00e9m das perigosas B\u00e9lgica, Uruguai, Chile, Portugal, R\u00fassia. Vai ser uma barra e um privil\u00e9gio ter essa Copa em nosso quintal, um Privil\u00e9gio que muitos pa\u00edses queriam. Basta ver o desespero da Inglaterra em melar a escolha do Catar para sede da Copa de 2022. Todos querem. Fazer protesto durante a Copa \u00e9 compreens\u00edvel, o pa\u00eds estar\u00e1 na vitrine e muitas categorias profissionais aproveitam a exposi\u00e7\u00e3o para ter mais for\u00e7a de press\u00e3o. \u00c9 normal. Mas querer sabotar uma festa dessas \u00e9 idiotice e ignor\u00e2ncia em estado bruto. A It\u00e1lia era bicampe\u00e3 do mundo e Benito Mussolini acabou fuzilado e pendurado de cabe\u00e7a para baixo num posto em Mil\u00e3o. Governo \u00e9 uma coisa e Copa \u00e9 outra (Saldanha gostava de contar isso). E a sele\u00e7\u00e3o perdendo ou ganhando, o Brasil j\u00e1 ganhou com a Copa. Feliz divertimento a todos.<\/p>\n<p style=\"text-align: justify;\"><strong>TRIPA<\/strong><br \/>\n* Disse o Papa: &#8220;Hoje o clima midi\u00e1tico tem suas formas de envenenamento. As pessoas sabem, percebem, mas infelizmente se acostumam a respirar da r\u00e1dio e da televis\u00e3o um ar sujo, que n\u00e3o faz bem. \u00c9 preciso fazer circular um ar mais limpo. Para mim, os maiores pecados s\u00e3o aqueles que v\u00e3o na estrada da mentira, e s\u00e3o tr\u00eas: a desinforma\u00e7\u00e3o, a cal\u00fania e a difama\u00e7\u00e3o&#8221;, declarou Francisco, em 22\/03\/14, (http:\/\/ansabrasil.com.br\/brasil\/noticias\/vaticano\/noticias\/2014\/03\/22\/Papa-Francisco-critica-pecados-imprensa_7665207.html) * Neste final semana, dias 6, 7 e 8 acontece a tradicional\u00edssima Festa dos Mineiros. Como grandes atra\u00e7\u00f5es, fora o conv\u00edvio supersimp\u00e1tico, est\u00e3o a infal\u00edvel e deliciosa canjica, o pastel, a churrascaria montada no sal\u00e3o paroquial. M\u00fasica, brincadeiras e intera\u00e7\u00e3o. Os grupos musicais G-5 e R-16 se apresenta respectivamente na sexta e no domingo. \u00c9 mais estimada festa comunit\u00e1ria da cidade, na opini\u00e3o de muita gente. Vamos conferir ! * Foi aberta nessa Quinta, no Espa\u00e7o \u2018Z\u2019, uma exposi\u00e7\u00e3o tendo como tema a Copa do Mundo. \u00c9 clima * Falando nisso, os jogos do Brasil ter\u00e3o um local especial para a torcida vibrar junto aqui em Resende: a Avenida Rita Ferreira da Rocha, a \u201cAvenida Beira-Rio\u201d, onde acontece o Carnaval da cidade. Um supertel\u00e3o de led, equipado para mostrar os jogos com a melhor defini\u00e7\u00e3o estar\u00e1 instalado juntamente com outros servi\u00e7os. Chegou a hora de vibrar junto com a sele\u00e7\u00e3o !<\/p>\n<p style=\"text-align: justify;\"><strong>ANIVERS\u00c1RIOS<\/strong><br \/>\nInaugurou idade nova no s\u00e1bado passado, dia 31, a minha amiga Suzana, que trabalha na assessoria de comunica\u00e7\u00e3o da Prefeitura. Nessa quarta, dia 4, uma turma simp\u00e1tica e amiga mudou de idade: A Solange Marinato, o Marinho Periquito, a Aline Barbosa e o Cl\u00e1udio da Educa\u00e7\u00e3o. Parab\u00e9ns e todas as felicidades do mundo a eles.<\/p>\n","protected":false},"excerpt":{"rendered":"<p>Copa das Copas (1) Vai come\u00e7ar a mais importante Copa do Mundo, evento \u00fanico para muitas gera\u00e7\u00f5es de brasileiros. Por mais que uma parte<\/p>\n","protected":false},"author":1,"featured_media":0,"comment_status":"open","ping_status":"open","sticky":false,"template":"","format":"standard","meta":{"pmpro_default_level":"","footnotes":""},"categories":[13],"tags":[],"class_list":["post-22024","post","type-post","status-publish","format-standard","hentry","category-social","pmpro-has-access"],"yoast_head":"<!-- This site is optimized with the Yoast SEO plugin v27.4 - https:\/\/yoast.com\/product\/yoast-seo-wordpress\/ -->\n<title>La\u00eds Amaral - JORNAL BEIRA RIO<\/title>\n<meta name=\"robots\" content=\"index, follow, max-snippet:-1, max-image-preview:large, max-video-preview:-1\" \/>\n<link rel=\"canonical\" href=\"https:\/\/jornalbeirario.com.br\/portal\/?p=22024\" \/>\n<meta property=\"og:locale\" content=\"pt_BR\" \/>\n<meta property=\"og:type\" content=\"article\" \/>\n<meta property=\"og:title\" content=\"La\u00eds Amaral - JORNAL BEIRA RIO\" \/>\n<meta property=\"og:description\" content=\"Copa das Copas (1) Vai come\u00e7ar a mais importante Copa do Mundo, evento \u00fanico para muitas gera\u00e7\u00f5es de brasileiros. Por mais que uma parte\" \/>\n<meta property=\"og:url\" content=\"https:\/\/jornalbeirario.com.br\/portal\/?p=22024\" \/>\n<meta property=\"og:site_name\" content=\"JORNAL BEIRA RIO\" \/>\n<meta property=\"article:published_time\" content=\"2014-06-06T12:10:52+00:00\" \/>\n<meta name=\"author\" content=\"Jornal BEIRA-RIO\" \/>\n<meta name=\"twitter:card\" content=\"summary_large_image\" \/>\n<meta name=\"twitter:label1\" content=\"Escrito por\" \/>\n\t<meta name=\"twitter:data1\" content=\"Jornal BEIRA-RIO\" \/>\n\t<meta name=\"twitter:label2\" content=\"Est. tempo de leitura\" \/>\n\t<meta name=\"twitter:data2\" content=\"4 minutos\" \/>\n<script type=\"application\/ld+json\" class=\"yoast-schema-graph\">{\"@context\":\"https:\\\/\\\/schema.org\",\"@graph\":[{\"@type\":\"Article\",\"@id\":\"https:\\\/\\\/jornalbeirario.com.br\\\/portal\\\/?p=22024#article\",\"isPartOf\":{\"@id\":\"https:\\\/\\\/jornalbeirario.com.br\\\/portal\\\/?p=22024\"},\"author\":{\"name\":\"Jornal BEIRA-RIO\",\"@id\":\"https:\\\/\\\/jornalbeirario.com.br\\\/portal\\\/#\\\/schema\\\/person\\\/c6c423e4c2465d2a9233f6539173e7c1\"},\"headline\":\"La\u00eds Amaral\",\"datePublished\":\"2014-06-06T12:10:52+00:00\",\"mainEntityOfPage\":{\"@id\":\"https:\\\/\\\/jornalbeirario.com.br\\\/portal\\\/?p=22024\"},\"wordCount\":760,\"commentCount\":0,\"publisher\":{\"@id\":\"https:\\\/\\\/jornalbeirario.com.br\\\/portal\\\/#organization\"},\"articleSection\":[\"Social\"],\"inLanguage\":\"pt-BR\",\"potentialAction\":[{\"@type\":\"CommentAction\",\"name\":\"Comment\",\"target\":[\"https:\\\/\\\/jornalbeirario.com.br\\\/portal\\\/?p=22024#respond\"]}]},{\"@type\":\"WebPage\",\"@id\":\"https:\\\/\\\/jornalbeirario.com.br\\\/portal\\\/?p=22024\",\"url\":\"https:\\\/\\\/jornalbeirario.com.br\\\/portal\\\/?p=22024\",\"name\":\"La\u00eds Amaral - JORNAL BEIRA RIO\",\"isPartOf\":{\"@id\":\"https:\\\/\\\/jornalbeirario.com.br\\\/portal\\\/#website\"},\"datePublished\":\"2014-06-06T12:10:52+00:00\",\"breadcrumb\":{\"@id\":\"https:\\\/\\\/jornalbeirario.com.br\\\/portal\\\/?p=22024#breadcrumb\"},\"inLanguage\":\"pt-BR\",\"potentialAction\":[{\"@type\":\"ReadAction\",\"target\":[\"https:\\\/\\\/jornalbeirario.com.br\\\/portal\\\/?p=22024\"]}]},{\"@type\":\"BreadcrumbList\",\"@id\":\"https:\\\/\\\/jornalbeirario.com.br\\\/portal\\\/?p=22024#breadcrumb\",\"itemListElement\":[{\"@type\":\"ListItem\",\"position\":1,\"name\":\"Home\",\"item\":\"https:\\\/\\\/jornalbeirario.com.br\\\/portal\"},{\"@type\":\"ListItem\",\"position\":2,\"name\":\"La\u00eds Amaral\"}]},{\"@type\":\"WebSite\",\"@id\":\"https:\\\/\\\/jornalbeirario.com.br\\\/portal\\\/#website\",\"url\":\"https:\\\/\\\/jornalbeirario.com.br\\\/portal\\\/\",\"name\":\"JORNAL BEIRA RIO\",\"description\":\"\",\"publisher\":{\"@id\":\"https:\\\/\\\/jornalbeirario.com.br\\\/portal\\\/#organization\"},\"potentialAction\":[{\"@type\":\"SearchAction\",\"target\":{\"@type\":\"EntryPoint\",\"urlTemplate\":\"https:\\\/\\\/jornalbeirario.com.br\\\/portal\\\/?s={search_term_string}\"},\"query-input\":{\"@type\":\"PropertyValueSpecification\",\"valueRequired\":true,\"valueName\":\"search_term_string\"}}],\"inLanguage\":\"pt-BR\"},{\"@type\":\"Organization\",\"@id\":\"https:\\\/\\\/jornalbeirario.com.br\\\/portal\\\/#organization\",\"name\":\"JORNAL BEIRA RIO\",\"url\":\"https:\\\/\\\/jornalbeirario.com.br\\\/portal\\\/\",\"logo\":{\"@type\":\"ImageObject\",\"inLanguage\":\"pt-BR\",\"@id\":\"https:\\\/\\\/jornalbeirario.com.br\\\/portal\\\/#\\\/schema\\\/logo\\\/image\\\/\",\"url\":\"https:\\\/\\\/jornalbeirario.com.br\\\/portal\\\/wp-content\\\/uploads\\\/2017\\\/09\\\/BEIRA-RIO_logo600.png\",\"contentUrl\":\"https:\\\/\\\/jornalbeirario.com.br\\\/portal\\\/wp-content\\\/uploads\\\/2017\\\/09\\\/BEIRA-RIO_logo600.png\",\"width\":650,\"height\":108,\"caption\":\"JORNAL BEIRA RIO\"},\"image\":{\"@id\":\"https:\\\/\\\/jornalbeirario.com.br\\\/portal\\\/#\\\/schema\\\/logo\\\/image\\\/\"}},{\"@type\":\"Person\",\"@id\":\"https:\\\/\\\/jornalbeirario.com.br\\\/portal\\\/#\\\/schema\\\/person\\\/c6c423e4c2465d2a9233f6539173e7c1\",\"name\":\"Jornal BEIRA-RIO\",\"image\":{\"@type\":\"ImageObject\",\"inLanguage\":\"pt-BR\",\"@id\":\"https:\\\/\\\/jornalbeirario.com.br\\\/portal\\\/wp-content\\\/uploads\\\/2023\\\/10\\\/logojbr1.jpg\",\"url\":\"https:\\\/\\\/jornalbeirario.com.br\\\/portal\\\/wp-content\\\/uploads\\\/2023\\\/10\\\/logojbr1.jpg\",\"contentUrl\":\"https:\\\/\\\/jornalbeirario.com.br\\\/portal\\\/wp-content\\\/uploads\\\/2023\\\/10\\\/logojbr1.jpg\",\"caption\":\"Jornal BEIRA-RIO\"},\"url\":\"https:\\\/\\\/jornalbeirario.com.br\\\/portal\\\/?author=1\"}]}<\/script>\n<!-- \/ Yoast SEO plugin. -->","yoast_head_json":{"title":"La\u00eds Amaral - JORNAL BEIRA RIO","robots":{"index":"index","follow":"follow","max-snippet":"max-snippet:-1","max-image-preview":"max-image-preview:large","max-video-preview":"max-video-preview:-1"},"canonical":"https:\/\/jornalbeirario.com.br\/portal\/?p=22024","og_locale":"pt_BR","og_type":"article","og_title":"La\u00eds Amaral - JORNAL BEIRA RIO","og_description":"Copa das Copas (1) Vai come\u00e7ar a mais importante Copa do Mundo, evento \u00fanico para muitas gera\u00e7\u00f5es de brasileiros. Por mais que uma parte","og_url":"https:\/\/jornalbeirario.com.br\/portal\/?p=22024","og_site_name":"JORNAL BEIRA RIO","article_published_time":"2014-06-06T12:10:52+00:00","author":"Jornal BEIRA-RIO","twitter_card":"summary_large_image","twitter_misc":{"Escrito por":"Jornal BEIRA-RIO","Est. tempo de leitura":"4 minutos"},"schema":{"@context":"https:\/\/schema.org","@graph":[{"@type":"Article","@id":"https:\/\/jornalbeirario.com.br\/portal\/?p=22024#article","isPartOf":{"@id":"https:\/\/jornalbeirario.com.br\/portal\/?p=22024"},"author":{"name":"Jornal BEIRA-RIO","@id":"https:\/\/jornalbeirario.com.br\/portal\/#\/schema\/person\/c6c423e4c2465d2a9233f6539173e7c1"},"headline":"La\u00eds Amaral","datePublished":"2014-06-06T12:10:52+00:00","mainEntityOfPage":{"@id":"https:\/\/jornalbeirario.com.br\/portal\/?p=22024"},"wordCount":760,"commentCount":0,"publisher":{"@id":"https:\/\/jornalbeirario.com.br\/portal\/#organization"},"articleSection":["Social"],"inLanguage":"pt-BR","potentialAction":[{"@type":"CommentAction","name":"Comment","target":["https:\/\/jornalbeirario.com.br\/portal\/?p=22024#respond"]}]},{"@type":"WebPage","@id":"https:\/\/jornalbeirario.com.br\/portal\/?p=22024","url":"https:\/\/jornalbeirario.com.br\/portal\/?p=22024","name":"La\u00eds Amaral - JORNAL BEIRA RIO","isPartOf":{"@id":"https:\/\/jornalbeirario.com.br\/portal\/#website"},"datePublished":"2014-06-06T12:10:52+00:00","breadcrumb":{"@id":"https:\/\/jornalbeirario.com.br\/portal\/?p=22024#breadcrumb"},"inLanguage":"pt-BR","potentialAction":[{"@type":"ReadAction","target":["https:\/\/jornalbeirario.com.br\/portal\/?p=22024"]}]},{"@type":"BreadcrumbList","@id":"https:\/\/jornalbeirario.com.br\/portal\/?p=22024#breadcrumb","itemListElement":[{"@type":"ListItem","position":1,"name":"Home","item":"https:\/\/jornalbeirario.com.br\/portal"},{"@type":"ListItem","position":2,"name":"La\u00eds Amaral"}]},{"@type":"WebSite","@id":"https:\/\/jornalbeirario.com.br\/portal\/#website","url":"https:\/\/jornalbeirario.com.br\/portal\/","name":"JORNAL BEIRA RIO","description":"","publisher":{"@id":"https:\/\/jornalbeirario.com.br\/portal\/#organization"},"potentialAction":[{"@type":"SearchAction","target":{"@type":"EntryPoint","urlTemplate":"https:\/\/jornalbeirario.com.br\/portal\/?s={search_term_string}"},"query-input":{"@type":"PropertyValueSpecification","valueRequired":true,"valueName":"search_term_string"}}],"inLanguage":"pt-BR"},{"@type":"Organization","@id":"https:\/\/jornalbeirario.com.br\/portal\/#organization","name":"JORNAL BEIRA RIO","url":"https:\/\/jornalbeirario.com.br\/portal\/","logo":{"@type":"ImageObject","inLanguage":"pt-BR","@id":"https:\/\/jornalbeirario.com.br\/portal\/#\/schema\/logo\/image\/","url":"https:\/\/jornalbeirario.com.br\/portal\/wp-content\/uploads\/2017\/09\/BEIRA-RIO_logo600.png","contentUrl":"https:\/\/jornalbeirario.com.br\/portal\/wp-content\/uploads\/2017\/09\/BEIRA-RIO_logo600.png","width":650,"height":108,"caption":"JORNAL BEIRA RIO"},"image":{"@id":"https:\/\/jornalbeirario.com.br\/portal\/#\/schema\/logo\/image\/"}},{"@type":"Person","@id":"https:\/\/jornalbeirario.com.br\/portal\/#\/schema\/person\/c6c423e4c2465d2a9233f6539173e7c1","name":"Jornal BEIRA-RIO","image":{"@type":"ImageObject","inLanguage":"pt-BR","@id":"https:\/\/jornalbeirario.com.br\/portal\/wp-content\/uploads\/2023\/10\/logojbr1.jpg","url":"https:\/\/jornalbeirario.com.br\/portal\/wp-content\/uploads\/2023\/10\/logojbr1.jpg","contentUrl":"https:\/\/jornalbeirario.com.br\/portal\/wp-content\/uploads\/2023\/10\/logojbr1.jpg","caption":"Jornal BEIRA-RIO"},"url":"https:\/\/jornalbeirario.com.br\/portal\/?author=1"}]}},"_links":{"self":[{"href":"https:\/\/jornalbeirario.com.br\/portal\/index.php?rest_route=\/wp\/v2\/posts\/22024","targetHints":{"allow":["GET"]}}],"collection":[{"href":"https:\/\/jornalbeirario.com.br\/portal\/index.php?rest_route=\/wp\/v2\/posts"}],"about":[{"href":"https:\/\/jornalbeirario.com.br\/portal\/index.php?rest_route=\/wp\/v2\/types\/post"}],"author":[{"embeddable":true,"href":"https:\/\/jornalbeirario.com.br\/portal\/index.php?rest_route=\/wp\/v2\/users\/1"}],"replies":[{"embeddable":true,"href":"https:\/\/jornalbeirario.com.br\/portal\/index.php?rest_route=%2Fwp%2Fv2%2Fcomments&post=22024"}],"version-history":[{"count":2,"href":"https:\/\/jornalbeirario.com.br\/portal\/index.php?rest_route=\/wp\/v2\/posts\/22024\/revisions"}],"predecessor-version":[{"id":22045,"href":"https:\/\/jornalbeirario.com.br\/portal\/index.php?rest_route=\/wp\/v2\/posts\/22024\/revisions\/22045"}],"wp:attachment":[{"href":"https:\/\/jornalbeirario.com.br\/portal\/index.php?rest_route=%2Fwp%2Fv2%2Fmedia&parent=22024"}],"wp:term":[{"taxonomy":"category","embeddable":true,"href":"https:\/\/jornalbeirario.com.br\/portal\/index.php?rest_route=%2Fwp%2Fv2%2Fcategories&post=22024"},{"taxonomy":"post_tag","embeddable":true,"href":"https:\/\/jornalbeirario.com.br\/portal\/index.php?rest_route=%2Fwp%2Fv2%2Ftags&post=22024"}],"curies":[{"name":"wp","href":"https:\/\/api.w.org\/{rel}","templated":true}]}}