
{"id":21993,"date":"2014-06-04T14:11:27","date_gmt":"2014-06-04T14:11:27","guid":{"rendered":"http:\/\/jornalbeirario.com.br\/portal\/portal\/?p=21993"},"modified":"2014-06-04T14:11:27","modified_gmt":"2014-06-04T14:11:27","slug":"semana-do-meio-ambiente-em-resende","status":"publish","type":"post","link":"https:\/\/jornalbeirario.com.br\/portal\/?p=21993","title":{"rendered":"Semana do Meio Ambiente em Resende"},"content":{"rendered":"<p style=\"text-align: justify;\">A Ag\u00eancia do Meio Ambiente de Resende (Amar), em parceria com empresas do munic\u00edpio e a \u00c1guas das Agulhas Negras, promove a partir desta quarta-feira, dia 4, at\u00e9 s\u00e1bado, dia 7, uma semana comemorativa ao Dia do Meio Ambiente (5 de junho). O evento, com o tema &#8220;Proteger o meio ambiente \u00e9 garantir qualidade de vida&#8221;, abordar\u00e1 tamb\u00e9m a transposi\u00e7\u00e3o do Rio Para\u00edba do Sul. Entre as atividades est\u00e3o plantio de \u00e1rvores, abra\u00e7o ao Rio Para\u00edba do Sul, trilha ecol\u00f3gica e mutir\u00e3o de limpeza.<\/p>\n<p style=\"text-align: justify;\">Na quarta-feira, dia 4, est\u00e3o sendo promovidas at\u00e9 \u00e0s 16 horas, no Parque das \u00c1guas, atividades de &#8220;Artecologia&#8221;, com oficinas socioambientais, exposi\u00e7\u00f5es, doa\u00e7\u00e3o de mudas arb\u00f3reas e ornamentais, oficinas de artesanato, show musical e servi\u00e7os socioambientais.<\/p>\n<p style=\"text-align: justify;\">J\u00e1 na quinta-feira, dia 5, Dia Mundial do Meio Ambiente, acontece \u00e0s 9 horas, plantio de mudas em frente \u00e0 Morada da Colina (do Centro Vocacional Tecnol\u00f3gico at\u00e9 o Campo do Alegria Futebol Clube. \u00c0s 11 horas, abra\u00e7o ao Rio Para\u00edba do Sul: ato de contesta\u00e7\u00e3o \u00e0 transposi\u00e7\u00e3o do rio no trecho paulista. A concentra\u00e7\u00e3o ser\u00e1 \u00e0s 10 horas nos seguintes pontos: Parque das \u00c1guas, antigo F\u00f3rum, Ponte Velha, deck da beira rio e Ponte Miguel Couto (Campos El\u00edseos). \u00c0s 19 horas, no audit\u00f3rio da Associa\u00e7\u00e3o Educacional Dom Bosco, haver\u00e1 um Semin\u00e1rio sobre a Transposi\u00e7\u00e3o do Rio Para\u00edba do Sul.<\/p>\n<p style=\"text-align: justify;\">A programa\u00e7\u00e3o da Semana do Meio Ambiente segue na sexta-feira, dia 6, \u00e0s 8 horas, com visita orientada \u00e0 trilha do Morro do Couto, na parte alta do Parque Nacional do Itatiaia. A sa\u00edda est\u00e1 marcada para as 8 horas, do Parque das \u00c1guas. A Semana ser\u00e1 encerrada no s\u00e1bado, dia 7, com um mutir\u00e3o de limpeza das margens do Rio Para\u00edba, no trecho entre o Parque das \u00c1guas e a ponte T\u00e1cito Viana Rodrigues, a partir das 9 horas.<\/p>\n<p style=\"text-align: justify;\">EDUCA\u00c7\u00c3O<br \/>\nA Semana do Meio Ambiente tamb\u00e9m ser\u00e1 comemorada nas escolas da rede municipal, por meio do Centro de Refer\u00eancia de Educa\u00e7\u00e3o Ambiental de Resende (Crear). As atividades acontecem at\u00e9 6 de junho, para alunos do 1\u00ba ao 9\u00ba ano do ensino fundamental e da educa\u00e7\u00e3o infantil.<\/p>\n<p style=\"text-align: justify;\">Nesta quarta-feira, dia 4, no Parque das \u00c1guas, at\u00e9 \u00e0s 17 horas, alunos da rede municipal participar\u00e3o de oficinas de papel e de ci\u00eancias, conta\u00e7\u00e3o de hist\u00f3ria e din\u00e2micas ecol\u00f3gicas.<\/p>\n<p style=\"text-align: justify;\">Na quinta-feira, dia 5, as atividades ambientais acontecem no Col\u00e9gio Municipal Get\u00falio Vargas (Cidade Alegria), e na sexta-feira, dia 6, nas Escolas Municipais Marieta Salles Cunha (Baixada da Olaria) e Adelaide Lopes Salgado (Capelinha), tanto no turno da manh\u00e3 quanto da tarde, das 7h30 \u00e0s 10h30 e das 13 \u00e0s 17 horas. Nessas unidades tamb\u00e9m est\u00e3o previstas oficinas, conta\u00e7\u00e3o de hist\u00f3ria, din\u00e2micas ecol\u00f3gicas, exibi\u00e7\u00e3o de filme e plantio de \u00e1rvores.<\/p>\n<p style=\"text-align: justify;\"><em>Fonte: Assessoria de Comunica\u00e7\u00e3o (PMR)<\/em><\/p>\n","protected":false},"excerpt":{"rendered":"<p>A Ag\u00eancia do Meio Ambiente de Resende (Amar), em parceria com empresas do munic\u00edpio e a \u00c1guas das Agulhas Negras, promove a partir desta<\/p>\n","protected":false},"author":1,"featured_media":21999,"comment_status":"open","ping_status":"open","sticky":false,"template":"","format":"standard","meta":{"pmpro_default_level":"","footnotes":""},"categories":[27],"tags":[155,153],"class_list":["post-21993","post","type-post","status-publish","format-standard","has-post-thumbnail","hentry","category-meioambiente","tag-dehoraemhora","tag-manchete","pmpro-has-access"],"yoast_head":"<!-- This site is optimized with the Yoast SEO plugin v27.4 - https:\/\/yoast.com\/product\/yoast-seo-wordpress\/ -->\n<title>Semana do Meio Ambiente em Resende - JORNAL BEIRA RIO<\/title>\n<meta name=\"robots\" content=\"index, follow, max-snippet:-1, max-image-preview:large, max-video-preview:-1\" \/>\n<link rel=\"canonical\" href=\"https:\/\/jornalbeirario.com.br\/portal\/?p=21993\" \/>\n<meta property=\"og:locale\" content=\"pt_BR\" \/>\n<meta property=\"og:type\" content=\"article\" \/>\n<meta property=\"og:title\" content=\"Semana do Meio Ambiente em Resende - JORNAL BEIRA RIO\" \/>\n<meta property=\"og:description\" content=\"A Ag\u00eancia do Meio Ambiente de Resende (Amar), em parceria com empresas do munic\u00edpio e a \u00c1guas das Agulhas Negras, promove a partir desta\" \/>\n<meta property=\"og:url\" content=\"https:\/\/jornalbeirario.com.br\/portal\/?p=21993\" \/>\n<meta property=\"og:site_name\" content=\"JORNAL BEIRA RIO\" \/>\n<meta property=\"article:published_time\" content=\"2014-06-04T14:11:27+00:00\" \/>\n<meta property=\"og:image\" content=\"https:\/\/jornalbeirario.com.br\/portal\/wp-content\/uploads\/2014\/06\/semana1.jpg\" \/>\n\t<meta property=\"og:image:width\" content=\"930\" \/>\n\t<meta property=\"og:image:height\" content=\"350\" \/>\n\t<meta property=\"og:image:type\" content=\"image\/jpeg\" \/>\n<meta name=\"author\" content=\"Jornal BEIRA-RIO\" \/>\n<meta name=\"twitter:card\" content=\"summary_large_image\" \/>\n<meta name=\"twitter:label1\" content=\"Escrito por\" \/>\n\t<meta name=\"twitter:data1\" content=\"Jornal BEIRA-RIO\" \/>\n\t<meta name=\"twitter:label2\" content=\"Est. tempo de leitura\" \/>\n\t<meta name=\"twitter:data2\" content=\"2 minutos\" \/>\n<script type=\"application\/ld+json\" class=\"yoast-schema-graph\">{\"@context\":\"https:\\\/\\\/schema.org\",\"@graph\":[{\"@type\":\"Article\",\"@id\":\"https:\\\/\\\/jornalbeirario.com.br\\\/portal\\\/?p=21993#article\",\"isPartOf\":{\"@id\":\"https:\\\/\\\/jornalbeirario.com.br\\\/portal\\\/?p=21993\"},\"author\":{\"name\":\"Jornal BEIRA-RIO\",\"@id\":\"https:\\\/\\\/jornalbeirario.com.br\\\/portal\\\/#\\\/schema\\\/person\\\/c6c423e4c2465d2a9233f6539173e7c1\"},\"headline\":\"Semana do Meio Ambiente em Resende\",\"datePublished\":\"2014-06-04T14:11:27+00:00\",\"mainEntityOfPage\":{\"@id\":\"https:\\\/\\\/jornalbeirario.com.br\\\/portal\\\/?p=21993\"},\"wordCount\":486,\"commentCount\":0,\"publisher\":{\"@id\":\"https:\\\/\\\/jornalbeirario.com.br\\\/portal\\\/#organization\"},\"image\":{\"@id\":\"https:\\\/\\\/jornalbeirario.com.br\\\/portal\\\/?p=21993#primaryimage\"},\"thumbnailUrl\":\"https:\\\/\\\/jornalbeirario.com.br\\\/portal\\\/wp-content\\\/uploads\\\/2014\\\/06\\\/semana1.jpg\",\"keywords\":[\"dehoraemhora\",\"manchete\"],\"articleSection\":[\"Meio Ambiente\"],\"inLanguage\":\"pt-BR\",\"potentialAction\":[{\"@type\":\"CommentAction\",\"name\":\"Comment\",\"target\":[\"https:\\\/\\\/jornalbeirario.com.br\\\/portal\\\/?p=21993#respond\"]}]},{\"@type\":\"WebPage\",\"@id\":\"https:\\\/\\\/jornalbeirario.com.br\\\/portal\\\/?p=21993\",\"url\":\"https:\\\/\\\/jornalbeirario.com.br\\\/portal\\\/?p=21993\",\"name\":\"Semana do Meio Ambiente em Resende - JORNAL BEIRA RIO\",\"isPartOf\":{\"@id\":\"https:\\\/\\\/jornalbeirario.com.br\\\/portal\\\/#website\"},\"primaryImageOfPage\":{\"@id\":\"https:\\\/\\\/jornalbeirario.com.br\\\/portal\\\/?p=21993#primaryimage\"},\"image\":{\"@id\":\"https:\\\/\\\/jornalbeirario.com.br\\\/portal\\\/?p=21993#primaryimage\"},\"thumbnailUrl\":\"https:\\\/\\\/jornalbeirario.com.br\\\/portal\\\/wp-content\\\/uploads\\\/2014\\\/06\\\/semana1.jpg\",\"datePublished\":\"2014-06-04T14:11:27+00:00\",\"breadcrumb\":{\"@id\":\"https:\\\/\\\/jornalbeirario.com.br\\\/portal\\\/?p=21993#breadcrumb\"},\"inLanguage\":\"pt-BR\",\"potentialAction\":[{\"@type\":\"ReadAction\",\"target\":[\"https:\\\/\\\/jornalbeirario.com.br\\\/portal\\\/?p=21993\"]}]},{\"@type\":\"ImageObject\",\"inLanguage\":\"pt-BR\",\"@id\":\"https:\\\/\\\/jornalbeirario.com.br\\\/portal\\\/?p=21993#primaryimage\",\"url\":\"https:\\\/\\\/jornalbeirario.com.br\\\/portal\\\/wp-content\\\/uploads\\\/2014\\\/06\\\/semana1.jpg\",\"contentUrl\":\"https:\\\/\\\/jornalbeirario.com.br\\\/portal\\\/wp-content\\\/uploads\\\/2014\\\/06\\\/semana1.jpg\",\"width\":\"930\",\"height\":\"350\"},{\"@type\":\"BreadcrumbList\",\"@id\":\"https:\\\/\\\/jornalbeirario.com.br\\\/portal\\\/?p=21993#breadcrumb\",\"itemListElement\":[{\"@type\":\"ListItem\",\"position\":1,\"name\":\"Home\",\"item\":\"https:\\\/\\\/jornalbeirario.com.br\\\/portal\"},{\"@type\":\"ListItem\",\"position\":2,\"name\":\"Semana do Meio Ambiente em Resende\"}]},{\"@type\":\"WebSite\",\"@id\":\"https:\\\/\\\/jornalbeirario.com.br\\\/portal\\\/#website\",\"url\":\"https:\\\/\\\/jornalbeirario.com.br\\\/portal\\\/\",\"name\":\"JORNAL BEIRA RIO\",\"description\":\"\",\"publisher\":{\"@id\":\"https:\\\/\\\/jornalbeirario.com.br\\\/portal\\\/#organization\"},\"potentialAction\":[{\"@type\":\"SearchAction\",\"target\":{\"@type\":\"EntryPoint\",\"urlTemplate\":\"https:\\\/\\\/jornalbeirario.com.br\\\/portal\\\/?s={search_term_string}\"},\"query-input\":{\"@type\":\"PropertyValueSpecification\",\"valueRequired\":true,\"valueName\":\"search_term_string\"}}],\"inLanguage\":\"pt-BR\"},{\"@type\":\"Organization\",\"@id\":\"https:\\\/\\\/jornalbeirario.com.br\\\/portal\\\/#organization\",\"name\":\"JORNAL BEIRA RIO\",\"url\":\"https:\\\/\\\/jornalbeirario.com.br\\\/portal\\\/\",\"logo\":{\"@type\":\"ImageObject\",\"inLanguage\":\"pt-BR\",\"@id\":\"https:\\\/\\\/jornalbeirario.com.br\\\/portal\\\/#\\\/schema\\\/logo\\\/image\\\/\",\"url\":\"https:\\\/\\\/jornalbeirario.com.br\\\/portal\\\/wp-content\\\/uploads\\\/2017\\\/09\\\/BEIRA-RIO_logo600.png\",\"contentUrl\":\"https:\\\/\\\/jornalbeirario.com.br\\\/portal\\\/wp-content\\\/uploads\\\/2017\\\/09\\\/BEIRA-RIO_logo600.png\",\"width\":650,\"height\":108,\"caption\":\"JORNAL BEIRA RIO\"},\"image\":{\"@id\":\"https:\\\/\\\/jornalbeirario.com.br\\\/portal\\\/#\\\/schema\\\/logo\\\/image\\\/\"}},{\"@type\":\"Person\",\"@id\":\"https:\\\/\\\/jornalbeirario.com.br\\\/portal\\\/#\\\/schema\\\/person\\\/c6c423e4c2465d2a9233f6539173e7c1\",\"name\":\"Jornal BEIRA-RIO\",\"image\":{\"@type\":\"ImageObject\",\"inLanguage\":\"pt-BR\",\"@id\":\"https:\\\/\\\/jornalbeirario.com.br\\\/portal\\\/wp-content\\\/uploads\\\/2023\\\/10\\\/logojbr1.jpg\",\"url\":\"https:\\\/\\\/jornalbeirario.com.br\\\/portal\\\/wp-content\\\/uploads\\\/2023\\\/10\\\/logojbr1.jpg\",\"contentUrl\":\"https:\\\/\\\/jornalbeirario.com.br\\\/portal\\\/wp-content\\\/uploads\\\/2023\\\/10\\\/logojbr1.jpg\",\"caption\":\"Jornal BEIRA-RIO\"},\"url\":\"https:\\\/\\\/jornalbeirario.com.br\\\/portal\\\/?author=1\"}]}<\/script>\n<!-- \/ Yoast SEO plugin. -->","yoast_head_json":{"title":"Semana do Meio Ambiente em Resende - JORNAL BEIRA RIO","robots":{"index":"index","follow":"follow","max-snippet":"max-snippet:-1","max-image-preview":"max-image-preview:large","max-video-preview":"max-video-preview:-1"},"canonical":"https:\/\/jornalbeirario.com.br\/portal\/?p=21993","og_locale":"pt_BR","og_type":"article","og_title":"Semana do Meio Ambiente em Resende - JORNAL BEIRA RIO","og_description":"A Ag\u00eancia do Meio Ambiente de Resende (Amar), em parceria com empresas do munic\u00edpio e a \u00c1guas das Agulhas Negras, promove a partir desta","og_url":"https:\/\/jornalbeirario.com.br\/portal\/?p=21993","og_site_name":"JORNAL BEIRA RIO","article_published_time":"2014-06-04T14:11:27+00:00","og_image":[{"width":930,"height":350,"url":"https:\/\/jornalbeirario.com.br\/portal\/wp-content\/uploads\/2014\/06\/semana1.jpg","type":"image\/jpeg"}],"author":"Jornal BEIRA-RIO","twitter_card":"summary_large_image","twitter_misc":{"Escrito por":"Jornal BEIRA-RIO","Est. tempo de leitura":"2 minutos"},"schema":{"@context":"https:\/\/schema.org","@graph":[{"@type":"Article","@id":"https:\/\/jornalbeirario.com.br\/portal\/?p=21993#article","isPartOf":{"@id":"https:\/\/jornalbeirario.com.br\/portal\/?p=21993"},"author":{"name":"Jornal BEIRA-RIO","@id":"https:\/\/jornalbeirario.com.br\/portal\/#\/schema\/person\/c6c423e4c2465d2a9233f6539173e7c1"},"headline":"Semana do Meio Ambiente em Resende","datePublished":"2014-06-04T14:11:27+00:00","mainEntityOfPage":{"@id":"https:\/\/jornalbeirario.com.br\/portal\/?p=21993"},"wordCount":486,"commentCount":0,"publisher":{"@id":"https:\/\/jornalbeirario.com.br\/portal\/#organization"},"image":{"@id":"https:\/\/jornalbeirario.com.br\/portal\/?p=21993#primaryimage"},"thumbnailUrl":"https:\/\/jornalbeirario.com.br\/portal\/wp-content\/uploads\/2014\/06\/semana1.jpg","keywords":["dehoraemhora","manchete"],"articleSection":["Meio Ambiente"],"inLanguage":"pt-BR","potentialAction":[{"@type":"CommentAction","name":"Comment","target":["https:\/\/jornalbeirario.com.br\/portal\/?p=21993#respond"]}]},{"@type":"WebPage","@id":"https:\/\/jornalbeirario.com.br\/portal\/?p=21993","url":"https:\/\/jornalbeirario.com.br\/portal\/?p=21993","name":"Semana do Meio Ambiente em Resende - JORNAL BEIRA RIO","isPartOf":{"@id":"https:\/\/jornalbeirario.com.br\/portal\/#website"},"primaryImageOfPage":{"@id":"https:\/\/jornalbeirario.com.br\/portal\/?p=21993#primaryimage"},"image":{"@id":"https:\/\/jornalbeirario.com.br\/portal\/?p=21993#primaryimage"},"thumbnailUrl":"https:\/\/jornalbeirario.com.br\/portal\/wp-content\/uploads\/2014\/06\/semana1.jpg","datePublished":"2014-06-04T14:11:27+00:00","breadcrumb":{"@id":"https:\/\/jornalbeirario.com.br\/portal\/?p=21993#breadcrumb"},"inLanguage":"pt-BR","potentialAction":[{"@type":"ReadAction","target":["https:\/\/jornalbeirario.com.br\/portal\/?p=21993"]}]},{"@type":"ImageObject","inLanguage":"pt-BR","@id":"https:\/\/jornalbeirario.com.br\/portal\/?p=21993#primaryimage","url":"https:\/\/jornalbeirario.com.br\/portal\/wp-content\/uploads\/2014\/06\/semana1.jpg","contentUrl":"https:\/\/jornalbeirario.com.br\/portal\/wp-content\/uploads\/2014\/06\/semana1.jpg","width":"930","height":"350"},{"@type":"BreadcrumbList","@id":"https:\/\/jornalbeirario.com.br\/portal\/?p=21993#breadcrumb","itemListElement":[{"@type":"ListItem","position":1,"name":"Home","item":"https:\/\/jornalbeirario.com.br\/portal"},{"@type":"ListItem","position":2,"name":"Semana do Meio Ambiente em Resende"}]},{"@type":"WebSite","@id":"https:\/\/jornalbeirario.com.br\/portal\/#website","url":"https:\/\/jornalbeirario.com.br\/portal\/","name":"JORNAL BEIRA RIO","description":"","publisher":{"@id":"https:\/\/jornalbeirario.com.br\/portal\/#organization"},"potentialAction":[{"@type":"SearchAction","target":{"@type":"EntryPoint","urlTemplate":"https:\/\/jornalbeirario.com.br\/portal\/?s={search_term_string}"},"query-input":{"@type":"PropertyValueSpecification","valueRequired":true,"valueName":"search_term_string"}}],"inLanguage":"pt-BR"},{"@type":"Organization","@id":"https:\/\/jornalbeirario.com.br\/portal\/#organization","name":"JORNAL BEIRA RIO","url":"https:\/\/jornalbeirario.com.br\/portal\/","logo":{"@type":"ImageObject","inLanguage":"pt-BR","@id":"https:\/\/jornalbeirario.com.br\/portal\/#\/schema\/logo\/image\/","url":"https:\/\/jornalbeirario.com.br\/portal\/wp-content\/uploads\/2017\/09\/BEIRA-RIO_logo600.png","contentUrl":"https:\/\/jornalbeirario.com.br\/portal\/wp-content\/uploads\/2017\/09\/BEIRA-RIO_logo600.png","width":650,"height":108,"caption":"JORNAL BEIRA RIO"},"image":{"@id":"https:\/\/jornalbeirario.com.br\/portal\/#\/schema\/logo\/image\/"}},{"@type":"Person","@id":"https:\/\/jornalbeirario.com.br\/portal\/#\/schema\/person\/c6c423e4c2465d2a9233f6539173e7c1","name":"Jornal BEIRA-RIO","image":{"@type":"ImageObject","inLanguage":"pt-BR","@id":"https:\/\/jornalbeirario.com.br\/portal\/wp-content\/uploads\/2023\/10\/logojbr1.jpg","url":"https:\/\/jornalbeirario.com.br\/portal\/wp-content\/uploads\/2023\/10\/logojbr1.jpg","contentUrl":"https:\/\/jornalbeirario.com.br\/portal\/wp-content\/uploads\/2023\/10\/logojbr1.jpg","caption":"Jornal BEIRA-RIO"},"url":"https:\/\/jornalbeirario.com.br\/portal\/?author=1"}]}},"_links":{"self":[{"href":"https:\/\/jornalbeirario.com.br\/portal\/index.php?rest_route=\/wp\/v2\/posts\/21993","targetHints":{"allow":["GET"]}}],"collection":[{"href":"https:\/\/jornalbeirario.com.br\/portal\/index.php?rest_route=\/wp\/v2\/posts"}],"about":[{"href":"https:\/\/jornalbeirario.com.br\/portal\/index.php?rest_route=\/wp\/v2\/types\/post"}],"author":[{"embeddable":true,"href":"https:\/\/jornalbeirario.com.br\/portal\/index.php?rest_route=\/wp\/v2\/users\/1"}],"replies":[{"embeddable":true,"href":"https:\/\/jornalbeirario.com.br\/portal\/index.php?rest_route=%2Fwp%2Fv2%2Fcomments&post=21993"}],"version-history":[{"count":6,"href":"https:\/\/jornalbeirario.com.br\/portal\/index.php?rest_route=\/wp\/v2\/posts\/21993\/revisions"}],"predecessor-version":[{"id":22001,"href":"https:\/\/jornalbeirario.com.br\/portal\/index.php?rest_route=\/wp\/v2\/posts\/21993\/revisions\/22001"}],"wp:featuredmedia":[{"embeddable":true,"href":"https:\/\/jornalbeirario.com.br\/portal\/index.php?rest_route=\/wp\/v2\/media\/21999"}],"wp:attachment":[{"href":"https:\/\/jornalbeirario.com.br\/portal\/index.php?rest_route=%2Fwp%2Fv2%2Fmedia&parent=21993"}],"wp:term":[{"taxonomy":"category","embeddable":true,"href":"https:\/\/jornalbeirario.com.br\/portal\/index.php?rest_route=%2Fwp%2Fv2%2Fcategories&post=21993"},{"taxonomy":"post_tag","embeddable":true,"href":"https:\/\/jornalbeirario.com.br\/portal\/index.php?rest_route=%2Fwp%2Fv2%2Ftags&post=21993"}],"curies":[{"name":"wp","href":"https:\/\/api.w.org\/{rel}","templated":true}]}}