
{"id":21984,"date":"2014-06-01T19:52:18","date_gmt":"2014-06-01T19:52:18","guid":{"rendered":"http:\/\/jornalbeirario.com.br\/portal\/portal\/?p=21984"},"modified":"2014-06-01T19:53:06","modified_gmt":"2014-06-01T19:53:06","slug":"dupla-victor-e-leo-e-a-atracao-do-ultimo-dia-de-expoitatiaia","status":"publish","type":"post","link":"https:\/\/jornalbeirario.com.br\/portal\/?p=21984","title":{"rendered":"Dupla Victor e L\u00e9o \u00e9 a atra\u00e7\u00e3o do \u00faltimo dia de ExpoItatiaia"},"content":{"rendered":"<figure id=\"attachment_21986\" aria-describedby=\"caption-attachment-21986\" style=\"width: 300px\" class=\"wp-caption alignleft\"><a href=\"https:\/\/jornalbeirario.com.br\/portal\/wp-content\/uploads\/2014\/06\/victoreleo_cred_leo_crosara.jpg\"><img loading=\"lazy\" decoding=\"async\" class=\"size-full wp-image-21986\" title=\"victoreleo_cred_leo_crosara\" src=\"https:\/\/jornalbeirario.com.br\/portal\/wp-content\/uploads\/2014\/06\/victoreleo_cred_leo_crosara.jpg\" alt=\"\" width=\"300\" height=\"225\" \/><\/a><figcaption id=\"caption-attachment-21986\" class=\"wp-caption-text\">Victor e Leo (Foto: L\u00e9o Crosara\/Divulga\u00e7\u00e3o)<\/figcaption><\/figure>\n<p style=\"text-align: justify;\">Termina neste domingo, dia 1\u00ba, as comemora\u00e7\u00f5es pelo anivers\u00e1rio de 25 anos de Itatiaia. A partir das 18 horas, acontece a Missa de A\u00e7\u00e3o de Gra\u00e7as, na Matriz de S\u00e3o Jos\u00e9, na Pra\u00e7a Mariana Rocha Le\u00e3o, no Centro. Em seguida, dentro da ExpoItatiaia, no Parque de Exposi\u00e7\u00f5es (Fazenda Aleluia), no bairro Vila Pinheiro tem apresenta\u00e7\u00e3o da Banda Municipal de Itatiaia, \u00e0s 19 horas; Grupo de Dan\u00e7a Corpo em Movimento, \u00e0s 20 horas; al\u00e9m do Show Regional com Anjos das Ruas; \u00e0s 21 horas.<\/p>\n<p style=\"text-align: justify;\">Mas a atra\u00e7\u00e3o do \u00faltimo dia fica por conta do show da dupla Victor e Leo (foto). A apresenta\u00e7\u00e3o est\u00e1 prevista para acontecer por volta das 22h30. E para encerrar, tem show regional com Tiago Oliveira, a partir da meia-noite.Al\u00e9m das apresenta\u00e7\u00f5es a ExpoItatiaia tamb\u00e9m conta com estandes, atra\u00e7\u00f5es infantis, parque de divers\u00f5es, pra\u00e7a de alimenta\u00e7\u00e3o, exposi\u00e7\u00e3o de animais, um dia de campo com produtores rurais, e brinquedos infantis, familiares e radicais.<\/p>\n<p style=\"text-align: justify;\"><em>Fonte: Assessoria de Comunica\u00e7\u00e3o (PMI)<\/em><\/p>\n","protected":false},"excerpt":{"rendered":"<p>Termina neste domingo, dia 1\u00ba, as comemora\u00e7\u00f5es pelo anivers\u00e1rio de 25 anos de Itatiaia. A partir das 18 horas, acontece a Missa de A\u00e7\u00e3o<\/p>\n","protected":false},"author":1,"featured_media":21986,"comment_status":"open","ping_status":"open","sticky":false,"template":"","format":"standard","meta":{"pmpro_default_level":"","footnotes":"","_members_access_role":[],"_members_access_error":""},"categories":[5],"tags":[155],"class_list":["post-21984","post","type-post","status-publish","format-standard","has-post-thumbnail","hentry","category-cultura","tag-dehoraemhora","pmpro-has-access"],"yoast_head":"<!-- This site is optimized with the Yoast SEO plugin v28.4 - https:\/\/yoast.com\/product\/yoast-seo-wordpress\/ -->\n<title>Dupla Victor e L\u00e9o \u00e9 a atra\u00e7\u00e3o do \u00faltimo dia de ExpoItatiaia - JORNAL BEIRA RIO<\/title>\n<meta name=\"robots\" content=\"index, follow, max-snippet:-1, max-image-preview:large, max-video-preview:-1\" \/>\n<link rel=\"canonical\" href=\"https:\/\/jornalbeirario.com.br\/portal\/?p=21984\" \/>\n<meta property=\"og:locale\" content=\"pt_BR\" \/>\n<meta property=\"og:type\" content=\"article\" \/>\n<meta property=\"og:title\" content=\"Dupla Victor e L\u00e9o \u00e9 a atra\u00e7\u00e3o do \u00faltimo dia de ExpoItatiaia - JORNAL BEIRA RIO\" \/>\n<meta property=\"og:description\" content=\"Termina neste domingo, dia 1\u00ba, as comemora\u00e7\u00f5es pelo anivers\u00e1rio de 25 anos de Itatiaia. A partir das 18 horas, acontece a Missa de A\u00e7\u00e3o\" \/>\n<meta property=\"og:url\" content=\"https:\/\/jornalbeirario.com.br\/portal\/?p=21984\" \/>\n<meta property=\"og:site_name\" content=\"JORNAL BEIRA RIO\" \/>\n<meta property=\"article:published_time\" content=\"2014-06-01T19:52:18+00:00\" \/>\n<meta property=\"article:modified_time\" content=\"2014-06-01T19:53:06+00:00\" \/>\n<meta property=\"og:image\" content=\"https:\/\/jornalbeirario.com.br\/portal\/wp-content\/uploads\/2014\/06\/victoreleo_cred_leo_crosara.jpg\" \/>\n\t<meta property=\"og:image:width\" content=\"300\" \/>\n\t<meta property=\"og:image:height\" content=\"225\" \/>\n\t<meta property=\"og:image:type\" content=\"image\/jpeg\" \/>\n<meta name=\"author\" content=\"Jornal BEIRA-RIO\" \/>\n<meta name=\"twitter:card\" content=\"summary_large_image\" \/>\n<meta name=\"twitter:label1\" content=\"Escrito por\" \/>\n\t<meta name=\"twitter:data1\" content=\"Jornal BEIRA-RIO\" \/>\n\t<meta name=\"twitter:label2\" content=\"Est. tempo de leitura\" \/>\n\t<meta name=\"twitter:data2\" content=\"1 minuto\" \/>\n<script type=\"application\/ld+json\" class=\"yoast-schema-graph\">{\"@context\":\"https:\\\/\\\/schema.org\",\"@graph\":[{\"@type\":\"Article\",\"@id\":\"https:\\\/\\\/jornalbeirario.com.br\\\/portal\\\/?p=21984#article\",\"isPartOf\":{\"@id\":\"https:\\\/\\\/jornalbeirario.com.br\\\/portal\\\/?p=21984\"},\"author\":{\"name\":\"Jornal BEIRA-RIO\",\"@id\":\"https:\\\/\\\/jornalbeirario.com.br\\\/portal\\\/#\\\/schema\\\/person\\\/c6c423e4c2465d2a9233f6539173e7c1\"},\"headline\":\"Dupla Victor e L\u00e9o \u00e9 a atra\u00e7\u00e3o do \u00faltimo dia de ExpoItatiaia\",\"datePublished\":\"2014-06-01T19:52:18+00:00\",\"dateModified\":\"2014-06-01T19:53:06+00:00\",\"mainEntityOfPage\":{\"@id\":\"https:\\\/\\\/jornalbeirario.com.br\\\/portal\\\/?p=21984\"},\"wordCount\":207,\"commentCount\":0,\"publisher\":{\"@id\":\"https:\\\/\\\/jornalbeirario.com.br\\\/portal\\\/#organization\"},\"image\":{\"@id\":\"https:\\\/\\\/jornalbeirario.com.br\\\/portal\\\/?p=21984#primaryimage\"},\"thumbnailUrl\":\"https:\\\/\\\/jornalbeirario.com.br\\\/portal\\\/wp-content\\\/uploads\\\/2014\\\/06\\\/victoreleo_cred_leo_crosara.jpg\",\"keywords\":[\"dehoraemhora\"],\"articleSection\":[\"Cultura\"],\"inLanguage\":\"pt-BR\",\"potentialAction\":[{\"@type\":\"CommentAction\",\"name\":\"Comment\",\"target\":[\"https:\\\/\\\/jornalbeirario.com.br\\\/portal\\\/?p=21984#respond\"]}]},{\"@type\":\"WebPage\",\"@id\":\"https:\\\/\\\/jornalbeirario.com.br\\\/portal\\\/?p=21984\",\"url\":\"https:\\\/\\\/jornalbeirario.com.br\\\/portal\\\/?p=21984\",\"name\":\"Dupla Victor e L\u00e9o \u00e9 a atra\u00e7\u00e3o do \u00faltimo dia de ExpoItatiaia - JORNAL BEIRA RIO\",\"isPartOf\":{\"@id\":\"https:\\\/\\\/jornalbeirario.com.br\\\/portal\\\/#website\"},\"primaryImageOfPage\":{\"@id\":\"https:\\\/\\\/jornalbeirario.com.br\\\/portal\\\/?p=21984#primaryimage\"},\"image\":{\"@id\":\"https:\\\/\\\/jornalbeirario.com.br\\\/portal\\\/?p=21984#primaryimage\"},\"thumbnailUrl\":\"https:\\\/\\\/jornalbeirario.com.br\\\/portal\\\/wp-content\\\/uploads\\\/2014\\\/06\\\/victoreleo_cred_leo_crosara.jpg\",\"datePublished\":\"2014-06-01T19:52:18+00:00\",\"dateModified\":\"2014-06-01T19:53:06+00:00\",\"breadcrumb\":{\"@id\":\"https:\\\/\\\/jornalbeirario.com.br\\\/portal\\\/?p=21984#breadcrumb\"},\"inLanguage\":\"pt-BR\",\"potentialAction\":[{\"@type\":\"ReadAction\",\"target\":[\"https:\\\/\\\/jornalbeirario.com.br\\\/portal\\\/?p=21984\"]}]},{\"@type\":\"ImageObject\",\"inLanguage\":\"pt-BR\",\"@id\":\"https:\\\/\\\/jornalbeirario.com.br\\\/portal\\\/?p=21984#primaryimage\",\"url\":\"https:\\\/\\\/jornalbeirario.com.br\\\/portal\\\/wp-content\\\/uploads\\\/2014\\\/06\\\/victoreleo_cred_leo_crosara.jpg\",\"contentUrl\":\"https:\\\/\\\/jornalbeirario.com.br\\\/portal\\\/wp-content\\\/uploads\\\/2014\\\/06\\\/victoreleo_cred_leo_crosara.jpg\",\"width\":\"300\",\"height\":\"225\",\"caption\":\"Victor e Leo (Foto: L\u00e9o Crosara\\\/Divulga\u00e7\u00e3o)\"},{\"@type\":\"BreadcrumbList\",\"@id\":\"https:\\\/\\\/jornalbeirario.com.br\\\/portal\\\/?p=21984#breadcrumb\",\"itemListElement\":[{\"@type\":\"ListItem\",\"position\":1,\"name\":\"Home\",\"item\":\"https:\\\/\\\/jornalbeirario.com.br\\\/portal\"},{\"@type\":\"ListItem\",\"position\":2,\"name\":\"Dupla Victor e L\u00e9o \u00e9 a atra\u00e7\u00e3o do \u00faltimo dia de ExpoItatiaia\"}]},{\"@type\":\"WebSite\",\"@id\":\"https:\\\/\\\/jornalbeirario.com.br\\\/portal\\\/#website\",\"url\":\"https:\\\/\\\/jornalbeirario.com.br\\\/portal\\\/\",\"name\":\"JORNAL BEIRA RIO\",\"description\":\"\",\"publisher\":{\"@id\":\"https:\\\/\\\/jornalbeirario.com.br\\\/portal\\\/#organization\"},\"potentialAction\":[{\"@type\":\"SearchAction\",\"target\":{\"@type\":\"EntryPoint\",\"urlTemplate\":\"https:\\\/\\\/jornalbeirario.com.br\\\/portal\\\/?s={search_term_string}\"},\"query-input\":{\"@type\":\"PropertyValueSpecification\",\"valueRequired\":true,\"valueName\":\"search_term_string\"}}],\"inLanguage\":\"pt-BR\"},{\"@type\":\"Organization\",\"@id\":\"https:\\\/\\\/jornalbeirario.com.br\\\/portal\\\/#organization\",\"name\":\"JORNAL BEIRA RIO\",\"url\":\"https:\\\/\\\/jornalbeirario.com.br\\\/portal\\\/\",\"logo\":{\"@type\":\"ImageObject\",\"inLanguage\":\"pt-BR\",\"@id\":\"https:\\\/\\\/jornalbeirario.com.br\\\/portal\\\/#\\\/schema\\\/logo\\\/image\\\/\",\"url\":\"https:\\\/\\\/jornalbeirario.com.br\\\/portal\\\/wp-content\\\/uploads\\\/2017\\\/09\\\/BEIRA-RIO_logo600.png\",\"contentUrl\":\"https:\\\/\\\/jornalbeirario.com.br\\\/portal\\\/wp-content\\\/uploads\\\/2017\\\/09\\\/BEIRA-RIO_logo600.png\",\"width\":650,\"height\":108,\"caption\":\"JORNAL BEIRA RIO\"},\"image\":{\"@id\":\"https:\\\/\\\/jornalbeirario.com.br\\\/portal\\\/#\\\/schema\\\/logo\\\/image\\\/\"}},{\"@type\":\"Person\",\"@id\":\"https:\\\/\\\/jornalbeirario.com.br\\\/portal\\\/#\\\/schema\\\/person\\\/c6c423e4c2465d2a9233f6539173e7c1\",\"name\":\"Jornal BEIRA-RIO\",\"image\":{\"@type\":\"ImageObject\",\"inLanguage\":\"pt-BR\",\"@id\":\"https:\\\/\\\/jornalbeirario.com.br\\\/portal\\\/wp-content\\\/uploads\\\/2023\\\/10\\\/logojbr1.jpg\",\"url\":\"https:\\\/\\\/jornalbeirario.com.br\\\/portal\\\/wp-content\\\/uploads\\\/2023\\\/10\\\/logojbr1.jpg\",\"contentUrl\":\"https:\\\/\\\/jornalbeirario.com.br\\\/portal\\\/wp-content\\\/uploads\\\/2023\\\/10\\\/logojbr1.jpg\",\"caption\":\"Jornal BEIRA-RIO\"},\"url\":\"https:\\\/\\\/jornalbeirario.com.br\\\/portal\\\/?author=1\"}]}<\/script>\n<!-- \/ Yoast SEO plugin. -->","yoast_head_json":{"title":"Dupla Victor e L\u00e9o \u00e9 a atra\u00e7\u00e3o do \u00faltimo dia de ExpoItatiaia - JORNAL BEIRA RIO","robots":{"index":"index","follow":"follow","max-snippet":"max-snippet:-1","max-image-preview":"max-image-preview:large","max-video-preview":"max-video-preview:-1"},"canonical":"https:\/\/jornalbeirario.com.br\/portal\/?p=21984","og_locale":"pt_BR","og_type":"article","og_title":"Dupla Victor e L\u00e9o \u00e9 a atra\u00e7\u00e3o do \u00faltimo dia de ExpoItatiaia - JORNAL BEIRA RIO","og_description":"Termina neste domingo, dia 1\u00ba, as comemora\u00e7\u00f5es pelo anivers\u00e1rio de 25 anos de Itatiaia. A partir das 18 horas, acontece a Missa de A\u00e7\u00e3o","og_url":"https:\/\/jornalbeirario.com.br\/portal\/?p=21984","og_site_name":"JORNAL BEIRA RIO","article_published_time":"2014-06-01T19:52:18+00:00","article_modified_time":"2014-06-01T19:53:06+00:00","og_image":[{"width":300,"height":225,"url":"https:\/\/jornalbeirario.com.br\/portal\/wp-content\/uploads\/2014\/06\/victoreleo_cred_leo_crosara.jpg","type":"image\/jpeg"}],"author":"Jornal BEIRA-RIO","twitter_card":"summary_large_image","twitter_misc":{"Escrito por":"Jornal BEIRA-RIO","Est. tempo de leitura":"1 minuto"},"schema":{"@context":"https:\/\/schema.org","@graph":[{"@type":"Article","@id":"https:\/\/jornalbeirario.com.br\/portal\/?p=21984#article","isPartOf":{"@id":"https:\/\/jornalbeirario.com.br\/portal\/?p=21984"},"author":{"name":"Jornal BEIRA-RIO","@id":"https:\/\/jornalbeirario.com.br\/portal\/#\/schema\/person\/c6c423e4c2465d2a9233f6539173e7c1"},"headline":"Dupla Victor e L\u00e9o \u00e9 a atra\u00e7\u00e3o do \u00faltimo dia de ExpoItatiaia","datePublished":"2014-06-01T19:52:18+00:00","dateModified":"2014-06-01T19:53:06+00:00","mainEntityOfPage":{"@id":"https:\/\/jornalbeirario.com.br\/portal\/?p=21984"},"wordCount":207,"commentCount":0,"publisher":{"@id":"https:\/\/jornalbeirario.com.br\/portal\/#organization"},"image":{"@id":"https:\/\/jornalbeirario.com.br\/portal\/?p=21984#primaryimage"},"thumbnailUrl":"https:\/\/jornalbeirario.com.br\/portal\/wp-content\/uploads\/2014\/06\/victoreleo_cred_leo_crosara.jpg","keywords":["dehoraemhora"],"articleSection":["Cultura"],"inLanguage":"pt-BR","potentialAction":[{"@type":"CommentAction","name":"Comment","target":["https:\/\/jornalbeirario.com.br\/portal\/?p=21984#respond"]}]},{"@type":"WebPage","@id":"https:\/\/jornalbeirario.com.br\/portal\/?p=21984","url":"https:\/\/jornalbeirario.com.br\/portal\/?p=21984","name":"Dupla Victor e L\u00e9o \u00e9 a atra\u00e7\u00e3o do \u00faltimo dia de ExpoItatiaia - JORNAL BEIRA RIO","isPartOf":{"@id":"https:\/\/jornalbeirario.com.br\/portal\/#website"},"primaryImageOfPage":{"@id":"https:\/\/jornalbeirario.com.br\/portal\/?p=21984#primaryimage"},"image":{"@id":"https:\/\/jornalbeirario.com.br\/portal\/?p=21984#primaryimage"},"thumbnailUrl":"https:\/\/jornalbeirario.com.br\/portal\/wp-content\/uploads\/2014\/06\/victoreleo_cred_leo_crosara.jpg","datePublished":"2014-06-01T19:52:18+00:00","dateModified":"2014-06-01T19:53:06+00:00","breadcrumb":{"@id":"https:\/\/jornalbeirario.com.br\/portal\/?p=21984#breadcrumb"},"inLanguage":"pt-BR","potentialAction":[{"@type":"ReadAction","target":["https:\/\/jornalbeirario.com.br\/portal\/?p=21984"]}]},{"@type":"ImageObject","inLanguage":"pt-BR","@id":"https:\/\/jornalbeirario.com.br\/portal\/?p=21984#primaryimage","url":"https:\/\/jornalbeirario.com.br\/portal\/wp-content\/uploads\/2014\/06\/victoreleo_cred_leo_crosara.jpg","contentUrl":"https:\/\/jornalbeirario.com.br\/portal\/wp-content\/uploads\/2014\/06\/victoreleo_cred_leo_crosara.jpg","width":"300","height":"225","caption":"Victor e Leo (Foto: L\u00e9o Crosara\/Divulga\u00e7\u00e3o)"},{"@type":"BreadcrumbList","@id":"https:\/\/jornalbeirario.com.br\/portal\/?p=21984#breadcrumb","itemListElement":[{"@type":"ListItem","position":1,"name":"Home","item":"https:\/\/jornalbeirario.com.br\/portal"},{"@type":"ListItem","position":2,"name":"Dupla Victor e L\u00e9o \u00e9 a atra\u00e7\u00e3o do \u00faltimo dia de ExpoItatiaia"}]},{"@type":"WebSite","@id":"https:\/\/jornalbeirario.com.br\/portal\/#website","url":"https:\/\/jornalbeirario.com.br\/portal\/","name":"JORNAL BEIRA RIO","description":"","publisher":{"@id":"https:\/\/jornalbeirario.com.br\/portal\/#organization"},"potentialAction":[{"@type":"SearchAction","target":{"@type":"EntryPoint","urlTemplate":"https:\/\/jornalbeirario.com.br\/portal\/?s={search_term_string}"},"query-input":{"@type":"PropertyValueSpecification","valueRequired":true,"valueName":"search_term_string"}}],"inLanguage":"pt-BR"},{"@type":"Organization","@id":"https:\/\/jornalbeirario.com.br\/portal\/#organization","name":"JORNAL BEIRA RIO","url":"https:\/\/jornalbeirario.com.br\/portal\/","logo":{"@type":"ImageObject","inLanguage":"pt-BR","@id":"https:\/\/jornalbeirario.com.br\/portal\/#\/schema\/logo\/image\/","url":"https:\/\/jornalbeirario.com.br\/portal\/wp-content\/uploads\/2017\/09\/BEIRA-RIO_logo600.png","contentUrl":"https:\/\/jornalbeirario.com.br\/portal\/wp-content\/uploads\/2017\/09\/BEIRA-RIO_logo600.png","width":650,"height":108,"caption":"JORNAL BEIRA RIO"},"image":{"@id":"https:\/\/jornalbeirario.com.br\/portal\/#\/schema\/logo\/image\/"}},{"@type":"Person","@id":"https:\/\/jornalbeirario.com.br\/portal\/#\/schema\/person\/c6c423e4c2465d2a9233f6539173e7c1","name":"Jornal BEIRA-RIO","image":{"@type":"ImageObject","inLanguage":"pt-BR","@id":"https:\/\/jornalbeirario.com.br\/portal\/wp-content\/uploads\/2023\/10\/logojbr1.jpg","url":"https:\/\/jornalbeirario.com.br\/portal\/wp-content\/uploads\/2023\/10\/logojbr1.jpg","contentUrl":"https:\/\/jornalbeirario.com.br\/portal\/wp-content\/uploads\/2023\/10\/logojbr1.jpg","caption":"Jornal BEIRA-RIO"},"url":"https:\/\/jornalbeirario.com.br\/portal\/?author=1"}]}},"_links":{"self":[{"href":"https:\/\/jornalbeirario.com.br\/portal\/index.php?rest_route=\/wp\/v2\/posts\/21984","targetHints":{"allow":["GET"]}}],"collection":[{"href":"https:\/\/jornalbeirario.com.br\/portal\/index.php?rest_route=\/wp\/v2\/posts"}],"about":[{"href":"https:\/\/jornalbeirario.com.br\/portal\/index.php?rest_route=\/wp\/v2\/types\/post"}],"author":[{"embeddable":true,"href":"https:\/\/jornalbeirario.com.br\/portal\/index.php?rest_route=\/wp\/v2\/users\/1"}],"replies":[{"embeddable":true,"href":"https:\/\/jornalbeirario.com.br\/portal\/index.php?rest_route=%2Fwp%2Fv2%2Fcomments&post=21984"}],"version-history":[{"count":4,"href":"https:\/\/jornalbeirario.com.br\/portal\/index.php?rest_route=\/wp\/v2\/posts\/21984\/revisions"}],"predecessor-version":[{"id":21989,"href":"https:\/\/jornalbeirario.com.br\/portal\/index.php?rest_route=\/wp\/v2\/posts\/21984\/revisions\/21989"}],"wp:featuredmedia":[{"embeddable":true,"href":"https:\/\/jornalbeirario.com.br\/portal\/index.php?rest_route=\/wp\/v2\/media\/21986"}],"wp:attachment":[{"href":"https:\/\/jornalbeirario.com.br\/portal\/index.php?rest_route=%2Fwp%2Fv2%2Fmedia&parent=21984"}],"wp:term":[{"taxonomy":"category","embeddable":true,"href":"https:\/\/jornalbeirario.com.br\/portal\/index.php?rest_route=%2Fwp%2Fv2%2Fcategories&post=21984"},{"taxonomy":"post_tag","embeddable":true,"href":"https:\/\/jornalbeirario.com.br\/portal\/index.php?rest_route=%2Fwp%2Fv2%2Ftags&post=21984"}],"curies":[{"name":"wp","href":"https:\/\/api.w.org\/{rel}","templated":true}]}}