
{"id":21731,"date":"2014-05-23T10:44:41","date_gmt":"2014-05-23T10:44:41","guid":{"rendered":"http:\/\/jornalbeirario.com.br\/portal\/portal\/?p=21731"},"modified":"2014-05-23T10:45:19","modified_gmt":"2014-05-23T10:45:19","slug":"21731","status":"publish","type":"post","link":"https:\/\/jornalbeirario.com.br\/portal\/?p=21731","title":{"rendered":"La\u00eds Amaral"},"content":{"rendered":"<p style=\"text-align: justify;\"><strong>O atraso do Brasil<\/strong><br \/>\nO Brasil ocupa hoje a inc\u00f4moda condi\u00e7\u00e3o de ser a vanguarda do atraso quando o assunto \u00e9 a regulamenta\u00e7\u00e3o das comunica\u00e7\u00f5es. No continente j\u00e1 estamos atr\u00e1s do Equador que recentemente aprovou uma Lei Org\u00e2nica, que promove uma divis\u00e3o equilibrada do espectro eletromagn\u00e9tico, os sinais de radiodifus\u00e3o (radio e TV), destinando 34% das concess\u00f5es para as comunidades, 33% para os meios privados e 33% para o setor p\u00fablico. O Uruguai em breve ter\u00e1 sua regula\u00e7\u00e3o. A Suprema Corte da Argentina n\u00e3o cedeu \u00e0 choradeira dos bar\u00f5es da M\u00eddia de l\u00e1 e a Lei de Meios, uma legisla\u00e7\u00e3o considerada de ponta e elogiada em todo o mundo, j\u00e1 est\u00e1 valendo. Na Inglaterra, a Carta R\u00e9gia assinada pela Rainha em outubro do ano passado determina um novo marco regulat\u00f3rio para a imprensa escrita. Fran\u00e7a, Alemanha, It\u00e1lia, Espanha e Portugal tamb\u00e9m tem as suas regula\u00e7\u00f5es. Nos Estados Unidos \u00e9 proibida a \u2018Propriedade Cruzada\u2019, ou seja: um mesmo grupo n\u00e3o pode ser detentor de r\u00e1dio, TV e jornal em um mesmo estado ou cidade. E por a\u00ed vai. Enquanto isso em nosso pa\u00eds, com dimens\u00f5es de um continente, com 5.500 munic\u00edpios, quatro ou cinco fam\u00edlias, um oligop\u00f3lio, \u00e9 propriet\u00e1rio de praticamente todos os meios de comunica\u00e7\u00e3o. Essa turma se re\u00fane e decide o que deve ser ou n\u00e3o noticiado e, muitas das vezes, promove verdadeiras campanhas para erguer ou derrubar pol\u00edticos e governos. Uma amea\u00e7a \u00e0 democracia.<\/p>\n<p style=\"text-align: justify;\"><strong>Agora \u00e9 com a gente<\/strong><br \/>\nO direito \u00e0 informa\u00e7\u00e3o desde o final do s\u00e9culo passado \u00e9 considerado pela UNESCO, um dos direitos humanos, como \u00e9 a sa\u00fade, a educa\u00e7\u00e3o, etc. Portanto \u00e9 tamb\u00e9m dever do estado zelar pela efici\u00eancia desse setor. A pluralidade dos meios de informa\u00e7\u00e3o \u00e9 a ess\u00eancia da liberdade de express\u00e3o e vai gerar uma maior diversidade de informa\u00e7\u00f5es propiciando ao cidad\u00e3o formar sua opini\u00e3o sobre os assuntos de seu interesse de forma mais ampla e cr\u00edtica. Por conta da falta de a\u00e7\u00e3o do Estado nesse sentido, o F\u00f3rum Nacional pela Democratiza\u00e7\u00e3o das Comunica\u00e7\u00f5es (FNDC) partiu com tudo na busca pela regulamenta\u00e7\u00e3o da M\u00eddia no pa\u00eds. Como nem Executivo e nem Congresso se mexem nesse sentido, coube mais uma vez \u00e0 sociedade, ao movimento popular, ir atr\u00e1s das mudan\u00e7as.<br \/>\nO FNDC est\u00e1 coletando assinaturas, com vistas a propor um Projeto de Lei de Iniciativa Popular (Plip). O projeto pede que os senhores deputados e senadores regulamentem alguns artigos da nossa constitui\u00e7\u00e3o. Est\u00e1 tudo l\u00e1, nada mais que isso. Embora a Velha M\u00eddia Comercial esperneie alegando que se trata de censura. S\u00e3o necess\u00e1rias um milh\u00e3o e quinhentas mil assinaturas. Aqui em Resende est\u00e1 sendo montado um comit\u00ea suprapartid\u00e1rio de apoio a a\u00e7\u00e3o do FNDC. Em breve informo os locais para os interessados em participar do abaixo assinado.<\/p>\n<p style=\"text-align: justify;\"><strong>TRIPA<\/strong><br \/>\n* \u201cO Natural \u2013 do cl\u00e1ssico ao Digital\u201d \u00e9 o nome da exposi\u00e7\u00e3o do artista Victor Silvestre, que ser\u00e1 aberta hoje, dia 23, \u00e0s 19 horas no Museu de Arte Moderna de Resende. A exposi\u00e7\u00e3o segue at\u00e9 o dia 12 de julho, de segunda a sexta-feira * Duas goleadas marcaram a quarta rodada do Futebol So\u00e7aite Cinquent\u00e3o da AABB. O Brameiros enfiou 5 a 2 no Alambari (chora Vad\u00e3o) e a Turma da Pelada deu ma sacolada de 8 a 0 no Capelinha. Na outra partida o Ipiranga venceu o Itatiaia, por 3 a 1. A rodada deste domingo ter\u00e1 os seguintes jogos: Ipiranga X Brameiros (8h), Alambari X Capelinha (10h) e Turma da Pelada X Itatiaia (11h15min). O l\u00edder disparado \u00e9 a Turma da Pelada com 12 pontos, quatro jogos e quatro vit\u00f3rias. Depois vem o Brameiros com 9 * Ives Seixas se apresenta neste s\u00e1bado, dia 24, no Piano,s Bar Embaixador, em Volta Redonda. Com ela estar\u00e3o \u2018mestre\u2019 Andr\u00e9, na bateria e Raphael Garc\u00eaz, no baixo. Ive est\u00e1 vendendo camisetas \u2018Andorinha S\u00f3\u2019 * O intr\u00e9pido e multifacetado Jo\u00e3o Saboia, conseguiu aprovador uma de suas produ\u00e7\u00f5es art\u00edsticas no tradicional Sal\u00e3o de Artes da TV Rio Sul. A exposi\u00e7\u00e3o ser\u00e1 aberta dia 29 * A minha amiga Renata Lamin avisa que j\u00e1 est\u00e1 recebendo doa\u00e7\u00f5es para a campanha por cobertores. Bela iniciativa * O premiado cineasta Jorge Furtado, de \u201cIlha das Flores\u201d e \u201cO Homem que copiava\u201d, entre outros, est\u00e1 com o seu document\u00e1rio, j\u00e1 premiado, \u201cO Mercado da Not\u00edcia\u201d, pronto para entrar em circuito. Furtado \u00e9 mais um desses artistas engajados que levanta a voz contra a cara de pau da nossa M\u00eddia c\u00ednica, hip\u00f3crita e golpista. Certamente o filme n\u00e3o vir\u00e1 para Resende, mas pouco depois de entrar no circuito comercial, Jorge Furtado vai, como se diz, disponibiliz\u00e1-lo na Internet. Boa ! *<\/p>\n<p style=\"text-align: justify;\"><strong>ANIVERS\u00c1RIO<\/strong><br \/>\nNeste s\u00e1bado, dia 24, sopra velinhas a senhora Maria Sueli, m\u00e3e da Suzana. Parab\u00e9ns e todas as felicidades do mundo.<\/p>\n","protected":false},"excerpt":{"rendered":"<p>O atraso do Brasil O Brasil ocupa hoje a inc\u00f4moda condi\u00e7\u00e3o de ser a vanguarda do atraso quando o assunto \u00e9 a regulamenta\u00e7\u00e3o das<\/p>\n","protected":false},"author":1,"featured_media":0,"comment_status":"open","ping_status":"open","sticky":false,"template":"","format":"standard","meta":{"pmpro_default_level":"","footnotes":""},"categories":[13],"tags":[],"class_list":["post-21731","post","type-post","status-publish","format-standard","hentry","category-social","pmpro-has-access"],"yoast_head":"<!-- This site is optimized with the Yoast SEO plugin v27.4 - https:\/\/yoast.com\/product\/yoast-seo-wordpress\/ -->\n<title>La\u00eds Amaral - JORNAL BEIRA RIO<\/title>\n<meta name=\"robots\" content=\"index, follow, max-snippet:-1, max-image-preview:large, max-video-preview:-1\" \/>\n<link rel=\"canonical\" href=\"https:\/\/jornalbeirario.com.br\/portal\/?p=21731\" \/>\n<meta property=\"og:locale\" content=\"pt_BR\" \/>\n<meta property=\"og:type\" content=\"article\" \/>\n<meta property=\"og:title\" content=\"La\u00eds Amaral - JORNAL BEIRA RIO\" \/>\n<meta property=\"og:description\" content=\"O atraso do Brasil O Brasil ocupa hoje a inc\u00f4moda condi\u00e7\u00e3o de ser a vanguarda do atraso quando o assunto \u00e9 a regulamenta\u00e7\u00e3o das\" \/>\n<meta property=\"og:url\" content=\"https:\/\/jornalbeirario.com.br\/portal\/?p=21731\" \/>\n<meta property=\"og:site_name\" content=\"JORNAL BEIRA RIO\" \/>\n<meta property=\"article:published_time\" content=\"2014-05-23T10:44:41+00:00\" \/>\n<meta property=\"article:modified_time\" content=\"2014-05-23T10:45:19+00:00\" \/>\n<meta name=\"author\" content=\"Jornal BEIRA-RIO\" \/>\n<meta name=\"twitter:card\" content=\"summary_large_image\" \/>\n<meta name=\"twitter:label1\" content=\"Escrito por\" \/>\n\t<meta name=\"twitter:data1\" content=\"Jornal BEIRA-RIO\" \/>\n\t<meta name=\"twitter:label2\" content=\"Est. tempo de leitura\" \/>\n\t<meta name=\"twitter:data2\" content=\"4 minutos\" \/>\n<script type=\"application\/ld+json\" class=\"yoast-schema-graph\">{\"@context\":\"https:\\\/\\\/schema.org\",\"@graph\":[{\"@type\":\"Article\",\"@id\":\"https:\\\/\\\/jornalbeirario.com.br\\\/portal\\\/?p=21731#article\",\"isPartOf\":{\"@id\":\"https:\\\/\\\/jornalbeirario.com.br\\\/portal\\\/?p=21731\"},\"author\":{\"name\":\"Jornal BEIRA-RIO\",\"@id\":\"https:\\\/\\\/jornalbeirario.com.br\\\/portal\\\/#\\\/schema\\\/person\\\/c6c423e4c2465d2a9233f6539173e7c1\"},\"headline\":\"La\u00eds Amaral\",\"datePublished\":\"2014-05-23T10:44:41+00:00\",\"dateModified\":\"2014-05-23T10:45:19+00:00\",\"mainEntityOfPage\":{\"@id\":\"https:\\\/\\\/jornalbeirario.com.br\\\/portal\\\/?p=21731\"},\"wordCount\":838,\"commentCount\":0,\"publisher\":{\"@id\":\"https:\\\/\\\/jornalbeirario.com.br\\\/portal\\\/#organization\"},\"articleSection\":[\"Social\"],\"inLanguage\":\"pt-BR\",\"potentialAction\":[{\"@type\":\"CommentAction\",\"name\":\"Comment\",\"target\":[\"https:\\\/\\\/jornalbeirario.com.br\\\/portal\\\/?p=21731#respond\"]}]},{\"@type\":\"WebPage\",\"@id\":\"https:\\\/\\\/jornalbeirario.com.br\\\/portal\\\/?p=21731\",\"url\":\"https:\\\/\\\/jornalbeirario.com.br\\\/portal\\\/?p=21731\",\"name\":\"La\u00eds Amaral - JORNAL BEIRA RIO\",\"isPartOf\":{\"@id\":\"https:\\\/\\\/jornalbeirario.com.br\\\/portal\\\/#website\"},\"datePublished\":\"2014-05-23T10:44:41+00:00\",\"dateModified\":\"2014-05-23T10:45:19+00:00\",\"breadcrumb\":{\"@id\":\"https:\\\/\\\/jornalbeirario.com.br\\\/portal\\\/?p=21731#breadcrumb\"},\"inLanguage\":\"pt-BR\",\"potentialAction\":[{\"@type\":\"ReadAction\",\"target\":[\"https:\\\/\\\/jornalbeirario.com.br\\\/portal\\\/?p=21731\"]}]},{\"@type\":\"BreadcrumbList\",\"@id\":\"https:\\\/\\\/jornalbeirario.com.br\\\/portal\\\/?p=21731#breadcrumb\",\"itemListElement\":[{\"@type\":\"ListItem\",\"position\":1,\"name\":\"Home\",\"item\":\"https:\\\/\\\/jornalbeirario.com.br\\\/portal\"},{\"@type\":\"ListItem\",\"position\":2,\"name\":\"La\u00eds Amaral\"}]},{\"@type\":\"WebSite\",\"@id\":\"https:\\\/\\\/jornalbeirario.com.br\\\/portal\\\/#website\",\"url\":\"https:\\\/\\\/jornalbeirario.com.br\\\/portal\\\/\",\"name\":\"JORNAL BEIRA RIO\",\"description\":\"\",\"publisher\":{\"@id\":\"https:\\\/\\\/jornalbeirario.com.br\\\/portal\\\/#organization\"},\"potentialAction\":[{\"@type\":\"SearchAction\",\"target\":{\"@type\":\"EntryPoint\",\"urlTemplate\":\"https:\\\/\\\/jornalbeirario.com.br\\\/portal\\\/?s={search_term_string}\"},\"query-input\":{\"@type\":\"PropertyValueSpecification\",\"valueRequired\":true,\"valueName\":\"search_term_string\"}}],\"inLanguage\":\"pt-BR\"},{\"@type\":\"Organization\",\"@id\":\"https:\\\/\\\/jornalbeirario.com.br\\\/portal\\\/#organization\",\"name\":\"JORNAL BEIRA RIO\",\"url\":\"https:\\\/\\\/jornalbeirario.com.br\\\/portal\\\/\",\"logo\":{\"@type\":\"ImageObject\",\"inLanguage\":\"pt-BR\",\"@id\":\"https:\\\/\\\/jornalbeirario.com.br\\\/portal\\\/#\\\/schema\\\/logo\\\/image\\\/\",\"url\":\"https:\\\/\\\/jornalbeirario.com.br\\\/portal\\\/wp-content\\\/uploads\\\/2017\\\/09\\\/BEIRA-RIO_logo600.png\",\"contentUrl\":\"https:\\\/\\\/jornalbeirario.com.br\\\/portal\\\/wp-content\\\/uploads\\\/2017\\\/09\\\/BEIRA-RIO_logo600.png\",\"width\":650,\"height\":108,\"caption\":\"JORNAL BEIRA RIO\"},\"image\":{\"@id\":\"https:\\\/\\\/jornalbeirario.com.br\\\/portal\\\/#\\\/schema\\\/logo\\\/image\\\/\"}},{\"@type\":\"Person\",\"@id\":\"https:\\\/\\\/jornalbeirario.com.br\\\/portal\\\/#\\\/schema\\\/person\\\/c6c423e4c2465d2a9233f6539173e7c1\",\"name\":\"Jornal BEIRA-RIO\",\"image\":{\"@type\":\"ImageObject\",\"inLanguage\":\"pt-BR\",\"@id\":\"https:\\\/\\\/jornalbeirario.com.br\\\/portal\\\/wp-content\\\/uploads\\\/2023\\\/10\\\/logojbr1.jpg\",\"url\":\"https:\\\/\\\/jornalbeirario.com.br\\\/portal\\\/wp-content\\\/uploads\\\/2023\\\/10\\\/logojbr1.jpg\",\"contentUrl\":\"https:\\\/\\\/jornalbeirario.com.br\\\/portal\\\/wp-content\\\/uploads\\\/2023\\\/10\\\/logojbr1.jpg\",\"caption\":\"Jornal BEIRA-RIO\"},\"url\":\"https:\\\/\\\/jornalbeirario.com.br\\\/portal\\\/?author=1\"}]}<\/script>\n<!-- \/ Yoast SEO plugin. -->","yoast_head_json":{"title":"La\u00eds Amaral - JORNAL BEIRA RIO","robots":{"index":"index","follow":"follow","max-snippet":"max-snippet:-1","max-image-preview":"max-image-preview:large","max-video-preview":"max-video-preview:-1"},"canonical":"https:\/\/jornalbeirario.com.br\/portal\/?p=21731","og_locale":"pt_BR","og_type":"article","og_title":"La\u00eds Amaral - JORNAL BEIRA RIO","og_description":"O atraso do Brasil O Brasil ocupa hoje a inc\u00f4moda condi\u00e7\u00e3o de ser a vanguarda do atraso quando o assunto \u00e9 a regulamenta\u00e7\u00e3o das","og_url":"https:\/\/jornalbeirario.com.br\/portal\/?p=21731","og_site_name":"JORNAL BEIRA RIO","article_published_time":"2014-05-23T10:44:41+00:00","article_modified_time":"2014-05-23T10:45:19+00:00","author":"Jornal BEIRA-RIO","twitter_card":"summary_large_image","twitter_misc":{"Escrito por":"Jornal BEIRA-RIO","Est. tempo de leitura":"4 minutos"},"schema":{"@context":"https:\/\/schema.org","@graph":[{"@type":"Article","@id":"https:\/\/jornalbeirario.com.br\/portal\/?p=21731#article","isPartOf":{"@id":"https:\/\/jornalbeirario.com.br\/portal\/?p=21731"},"author":{"name":"Jornal BEIRA-RIO","@id":"https:\/\/jornalbeirario.com.br\/portal\/#\/schema\/person\/c6c423e4c2465d2a9233f6539173e7c1"},"headline":"La\u00eds Amaral","datePublished":"2014-05-23T10:44:41+00:00","dateModified":"2014-05-23T10:45:19+00:00","mainEntityOfPage":{"@id":"https:\/\/jornalbeirario.com.br\/portal\/?p=21731"},"wordCount":838,"commentCount":0,"publisher":{"@id":"https:\/\/jornalbeirario.com.br\/portal\/#organization"},"articleSection":["Social"],"inLanguage":"pt-BR","potentialAction":[{"@type":"CommentAction","name":"Comment","target":["https:\/\/jornalbeirario.com.br\/portal\/?p=21731#respond"]}]},{"@type":"WebPage","@id":"https:\/\/jornalbeirario.com.br\/portal\/?p=21731","url":"https:\/\/jornalbeirario.com.br\/portal\/?p=21731","name":"La\u00eds Amaral - JORNAL BEIRA RIO","isPartOf":{"@id":"https:\/\/jornalbeirario.com.br\/portal\/#website"},"datePublished":"2014-05-23T10:44:41+00:00","dateModified":"2014-05-23T10:45:19+00:00","breadcrumb":{"@id":"https:\/\/jornalbeirario.com.br\/portal\/?p=21731#breadcrumb"},"inLanguage":"pt-BR","potentialAction":[{"@type":"ReadAction","target":["https:\/\/jornalbeirario.com.br\/portal\/?p=21731"]}]},{"@type":"BreadcrumbList","@id":"https:\/\/jornalbeirario.com.br\/portal\/?p=21731#breadcrumb","itemListElement":[{"@type":"ListItem","position":1,"name":"Home","item":"https:\/\/jornalbeirario.com.br\/portal"},{"@type":"ListItem","position":2,"name":"La\u00eds Amaral"}]},{"@type":"WebSite","@id":"https:\/\/jornalbeirario.com.br\/portal\/#website","url":"https:\/\/jornalbeirario.com.br\/portal\/","name":"JORNAL BEIRA RIO","description":"","publisher":{"@id":"https:\/\/jornalbeirario.com.br\/portal\/#organization"},"potentialAction":[{"@type":"SearchAction","target":{"@type":"EntryPoint","urlTemplate":"https:\/\/jornalbeirario.com.br\/portal\/?s={search_term_string}"},"query-input":{"@type":"PropertyValueSpecification","valueRequired":true,"valueName":"search_term_string"}}],"inLanguage":"pt-BR"},{"@type":"Organization","@id":"https:\/\/jornalbeirario.com.br\/portal\/#organization","name":"JORNAL BEIRA RIO","url":"https:\/\/jornalbeirario.com.br\/portal\/","logo":{"@type":"ImageObject","inLanguage":"pt-BR","@id":"https:\/\/jornalbeirario.com.br\/portal\/#\/schema\/logo\/image\/","url":"https:\/\/jornalbeirario.com.br\/portal\/wp-content\/uploads\/2017\/09\/BEIRA-RIO_logo600.png","contentUrl":"https:\/\/jornalbeirario.com.br\/portal\/wp-content\/uploads\/2017\/09\/BEIRA-RIO_logo600.png","width":650,"height":108,"caption":"JORNAL BEIRA RIO"},"image":{"@id":"https:\/\/jornalbeirario.com.br\/portal\/#\/schema\/logo\/image\/"}},{"@type":"Person","@id":"https:\/\/jornalbeirario.com.br\/portal\/#\/schema\/person\/c6c423e4c2465d2a9233f6539173e7c1","name":"Jornal BEIRA-RIO","image":{"@type":"ImageObject","inLanguage":"pt-BR","@id":"https:\/\/jornalbeirario.com.br\/portal\/wp-content\/uploads\/2023\/10\/logojbr1.jpg","url":"https:\/\/jornalbeirario.com.br\/portal\/wp-content\/uploads\/2023\/10\/logojbr1.jpg","contentUrl":"https:\/\/jornalbeirario.com.br\/portal\/wp-content\/uploads\/2023\/10\/logojbr1.jpg","caption":"Jornal BEIRA-RIO"},"url":"https:\/\/jornalbeirario.com.br\/portal\/?author=1"}]}},"_links":{"self":[{"href":"https:\/\/jornalbeirario.com.br\/portal\/index.php?rest_route=\/wp\/v2\/posts\/21731","targetHints":{"allow":["GET"]}}],"collection":[{"href":"https:\/\/jornalbeirario.com.br\/portal\/index.php?rest_route=\/wp\/v2\/posts"}],"about":[{"href":"https:\/\/jornalbeirario.com.br\/portal\/index.php?rest_route=\/wp\/v2\/types\/post"}],"author":[{"embeddable":true,"href":"https:\/\/jornalbeirario.com.br\/portal\/index.php?rest_route=\/wp\/v2\/users\/1"}],"replies":[{"embeddable":true,"href":"https:\/\/jornalbeirario.com.br\/portal\/index.php?rest_route=%2Fwp%2Fv2%2Fcomments&post=21731"}],"version-history":[{"count":3,"href":"https:\/\/jornalbeirario.com.br\/portal\/index.php?rest_route=\/wp\/v2\/posts\/21731\/revisions"}],"predecessor-version":[{"id":21735,"href":"https:\/\/jornalbeirario.com.br\/portal\/index.php?rest_route=\/wp\/v2\/posts\/21731\/revisions\/21735"}],"wp:attachment":[{"href":"https:\/\/jornalbeirario.com.br\/portal\/index.php?rest_route=%2Fwp%2Fv2%2Fmedia&parent=21731"}],"wp:term":[{"taxonomy":"category","embeddable":true,"href":"https:\/\/jornalbeirario.com.br\/portal\/index.php?rest_route=%2Fwp%2Fv2%2Fcategories&post=21731"},{"taxonomy":"post_tag","embeddable":true,"href":"https:\/\/jornalbeirario.com.br\/portal\/index.php?rest_route=%2Fwp%2Fv2%2Ftags&post=21731"}],"curies":[{"name":"wp","href":"https:\/\/api.w.org\/{rel}","templated":true}]}}