
{"id":21574,"date":"2014-05-16T12:36:38","date_gmt":"2014-05-16T12:36:38","guid":{"rendered":"http:\/\/jornalbeirario.com.br\/portal\/portal\/?p=21574"},"modified":"2014-05-16T12:36:38","modified_gmt":"2014-05-16T12:36:38","slug":"acredite-se-quiser-77","status":"publish","type":"post","link":"https:\/\/jornalbeirario.com.br\/portal\/?p=21574","title":{"rendered":"Acredite se Quiser"},"content":{"rendered":"<p style=\"text-align: justify;\">&#8211; Na sess\u00e3o da C\u00e2mara Municipal de Resende do dia 8, Pedra (PDT) tentou mostrar seu engajamento da luta pela jornada de 30 horas semanais de enfermeiros e t\u00e9cnicos de enfermagem. Ele disse que, da \u00faltima vez que questionou o munic\u00edpio a respeito, a resposta foi que n\u00e3o tinha dinheiro para a mudan\u00e7a e que, por isso, ela n\u00e3o tinha condi\u00e7\u00f5es de ser feita. O vereador n\u00e3o considerou a resposta satisfat\u00f3ria porque, segundo ele, n\u00e3o foram apresentados dados na justificativa. Por isso, dessa vez ele entrou com um requerimento na Casa pedindo informa\u00e7\u00f5es sobre o atual efetivo municipal de enfermeiros e t\u00e9cnicos e quantos j\u00e1 cumprem essa jornada.<\/p>\n<p style=\"text-align: justify;\">&#8211; A sess\u00e3o do dia 8, por sinal, quase n\u00e3o aconteceu. Isso porque muitos vereadores haviam ido \u00e0 Bras\u00edlia, segundo eles para resolver assuntos de interesse do munic\u00edpio. O presidente da Casa, Bira Ritton (PP), teve que pedir um recesso de 15 minutos ap\u00f3s abrir a sess\u00e3o porque dos 17 vereadores, apenas seis haviam chegado. Depois de conseguir os nove m\u00ednimos exigidos para o qu\u00f3rum, a sess\u00e3o p\u00f4de come\u00e7ar. No finalzinho dela, a vereadora Soraia Balieiro (PSB), que tamb\u00e9m tinha ido \u00e0 Bras\u00edlia, justificou a aus\u00eancia dos colegas. Tivo (PP), Davi (Solidariedade), St\u00eanio (Solidariedade) e Roque (PDT) estariam ainda na capital do pa\u00eds e Tisga (PPS) e Ir\u00e2ni (PROS) teriam sa\u00eddo do local no mesmo dia, n\u00e3o chegando a tempo para a sess\u00e3o. Ela acrescentou que para chegar em Resende \u00e0s 16h teve que sair de Bras\u00edlia antes das 7h e que por isso havia chegado a tempo.<\/p>\n<p style=\"text-align: justify;\">&#8211; Quanto aos \u201cassuntos de interesse da municipalidade\u201d, uma das reuni\u00f5es de Soraia havia sido com o deputado federal Rom\u00e1rio (PSB), na tentativa de liberar uma verba para a amplia\u00e7\u00e3o do Hospital de Emerg\u00eancia de Resende; uma segunda com o tamb\u00e9m deputado federal Glauber (PSB) para discutir assuntos relacionados ao valor do PIB da Educa\u00e7\u00e3o e uma terceira para discutir a quest\u00e3o da implanta\u00e7\u00e3o do IFRJ (Instituto Federal do Rio de Janeiro) em Resende, j\u00e1 que ela acredita que, ap\u00f3s o munic\u00edpio ter dado o espa\u00e7o para a escola, a responsabilidade de implementa\u00e7\u00e3o da mesma \u00e9 deles. Os assuntos realmente interessam ao munic\u00edpio, mas eles n\u00e3o deveriam ter sido discutidos entre os pol\u00edticos em quest\u00e3o e os secret\u00e1rios de Sa\u00fade e Educa\u00e7\u00e3o? E o dossi\u00ea Cruz? Quando eles fiscalizar\u00e3o as obras suspeitas da Educa\u00e7\u00e3o?<\/p>\n<p style=\"text-align: justify;\">&#8211; Voltando \u00e0 pauta da sess\u00e3o, a discuss\u00e3o sobre o reajuste anual dos servidores municipais, prevista para o dia 8, foi adiada a pedido do presidente da Casa. Ele teve d\u00favidas quanto ao impacto financeiro do projeto e por isso pediu um parecer para a Procuradoria da C\u00e2mara. Na sess\u00e3o do dia 13 a d\u00favida continuou. O projeto de lei 017\/14, de autoria do prefeito municipal, que torna o \u00edndice concedido no artigo 2\u00ba da lei 3013\/13 parte integrante do piso salarial dos profissionais da educa\u00e7\u00e3o p\u00fablica municipal saiu de pauta porque o vereador Pedra pediu um parecer de constitucionalidade do projeto. J\u00e1 o projeto de lei 016\/14, tamb\u00e9m do prefeito, que autoriza o poder executivo a conceder readequa\u00e7\u00e3o salarial correspondente \u00e0 perda do poder aquisitivo dos efetivos e comissionados, ou seja, o aumento em si, saiu de pauta porque Pedro Paulo (PP) pediu revis\u00e3o jur\u00eddica do trecho que diz \u201cexcetuados os agentes pol\u00edticos\u201d.<\/p>\n<p style=\"text-align: justify;\">&#8211; O reajuste dos servidores da C\u00e2mara Municipal, por sua vez, projeto 022\/14, de autoria da Mesa Diretora, foi votado em regime de urg\u00eancia (primeira vota\u00e7\u00e3o na mesma sess\u00e3o em que deu entrada e, em seguida, segunda vota\u00e7\u00e3o em uma sess\u00e3o extraordin\u00e1ria) e o reajuste de 7%, que deve ser parecido para os servidores da prefeitura, foi aprovado por unanimidade. Os inativos e pensionistas tamb\u00e9m ter\u00e3o corre\u00e7\u00e3o pelo mesmo \u00edndice.<\/p>\n<p style=\"text-align: justify;\">&#8211; Um momento curioso da sess\u00e3o foi quando um senhor fez esc\u00e2ndalo na porta da C\u00e2mara, supostamente impedido de entrar. Mesmo que n\u00e3o se saiba como a confus\u00e3o come\u00e7ou, no final ele questionou se tinha que estar engravatado na casa de leis, j\u00e1 que tinha o direito de entrar porque votou nos vereadores. \u201cPra votar pode ir at\u00e9 de bermuda\u201d, completou.<\/p>\n","protected":false},"excerpt":{"rendered":"<p>&#8211; Na sess\u00e3o da C\u00e2mara Municipal de Resende do dia 8, Pedra (PDT) tentou mostrar seu engajamento da luta pela jornada de 30 horas<\/p>\n","protected":false},"author":1,"featured_media":0,"comment_status":"open","ping_status":"open","sticky":false,"template":"","format":"standard","meta":{"pmpro_default_level":"","footnotes":""},"categories":[11],"tags":[],"class_list":["post-21574","post","type-post","status-publish","format-standard","hentry","category-politica","pmpro-has-access"],"yoast_head":"<!-- This site is optimized with the Yoast SEO plugin v27.4 - https:\/\/yoast.com\/product\/yoast-seo-wordpress\/ -->\n<title>Acredite se Quiser - JORNAL BEIRA RIO<\/title>\n<meta name=\"robots\" content=\"index, follow, max-snippet:-1, max-image-preview:large, max-video-preview:-1\" \/>\n<link rel=\"canonical\" href=\"https:\/\/jornalbeirario.com.br\/portal\/?p=21574\" \/>\n<meta property=\"og:locale\" content=\"pt_BR\" \/>\n<meta property=\"og:type\" content=\"article\" \/>\n<meta property=\"og:title\" content=\"Acredite se Quiser - JORNAL BEIRA RIO\" \/>\n<meta property=\"og:description\" content=\"&#8211; Na sess\u00e3o da C\u00e2mara Municipal de Resende do dia 8, Pedra (PDT) tentou mostrar seu engajamento da luta pela jornada de 30 horas\" \/>\n<meta property=\"og:url\" content=\"https:\/\/jornalbeirario.com.br\/portal\/?p=21574\" \/>\n<meta property=\"og:site_name\" content=\"JORNAL BEIRA RIO\" \/>\n<meta property=\"article:published_time\" content=\"2014-05-16T12:36:38+00:00\" \/>\n<meta name=\"author\" content=\"Jornal BEIRA-RIO\" \/>\n<meta name=\"twitter:card\" content=\"summary_large_image\" \/>\n<meta name=\"twitter:label1\" content=\"Escrito por\" \/>\n\t<meta name=\"twitter:data1\" content=\"Jornal BEIRA-RIO\" \/>\n\t<meta name=\"twitter:label2\" content=\"Est. tempo de leitura\" \/>\n\t<meta name=\"twitter:data2\" content=\"4 minutos\" \/>\n<script type=\"application\/ld+json\" class=\"yoast-schema-graph\">{\"@context\":\"https:\\\/\\\/schema.org\",\"@graph\":[{\"@type\":\"Article\",\"@id\":\"https:\\\/\\\/jornalbeirario.com.br\\\/portal\\\/?p=21574#article\",\"isPartOf\":{\"@id\":\"https:\\\/\\\/jornalbeirario.com.br\\\/portal\\\/?p=21574\"},\"author\":{\"name\":\"Jornal BEIRA-RIO\",\"@id\":\"https:\\\/\\\/jornalbeirario.com.br\\\/portal\\\/#\\\/schema\\\/person\\\/c6c423e4c2465d2a9233f6539173e7c1\"},\"headline\":\"Acredite se Quiser\",\"datePublished\":\"2014-05-16T12:36:38+00:00\",\"mainEntityOfPage\":{\"@id\":\"https:\\\/\\\/jornalbeirario.com.br\\\/portal\\\/?p=21574\"},\"wordCount\":744,\"commentCount\":0,\"publisher\":{\"@id\":\"https:\\\/\\\/jornalbeirario.com.br\\\/portal\\\/#organization\"},\"articleSection\":[\"Pol\u00edtica\"],\"inLanguage\":\"pt-BR\",\"potentialAction\":[{\"@type\":\"CommentAction\",\"name\":\"Comment\",\"target\":[\"https:\\\/\\\/jornalbeirario.com.br\\\/portal\\\/?p=21574#respond\"]}]},{\"@type\":\"WebPage\",\"@id\":\"https:\\\/\\\/jornalbeirario.com.br\\\/portal\\\/?p=21574\",\"url\":\"https:\\\/\\\/jornalbeirario.com.br\\\/portal\\\/?p=21574\",\"name\":\"Acredite se Quiser - JORNAL BEIRA RIO\",\"isPartOf\":{\"@id\":\"https:\\\/\\\/jornalbeirario.com.br\\\/portal\\\/#website\"},\"datePublished\":\"2014-05-16T12:36:38+00:00\",\"breadcrumb\":{\"@id\":\"https:\\\/\\\/jornalbeirario.com.br\\\/portal\\\/?p=21574#breadcrumb\"},\"inLanguage\":\"pt-BR\",\"potentialAction\":[{\"@type\":\"ReadAction\",\"target\":[\"https:\\\/\\\/jornalbeirario.com.br\\\/portal\\\/?p=21574\"]}]},{\"@type\":\"BreadcrumbList\",\"@id\":\"https:\\\/\\\/jornalbeirario.com.br\\\/portal\\\/?p=21574#breadcrumb\",\"itemListElement\":[{\"@type\":\"ListItem\",\"position\":1,\"name\":\"Home\",\"item\":\"https:\\\/\\\/jornalbeirario.com.br\\\/portal\"},{\"@type\":\"ListItem\",\"position\":2,\"name\":\"Acredite se Quiser\"}]},{\"@type\":\"WebSite\",\"@id\":\"https:\\\/\\\/jornalbeirario.com.br\\\/portal\\\/#website\",\"url\":\"https:\\\/\\\/jornalbeirario.com.br\\\/portal\\\/\",\"name\":\"JORNAL BEIRA RIO\",\"description\":\"\",\"publisher\":{\"@id\":\"https:\\\/\\\/jornalbeirario.com.br\\\/portal\\\/#organization\"},\"potentialAction\":[{\"@type\":\"SearchAction\",\"target\":{\"@type\":\"EntryPoint\",\"urlTemplate\":\"https:\\\/\\\/jornalbeirario.com.br\\\/portal\\\/?s={search_term_string}\"},\"query-input\":{\"@type\":\"PropertyValueSpecification\",\"valueRequired\":true,\"valueName\":\"search_term_string\"}}],\"inLanguage\":\"pt-BR\"},{\"@type\":\"Organization\",\"@id\":\"https:\\\/\\\/jornalbeirario.com.br\\\/portal\\\/#organization\",\"name\":\"JORNAL BEIRA RIO\",\"url\":\"https:\\\/\\\/jornalbeirario.com.br\\\/portal\\\/\",\"logo\":{\"@type\":\"ImageObject\",\"inLanguage\":\"pt-BR\",\"@id\":\"https:\\\/\\\/jornalbeirario.com.br\\\/portal\\\/#\\\/schema\\\/logo\\\/image\\\/\",\"url\":\"https:\\\/\\\/jornalbeirario.com.br\\\/portal\\\/wp-content\\\/uploads\\\/2017\\\/09\\\/BEIRA-RIO_logo600.png\",\"contentUrl\":\"https:\\\/\\\/jornalbeirario.com.br\\\/portal\\\/wp-content\\\/uploads\\\/2017\\\/09\\\/BEIRA-RIO_logo600.png\",\"width\":650,\"height\":108,\"caption\":\"JORNAL BEIRA RIO\"},\"image\":{\"@id\":\"https:\\\/\\\/jornalbeirario.com.br\\\/portal\\\/#\\\/schema\\\/logo\\\/image\\\/\"}},{\"@type\":\"Person\",\"@id\":\"https:\\\/\\\/jornalbeirario.com.br\\\/portal\\\/#\\\/schema\\\/person\\\/c6c423e4c2465d2a9233f6539173e7c1\",\"name\":\"Jornal BEIRA-RIO\",\"image\":{\"@type\":\"ImageObject\",\"inLanguage\":\"pt-BR\",\"@id\":\"https:\\\/\\\/jornalbeirario.com.br\\\/portal\\\/wp-content\\\/uploads\\\/2023\\\/10\\\/logojbr1.jpg\",\"url\":\"https:\\\/\\\/jornalbeirario.com.br\\\/portal\\\/wp-content\\\/uploads\\\/2023\\\/10\\\/logojbr1.jpg\",\"contentUrl\":\"https:\\\/\\\/jornalbeirario.com.br\\\/portal\\\/wp-content\\\/uploads\\\/2023\\\/10\\\/logojbr1.jpg\",\"caption\":\"Jornal BEIRA-RIO\"},\"url\":\"https:\\\/\\\/jornalbeirario.com.br\\\/portal\\\/?author=1\"}]}<\/script>\n<!-- \/ Yoast SEO plugin. -->","yoast_head_json":{"title":"Acredite se Quiser - JORNAL BEIRA RIO","robots":{"index":"index","follow":"follow","max-snippet":"max-snippet:-1","max-image-preview":"max-image-preview:large","max-video-preview":"max-video-preview:-1"},"canonical":"https:\/\/jornalbeirario.com.br\/portal\/?p=21574","og_locale":"pt_BR","og_type":"article","og_title":"Acredite se Quiser - JORNAL BEIRA RIO","og_description":"&#8211; Na sess\u00e3o da C\u00e2mara Municipal de Resende do dia 8, Pedra (PDT) tentou mostrar seu engajamento da luta pela jornada de 30 horas","og_url":"https:\/\/jornalbeirario.com.br\/portal\/?p=21574","og_site_name":"JORNAL BEIRA RIO","article_published_time":"2014-05-16T12:36:38+00:00","author":"Jornal BEIRA-RIO","twitter_card":"summary_large_image","twitter_misc":{"Escrito por":"Jornal BEIRA-RIO","Est. tempo de leitura":"4 minutos"},"schema":{"@context":"https:\/\/schema.org","@graph":[{"@type":"Article","@id":"https:\/\/jornalbeirario.com.br\/portal\/?p=21574#article","isPartOf":{"@id":"https:\/\/jornalbeirario.com.br\/portal\/?p=21574"},"author":{"name":"Jornal BEIRA-RIO","@id":"https:\/\/jornalbeirario.com.br\/portal\/#\/schema\/person\/c6c423e4c2465d2a9233f6539173e7c1"},"headline":"Acredite se Quiser","datePublished":"2014-05-16T12:36:38+00:00","mainEntityOfPage":{"@id":"https:\/\/jornalbeirario.com.br\/portal\/?p=21574"},"wordCount":744,"commentCount":0,"publisher":{"@id":"https:\/\/jornalbeirario.com.br\/portal\/#organization"},"articleSection":["Pol\u00edtica"],"inLanguage":"pt-BR","potentialAction":[{"@type":"CommentAction","name":"Comment","target":["https:\/\/jornalbeirario.com.br\/portal\/?p=21574#respond"]}]},{"@type":"WebPage","@id":"https:\/\/jornalbeirario.com.br\/portal\/?p=21574","url":"https:\/\/jornalbeirario.com.br\/portal\/?p=21574","name":"Acredite se Quiser - JORNAL BEIRA RIO","isPartOf":{"@id":"https:\/\/jornalbeirario.com.br\/portal\/#website"},"datePublished":"2014-05-16T12:36:38+00:00","breadcrumb":{"@id":"https:\/\/jornalbeirario.com.br\/portal\/?p=21574#breadcrumb"},"inLanguage":"pt-BR","potentialAction":[{"@type":"ReadAction","target":["https:\/\/jornalbeirario.com.br\/portal\/?p=21574"]}]},{"@type":"BreadcrumbList","@id":"https:\/\/jornalbeirario.com.br\/portal\/?p=21574#breadcrumb","itemListElement":[{"@type":"ListItem","position":1,"name":"Home","item":"https:\/\/jornalbeirario.com.br\/portal"},{"@type":"ListItem","position":2,"name":"Acredite se Quiser"}]},{"@type":"WebSite","@id":"https:\/\/jornalbeirario.com.br\/portal\/#website","url":"https:\/\/jornalbeirario.com.br\/portal\/","name":"JORNAL BEIRA RIO","description":"","publisher":{"@id":"https:\/\/jornalbeirario.com.br\/portal\/#organization"},"potentialAction":[{"@type":"SearchAction","target":{"@type":"EntryPoint","urlTemplate":"https:\/\/jornalbeirario.com.br\/portal\/?s={search_term_string}"},"query-input":{"@type":"PropertyValueSpecification","valueRequired":true,"valueName":"search_term_string"}}],"inLanguage":"pt-BR"},{"@type":"Organization","@id":"https:\/\/jornalbeirario.com.br\/portal\/#organization","name":"JORNAL BEIRA RIO","url":"https:\/\/jornalbeirario.com.br\/portal\/","logo":{"@type":"ImageObject","inLanguage":"pt-BR","@id":"https:\/\/jornalbeirario.com.br\/portal\/#\/schema\/logo\/image\/","url":"https:\/\/jornalbeirario.com.br\/portal\/wp-content\/uploads\/2017\/09\/BEIRA-RIO_logo600.png","contentUrl":"https:\/\/jornalbeirario.com.br\/portal\/wp-content\/uploads\/2017\/09\/BEIRA-RIO_logo600.png","width":650,"height":108,"caption":"JORNAL BEIRA RIO"},"image":{"@id":"https:\/\/jornalbeirario.com.br\/portal\/#\/schema\/logo\/image\/"}},{"@type":"Person","@id":"https:\/\/jornalbeirario.com.br\/portal\/#\/schema\/person\/c6c423e4c2465d2a9233f6539173e7c1","name":"Jornal BEIRA-RIO","image":{"@type":"ImageObject","inLanguage":"pt-BR","@id":"https:\/\/jornalbeirario.com.br\/portal\/wp-content\/uploads\/2023\/10\/logojbr1.jpg","url":"https:\/\/jornalbeirario.com.br\/portal\/wp-content\/uploads\/2023\/10\/logojbr1.jpg","contentUrl":"https:\/\/jornalbeirario.com.br\/portal\/wp-content\/uploads\/2023\/10\/logojbr1.jpg","caption":"Jornal BEIRA-RIO"},"url":"https:\/\/jornalbeirario.com.br\/portal\/?author=1"}]}},"_links":{"self":[{"href":"https:\/\/jornalbeirario.com.br\/portal\/index.php?rest_route=\/wp\/v2\/posts\/21574","targetHints":{"allow":["GET"]}}],"collection":[{"href":"https:\/\/jornalbeirario.com.br\/portal\/index.php?rest_route=\/wp\/v2\/posts"}],"about":[{"href":"https:\/\/jornalbeirario.com.br\/portal\/index.php?rest_route=\/wp\/v2\/types\/post"}],"author":[{"embeddable":true,"href":"https:\/\/jornalbeirario.com.br\/portal\/index.php?rest_route=\/wp\/v2\/users\/1"}],"replies":[{"embeddable":true,"href":"https:\/\/jornalbeirario.com.br\/portal\/index.php?rest_route=%2Fwp%2Fv2%2Fcomments&post=21574"}],"version-history":[{"count":2,"href":"https:\/\/jornalbeirario.com.br\/portal\/index.php?rest_route=\/wp\/v2\/posts\/21574\/revisions"}],"predecessor-version":[{"id":21576,"href":"https:\/\/jornalbeirario.com.br\/portal\/index.php?rest_route=\/wp\/v2\/posts\/21574\/revisions\/21576"}],"wp:attachment":[{"href":"https:\/\/jornalbeirario.com.br\/portal\/index.php?rest_route=%2Fwp%2Fv2%2Fmedia&parent=21574"}],"wp:term":[{"taxonomy":"category","embeddable":true,"href":"https:\/\/jornalbeirario.com.br\/portal\/index.php?rest_route=%2Fwp%2Fv2%2Fcategories&post=21574"},{"taxonomy":"post_tag","embeddable":true,"href":"https:\/\/jornalbeirario.com.br\/portal\/index.php?rest_route=%2Fwp%2Fv2%2Ftags&post=21574"}],"curies":[{"name":"wp","href":"https:\/\/api.w.org\/{rel}","templated":true}]}}